{"id":120410,"date":"2026-01-23T12:15:48","date_gmt":"2026-01-23T16:15:48","guid":{"rendered":"https:\/\/lasprimeras.com.do\/?p=120410"},"modified":"2026-01-23T12:15:50","modified_gmt":"2026-01-23T16:15:50","slug":"banreservas-lidera-en-fitur-2026-con-acuerdos-de-inversion-superiores-a-us6500-millones","status":"publish","type":"post","link":"https:\/\/lasprimeras.com.do\/index.php\/2026\/01\/23\/banreservas-lidera-en-fitur-2026-con-acuerdos-de-inversion-superiores-a-us6500-millones\/","title":{"rendered":"Banreservas lidera en FITUR 2026 con acuerdos de inversi\u00f3n superiores a US$6,500 millones"},"content":{"rendered":"\n<p>Leonardo Aguilera anuncia negociaciones concretas para financiar proyectos tur\u00edsticos por m\u00e1s de US$4,200 millones<\/p>\n\n\n\n<p>Madrid.- El Banco de Reservas logr\u00f3 en la Feria Internacional de Turismo (FITUR) 2026 acuerdos de inversi\u00f3n superiores a los US$6,500 millones, los cuales se traducir\u00e1n en expectativas de financiamiento por m\u00e1s de US$4,200 millones para el desarrollo de proyectos tur\u00edsticos en la Rep\u00fablica Dominicana.<\/p>\n\n\n\n<p>Estos acuerdos fueron el resultado de intensas jornadas de trabajo que incluyeron m\u00e1s de 60 reuniones estrat\u00e9gicas sostenidas por el equipo de Banreservas con inversionistas del sector tur\u00edstico y turoperadores de alcance global.<\/p>\n\n\n\n<p>El presidente ejecutivo de Banreservas, doctor Leonardo Aguilera, resalt\u00f3 que estas inversiones permitir\u00e1n la construcci\u00f3n de aproximadamente 11,000 nuevas habitaciones hoteleras, distribuidas en distintos polos tur\u00edsticos del pa\u00eds.<\/p>\n\n\n\n<p>\u201cCulminamos una intensa jornada de trabajo orientada a fortalecer la diversificaci\u00f3n del turismo y la expansi\u00f3n geogr\u00e1fica de las inversiones, que incluy\u00f3 m\u00e1s de 60 reuniones con actores clave del sector.<\/p>\n\n\n\n<p>Como resultado, se identificaron oportunidades de inversi\u00f3n por m\u00e1s de US$6,500 millones, de las cuales las expectativas concretas de financiamiento superan los US$4,200 millones\u201d, detall\u00f3 Aguilera.<\/p>\n\n\n\n<p>Aguilera indic\u00f3 que Banreservas se consolid\u00f3 en FITUR 2026 como el principal banco financiador del turismo dominicano, reafirmando su liderazgo dentro del sistema financiero nacional.<\/p>\n\n\n\n<p>Asimismo, destac\u00f3 que dos terceras partes de las inversiones que llegar\u00e1n al pa\u00eds estar\u00e1n respaldadas por Banreservas, lo que evidencia su firme compromiso con el desarrollo sostenible del turismo como motor de la econom\u00eda nacional.<\/p>\n\n\n\n<p>Explic\u00f3 que los compromisos alcanzados abarcan m\u00e1s de 30 nuevos proyectos hoteleros, as\u00ed como puertos de cruceros y parques tem\u00e1ticos, generando un impacto significativo en la econom\u00eda local y en toda la cadena de valor del sector.<\/p>\n\n\n\n<p>Las jornadas de reuniones se desarrollaron del 19 al 23 de enero, per\u00edodo en el cual la instituci\u00f3n financiera concret\u00f3 acuerdos que garantizar\u00e1n nuevas oportunidades de inversi\u00f3n y dinamizar\u00e1n el tejido productivo nacional.<\/p>\n\n\n\n<p>Por su parte, el ministro de Turismo, David Collado, se\u00f1al\u00f3 que los tres principales bancos del pa\u00eds lograron en FITUR 2026 acuerdos de inversi\u00f3n conjuntos superiores a los RD$855,000 millones para los pr\u00f3ximos cuatro a\u00f1os, calificando esta edici\u00f3n como la m\u00e1s exitosa para la Rep\u00fablica Dominicana.<\/p>\n\n\n\n<figure class=\"wp-block-image size-large\"><img decoding=\"async\" width=\"682\" height=\"1024\" src=\"https:\/\/lasprimeras.com.do\/wp-content\/uploads\/2026\/01\/1003217763-682x1024.jpg\" alt=\"\" class=\"wp-image-120412\" srcset=\"https:\/\/lasprimeras.com.do\/wp-content\/uploads\/2026\/01\/1003217763-682x1024.jpg 682w, https:\/\/lasprimeras.com.do\/wp-content\/uploads\/2026\/01\/1003217763-200x300.jpg 200w, https:\/\/lasprimeras.com.do\/wp-content\/uploads\/2026\/01\/1003217763-768x1153.jpg 768w, https:\/\/lasprimeras.com.do\/wp-content\/uploads\/2026\/01\/1003217763-1023x1536.jpg 1023w, https:\/\/lasprimeras.com.do\/wp-content\/uploads\/2026\/01\/1003217763.jpg 1066w\" sizes=\"(max-width: 682px) 100vw, 682px\" \/><\/figure>\n\n\n\n<p>Collado afirm\u00f3 que estos resultados consolidan el posicionamiento del pa\u00eds como uno de los destinos tur\u00edsticos m\u00e1s atractivos de la regi\u00f3n.<\/p>\n\n\n\n<p>El doctor Aguilera felicit\u00f3 el trabajo de la delegaci\u00f3n dominicana liderada por el ministro Collado, destacando la eficiencia con la que se ejecutan los lineamientos trazados por el presidente Luis Abinader.<\/p>\n\n\n\n<p>De igual manera, Juan Bancalari, presidente de Asonahores, reconoci\u00f3 el desempe\u00f1o de la banca dominicana durante FITUR 2026, celebrada del 19 al 23 de enero en el recinto ferial IFEMA, en Madrid, Espa\u00f1a.<\/p>\n","protected":false},"excerpt":{"rendered":"<p>Leonardo Aguilera anuncia negociaciones concretas para financiar proyectos tur\u00edsticos por m\u00e1s de US$4,200 millones Madrid.- El Banco de Reservas logr\u00f3 en la Feria Internacional de Turismo (FITUR) 2026 acuerdos de&hellip;<\/p>\n","protected":false},"author":10,"featured_media":120411,"comment_status":"open","ping_status":"open","sticky":false,"template":"","format":"standard","meta":{"content-type":"","jetpack_post_was_ever_published":false,"_jetpack_newsletter_access":"","_jetpack_dont_email_post_to_subs":false,"_jetpack_newsletter_tier_id":0,"_jetpack_memberships_contains_paywalled_content":false,"_jetpack_memberships_contains_paid_content":false,"footnotes":""},"categories":[39,25],"tags":[726,29304,2765,3655],"class_list":["post-120410","post","type-post","status-publish","format-standard","has-post-thumbnail","hentry","category-economia","category-portada","tag-banreservas","tag-fitur-2026","tag-inversion","tag-republica-dominicana-2"],"jetpack_featured_media_url":"https:\/\/lasprimeras.com.do\/wp-content\/uploads\/2026\/01\/IMG-20260123-WA0193.jpg","jetpack-related-posts":[{"id":120305,"url":"https:\/\/lasprimeras.com.do\/index.php\/2026\/01\/22\/banreservas-financia-inversiones-espanolas-en-turismo-por-mas-de-us175-millones-y-aportara-9500-habitaciones-adicionales\/","url_meta":{"origin":120410,"position":0},"title":"Banreservas financia inversiones espa\u00f1olas en turismo por m\u00e1s de US$175 millones y aportar\u00e1 9,500 habitaciones adicionales","author":"Nelson Feliz","date":"22 de enero de 2026","format":false,"excerpt":"Madrid, Espa\u00f1a.\u2013 El Banco de Reservas ha desembolsado m\u00e1s de US$175 millones para respaldar diversos proyectos tur\u00edsticos de capital espa\u00f1ol, los cuales contemplan la construcci\u00f3n de aproximadamente 9,500 habitaciones hoteleras en distintas localidades de la Rep\u00fablica Dominicana. La informaci\u00f3n fue ofrecida por el doctor Leonardo Aguilera, presidente ejecutivo de Banreservas,\u2026","rel":"","context":"En \u00abECONOM\u00cdA\u00bb","block_context":{"text":"ECONOM\u00cdA","link":"https:\/\/lasprimeras.com.do\/index.php\/category\/economia\/"},"img":{"alt_text":"Leonardo Aguilera","src":"https:\/\/i0.wp.com\/lasprimeras.com.do\/wp-content\/uploads\/2026\/01\/Leonardo-Aguilera.jpg?resize=350%2C200&ssl=1","width":350,"height":200,"srcset":"https:\/\/i0.wp.com\/lasprimeras.com.do\/wp-content\/uploads\/2026\/01\/Leonardo-Aguilera.jpg?resize=350%2C200&ssl=1 1x, https:\/\/i0.wp.com\/lasprimeras.com.do\/wp-content\/uploads\/2026\/01\/Leonardo-Aguilera.jpg?resize=525%2C300&ssl=1 1.5x, https:\/\/i0.wp.com\/lasprimeras.com.do\/wp-content\/uploads\/2026\/01\/Leonardo-Aguilera.jpg?resize=700%2C400&ssl=1 2x"},"classes":[]},{"id":123100,"url":"https:\/\/lasprimeras.com.do\/index.php\/2026\/02\/25\/banreservas-anuncia-comodas-condiciones-de-financiamiento-para-inversionistas-colombianos-en-anato-2026\/","url_meta":{"origin":120410,"position":1},"title":"Banreservas anuncia c\u00f3modas condiciones de financiamiento para inversionistas colombianos en ANATO 2026","author":"Nelson Feliz","date":"25 de febrero de 2026","format":false,"excerpt":"Leonardo Aguilera resalta que Rep\u00fablica Dominicana cuenta con un buen clima de inversi\u00f3n y de seguridad jur\u00eddica para atraer inversionistas extranjeros Bogot\u00e1, Colombia - El Banco de Reservas anunci\u00f3 en la feria Vitrina Tur\u00edstica ANATO 2026 que dispone de c\u00f3modas condiciones de financiamientos para inversionistas y desarrolladores colombianos que se\u2026","rel":"","context":"En \u00abECONOM\u00cdA\u00bb","block_context":{"text":"ECONOM\u00cdA","link":"https:\/\/lasprimeras.com.do\/index.php\/category\/economia\/"},"img":{"alt_text":"","src":"https:\/\/i0.wp.com\/lasprimeras.com.do\/wp-content\/uploads\/2026\/02\/Leonardo-Aguilera.jpg?resize=350%2C200&ssl=1","width":350,"height":200,"srcset":"https:\/\/i0.wp.com\/lasprimeras.com.do\/wp-content\/uploads\/2026\/02\/Leonardo-Aguilera.jpg?resize=350%2C200&ssl=1 1x, https:\/\/i0.wp.com\/lasprimeras.com.do\/wp-content\/uploads\/2026\/02\/Leonardo-Aguilera.jpg?resize=525%2C300&ssl=1 1.5x, https:\/\/i0.wp.com\/lasprimeras.com.do\/wp-content\/uploads\/2026\/02\/Leonardo-Aguilera.jpg?resize=700%2C400&ssl=1 2x"},"classes":[]},{"id":119408,"url":"https:\/\/lasprimeras.com.do\/index.php\/2026\/01\/12\/banreservas-llevara-a-fitur-2026-amplia-agenda-de-negocios-para-seguir-impulsando-inversion-turistica-en-rd\/","url_meta":{"origin":120410,"position":2},"title":"Banreservas llevar\u00e1 a Fitur 2026 amplia agenda de negocios para seguir impulsando inversi\u00f3n tur\u00edstica en RD","author":"Nelson Feliz","date":"12 de enero de 2026","format":false,"excerpt":"El presidente ejecutivo, doctor Leonardo Aguilera, encabezar\u00e1 delegaci\u00f3n de la entidad financiera que se reunir\u00e1 con inversionistas El Banco de Reservas tiene programada una amplia agenda de negocios en la Feria Internacional de Turismo Fitur 2026, donde se proyecta una participaci\u00f3n en la captaci\u00f3n de inversi\u00f3n para la continuaci\u00f3n del\u2026","rel":"","context":"En \u00abECONOM\u00cdA\u00bb","block_context":{"text":"ECONOM\u00cdA","link":"https:\/\/lasprimeras.com.do\/index.php\/category\/economia\/"},"img":{"alt_text":"","src":"https:\/\/i0.wp.com\/lasprimeras.com.do\/wp-content\/uploads\/2025\/12\/Leonardo-Aguilera-1-1.jpg?resize=350%2C200&ssl=1","width":350,"height":200,"srcset":"https:\/\/i0.wp.com\/lasprimeras.com.do\/wp-content\/uploads\/2025\/12\/Leonardo-Aguilera-1-1.jpg?resize=350%2C200&ssl=1 1x, https:\/\/i0.wp.com\/lasprimeras.com.do\/wp-content\/uploads\/2025\/12\/Leonardo-Aguilera-1-1.jpg?resize=525%2C300&ssl=1 1.5x, https:\/\/i0.wp.com\/lasprimeras.com.do\/wp-content\/uploads\/2025\/12\/Leonardo-Aguilera-1-1.jpg?resize=700%2C400&ssl=1 2x"},"classes":[]},{"id":120192,"url":"https:\/\/lasprimeras.com.do\/index.php\/2026\/01\/21\/leonardo-aguilera-afirma-que-banreservas-apuesta-al-fortalecimiento-del-turismo-video\/","url_meta":{"origin":120410,"position":3},"title":"Leonardo Aguilera afirma que Banreservas apuesta al fortalecimiento del turismo \/ Video","author":"Nelson Feliz","date":"21 de enero de 2026","format":false,"excerpt":"Leonardo Aguilera","rel":"","context":"En \u00abECONOM\u00cdA\u00bb","block_context":{"text":"ECONOM\u00cdA","link":"https:\/\/lasprimeras.com.do\/index.php\/category\/economia\/"},"img":{"alt_text":"Leonardo Aguilera","src":"https:\/\/i0.wp.com\/lasprimeras.com.do\/wp-content\/uploads\/2026\/01\/Leonardo-Aguilera.jpg?resize=350%2C200&ssl=1","width":350,"height":200,"srcset":"https:\/\/i0.wp.com\/lasprimeras.com.do\/wp-content\/uploads\/2026\/01\/Leonardo-Aguilera.jpg?resize=350%2C200&ssl=1 1x, https:\/\/i0.wp.com\/lasprimeras.com.do\/wp-content\/uploads\/2026\/01\/Leonardo-Aguilera.jpg?resize=525%2C300&ssl=1 1.5x, https:\/\/i0.wp.com\/lasprimeras.com.do\/wp-content\/uploads\/2026\/01\/Leonardo-Aguilera.jpg?resize=700%2C400&ssl=1 2x"},"classes":[]},{"id":120349,"url":"https:\/\/lasprimeras.com.do\/index.php\/2026\/01\/22\/banreservas-rinde-homenaje-postumo-a-jose-cestero-en-el-teatro-real-de-madrid-durante-fitur-2026\/","url_meta":{"origin":120410,"position":4},"title":"Banreservas rinde homenaje p\u00f3stumo a Jos\u00e9 Cestero en el Teatro Real de Madrid durante FITUR 2026","author":"Nelson Feliz","date":"22 de enero de 2026","format":false,"excerpt":"La obra del maestro dominicano protagoniz\u00f3 el c\u00f3ctel con inversionistas del sector tur\u00edstico dominicano. https:\/\/youtu.be\/j5a80IEjy8s Madrid, Espa\u00f1a.\u2013 El Banco de Reservas de la Rep\u00fablica Dominicana rindi\u00f3 un emotivo homenaje p\u00f3stumo al destacado pintor Jos\u00e9 Cestero, al convertir su obra en el eje central del tradicional c\u00f3ctel que ofrece a inversionistas\u2026","rel":"","context":"En \u00abENTRETENIMIENTO\u00bb","block_context":{"text":"ENTRETENIMIENTO","link":"https:\/\/lasprimeras.com.do\/index.php\/category\/entretenimiento\/"},"img":{"alt_text":"Banreservas rinde homenaje p\u00f3stumo a Jos\u00e9 Cestero","src":"https:\/\/i0.wp.com\/lasprimeras.com.do\/wp-content\/uploads\/2026\/01\/Banreservas-rinde-homenaje-postumo-a-Jose-Cestero.jpg?resize=350%2C200&ssl=1","width":350,"height":200,"srcset":"https:\/\/i0.wp.com\/lasprimeras.com.do\/wp-content\/uploads\/2026\/01\/Banreservas-rinde-homenaje-postumo-a-Jose-Cestero.jpg?resize=350%2C200&ssl=1 1x, https:\/\/i0.wp.com\/lasprimeras.com.do\/wp-content\/uploads\/2026\/01\/Banreservas-rinde-homenaje-postumo-a-Jose-Cestero.jpg?resize=525%2C300&ssl=1 1.5x, https:\/\/i0.wp.com\/lasprimeras.com.do\/wp-content\/uploads\/2026\/01\/Banreservas-rinde-homenaje-postumo-a-Jose-Cestero.jpg?resize=700%2C400&ssl=1 2x"},"classes":[]},{"id":73896,"url":"https:\/\/lasprimeras.com.do\/index.php\/2024\/01\/17\/banreservas-presentara-en-fitur-2024-diversas-propuestas-para-impulsar-la-inversion-turistica\/","url_meta":{"origin":120410,"position":5},"title":"Banreservas presentar\u00e1 en Fitur 2024 diversas propuestas para impulsar la inversi\u00f3n tur\u00edstica","author":"BIMARY DE JES\u00daS Matos","date":"17 de enero de 2024","format":false,"excerpt":"Santo Domingo.-El Banco de Reservas participar\u00e1 en la Feria Internacional de Turismo Fitur 2024, que se celebrar\u00e1 en Madrid del 24 al 28 de enero, con una serie de propuestas destinadas a promover el desarrollo y la inversi\u00f3n en Rep\u00fablica Dominicana. La delegaci\u00f3n que presidir\u00e1 el administrador general de la\u2026","rel":"","context":"En \u00abPORTADA\u00bb","block_context":{"text":"PORTADA","link":"https:\/\/lasprimeras.com.do\/index.php\/category\/portada\/"},"img":{"alt_text":"","src":"https:\/\/i0.wp.com\/lasprimeras.com.do\/wp-content\/uploads\/2024\/01\/WhatsApp-Image-2024-01-17-at-10.23.06-AM.jpeg?resize=350%2C200&ssl=1","width":350,"height":200,"srcset":"https:\/\/i0.wp.com\/lasprimeras.com.do\/wp-content\/uploads\/2024\/01\/WhatsApp-Image-2024-01-17-at-10.23.06-AM.jpeg?resize=350%2C200&ssl=1 1x, https:\/\/i0.wp.com\/lasprimeras.com.do\/wp-content\/uploads\/2024\/01\/WhatsApp-Image-2024-01-17-at-10.23.06-AM.jpeg?resize=525%2C300&ssl=1 1.5x"},"classes":[]}],"jetpack_sharing_enabled":true,"_links":{"self":[{"href":"https:\/\/lasprimeras.com.do\/index.php\/wp-json\/wp\/v2\/posts\/120410","targetHints":{"allow":["GET"]}}],"collection":[{"href":"https:\/\/lasprimeras.com.do\/index.php\/wp-json\/wp\/v2\/posts"}],"about":[{"href":"https:\/\/lasprimeras.com.do\/index.php\/wp-json\/wp\/v2\/types\/post"}],"author":[{"embeddable":true,"href":"https:\/\/lasprimeras.com.do\/index.php\/wp-json\/wp\/v2\/users\/10"}],"replies":[{"embeddable":true,"href":"https:\/\/lasprimeras.com.do\/index.php\/wp-json\/wp\/v2\/comments?post=120410"}],"version-history":[{"count":1,"href":"https:\/\/lasprimeras.com.do\/index.php\/wp-json\/wp\/v2\/posts\/120410\/revisions"}],"predecessor-version":[{"id":120413,"href":"https:\/\/lasprimeras.com.do\/index.php\/wp-json\/wp\/v2\/posts\/120410\/revisions\/120413"}],"wp:featuredmedia":[{"embeddable":true,"href":"https:\/\/lasprimeras.com.do\/index.php\/wp-json\/wp\/v2\/media\/120411"}],"wp:attachment":[{"href":"https:\/\/lasprimeras.com.do\/index.php\/wp-json\/wp\/v2\/media?parent=120410"}],"wp:term":[{"taxonomy":"category","embeddable":true,"href":"https:\/\/lasprimeras.com.do\/index.php\/wp-json\/wp\/v2\/categories?post=120410"},{"taxonomy":"post_tag","embeddable":true,"href":"https:\/\/lasprimeras.com.do\/index.php\/wp-json\/wp\/v2\/tags?post=120410"}],"curies":[{"name":"wp","href":"https:\/\/api.w.org\/{rel}","templated":true}]}}