{"id":120420,"date":"2026-01-23T17:50:59","date_gmt":"2026-01-23T21:50:59","guid":{"rendered":"https:\/\/lasprimeras.com.do\/?p=120420"},"modified":"2026-01-23T17:51:01","modified_gmt":"2026-01-23T21:51:01","slug":"la-fiscalia-de-espana-archiva-denuncia-sobre-agresion-sexual-contra-julio-iglesias","status":"publish","type":"post","link":"https:\/\/lasprimeras.com.do\/index.php\/2026\/01\/23\/la-fiscalia-de-espana-archiva-denuncia-sobre-agresion-sexual-contra-julio-iglesias\/","title":{"rendered":"La Fiscal\u00eda de Espa\u00f1a archiva denuncia sobre agresi\u00f3n sexual contra Julio Iglesias"},"content":{"rendered":"\n<p><strong>MADRID, EFE.- <\/strong>La Fiscal\u00eda de la Audiencia Nacional, en Espa\u00f1a, ha archivado la investigaci\u00f3n abierta a ra\u00edz de una denuncia de dos exempleadas contra el cantante Julio Iglesias por presunto acoso y agresi\u00f3n sexual en 2021 en Rep\u00fablica Dominicana y Bahamas, ante la \u00abfalta de jurisdicci\u00f3n\u00bb y competencia de los tribunales espa\u00f1oles.<\/p>\n\n\n\n<p>El ministerio p\u00fablico ha dictado un decreto en el que concluye que no se dan los requisitos exigidos por la ley para que la Justicia espa\u00f1ola pueda investigar la denuncia, presentada por los delitos de trata de seres humanos con fines de imposici\u00f3n de trabajo forzado y servidumbre, agresi\u00f3n sexual, lesiones y delito contra los derechos de los trabajadores.<\/p>\n\n\n\n<p>Porque, seg\u00fan explica la Fiscal\u00eda, la Ley Org\u00e1nica del Poder Judicial (LOPJ) exige, entre otras cuestiones, que el denunciado sea espa\u00f1ol, que no haya un procedimiento abierto en el lugar donde se habr\u00edan cometido los hechos o en un tribunal internacional, y que exista una \u00abconexi\u00f3n material con Espa\u00f1a\u00bb, por ejemplo, que las denunciantes sean espa\u00f1olas o residentes en el pa\u00eds.<\/p>\n\n\n\n<p>Sin embargo, en este caso, precisa el decreto, las v\u00edctimas son extranjeras, no residen en Espa\u00f1a, \u00ablos hechos se atribuyen a pa\u00edses plenamente competentes\u00bb, y los denunciados -Julio Iglesias y dos asistentes- no residen en Espa\u00f1a y adem\u00e1s tienen nacionalidades distintas (espa\u00f1ol, colombiana y brasile\u00f1a).<\/p>\n\n\n\n<p>La Fiscal\u00eda considera que el criterio decisivo \u00abes la existencia de v\u00ednculo relevante con Espa\u00f1a, que en este caso no existe\u00bb porque los hechos no discurren en territorio espa\u00f1ol, ni las denunciantes o los denunciados se encuentran en Espa\u00f1a.<\/p>\n\n\n\n<p>Adem\u00e1s, apunta a que la jurisprudencia del Tribunal Supremo impide que Espa\u00f1a desplace la jurisdicci\u00f3n del Estado \u00abprimariamente competente\u00bb, salvo que quede acreditada la \u00abimposibilidad real o falta de voluntad de investigar\u00bb, algo que en este caso no se da porque \u00aben ning\u00fan momento se han denunciado los mismos en los pa\u00edses territorialmente competente\u00bb.<\/p>\n\n\n\n<p>Procede as\u00ed la aplicaci\u00f3n del art\u00edculo 23.5 de la Ley Org\u00e1nica del Poder Judicial \u00abque obliga al juez espa\u00f1ol a abstenerse cuando otro Estado es el competente\u00bb.<\/p>\n\n\n\n<p>La Fiscal\u00eda acord\u00f3 abrir diligencias de investigaci\u00f3n preprocesales, con car\u00e1cter secreto, tras recibir la denuncia el 5 de enero, y d\u00edas despu\u00e9s, el 16, otorg\u00f3 la condici\u00f3n de testigos protegidos a las denunciantes, representadas por la organizaci\u00f3n Women\u2019s Link Worldwide.<\/p>\n\n\n\n<p>La apertura de esta causa se conoci\u00f3 el mismo d\u00eda que una investigaci\u00f3n period\u00edstica de eldiario.es y Univisi\u00f3n Noticias recog\u00eda relatos de ambas denunciantes -una antigua empleada del hogar y una fisioterapeuta- sobre presuntas agresiones sexuales, lesiones y vejaciones por parte del cantante en 2021, cuando \u00e9ste ten\u00eda 77 a\u00f1os.<\/p>\n\n\n\n<p>Una de las empleadas, que ubicaron aquellos hechos en las casas de Julio Iglesias en Rep\u00fablica Dominicana y Bahamas, asegur\u00f3 que estaban obligadas a realizarse pruebas m\u00e9dicas como revisiones ginecol\u00f3gicas, test de embarazo y ex\u00e1menes para detectar enfermedades de transmisi\u00f3n sexual, como VIH.<\/p>\n\n\n\n<p>Desde el primer momento, en su cuenta de Instagram, Julio Iglesias neg\u00f3 los hechos y, poco despu\u00e9s de conocer la existencia de las diligencias, su defensa pidi\u00f3 el archivo al invocar, precisamente, la falta de jurisdicci\u00f3n de la Justicia espa\u00f1ola para investigar los hechos y, por otra, solicit\u00f3 personarse en las mismas.<\/p>\n\n\n\n<p>Dijo entonces que la denuncia le hab\u00eda provocado un \u00abgrave da\u00f1o reputacional\u00bb e incluso se plante\u00f3 acudir al Tribunal Constitucional al no permitirle la Fiscal\u00eda personarse porque todav\u00eda se estaba analizando la competencia de la denuncia.<\/p>\n\n\n\n<p>M\u00e1s tarde, el cantante procedi\u00f3 a publicar en su perfil de Instagram varios mensajes que supuestamente habr\u00eda recibido de las trabajadoras que le denunciaron como m\u00e9todo con el que parec\u00eda querer demostrar su inocencia.<\/p>\n","protected":false},"excerpt":{"rendered":"<p>Julio Iglesias<\/p>\n","protected":false},"author":10,"featured_media":120421,"comment_status":"open","ping_status":"open","sticky":false,"template":"","format":"standard","meta":{"content-type":"","jetpack_post_was_ever_published":false,"_jetpack_newsletter_access":"","_jetpack_dont_email_post_to_subs":false,"_jetpack_newsletter_tier_id":0,"_jetpack_memberships_contains_paywalled_content":false,"_jetpack_memberships_contains_paid_content":false,"footnotes":""},"categories":[84],"tags":[9762,29673,7670,29674,29350],"class_list":["post-120420","post","type-post","status-publish","format-standard","has-post-thumbnail","hentry","category-entretenimiento","tag-agresion-sexual","tag-archiva","tag-denuncia","tag-fiscalia-de-espana","tag-julio-iglesias"],"jetpack_featured_media_url":"https:\/\/lasprimeras.com.do\/wp-content\/uploads\/2026\/01\/Julio-Iglesias-2-1.jpg","jetpack-related-posts":[{"id":119593,"url":"https:\/\/lasprimeras.com.do\/index.php\/2026\/01\/14\/julio-iglesias-acusado-de-agresion-sexual-en-el-caribe\/","url_meta":{"origin":120420,"position":0},"title":"Julio Iglesias acusado de agresi\u00f3n sexual en el Caribe","author":"Nelson Feliz","date":"14 de enero de 2026","format":false,"excerpt":"Julio Iglesias","rel":"","context":"En \u00abENTRETENIMIENTO\u00bb","block_context":{"text":"ENTRETENIMIENTO","link":"https:\/\/lasprimeras.com.do\/index.php\/category\/entretenimiento\/"},"img":{"alt_text":"Julio Iglesias","src":"https:\/\/i0.wp.com\/lasprimeras.com.do\/wp-content\/uploads\/2026\/01\/Julio-Iglesias.jpg?resize=350%2C200&ssl=1","width":350,"height":200,"srcset":"https:\/\/i0.wp.com\/lasprimeras.com.do\/wp-content\/uploads\/2026\/01\/Julio-Iglesias.jpg?resize=350%2C200&ssl=1 1x, https:\/\/i0.wp.com\/lasprimeras.com.do\/wp-content\/uploads\/2026\/01\/Julio-Iglesias.jpg?resize=525%2C300&ssl=1 1.5x, https:\/\/i0.wp.com\/lasprimeras.com.do\/wp-content\/uploads\/2026\/01\/Julio-Iglesias.jpg?resize=700%2C400&ssl=1 2x"},"classes":[]},{"id":122987,"url":"https:\/\/lasprimeras.com.do\/index.php\/2026\/02\/24\/julio-iglesias-demanda-a-la-vicepresidenta-yolanda-diaz-por-presuntas-injurias-ella-responde\/","url_meta":{"origin":120420,"position":1},"title":"Julio Iglesias demanda a la vicepresidenta Yolanda D\u00edaz por presuntas injurias; ella responde","author":"Nelson Feliz","date":"24 de febrero de 2026","format":false,"excerpt":"Madrid, EFE .- El cantante Julio Iglesias ha presentado una demanda contra la vicepresidenta segunda y ministra de Trabajo de Espa\u00f1a, Yolanda D\u00edaz, por los comentarios de car\u00e1cter \u00abinjurioso y calumnioso\u00bb que esta realiz\u00f3 en relaci\u00f3n con la denuncia interpuesta contra \u00e9l por presuntos delitos de abusos sexuales y que\u2026","rel":"","context":"En \u00abENTRETENIMIENTO\u00bb","block_context":{"text":"ENTRETENIMIENTO","link":"https:\/\/lasprimeras.com.do\/index.php\/category\/entretenimiento\/"},"img":{"alt_text":"Julio Iglesias y Yolanda D\u00edaz","src":"https:\/\/i0.wp.com\/lasprimeras.com.do\/wp-content\/uploads\/2026\/02\/Julio-Iglesias-y-Yolanda-Diaz.jpg?resize=350%2C200&ssl=1","width":350,"height":200,"srcset":"https:\/\/i0.wp.com\/lasprimeras.com.do\/wp-content\/uploads\/2026\/02\/Julio-Iglesias-y-Yolanda-Diaz.jpg?resize=350%2C200&ssl=1 1x, https:\/\/i0.wp.com\/lasprimeras.com.do\/wp-content\/uploads\/2026\/02\/Julio-Iglesias-y-Yolanda-Diaz.jpg?resize=525%2C300&ssl=1 1.5x, https:\/\/i0.wp.com\/lasprimeras.com.do\/wp-content\/uploads\/2026\/02\/Julio-Iglesias-y-Yolanda-Diaz.jpg?resize=700%2C400&ssl=1 2x"},"classes":[]},{"id":120341,"url":"https:\/\/lasprimeras.com.do\/index.php\/2026\/01\/22\/iglesias-publica-mensajes-de-whatsapp-de-sus-empleadas-para-demostrar-su-inocencia\/","url_meta":{"origin":120420,"position":2},"title":"Iglesias publica mensajes de &#8216;WhatsApp&#8217; de sus empleadas para demostrar su inocencia","author":"Nelson Feliz","date":"22 de enero de 2026","format":false,"excerpt":"Julio Iglesias","rel":"","context":"En \u00abENTRETENIMIENTO\u00bb","block_context":{"text":"ENTRETENIMIENTO","link":"https:\/\/lasprimeras.com.do\/index.php\/category\/entretenimiento\/"},"img":{"alt_text":"Julio Iglesias","src":"https:\/\/i0.wp.com\/lasprimeras.com.do\/wp-content\/uploads\/2026\/01\/Julio-Iglesias-2.jpg?resize=350%2C200&ssl=1","width":350,"height":200,"srcset":"https:\/\/i0.wp.com\/lasprimeras.com.do\/wp-content\/uploads\/2026\/01\/Julio-Iglesias-2.jpg?resize=350%2C200&ssl=1 1x, https:\/\/i0.wp.com\/lasprimeras.com.do\/wp-content\/uploads\/2026\/01\/Julio-Iglesias-2.jpg?resize=525%2C300&ssl=1 1.5x, https:\/\/i0.wp.com\/lasprimeras.com.do\/wp-content\/uploads\/2026\/01\/Julio-Iglesias-2.jpg?resize=700%2C400&ssl=1 2x"},"classes":[]},{"id":120217,"url":"https:\/\/lasprimeras.com.do\/index.php\/2026\/01\/21\/julio-iglesias-se-plantea-pedir-amparo-al-tribunal-constitucional-tras-negarle-la-fiscal-personarse\/","url_meta":{"origin":120420,"position":3},"title":"Julio Iglesias se plantea pedir amparo al Tribunal Constitucional tras negarle la fiscal personarse","author":"Nelson Feliz","date":"21 de enero de 2026","format":false,"excerpt":"El artista espa\u00f1ol pide archivar la investigaci\u00f3n contra \u00e9l y detener el da\u00f1o reputacional Un archivo, que, a su juicio, debe decretarse \u00absin m\u00e1s tr\u00e1mite\u00bb para \u00abdetener la campa\u00f1a medi\u00e1tica que se ha puesto en marcha, con grave da\u00f1o reputacional\u00bb. Julio Iglesias se plantea pedir amparo al Tribunal Constitucional por\u2026","rel":"","context":"En \u00abENTRETENIMIENTO\u00bb","block_context":{"text":"ENTRETENIMIENTO","link":"https:\/\/lasprimeras.com.do\/index.php\/category\/entretenimiento\/"},"img":{"alt_text":"Julio Iglesias","src":"https:\/\/i0.wp.com\/lasprimeras.com.do\/wp-content\/uploads\/2026\/01\/Julio-Iglesias.jpg?resize=350%2C200&ssl=1","width":350,"height":200,"srcset":"https:\/\/i0.wp.com\/lasprimeras.com.do\/wp-content\/uploads\/2026\/01\/Julio-Iglesias.jpg?resize=350%2C200&ssl=1 1x, https:\/\/i0.wp.com\/lasprimeras.com.do\/wp-content\/uploads\/2026\/01\/Julio-Iglesias.jpg?resize=525%2C300&ssl=1 1.5x, https:\/\/i0.wp.com\/lasprimeras.com.do\/wp-content\/uploads\/2026\/01\/Julio-Iglesias.jpg?resize=700%2C400&ssl=1 2x"},"classes":[]},{"id":119858,"url":"https:\/\/lasprimeras.com.do\/index.php\/2026\/01\/18\/cuanto-puede-pesar-el-dinero-detras-del-escandalo-que-afecta-a-julio-iglesias\/","url_meta":{"origin":120420,"position":4},"title":"\u00bfCu\u00e1nto puede pesar el dinero detr\u00e1s del esc\u00e1ndalo que afecta a Julio Iglesias?","author":"Nelson Feliz","date":"18 de enero de 2026","format":false,"excerpt":"La fortuna del cantante espa\u00f1ol se estima en alrededor de US$620 millones. Por Jairon Severino El legendario cantante espa\u00f1ol Julio Iglesias (82) enfrenta en estos momentos la crisis reputacional m\u00e1s grave de su carrera: acusaciones por presuntas agresiones sexuales, acoso y abuso de poder. En la postrimer\u00eda de su carrera,\u2026","rel":"","context":"En \u00abECONOM\u00cdA\u00bb","block_context":{"text":"ECONOM\u00cdA","link":"https:\/\/lasprimeras.com.do\/index.php\/category\/economia\/"},"img":{"alt_text":"Julio Iglesias","src":"https:\/\/i0.wp.com\/lasprimeras.com.do\/wp-content\/uploads\/2026\/01\/julio-iglesias-1.jpg?resize=350%2C200&ssl=1","width":350,"height":200,"srcset":"https:\/\/i0.wp.com\/lasprimeras.com.do\/wp-content\/uploads\/2026\/01\/julio-iglesias-1.jpg?resize=350%2C200&ssl=1 1x, https:\/\/i0.wp.com\/lasprimeras.com.do\/wp-content\/uploads\/2026\/01\/julio-iglesias-1.jpg?resize=525%2C300&ssl=1 1.5x, https:\/\/i0.wp.com\/lasprimeras.com.do\/wp-content\/uploads\/2026\/01\/julio-iglesias-1.jpg?resize=700%2C400&ssl=1 2x"},"classes":[]},{"id":50385,"url":"https:\/\/lasprimeras.com.do\/index.php\/2023\/05\/19\/ordenan-detencion-preventiva-por-3-meses-de-sacerdote-acusado-de-abuso-sexual-en-bolivia\/","url_meta":{"origin":120420,"position":5},"title":"Ordenan detenci\u00f3n preventiva por 3 meses de sacerdote acusado de abuso sexual en Bolivia","author":"prenxa100","date":"19 de mayo de 2023","format":false,"excerpt":"LA PAZ,EFE.- Un tribunal boliviano en el sure\u00f1o departamento de Tarija orden\u00f3 la detenci\u00f3n preventiva por tres meses del sacerdote Milton Murillo, acusado por abuso sexual, en momentos en que se investigan otras denuncias por pederastia en contra de varios cl\u00e9rigos, algunos ya fallecidos, en el pa\u00eds. El director de\u2026","rel":"","context":"En \u00abSin categor\u00eda\u00bb","block_context":{"text":"Sin categor\u00eda","link":"https:\/\/lasprimeras.com.do\/index.php\/category\/sin-categoria\/"},"img":{"alt_text":"","src":"","width":0,"height":0},"classes":[]}],"jetpack_sharing_enabled":true,"_links":{"self":[{"href":"https:\/\/lasprimeras.com.do\/index.php\/wp-json\/wp\/v2\/posts\/120420","targetHints":{"allow":["GET"]}}],"collection":[{"href":"https:\/\/lasprimeras.com.do\/index.php\/wp-json\/wp\/v2\/posts"}],"about":[{"href":"https:\/\/lasprimeras.com.do\/index.php\/wp-json\/wp\/v2\/types\/post"}],"author":[{"embeddable":true,"href":"https:\/\/lasprimeras.com.do\/index.php\/wp-json\/wp\/v2\/users\/10"}],"replies":[{"embeddable":true,"href":"https:\/\/lasprimeras.com.do\/index.php\/wp-json\/wp\/v2\/comments?post=120420"}],"version-history":[{"count":1,"href":"https:\/\/lasprimeras.com.do\/index.php\/wp-json\/wp\/v2\/posts\/120420\/revisions"}],"predecessor-version":[{"id":120422,"href":"https:\/\/lasprimeras.com.do\/index.php\/wp-json\/wp\/v2\/posts\/120420\/revisions\/120422"}],"wp:featuredmedia":[{"embeddable":true,"href":"https:\/\/lasprimeras.com.do\/index.php\/wp-json\/wp\/v2\/media\/120421"}],"wp:attachment":[{"href":"https:\/\/lasprimeras.com.do\/index.php\/wp-json\/wp\/v2\/media?parent=120420"}],"wp:term":[{"taxonomy":"category","embeddable":true,"href":"https:\/\/lasprimeras.com.do\/index.php\/wp-json\/wp\/v2\/categories?post=120420"},{"taxonomy":"post_tag","embeddable":true,"href":"https:\/\/lasprimeras.com.do\/index.php\/wp-json\/wp\/v2\/tags?post=120420"}],"curies":[{"name":"wp","href":"https:\/\/api.w.org\/{rel}","templated":true}]}}