{"id":120423,"date":"2026-01-23T18:27:35","date_gmt":"2026-01-23T22:27:35","guid":{"rendered":"https:\/\/lasprimeras.com.do\/?p=120423"},"modified":"2026-01-23T18:27:37","modified_gmt":"2026-01-23T22:27:37","slug":"andres-marranzini-destaca-la-carretera-del-ambar-como-eje-de-integracion-turistica-del-norte-en-fitur-2026","status":"publish","type":"post","link":"https:\/\/lasprimeras.com.do\/index.php\/2026\/01\/23\/andres-marranzini-destaca-la-carretera-del-ambar-como-eje-de-integracion-turistica-del-norte-en-fitur-2026\/","title":{"rendered":"Andr\u00e9s Marranzini destaca la Carretera del \u00c1mbar como eje de integraci\u00f3n tur\u00edstica del Norte en FITUR 2026"},"content":{"rendered":"\n<p><strong>Madrid, Espa\u00f1a. \u2014<\/strong> El empresario y director del proyecto Punta Bergant\u00edn, Andr\u00e9s Marranzini Grull\u00f3n, afirm\u00f3 que la Autopista del \u00c1mbar representa el eslab\u00f3n clave para convertir a la regi\u00f3n Norte en un destino tur\u00edstico integrado, al conectar de manera estrat\u00e9gica a Santiago como polo de negocios con Puerto Plata y su oferta de playa.<\/p>\n\n\n\n<p>El empresario dijo que la Autopista del \u00c1mbar que se construir\u00e1 en la zona norte de la Rep\u00fablica Dominicana reducir\u00e1 el tiempo de desplazamiento a unos 30 minutos.<\/p>\n\n\n\n<p>Las declaraciones del tambi\u00e9n presidente de la Asociaci\u00f3n Dominicana de Empresas Tur\u00edsticas Inmobiliarias (Adeti),fueron ofrecidas durante un encuentro con la prensa dominicana en Madrid en el marco de FITUR 2026.<\/p>\n\n\n\n<p>Marranzini explic\u00f3 que la carretera constituye la herramienta que permitir\u00e1 la regionalizaci\u00f3n del turismo en el Norte, con una visi\u00f3n de desarrollo articulado entre negocios, ocio y playa.<\/p>\n\n\n\n<figure class=\"wp-block-image size-full is-resized\"><img decoding=\"async\" width=\"708\" height=\"398\" src=\"https:\/\/lasprimeras.com.do\/wp-content\/uploads\/2026\/01\/Autovia-del-Ambar.jpg\" alt=\"\" class=\"wp-image-120425\" style=\"width:748px;height:auto\" srcset=\"https:\/\/lasprimeras.com.do\/wp-content\/uploads\/2026\/01\/Autovia-del-Ambar.jpg 708w, https:\/\/lasprimeras.com.do\/wp-content\/uploads\/2026\/01\/Autovia-del-Ambar-300x169.jpg 300w\" sizes=\"(max-width: 708px) 100vw, 708px\" \/><\/figure>\n\n\n\n<p>\u201cSantiago es precisamente el primer paso. El segundo es complementarlo con la actividad que acompa\u00f1a la visita de negocio, que es la de ocio de playa. Yo quisiera que fuera ese destino de playa al que llega quien viene a hacer negocios en Santiago y termina en Bergant\u00edn\u201d, expres\u00f3.<\/p>\n\n\n\n<p>El director de Punta Bergant\u00edn manifest\u00f3 su optimismo ante el avance del proyecto, al indicar que existe la expectativa de que la construcci\u00f3n inicie este mismo a\u00f1o, bajo la coordinaci\u00f3n del Ministerio de Obras P\u00fablicas y las autoridades responsables del proceso.<\/p>\n\n\n\n<p>\u201cEstamos content\u00edsimos de que se haya encontrado un camino para sacar adelante el proyecto, y entendemos que ese es el esp\u00edritu de quienes dirigen este proceso\u201d, se\u00f1al\u00f3.<\/p>\n\n\n\n<p>Marranzini resalt\u00f3 que el impacto de la Carretera del \u00c1mbar ser\u00e1 transformador, al permitir una conexi\u00f3n r\u00e1pida entre dos de los principales centros urbanos y tur\u00edsticos del pa\u00eds, lo que potenciar\u00e1 significativamente la demanda tur\u00edstica de la regi\u00f3n.<\/p>\n\n\n\n<p>\u201cNo se imaginan lo que significar\u00e1 conectar Santiago con Puerto Plata en un tiempo tan corto. Santiago recibe 16 vuelos diarios desde la costa este de los Estados Unidos, con una ocupaci\u00f3n muy alta. Ese es un n\u00famero interesant\u00edsimo\u201d, apunt\u00f3.<\/p>\n\n\n\n<p>Indic\u00f3 que, a partir del momento en que el viajero de negocios desarrolle un apetito tur\u00edstico por la playa, el crecimiento de la regi\u00f3n ser\u00e1 exponencial, replicando modelos de \u00e9xito como el del aeropuerto de Punta Cana, cuyo desarrollo ha estado sustentado directamente en el turismo.<\/p>\n\n\n\n<p>\u201cEsto va a provocar una nueva fuente de ingresos para la regi\u00f3n, sustentada en el turismo, que al final es una pol\u00edtica p\u00fablica de derrama de beneficios hacia las comunidades que impacta\u201d, afirm\u00f3.<\/p>\n\n\n\n<p>Fuente El Dem\u00f3crata<\/p>\n","protected":false},"excerpt":{"rendered":"<p>Madrid, Espa\u00f1a. \u2014 El empresario y director del proyecto Punta Bergant\u00edn, Andr\u00e9s Marranzini Grull\u00f3n, afirm\u00f3 que la Autopista del \u00c1mbar representa el eslab\u00f3n clave para convertir a la regi\u00f3n Norte&hellip;<\/p>\n","protected":false},"author":10,"featured_media":120424,"comment_status":"open","ping_status":"open","sticky":false,"template":"","format":"standard","meta":{"content-type":"","jetpack_post_was_ever_published":false,"_jetpack_newsletter_access":"","_jetpack_dont_email_post_to_subs":false,"_jetpack_newsletter_tier_id":0,"_jetpack_memberships_contains_paywalled_content":false,"_jetpack_memberships_contains_paid_content":false,"footnotes":""},"categories":[25,376],"tags":[4612,29675,29304,6650,908,2216],"class_list":["post-120423","post","type-post","status-publish","format-standard","has-post-thumbnail","hentry","category-portada","category-turismo","tag-andres-marranzini","tag-carretera-del-ambar","tag-fitur-2026","tag-integracion","tag-norte","tag-turistica"],"jetpack_featured_media_url":"https:\/\/lasprimeras.com.do\/wp-content\/uploads\/2026\/01\/Andres-Marranzini.jpg","jetpack-related-posts":[{"id":50058,"url":"https:\/\/lasprimeras.com.do\/index.php\/2023\/05\/16\/gobierno-anuncia-inicio-del-proceso-competitivo-para-construccion-autopista-del-ambar\/","url_meta":{"origin":120423,"position":0},"title":"Gobierno anuncia inicio del proceso competitivo para construcci\u00f3n Autopista del \u00c1mbar","author":"prenxa100","date":"16 de mayo de 2023","format":false,"excerpt":"Director ejecutivo DGAPP, Sigmund Freund, destac\u00f3 que modelo econ\u00f3mico planteado para el proyecto del \u00c1mbar elimina posibilidad de peaje sombra creando un circuito que integra la autopista del \u00c1mbar, la Circunvalaci\u00f3n de Santiago y el proyecto inmobiliario tur\u00edstico Punta Bergant\u00edn. Por Wilson Perez Santo Domingo. - El presidente de la\u2026","rel":"","context":"En \u00abNACIONALES\u00bb","block_context":{"text":"NACIONALES","link":"https:\/\/lasprimeras.com.do\/index.php\/category\/nacionales\/"},"img":{"alt_text":"","src":"","width":0,"height":0},"classes":[]},{"id":90272,"url":"https:\/\/lasprimeras.com.do\/index.php\/2024\/10\/17\/andres-marranzini-revela-plan-y-avances-de-punta-bergantin-en-puerto-plata\/","url_meta":{"origin":120423,"position":1},"title":"Andr\u00e9s Marranzini revela Plan y Avances de Punta Bergant\u00edn en Puerto Plata","author":"Nelson Feliz","date":"17 de octubre de 2024","format":false,"excerpt":"El director del Fideicomiso de Punta Bergant\u00edn, Andr\u00e9s Marranzini present\u00f3 al p\u00fablico presente el impacto y estrategias previstas para el desarrollo de la zona como destino a trav\u00e9s del proyecto, el cual integra junto a la conectividad que posee, una propuesta cargada de innovaci\u00f3n y sostenibilidad que promueve el crecimiento\u2026","rel":"","context":"En \u00abECONOM\u00cdA\u00bb","block_context":{"text":"ECONOM\u00cdA","link":"https:\/\/lasprimeras.com.do\/index.php\/category\/economia\/"},"img":{"alt_text":"","src":"https:\/\/i0.wp.com\/lasprimeras.com.do\/wp-content\/uploads\/2024\/10\/Andres-Marranzini-1.jpg?resize=350%2C200&ssl=1","width":350,"height":200,"srcset":"https:\/\/i0.wp.com\/lasprimeras.com.do\/wp-content\/uploads\/2024\/10\/Andres-Marranzini-1.jpg?resize=350%2C200&ssl=1 1x, https:\/\/i0.wp.com\/lasprimeras.com.do\/wp-content\/uploads\/2024\/10\/Andres-Marranzini-1.jpg?resize=525%2C300&ssl=1 1.5x"},"classes":[]},{"id":90274,"url":"https:\/\/lasprimeras.com.do\/index.php\/2024\/10\/17\/andres-marranzini-revela-plan-y-avances-de-punta-bergantin-en-puerto-plata-2\/","url_meta":{"origin":120423,"position":2},"title":"Andr\u00e9s Marranzini revela Plan y Avances de Punta Bergant\u00edn en Puerto Plata","author":"Nelson Feliz","date":"17 de octubre de 2024","format":false,"excerpt":"En su presentaci\u00f3n titulada \"Punta Bergant\u00edn: Impulsando el Desarrollo Tur\u00edstico y Socioecon\u00f3mico de Puerto Plata\", Marranzini comparti\u00f3 una visi\u00f3n detallada de c\u00f3mo el proyecto busca transformar la regi\u00f3n norte del pa\u00eds en un destino tur\u00edstico de clase mundial. Destac\u00f3 que Punta Bergant\u00edn adem\u00e1s de ser un proyecto inmobiliario y hotelero\u2026","rel":"","context":"En \u00abECONOM\u00cdA\u00bb","block_context":{"text":"ECONOM\u00cdA","link":"https:\/\/lasprimeras.com.do\/index.php\/category\/economia\/"},"img":{"alt_text":"","src":"https:\/\/i0.wp.com\/lasprimeras.com.do\/wp-content\/uploads\/2024\/10\/Andres-Marranzini.jpg?resize=350%2C200&ssl=1","width":350,"height":200,"srcset":"https:\/\/i0.wp.com\/lasprimeras.com.do\/wp-content\/uploads\/2024\/10\/Andres-Marranzini.jpg?resize=350%2C200&ssl=1 1x, https:\/\/i0.wp.com\/lasprimeras.com.do\/wp-content\/uploads\/2024\/10\/Andres-Marranzini.jpg?resize=525%2C300&ssl=1 1.5x"},"classes":[]},{"id":54564,"url":"https:\/\/lasprimeras.com.do\/index.php\/2023\/07\/12\/asonahores-valora-resultados-del-sector-turistico-en-primer-semestre-del-2023\/","url_meta":{"origin":120423,"position":3},"title":"Asonahores valora resultados del sector tur\u00edstico en primer semestre del 2023","author":"Nelson Feliz","date":"12 de julio de 2023","format":false,"excerpt":"El vicepresidente ejecutivo de la Asociaci\u00f3n de Hoteles y Turismo de la Rep\u00fablica Dominicana (Asonahores) Andr\u00e9s Marranzini, aplaudi\u00f3 los resultados del sector tur\u00edstico en los primeros seis meses del a\u00f1o 2023. Seg\u00fan las declaraciones del ministro de Turismo, David Collado, el pa\u00eds alcanz\u00f3 un hito hist\u00f3rico al recibir m\u00e1s de\u2026","rel":"","context":"En \u00abPORTADA\u00bb","block_context":{"text":"PORTADA","link":"https:\/\/lasprimeras.com.do\/index.php\/category\/portada\/"},"img":{"alt_text":"Andr\u00e9s Marranzini","src":"https:\/\/i0.wp.com\/lasprimeras.com.do\/wp-content\/uploads\/2023\/07\/Andres-Marranzini.jpg?resize=350%2C200&ssl=1","width":350,"height":200,"srcset":"https:\/\/i0.wp.com\/lasprimeras.com.do\/wp-content\/uploads\/2023\/07\/Andres-Marranzini.jpg?resize=350%2C200&ssl=1 1x, https:\/\/i0.wp.com\/lasprimeras.com.do\/wp-content\/uploads\/2023\/07\/Andres-Marranzini.jpg?resize=525%2C300&ssl=1 1.5x, https:\/\/i0.wp.com\/lasprimeras.com.do\/wp-content\/uploads\/2023\/07\/Andres-Marranzini.jpg?resize=700%2C400&ssl=1 2x"},"classes":[]},{"id":112416,"url":"https:\/\/lasprimeras.com.do\/index.php\/2025\/10\/22\/abinader-inicia-trabajos-de-construccion-de-hotel-melia-bergantin-beach\/","url_meta":{"origin":120423,"position":4},"title":"Abinader inicia trabajos de construcci\u00f3n de Hotel Meli\u00e1 Bergant\u00edn Beach","author":"Nelson Feliz","date":"22 de octubre de 2025","format":false,"excerpt":"-. Mandatario destaca relanzamiento tur\u00edstico de Puerto Plata con desarrollo inmobiliario pujante y turismo de cruceros l\u00edder en el pa\u00eds. -. Tambi\u00e9n, anuncia la construcci\u00f3n de dos nuevos hoteles de las cadenas internacionales hoteleras Westin y Hyatt y la licitaci\u00f3n en los pr\u00f3ximos d\u00edas de la carretera \u00c1mbar. El presidente\u2026","rel":"","context":"En \u00abPORTADA\u00bb","block_context":{"text":"PORTADA","link":"https:\/\/lasprimeras.com.do\/index.php\/category\/portada\/"},"img":{"alt_text":"","src":"https:\/\/i0.wp.com\/lasprimeras.com.do\/wp-content\/uploads\/2025\/10\/Luis-Abinader-1-3.jpg?resize=350%2C200&ssl=1","width":350,"height":200,"srcset":"https:\/\/i0.wp.com\/lasprimeras.com.do\/wp-content\/uploads\/2025\/10\/Luis-Abinader-1-3.jpg?resize=350%2C200&ssl=1 1x, https:\/\/i0.wp.com\/lasprimeras.com.do\/wp-content\/uploads\/2025\/10\/Luis-Abinader-1-3.jpg?resize=525%2C300&ssl=1 1.5x, https:\/\/i0.wp.com\/lasprimeras.com.do\/wp-content\/uploads\/2025\/10\/Luis-Abinader-1-3.jpg?resize=700%2C400&ssl=1 2x, https:\/\/i0.wp.com\/lasprimeras.com.do\/wp-content\/uploads\/2025\/10\/Luis-Abinader-1-3.jpg?resize=1050%2C600&ssl=1 3x"},"classes":[]},{"id":52593,"url":"https:\/\/lasprimeras.com.do\/index.php\/2023\/06\/12\/acis-defiende-cumplimientos-requisitos-legales-y-estudios-impacto-ambiental-para-autopista-del-ambar\/","url_meta":{"origin":120423,"position":5},"title":"ACIS defiende cumplimientos requisitos legales y estudios impacto ambiental para Autopista del \u00c1mbar","author":"prenxa100","date":"12 de junio de 2023","format":false,"excerpt":"El presidente de la Asociaci\u00f3n de Comerciantes e Industriales de esta ciudad (ACIS), Sandy Filpo reiter\u00f3 su pleno respaldo a la construcci\u00f3n de la autopista del Ambar, que enlazar\u00e1 las provincias de Puerto Plata y Santiago, y dijo que se cumplieron todos los requisitos legales e incluso la realizaci\u00f3n de\u2026","rel":"","context":"En \u00abECONOM\u00cdA\u00bb","block_context":{"text":"ECONOM\u00cdA","link":"https:\/\/lasprimeras.com.do\/index.php\/category\/economia\/"},"img":{"alt_text":"","src":"https:\/\/i0.wp.com\/lasprimeras.com.do\/wp-content\/uploads\/2023\/06\/acis-defiende-cumplimientos-requisitos-legales-y-estudios-impacto-ambiental-para-autopista-del-ambar.jpg?resize=350%2C200&ssl=1","width":350,"height":200,"srcset":"https:\/\/i0.wp.com\/lasprimeras.com.do\/wp-content\/uploads\/2023\/06\/acis-defiende-cumplimientos-requisitos-legales-y-estudios-impacto-ambiental-para-autopista-del-ambar.jpg?resize=350%2C200&ssl=1 1x, https:\/\/i0.wp.com\/lasprimeras.com.do\/wp-content\/uploads\/2023\/06\/acis-defiende-cumplimientos-requisitos-legales-y-estudios-impacto-ambiental-para-autopista-del-ambar.jpg?resize=525%2C300&ssl=1 1.5x"},"classes":[]}],"jetpack_sharing_enabled":true,"_links":{"self":[{"href":"https:\/\/lasprimeras.com.do\/index.php\/wp-json\/wp\/v2\/posts\/120423","targetHints":{"allow":["GET"]}}],"collection":[{"href":"https:\/\/lasprimeras.com.do\/index.php\/wp-json\/wp\/v2\/posts"}],"about":[{"href":"https:\/\/lasprimeras.com.do\/index.php\/wp-json\/wp\/v2\/types\/post"}],"author":[{"embeddable":true,"href":"https:\/\/lasprimeras.com.do\/index.php\/wp-json\/wp\/v2\/users\/10"}],"replies":[{"embeddable":true,"href":"https:\/\/lasprimeras.com.do\/index.php\/wp-json\/wp\/v2\/comments?post=120423"}],"version-history":[{"count":1,"href":"https:\/\/lasprimeras.com.do\/index.php\/wp-json\/wp\/v2\/posts\/120423\/revisions"}],"predecessor-version":[{"id":120426,"href":"https:\/\/lasprimeras.com.do\/index.php\/wp-json\/wp\/v2\/posts\/120423\/revisions\/120426"}],"wp:featuredmedia":[{"embeddable":true,"href":"https:\/\/lasprimeras.com.do\/index.php\/wp-json\/wp\/v2\/media\/120424"}],"wp:attachment":[{"href":"https:\/\/lasprimeras.com.do\/index.php\/wp-json\/wp\/v2\/media?parent=120423"}],"wp:term":[{"taxonomy":"category","embeddable":true,"href":"https:\/\/lasprimeras.com.do\/index.php\/wp-json\/wp\/v2\/categories?post=120423"},{"taxonomy":"post_tag","embeddable":true,"href":"https:\/\/lasprimeras.com.do\/index.php\/wp-json\/wp\/v2\/tags?post=120423"}],"curies":[{"name":"wp","href":"https:\/\/api.w.org\/{rel}","templated":true}]}}