{"id":120430,"date":"2026-01-23T18:46:53","date_gmt":"2026-01-23T22:46:53","guid":{"rendered":"https:\/\/lasprimeras.com.do\/?p=120430"},"modified":"2026-01-23T20:35:53","modified_gmt":"2026-01-24T00:35:53","slug":"julio-almonte-nina-la-prioridad-es-continuar-fortaleciendo-el-turismo-dominicano","status":"publish","type":"post","link":"https:\/\/lasprimeras.com.do\/index.php\/2026\/01\/23\/julio-almonte-nina-la-prioridad-es-continuar-fortaleciendo-el-turismo-dominicano\/","title":{"rendered":"Julio Almonte Nina: \u201cLa prioridad es continuar fortaleciendo el turismo dominicano\u201d"},"content":{"rendered":"\n<p><strong>En materia tur\u00edstica se compite hacia afuera y se construye hacia adentro.<\/strong><\/p>\n\n\n\n<p>El titular de la Comisi\u00f3n de Turismo del Partido de la Liberaci\u00f3n Dominicana (PLD), Julio Almonte Nina, hizo un llamado a todos los sectores pol\u00edticos, sociales y econ\u00f3micos del pa\u00eds a asumir el turismo como una responsabilidad colectiva y una prioridad nacional.<\/p>\n\n\n\n<p>Almonte destac\u00f3 que los verdaderos retos del sector no est\u00e1n a lo interno, sino en la competencia internacional, frente a otros destinos que d\u00eda tras d\u00eda elevan sus est\u00e1ndares, lo que obliga a la Rep\u00fablica Dominicana a maximizar y diversificar su oferta tur\u00edstica tanto b\u00e1sica como complementaria.<\/p>\n\n\n\n<p>Asimismo el experimentado gerente hotelero, subray\u00f3 que los resultados positivos que hoy exhibe el pa\u00eds en materia tur\u00edstica son el reflejo de m\u00e1s de 35 a\u00f1os de pol\u00edticas, estrategias y gestiones continuas, que han permitido posicionar la marca Rep\u00fablica Dominicana en los principales mercados emisores, garantizando crecimiento, estabilidad y reconocimiento internacional.<\/p>\n\n\n\n<p>En ese orden, advirti\u00f3 que las simpat\u00edas partidarias no deben permear ni distorsionar la identidad tur\u00edstica dominicana, ya que cuando intereses coyunturales interfieren en la planificaci\u00f3n del sector se genera atraso, improvisaci\u00f3n y mala programaci\u00f3n, afectando la competitividad del destino.<\/p>\n\n\n\n<p>Julio Almonte Nina, reiter\u00f3 que el turismo debe manejarse con visi\u00f3n de Estado, continuidad y consenso, por encima de agendas partidarias*.<\/p>\n\n\n\n<p>Como mensaje final, inst\u00f3 a la unificaci\u00f3n de todos los sectores de la vida nacional, dejando de lado diferencias y protagonismos, para defender, promover y fortalecer la Rep\u00fablica Dominicana como destino l\u00edder del Caribe, recordando que en turismo se compite hacia afuera y se construye hacia adentro, peleando juntos por RD.<\/p>\n","protected":false},"excerpt":{"rendered":"<p>En materia tur\u00edstica se compite hacia afuera y se construye hacia adentro. El titular de la Comisi\u00f3n de Turismo del Partido de la Liberaci\u00f3n Dominicana (PLD), Julio Almonte Nina, hizo&hellip;<\/p>\n","protected":false},"author":10,"featured_media":120448,"comment_status":"open","ping_status":"open","sticky":false,"template":"","format":"standard","meta":{"content-type":"","jetpack_post_was_ever_published":false,"_jetpack_newsletter_access":"","_jetpack_dont_email_post_to_subs":false,"_jetpack_newsletter_tier_id":0,"_jetpack_memberships_contains_paywalled_content":false,"_jetpack_memberships_contains_paid_content":false,"footnotes":""},"categories":[25],"tags":[22065,29676,6481,11244],"class_list":["post-120430","post","type-post","status-publish","format-standard","has-post-thumbnail","hentry","category-portada","tag-fortaleciendo","tag-julio-almonte-nina","tag-prioridad","tag-turismo-dominicano"],"jetpack_featured_media_url":"https:\/\/lasprimeras.com.do\/wp-content\/uploads\/2026\/01\/Julio-Almonte-Nina.jpg","jetpack-related-posts":[{"id":100752,"url":"https:\/\/lasprimeras.com.do\/index.php\/2025\/06\/11\/julio-almonte-el-turismo-se-posiciona-en-las-gestiones-del-pld\/","url_meta":{"origin":120430,"position":0},"title":"Julio Almonte: El turismo se posiciona en las gestiones del PLD","author":"Nelson Feliz","date":"11 de junio de 2025","format":false,"excerpt":"El turismo tiene que adoptar iniciativas para recuperar destinos en los que ha perdido visitantes, alerta Julio Almonte, coordinador de Comisi\u00f3n de Turismo del PLD. El titular de la Comisi\u00f3n de Turismo del Partido de la Liberaci\u00f3n Dominicana (PLD), Julio Almonte, alert\u00f3 sobre el riesgo para la econom\u00eda que representa\u2026","rel":"","context":"En \u00abPORTADA\u00bb","block_context":{"text":"PORTADA","link":"https:\/\/lasprimeras.com.do\/index.php\/category\/portada\/"},"img":{"alt_text":"","src":"https:\/\/i0.wp.com\/lasprimeras.com.do\/wp-content\/uploads\/2025\/06\/Julio-Almonte.jpg?resize=350%2C200&ssl=1","width":350,"height":200,"srcset":"https:\/\/i0.wp.com\/lasprimeras.com.do\/wp-content\/uploads\/2025\/06\/Julio-Almonte.jpg?resize=350%2C200&ssl=1 1x, https:\/\/i0.wp.com\/lasprimeras.com.do\/wp-content\/uploads\/2025\/06\/Julio-Almonte.jpg?resize=525%2C300&ssl=1 1.5x, https:\/\/i0.wp.com\/lasprimeras.com.do\/wp-content\/uploads\/2025\/06\/Julio-Almonte.jpg?resize=700%2C400&ssl=1 2x"},"classes":[]},{"id":124980,"url":"https:\/\/lasprimeras.com.do\/index.php\/2026\/03\/18\/julio-almonte-el-transito-asfixia-el-turismo-en-puerto-plata\/","url_meta":{"origin":120430,"position":1},"title":"Julio Almonte: El tr\u00e1nsito asfixia el turismo en Puerto Plata","author":"Nelson Feliz","date":"18 de marzo de 2026","format":false,"excerpt":"El titular de la Comisi\u00f3n de Turismo del Partido de la Liberaci\u00f3n Dominicana, Julio Almonte, demand\u00f3 del Ayuntamiento de Puerto Plata y del Instituto Nacional de Tr\u00e1nsito y Transporte Terrestre (INTRANT) trabajar en la soluci\u00f3n del tr\u00e1nsito, antes de que sea demasiado tarde con relaci\u00f3n a los turistas y cruceristas\u2026","rel":"","context":"En \u00abPOLITICA\u00bb","block_context":{"text":"POLITICA","link":"https:\/\/lasprimeras.com.do\/index.php\/category\/politica\/"},"img":{"alt_text":"Julio Almonte","src":"https:\/\/i0.wp.com\/lasprimeras.com.do\/wp-content\/uploads\/2026\/03\/Julio-Almonte.jpg?resize=350%2C200&ssl=1","width":350,"height":200,"srcset":"https:\/\/i0.wp.com\/lasprimeras.com.do\/wp-content\/uploads\/2026\/03\/Julio-Almonte.jpg?resize=350%2C200&ssl=1 1x, https:\/\/i0.wp.com\/lasprimeras.com.do\/wp-content\/uploads\/2026\/03\/Julio-Almonte.jpg?resize=525%2C300&ssl=1 1.5x, https:\/\/i0.wp.com\/lasprimeras.com.do\/wp-content\/uploads\/2026\/03\/Julio-Almonte.jpg?resize=700%2C400&ssl=1 2x"},"classes":[]},{"id":102016,"url":"https:\/\/lasprimeras.com.do\/index.php\/2025\/06\/28\/este-sabado-se-apertura-dominican-taste-festival-2025-en-el-alto-manhattan-dedicado-a-sajoma\/","url_meta":{"origin":120430,"position":2},"title":"Este s\u00e1bado se apertura Dominican Taste Festival 2025 en el Alto Manhattan; dedicado a Sajoma","author":"Nelson Feliz","date":"28 de junio de 2025","format":false,"excerpt":"https:\/\/www.youtube.com\/watch?v=Ap405GWUsqQ Por Ram\u00f3n Mercedes NUEVA YORK.- Este s\u00e1bado se apertura al aire libre el quinto aniversario de Dominican Taste Festival 2025, que dirige la empresaria Elida Almonte, dedicado a San Jos\u00e9 de las Matas (Sajoma) perteneciente a Santiago de los Caballeros, por la gran cantidad de sanjosematense residentes en esta\u2026","rel":"","context":"En \u00abENTRETENIMIENTO\u00bb","block_context":{"text":"ENTRETENIMIENTO","link":"https:\/\/lasprimeras.com.do\/index.php\/category\/entretenimiento\/"},"img":{"alt_text":"","src":"https:\/\/i0.wp.com\/lasprimeras.com.do\/wp-content\/uploads\/2025\/06\/WhatsApp-Image-2025-06-28-at-9.19.03-AM.jpeg?resize=350%2C200&ssl=1","width":350,"height":200,"srcset":"https:\/\/i0.wp.com\/lasprimeras.com.do\/wp-content\/uploads\/2025\/06\/WhatsApp-Image-2025-06-28-at-9.19.03-AM.jpeg?resize=350%2C200&ssl=1 1x, https:\/\/i0.wp.com\/lasprimeras.com.do\/wp-content\/uploads\/2025\/06\/WhatsApp-Image-2025-06-28-at-9.19.03-AM.jpeg?resize=525%2C300&ssl=1 1.5x"},"classes":[]},{"id":100925,"url":"https:\/\/lasprimeras.com.do\/index.php\/2025\/06\/13\/iniciara-en-nyc-dominican-taste-festival-2025\/","url_meta":{"origin":120430,"position":3},"title":"Iniciar\u00e1 en NYC Dominican Taste Festival 2025","author":"Nelson Feliz","date":"13 de junio de 2025","format":false,"excerpt":"Por Ram\u00f3n Mercedes NUEVA YORK.- Con una rueda de prensa en el restaurant Casa del Mar, en El Bronx, iniciar\u00e1 el pr\u00f3ximo 23 de junio las actividades del Dominican Taste Festival 2025, la plataforma comercial, tur\u00edstica y de emprendedores dominicanos en Estados Unidos. El evento, que dirige Elida Almonte, muestra\u2026","rel":"","context":"En \u00abENTRETENIMIENTO\u00bb","block_context":{"text":"ENTRETENIMIENTO","link":"https:\/\/lasprimeras.com.do\/index.php\/category\/entretenimiento\/"},"img":{"alt_text":"","src":"https:\/\/i0.wp.com\/lasprimeras.com.do\/wp-content\/uploads\/2025\/06\/WhatsApp-Image-2025-06-13-at-6.29.48-AM.jpeg?resize=350%2C200&ssl=1","width":350,"height":200,"srcset":"https:\/\/i0.wp.com\/lasprimeras.com.do\/wp-content\/uploads\/2025\/06\/WhatsApp-Image-2025-06-13-at-6.29.48-AM.jpeg?resize=350%2C200&ssl=1 1x, https:\/\/i0.wp.com\/lasprimeras.com.do\/wp-content\/uploads\/2025\/06\/WhatsApp-Image-2025-06-13-at-6.29.48-AM.jpeg?resize=525%2C300&ssl=1 1.5x"},"classes":[]},{"id":119688,"url":"https:\/\/lasprimeras.com.do\/index.php\/2026\/01\/15\/felix-joel-almonte-encabeza-entrega-de-juguetes-a-ninos-con-discapacidades\/","url_meta":{"origin":120430,"position":4},"title":"Felix Joel Almonte encabeza entrega de juguetes a ni\u00f1os con discapacidades","author":"Nelson Feliz","date":"15 de enero de 2026","format":false,"excerpt":"El subdirector de la Direcci\u00f3n General de Jubilaciones y Pensiones (DGJP), F\u00e9lix Joel Almonte, encabez\u00f3 una emotiva entrega de juguetes a ni\u00f1os con discapacidades de la Escuela de Sordoceguera y Discapacidades M\u00faltiples Profesor Jos\u00e9 Manuel Rodr\u00edguez Taveras, como parte de una iniciativa orientada a promover la inclusi\u00f3n y la solidaridad\u2026","rel":"","context":"En \u00abNACIONALES\u00bb","block_context":{"text":"NACIONALES","link":"https:\/\/lasprimeras.com.do\/index.php\/category\/nacionales\/"},"img":{"alt_text":"Felix Joel Almonte","src":"https:\/\/i0.wp.com\/lasprimeras.com.do\/wp-content\/uploads\/2026\/01\/Felix-Joel-Almonte-1.jpg?resize=350%2C200&ssl=1","width":350,"height":200,"srcset":"https:\/\/i0.wp.com\/lasprimeras.com.do\/wp-content\/uploads\/2026\/01\/Felix-Joel-Almonte-1.jpg?resize=350%2C200&ssl=1 1x, https:\/\/i0.wp.com\/lasprimeras.com.do\/wp-content\/uploads\/2026\/01\/Felix-Joel-Almonte-1.jpg?resize=525%2C300&ssl=1 1.5x, https:\/\/i0.wp.com\/lasprimeras.com.do\/wp-content\/uploads\/2026\/01\/Felix-Joel-Almonte-1.jpg?resize=700%2C400&ssl=1 2x"},"classes":[]},{"id":123795,"url":"https:\/\/lasprimeras.com.do\/index.php\/2026\/03\/05\/ceo-de-melia-hotels-international-afirma-que-abinader-es-el-presidente-que-mejor-ejemplifica-la-vision-del-turismo\/","url_meta":{"origin":120430,"position":5},"title":"CEO de Meli\u00e1 Hotels International afirma que Abinader es el presidente que mejor ejemplifica la visi\u00f3n del turismo","author":"Nelson Feliz","date":"5 de marzo de 2026","format":false,"excerpt":"El CEO de Meli\u00e1 Hotels International, Gabriel Escarrer Jaume, destac\u00f3 que no hay mandatario que ejemplifique mejor la colaboraci\u00f3n p\u00fablico-privada que el presidente Luis Abinader, entre los 49 pa\u00edses donde opera la cadena hotelera, al dejar inaugurada la Escuela de Hosteler\u00eda y Turismo Gabriel Escarrer Juli\u00e1. Escarrer Jaume expres\u00f3 su\u2026","rel":"","context":"En \u00abPORTADA\u00bb","block_context":{"text":"PORTADA","link":"https:\/\/lasprimeras.com.do\/index.php\/category\/portada\/"},"img":{"alt_text":"","src":"https:\/\/i0.wp.com\/lasprimeras.com.do\/wp-content\/uploads\/2026\/03\/IMG-20260302-WA0671-scaled.jpg?resize=350%2C200&ssl=1","width":350,"height":200,"srcset":"https:\/\/i0.wp.com\/lasprimeras.com.do\/wp-content\/uploads\/2026\/03\/IMG-20260302-WA0671-scaled.jpg?resize=350%2C200&ssl=1 1x, https:\/\/i0.wp.com\/lasprimeras.com.do\/wp-content\/uploads\/2026\/03\/IMG-20260302-WA0671-scaled.jpg?resize=525%2C300&ssl=1 1.5x, https:\/\/i0.wp.com\/lasprimeras.com.do\/wp-content\/uploads\/2026\/03\/IMG-20260302-WA0671-scaled.jpg?resize=700%2C400&ssl=1 2x, https:\/\/i0.wp.com\/lasprimeras.com.do\/wp-content\/uploads\/2026\/03\/IMG-20260302-WA0671-scaled.jpg?resize=1050%2C600&ssl=1 3x, https:\/\/i0.wp.com\/lasprimeras.com.do\/wp-content\/uploads\/2026\/03\/IMG-20260302-WA0671-scaled.jpg?resize=1400%2C800&ssl=1 4x"},"classes":[]}],"jetpack_sharing_enabled":true,"_links":{"self":[{"href":"https:\/\/lasprimeras.com.do\/index.php\/wp-json\/wp\/v2\/posts\/120430","targetHints":{"allow":["GET"]}}],"collection":[{"href":"https:\/\/lasprimeras.com.do\/index.php\/wp-json\/wp\/v2\/posts"}],"about":[{"href":"https:\/\/lasprimeras.com.do\/index.php\/wp-json\/wp\/v2\/types\/post"}],"author":[{"embeddable":true,"href":"https:\/\/lasprimeras.com.do\/index.php\/wp-json\/wp\/v2\/users\/10"}],"replies":[{"embeddable":true,"href":"https:\/\/lasprimeras.com.do\/index.php\/wp-json\/wp\/v2\/comments?post=120430"}],"version-history":[{"count":1,"href":"https:\/\/lasprimeras.com.do\/index.php\/wp-json\/wp\/v2\/posts\/120430\/revisions"}],"predecessor-version":[{"id":120431,"href":"https:\/\/lasprimeras.com.do\/index.php\/wp-json\/wp\/v2\/posts\/120430\/revisions\/120431"}],"wp:featuredmedia":[{"embeddable":true,"href":"https:\/\/lasprimeras.com.do\/index.php\/wp-json\/wp\/v2\/media\/120448"}],"wp:attachment":[{"href":"https:\/\/lasprimeras.com.do\/index.php\/wp-json\/wp\/v2\/media?parent=120430"}],"wp:term":[{"taxonomy":"category","embeddable":true,"href":"https:\/\/lasprimeras.com.do\/index.php\/wp-json\/wp\/v2\/categories?post=120430"},{"taxonomy":"post_tag","embeddable":true,"href":"https:\/\/lasprimeras.com.do\/index.php\/wp-json\/wp\/v2\/tags?post=120430"}],"curies":[{"name":"wp","href":"https:\/\/api.w.org\/{rel}","templated":true}]}}