{"id":120442,"date":"2026-01-23T20:19:44","date_gmt":"2026-01-24T00:19:44","guid":{"rendered":"https:\/\/lasprimeras.com.do\/?p=120442"},"modified":"2026-01-23T20:19:45","modified_gmt":"2026-01-24T00:19:45","slug":"presidente-abinader-destituye-al-rector-del-itla-mediante-decreto-39-26","status":"publish","type":"post","link":"https:\/\/lasprimeras.com.do\/index.php\/2026\/01\/23\/presidente-abinader-destituye-al-rector-del-itla-mediante-decreto-39-26\/","title":{"rendered":"Presidente Abinader destituye al rector del ITLA mediante decreto 39-26"},"content":{"rendered":"\n<p>El presidente Luis Abinader, destituy\u00f3 al rector del Instituto Tecnol\u00f3gico de las Am\u00e9ricas (ITLA), Rafael F\u00e9liz Garc\u00eda, mediante el decreto n\u00fam. 39-26.<\/p>\n\n\n\n<p>De acuerdo con lo establecido en el art\u00edculo 1 del decreto, queda derogado el art\u00edculo 13 del decreto n\u00fam. 390-24, del 17 de julio de 2024, mediante el cual se design\u00f3 a F\u00e9liz Garc\u00eda como rector de esa instituci\u00f3n de educaci\u00f3n superior.<\/p>\n\n\n\n<p>La disposici\u00f3n forma parte de las atribuciones constitucionales del Poder Ejecutivo y se enmarca dentro de los procesos de evaluaci\u00f3n y fortalecimiento institucional impulsados por el Gobierno dominicano.<\/p>\n","protected":false},"excerpt":{"rendered":"<p>Rafael F\u00e9liz Garc\u00eda<\/p>\n","protected":false},"author":10,"featured_media":120443,"comment_status":"open","ping_status":"open","sticky":false,"template":"","format":"standard","meta":{"content-type":"","jetpack_post_was_ever_published":false,"_jetpack_newsletter_access":"","_jetpack_dont_email_post_to_subs":false,"_jetpack_newsletter_tier_id":0,"_jetpack_memberships_contains_paywalled_content":false,"_jetpack_memberships_contains_paid_content":false,"footnotes":""},"categories":[35,25],"tags":[29681,7315,29682],"class_list":["post-120442","post","type-post","status-publish","format-standard","has-post-thumbnail","hentry","category-nacionales","category-portada","tag-decreto-39-26","tag-itla","tag-rafael-feliz-garcia"],"jetpack_featured_media_url":"https:\/\/lasprimeras.com.do\/wp-content\/uploads\/2026\/01\/Rafael-Feliz-Garcia.jpg","jetpack-related-posts":[{"id":121186,"url":"https:\/\/lasprimeras.com.do\/index.php\/2026\/02\/01\/presidente-abinader-designa-nuevo-rector-del-itla-mediante-decreto-65-25\/","url_meta":{"origin":120442,"position":0},"title":"Presidente Abinader designa nuevo rector del ITLA mediante decreto 65-25","author":"Nelson Feliz","date":"1 de febrero de 2026","format":false,"excerpt":"-.El ingeniero Jimmy Rosario Bernard cuenta con una amplia experiencia en ingenier\u00eda inform\u00e1tica, digitalizaci\u00f3n de servicios p\u00fablicos y educaci\u00f3n STEM. El presidente de la Rep\u00fablica, Luis Abinader, design\u00f3 al ingeniero Jimmy Rosario Bernard como nuevo rector del Instituto Tecnol\u00f3gico de Las Am\u00e9ricas (ITLA), mediante el Decreto n\u00fam. 65-26, emitido el\u2026","rel":"","context":"En \u00abNACIONALES\u00bb","block_context":{"text":"NACIONALES","link":"https:\/\/lasprimeras.com.do\/index.php\/category\/nacionales\/"},"img":{"alt_text":"","src":"https:\/\/i0.wp.com\/lasprimeras.com.do\/wp-content\/uploads\/2026\/02\/ingeniero-Jimmy-Rosario-Bernard.jpg?resize=350%2C200&ssl=1","width":350,"height":200},"classes":[]},{"id":121404,"url":"https:\/\/lasprimeras.com.do\/index.php\/2026\/02\/04\/garcia-fermin-juramentan-a-jimmy-rosario-bernald-como-nuevo-rector-del-itla\/","url_meta":{"origin":120442,"position":1},"title":"Garc\u00eda Ferm\u00edn juramentan a Jimmy Rosario Bernald como nuevo rector del Itla","author":"Nelson Feliz","date":"4 de febrero de 2026","format":false,"excerpt":"El nuevo rector fue juramentado tras su designaci\u00f3n presidencial y anunci\u00f3 planes de modernizaci\u00f3n, expansi\u00f3n e internacionalizaci\u00f3n. El ministerio de Educaci\u00f3n Superior, Ciencia y Tecnolog\u00eda (MESCyT), Franklin Garc\u00eda Ferm\u00edn, jurament\u00f3 a Jimmy Rosario Bernard como nuevo rector del Instituto Tecnol\u00f3gico de las Am\u00e9ricas (Itla), tras su designaci\u00f3n mediante decreto del\u2026","rel":"","context":"En \u00abNACIONALES\u00bb","block_context":{"text":"NACIONALES","link":"https:\/\/lasprimeras.com.do\/index.php\/category\/nacionales\/"},"img":{"alt_text":"","src":"https:\/\/i0.wp.com\/lasprimeras.com.do\/wp-content\/uploads\/2026\/02\/IMG-20260203-WA0402.jpg?resize=350%2C200&ssl=1","width":350,"height":200,"srcset":"https:\/\/i0.wp.com\/lasprimeras.com.do\/wp-content\/uploads\/2026\/02\/IMG-20260203-WA0402.jpg?resize=350%2C200&ssl=1 1x, https:\/\/i0.wp.com\/lasprimeras.com.do\/wp-content\/uploads\/2026\/02\/IMG-20260203-WA0402.jpg?resize=525%2C300&ssl=1 1.5x, https:\/\/i0.wp.com\/lasprimeras.com.do\/wp-content\/uploads\/2026\/02\/IMG-20260203-WA0402.jpg?resize=700%2C400&ssl=1 2x, https:\/\/i0.wp.com\/lasprimeras.com.do\/wp-content\/uploads\/2026\/02\/IMG-20260203-WA0402.jpg?resize=1050%2C600&ssl=1 3x"},"classes":[]},{"id":123340,"url":"https:\/\/lasprimeras.com.do\/index.php\/2026\/02\/27\/abinader-designa-nuevo-subdirector-e-inspector-general-de-la-pn-y-dispone-ascensos-y-retiros\/","url_meta":{"origin":120442,"position":2},"title":"Abinader designa nuevo subdirector e inspector general de la PN y dispone ascensos y retiros","author":"Nelson Feliz","date":"27 de febrero de 2026","format":false,"excerpt":"El presidente de la Rep\u00fablica, Luis Abinader, emiti\u00f3 el Decreto n\u00fam. 133-26 mediante el cual designa al general Esteban Figuereo Garc\u00eda como subdirector general de la Polic\u00eda Nacional y al general Ernesto Rafael Rodr\u00edguez Garc\u00eda como inspector general de la instituci\u00f3n, adem\u00e1s de disponer ascensos, retiros y nuevas designaciones en\u2026","rel":"","context":"En \u00abNACIONALES\u00bb","block_context":{"text":"NACIONALES","link":"https:\/\/lasprimeras.com.do\/index.php\/category\/nacionales\/"},"img":{"alt_text":"","src":"https:\/\/i0.wp.com\/lasprimeras.com.do\/wp-content\/uploads\/2025\/10\/Palacio-Nacional.jpg?resize=350%2C200&ssl=1","width":350,"height":200,"srcset":"https:\/\/i0.wp.com\/lasprimeras.com.do\/wp-content\/uploads\/2025\/10\/Palacio-Nacional.jpg?resize=350%2C200&ssl=1 1x, https:\/\/i0.wp.com\/lasprimeras.com.do\/wp-content\/uploads\/2025\/10\/Palacio-Nacional.jpg?resize=525%2C300&ssl=1 1.5x, https:\/\/i0.wp.com\/lasprimeras.com.do\/wp-content\/uploads\/2025\/10\/Palacio-Nacional.jpg?resize=700%2C400&ssl=1 2x"},"classes":[]},{"id":73697,"url":"https:\/\/lasprimeras.com.do\/index.php\/2024\/01\/15\/abinader-cancelo-a-wanda-garcia-directora-del-acuario-nacional\/","url_meta":{"origin":120442,"position":3},"title":"Abinader cancel\u00f3 a Wanda Garc\u00eda, directora del Acuario Nacional","author":"BIMARY DE JES\u00daS Matos","date":"15 de enero de 2024","format":false,"excerpt":"Santo Domingo.-Este lunes fue destituida Wanda Garc\u00eda como directora general del Acuario Nacional, seg\u00fan lo establece el decreto n\u00famero 20-24 en el art\u00edculo 1 firmado por el presidente Luis Abinader. El 7 de noviembre del a\u00f1o pasado Garc\u00eda fue suspendida provisionalmente por el mandatario mediante el decreto 554-23, tras una\u2026","rel":"","context":"En \u00abPORTADA\u00bb","block_context":{"text":"PORTADA","link":"https:\/\/lasprimeras.com.do\/index.php\/category\/portada\/"},"img":{"alt_text":"","src":"https:\/\/i0.wp.com\/lasprimeras.com.do\/wp-content\/uploads\/2024\/01\/Destituyen-a-la-directora-general-del-Acuario-Nacional-Wanda-Garcia.-1.jpg?resize=350%2C200&ssl=1","width":350,"height":200,"srcset":"https:\/\/i0.wp.com\/lasprimeras.com.do\/wp-content\/uploads\/2024\/01\/Destituyen-a-la-directora-general-del-Acuario-Nacional-Wanda-Garcia.-1.jpg?resize=350%2C200&ssl=1 1x, https:\/\/i0.wp.com\/lasprimeras.com.do\/wp-content\/uploads\/2024\/01\/Destituyen-a-la-directora-general-del-Acuario-Nacional-Wanda-Garcia.-1.jpg?resize=525%2C300&ssl=1 1.5x"},"classes":[]},{"id":106936,"url":"https:\/\/lasprimeras.com.do\/index.php\/2025\/08\/21\/mescyt-e-itla-realizan-historica-entrega-de-350-becas-nacionales-a-estudiantes-en-carreras-steam\/","url_meta":{"origin":120442,"position":4},"title":"MESCyT e ITLA realizan hist\u00f3rica entrega de 350 becas nacionales a estudiantes en carreras STEAM","author":"Nelson Feliz","date":"21 de agosto de 2025","format":false,"excerpt":"Por primera vez, 350 j\u00f3venes reciben becas del Mescyt para estudios superiores en el ITLA. El Ministerio de Educaci\u00f3n Superior, Ciencia y Tecnolog\u00eda (MESCyT) y el Instituto Tecnol\u00f3gico de Las Am\u00e9ricas (ITLA) realizaron la entrega de 350 becas nacionales a j\u00f3venes provenientes de provincias del pa\u00eds, con el objetivo de\u2026","rel":"","context":"En \u00abNACIONALES\u00bb","block_context":{"text":"NACIONALES","link":"https:\/\/lasprimeras.com.do\/index.php\/category\/nacionales\/"},"img":{"alt_text":"","src":"https:\/\/i0.wp.com\/lasprimeras.com.do\/wp-content\/uploads\/2025\/08\/becas.jpg?resize=350%2C200&ssl=1","width":350,"height":200,"srcset":"https:\/\/i0.wp.com\/lasprimeras.com.do\/wp-content\/uploads\/2025\/08\/becas.jpg?resize=350%2C200&ssl=1 1x, https:\/\/i0.wp.com\/lasprimeras.com.do\/wp-content\/uploads\/2025\/08\/becas.jpg?resize=525%2C300&ssl=1 1.5x, https:\/\/i0.wp.com\/lasprimeras.com.do\/wp-content\/uploads\/2025\/08\/becas.jpg?resize=700%2C400&ssl=1 2x"},"classes":[]},{"id":125838,"url":"https:\/\/lasprimeras.com.do\/index.php\/2026\/03\/26\/abinader-crea-comision-para-puesta-en-funcionamiento-del-museo-historico-de-la-gesta-de-abril\/","url_meta":{"origin":120442,"position":5},"title":"Abinader crea comisi\u00f3n para puesta en funcionamiento del Museo Hist\u00f3rico de la Gesta de Abril","author":"Nelson Feliz","date":"26 de marzo de 2026","format":false,"excerpt":"Los miembros de esta comisi\u00f3n desempe\u00f1ar\u00e1n sus funciones de manera honor\u00edfica. El presidente Luis Abinader emiti\u00f3 el decreto n\u00fam. 200-26 mediante el cual se crea la Comisi\u00f3n para la puesta en funcionamiento del Museo Hist\u00f3rico de la Gesta de Abril, con el objetivo de impulsar la preservaci\u00f3n, difusi\u00f3n y fortalecimiento\u2026","rel":"","context":"En \u00abNACIONALES\u00bb","block_context":{"text":"NACIONALES","link":"https:\/\/lasprimeras.com.do\/index.php\/category\/nacionales\/"},"img":{"alt_text":"Luis Abinader","src":"https:\/\/i0.wp.com\/lasprimeras.com.do\/wp-content\/uploads\/2026\/03\/Luis-Abinader-c.jpg?resize=350%2C200&ssl=1","width":350,"height":200,"srcset":"https:\/\/i0.wp.com\/lasprimeras.com.do\/wp-content\/uploads\/2026\/03\/Luis-Abinader-c.jpg?resize=350%2C200&ssl=1 1x, https:\/\/i0.wp.com\/lasprimeras.com.do\/wp-content\/uploads\/2026\/03\/Luis-Abinader-c.jpg?resize=525%2C300&ssl=1 1.5x"},"classes":[]}],"jetpack_sharing_enabled":true,"_links":{"self":[{"href":"https:\/\/lasprimeras.com.do\/index.php\/wp-json\/wp\/v2\/posts\/120442","targetHints":{"allow":["GET"]}}],"collection":[{"href":"https:\/\/lasprimeras.com.do\/index.php\/wp-json\/wp\/v2\/posts"}],"about":[{"href":"https:\/\/lasprimeras.com.do\/index.php\/wp-json\/wp\/v2\/types\/post"}],"author":[{"embeddable":true,"href":"https:\/\/lasprimeras.com.do\/index.php\/wp-json\/wp\/v2\/users\/10"}],"replies":[{"embeddable":true,"href":"https:\/\/lasprimeras.com.do\/index.php\/wp-json\/wp\/v2\/comments?post=120442"}],"version-history":[{"count":1,"href":"https:\/\/lasprimeras.com.do\/index.php\/wp-json\/wp\/v2\/posts\/120442\/revisions"}],"predecessor-version":[{"id":120444,"href":"https:\/\/lasprimeras.com.do\/index.php\/wp-json\/wp\/v2\/posts\/120442\/revisions\/120444"}],"wp:featuredmedia":[{"embeddable":true,"href":"https:\/\/lasprimeras.com.do\/index.php\/wp-json\/wp\/v2\/media\/120443"}],"wp:attachment":[{"href":"https:\/\/lasprimeras.com.do\/index.php\/wp-json\/wp\/v2\/media?parent=120442"}],"wp:term":[{"taxonomy":"category","embeddable":true,"href":"https:\/\/lasprimeras.com.do\/index.php\/wp-json\/wp\/v2\/categories?post=120442"},{"taxonomy":"post_tag","embeddable":true,"href":"https:\/\/lasprimeras.com.do\/index.php\/wp-json\/wp\/v2\/tags?post=120442"}],"curies":[{"name":"wp","href":"https:\/\/api.w.org\/{rel}","templated":true}]}}