{"id":120462,"date":"2026-01-24T17:09:12","date_gmt":"2026-01-24T21:09:12","guid":{"rendered":"https:\/\/lasprimeras.com.do\/?p=120462"},"modified":"2026-01-24T17:09:14","modified_gmt":"2026-01-24T21:09:14","slug":"leonel-el-gobierno-del-prm-es-un-desastre-la-canasta-basica-aumento-rd14-mil","status":"publish","type":"post","link":"https:\/\/lasprimeras.com.do\/index.php\/2026\/01\/24\/leonel-el-gobierno-del-prm-es-un-desastre-la-canasta-basica-aumento-rd14-mil\/","title":{"rendered":"Leonel: El gobierno del PRM es un desastre; la canasta b\u00e1sica aument\u00f3 RD$14 mil"},"content":{"rendered":"\n<p><strong>Juramenta dirigentes del PRM de El\u00edas Pi\u00f1a, entre ellos un regidor y reconocidos l\u00edderes comunitarios.<\/strong><\/p>\n\n\n\n<p>El presidente del partido Fuerza del Pueblo (FP), Leonel Fern\u00e1ndez, afirm\u00f3 que el gobierno del Partido Revolucionario Moderno (PRM) ha sido un fracaso en los aspectos m\u00e1s esenciales para la vida de la poblaci\u00f3n, al denunciar el encarecimiento de los alimentos, el colapso del sistema de salud y la deficiente supervisi\u00f3n de las obras p\u00fablicas.<\/p>\n\n\n\n<p>Fern\u00e1ndez sostuvo que garantizar la alimentaci\u00f3n es una obligaci\u00f3n b\u00e1sica de cualquier Estado, pero advirti\u00f3 que en la actualidad las familias dominicanas enfrentan una situaci\u00f3n cr\u00edtica.<\/p>\n\n\n\n<p>Se\u00f1al\u00f3 que productos de consumo diario como el pl\u00e1tano, los huevos y el aceite registran aumentos constantes, mientras los salarios permanecen estancados.<\/p>\n\n\n\n<p>\u201cEn los cinco a\u00f1os de gobierno del PRM, la canasta familiar se ha incrementado en 14 mil pesos. Hoy cuesta RD$14 mil m\u00e1s que en el a\u00f1o 2020\u201d, enfatiz\u00f3.<\/p>\n\n\n\n<p>El l\u00edder pol\u00edtico explic\u00f3 que este incremento ha reducido de manera significativa el poder adquisitivo de los hogares, empujando a miles de familias a una situaci\u00f3n de incertidumbre econ\u00f3mica.<\/p>\n\n\n\n<figure class=\"wp-block-image size-full\"><img decoding=\"async\" width=\"900\" height=\"617\" src=\"https:\/\/lasprimeras.com.do\/wp-content\/uploads\/2026\/01\/Leonel-Fernandez-1.jpg\" alt=\"\" class=\"wp-image-120464\" srcset=\"https:\/\/lasprimeras.com.do\/wp-content\/uploads\/2026\/01\/Leonel-Fernandez-1.jpg 900w, https:\/\/lasprimeras.com.do\/wp-content\/uploads\/2026\/01\/Leonel-Fernandez-1-300x206.jpg 300w, https:\/\/lasprimeras.com.do\/wp-content\/uploads\/2026\/01\/Leonel-Fernandez-1-768x527.jpg 768w\" sizes=\"(max-width: 900px) 100vw, 900px\" \/><\/figure>\n\n\n\n<p>A su juicio, el alto costo de la vida se ha convertido en uno de los principales factores de malestar social en el pa\u00eds.<\/p>\n\n\n\n<p>En cuanto al sistema de salud, Fern\u00e1ndez calific\u00f3 como una \u201ccat\u00e1strofe\u201d lo ocurrido con el Seguro Nacional de Salud (Senasa), al afirmar que la instituci\u00f3n ha sido debilitada para favorecer intereses particulares.<\/p>\n\n\n\n<p>Denunci\u00f3 que esta situaci\u00f3n no tiene precedentes y que ha afectado directamente a los sectores m\u00e1s vulnerables de la poblaci\u00f3n, limitando el acceso oportuno a servicios m\u00e9dicos y medicamentos.<\/p>\n\n\n\n<p>Asimismo, llam\u00f3 la atenci\u00f3n sobre la inseguridad en las construcciones p\u00fablicas, especialmente en hospitales.<\/p>\n\n\n\n<p>Cit\u00f3 el desplome de techos en centros de salud en proceso de construcci\u00f3n o remodelaci\u00f3n, incluyendo un hospital en Azua y otros casos recientes, lo que, seg\u00fan dijo, evidencia una grave falta de supervisi\u00f3n y control de calidad en las obras ejecutadas por el Estado.<\/p>\n\n\n\n<p>Fern\u00e1ndez afirm\u00f3 que la combinaci\u00f3n de alimentos caros, precariedad en los servicios de salud y obras mal construidas ha generado un profundo descontento ciudadano.<\/p>\n\n\n\n<p>\u201cEste gobierno es un desastre, una cat\u00e1strofe. Hay una ira popular creciente, y la gente lo que quiere es que llegue un nuevo gobierno responsable, vinculado al pueblo, con visi\u00f3n y con la capacidad ya probada de producir transformaciones reales en beneficio de la mayor\u00eda\u201d, expres\u00f3.<\/p>\n\n\n\n<p>Las declaraciones fueron ofrecidas durante una actividad de juramentaci\u00f3n de nuevos miembros de la Fuerza del Pueblo, coordinada por el general (r) Rafael Guillermo Guzm\u00e1n Ferm\u00edn, miembro de la Direcci\u00f3n Pol\u00edtica; Ram\u00f3n Aquino Garc\u00eda, titular de la Secretar\u00eda de Seguridad y Defensa; y el tambi\u00e9n general (r) D\u00e1maso Pi\u00f1a, en la que se produjo la incorporaci\u00f3n de importantes dirigentes provenientes del oficialista Partido Revolucionario Moderno (PRM), especialmente de la provincia El\u00edas Pi\u00f1a.<\/p>\n\n\n\n<p>Entre los juramentados figuran el tres veces regidor F\u00e9lix Manuel S\u00e1nchez, as\u00ed como la abogada Ligia Alfonza Figuereo, con m\u00e1s de 20 a\u00f1os de ejercicio como jueza de primera instancia, adem\u00e1s de los productores agropecuarios Eusebio (Ravelo) Fortuna y Alfonso Jim\u00e9nez, junto a un amplio equipo de dirigentes comunitarios y pol\u00edticos que decidieron abandonar el oficialismo.<\/p>\n\n\n\n<p>Tambi\u00e9n se integraron a la Fuerza del Pueblo dirigentes y profesionales como Benjam\u00edn Polanco, Julio \u00c1ngel Paniagua, Jernry Cuello Jim\u00e9nez, \u00c1ngel Mar\u00eda Jim\u00e9nez, Nabel Adames, Ram\u00f3n Ra\u00fal V\u00e1zquez, Francis Encarnaci\u00f3n, H\u00e9ctor Encarnaci\u00f3n, Luis Alberto Valdez, Santos Herminio Cueva, Nurys Lauris Encarnaci\u00f3n, Carlos Isa\u00edas D\u00edaz y Roberto Encarnaci\u00f3n, entre otros l\u00edderes sociales y comunitarios de la regi\u00f3n fronteriza.<\/p>\n\n\n\n<p>La Fuerza del Pueblo inform\u00f3 que estas juramentaciones forman parte de una agenda nacional de fortalecimiento org\u00e1nico que continuar\u00e1 durante la tarde de este s\u00e1bado, cuando Leonel Fern\u00e1ndez encabezar\u00e1 nuevas actividades en el municipio de Villa Altagracia, con la juramentaci\u00f3n de dirigentes provenientes de los distritos municipales La Cuchilla y Medina, en el local de la Asociaci\u00f3n de Productores Org\u00e1nicos de Villa Altagracia (ASOPROVILLA).<\/p>\n\n\n\n<p>La direcci\u00f3n del partido destac\u00f3 que el crecimiento sostenido de la FP refleja el descontento ciudadano con el actual gobierno y consolida a la organizaci\u00f3n como una alternativa pol\u00edtica con vocaci\u00f3n de poder, de cara a los pr\u00f3ximos procesos electorales.<\/p>\n","protected":false},"excerpt":{"rendered":"<p>Juramenta dirigentes del PRM de El\u00edas Pi\u00f1a, entre ellos un regidor y reconocidos l\u00edderes comunitarios. El presidente del partido Fuerza del Pueblo (FP), Leonel Fern\u00e1ndez, afirm\u00f3 que el gobierno del&hellip;<\/p>\n","protected":false},"author":10,"featured_media":120463,"comment_status":"open","ping_status":"open","sticky":false,"template":"","format":"standard","meta":{"content-type":"","jetpack_post_was_ever_published":false,"_jetpack_newsletter_access":"","_jetpack_dont_email_post_to_subs":false,"_jetpack_newsletter_tier_id":0,"_jetpack_memberships_contains_paywalled_content":false,"_jetpack_memberships_contains_paid_content":false,"footnotes":""},"categories":[16559,25],"tags":[701,7001,4225,171,51,31,29688],"class_list":["post-120462","post","type-post","status-publish","format-standard","has-post-thumbnail","hentry","category-politica","category-portada","tag-aumento-2","tag-canasta-basica","tag-desastre","tag-gobierno","tag-leonel-fernandez","tag-prm","tag-rd14-mil"],"jetpack_featured_media_url":"https:\/\/lasprimeras.com.do\/wp-content\/uploads\/2026\/01\/Leonel-Fernandez-JURA.jpg","jetpack-related-posts":[{"id":116329,"url":"https:\/\/lasprimeras.com.do\/index.php\/2025\/11\/30\/leonel-fernandez-advierte-al-prm-que-recojan-sus-maletas-se-van-en-2028\/","url_meta":{"origin":120462,"position":0},"title":"Leonel Fern\u00e1ndez advierte al PRM: \u201cQue recojan sus maletas, se van en 2028\u201d","author":"Nelson Feliz","date":"30 de noviembre de 2025","format":false,"excerpt":"El expresidente Leonel Fern\u00e1ndez afirm\u00f3 este domingo que el Partido Revolucionario Moderno (PRM) debe \u201crecoger sus maletas\u201d, porque dejar\u00e1 el poder en 2028, al encabezar la denominada \u201cMarcha del Pueblo\u201d. Durante la actividad, calific\u00f3 a la actual gesti\u00f3n como \u201cinepta\u201d y asegur\u00f3 que el pa\u00eds atraviesa una crisis que \u201csolo\u2026","rel":"","context":"En \u00abPOLITICA\u00bb","block_context":{"text":"POLITICA","link":"https:\/\/lasprimeras.com.do\/index.php\/category\/politica\/"},"img":{"alt_text":"","src":"https:\/\/i0.wp.com\/lasprimeras.com.do\/wp-content\/uploads\/2025\/11\/leonel.jpg?resize=350%2C200&ssl=1","width":350,"height":200,"srcset":"https:\/\/i0.wp.com\/lasprimeras.com.do\/wp-content\/uploads\/2025\/11\/leonel.jpg?resize=350%2C200&ssl=1 1x, https:\/\/i0.wp.com\/lasprimeras.com.do\/wp-content\/uploads\/2025\/11\/leonel.jpg?resize=525%2C300&ssl=1 1.5x, https:\/\/i0.wp.com\/lasprimeras.com.do\/wp-content\/uploads\/2025\/11\/leonel.jpg?resize=700%2C400&ssl=1 2x"},"classes":[]},{"id":118469,"url":"https:\/\/lasprimeras.com.do\/index.php\/2025\/12\/29\/coordinador-de-los-300-con-leonel-dice-franklin-garcia-esta-muy-divorciado-de-la-realidad-dominicana\/","url_meta":{"origin":120462,"position":1},"title":"Coordinador de los 300 con Leonel dice Franklin Garc\u00eda esta muy divorciado de la realidad dominicana","author":"Nelson Feliz","date":"29 de diciembre de 2025","format":false,"excerpt":"Por Ram\u00f3n Mercedes NUEVA YORK.- El coordinador general del Proyecto \u00ab300 con Leonel\u00bb en esta ciudad, Geraldo Rosario, se\u00f1al\u00f3 que el actual miembro de la Direcci\u00f3n Ejecutiva del Partido Revolucionario Moderno (PRM), Franklin Garc\u00eda Ferm\u00edn, se encuentra muy divorciado de la realidad de la Rep\u00fablica Dominicana. Rosario basa su criterio\u2026","rel":"","context":"En \u00abPOLITICA\u00bb","block_context":{"text":"POLITICA","link":"https:\/\/lasprimeras.com.do\/index.php\/category\/politica\/"},"img":{"alt_text":"","src":"https:\/\/i0.wp.com\/lasprimeras.com.do\/wp-content\/uploads\/2025\/12\/IMG-20251229-WA0076.jpg?resize=350%2C200&ssl=1","width":350,"height":200,"srcset":"https:\/\/i0.wp.com\/lasprimeras.com.do\/wp-content\/uploads\/2025\/12\/IMG-20251229-WA0076.jpg?resize=350%2C200&ssl=1 1x, https:\/\/i0.wp.com\/lasprimeras.com.do\/wp-content\/uploads\/2025\/12\/IMG-20251229-WA0076.jpg?resize=525%2C300&ssl=1 1.5x"},"classes":[]},{"id":106743,"url":"https:\/\/lasprimeras.com.do\/index.php\/2025\/08\/18\/leonel-politica-alimentaria-del-gobierno-ha-condenado-al-pueblo-a-comer-cocote-molleja-pata-y-asadura\/","url_meta":{"origin":120462,"position":2},"title":"Leonel: pol\u00edtica alimentaria del gobierno ha condenado al pueblo a comer \u201ccocote, molleja, pata y asadura\u201d","author":"Nelson Feliz","date":"18 de agosto de 2025","format":false,"excerpt":"El ex presidente de la Rep\u00fablica, Leonel Fern\u00e1ndez, lanz\u00f3 duras cr\u00edticas a la pol\u00edtica agroalimentaria del actual gobierno, asegurando que las fallidas decisiones oficiales han deteriorado el poder adquisitivo de la poblaci\u00f3n y han encarecido de manera alarmante el precio del pollo, prote\u00edna b\u00e1sica en la dieta de los dominicanos.\u2026","rel":"","context":"En \u00abPOLITICA\u00bb","block_context":{"text":"POLITICA","link":"https:\/\/lasprimeras.com.do\/index.php\/category\/politica\/"},"img":{"alt_text":"","src":"https:\/\/i0.wp.com\/lasprimeras.com.do\/wp-content\/uploads\/2025\/08\/WhatsApp-Image-2025-08-18-at-3.35.04-PM.jpeg?resize=350%2C200&ssl=1","width":350,"height":200,"srcset":"https:\/\/i0.wp.com\/lasprimeras.com.do\/wp-content\/uploads\/2025\/08\/WhatsApp-Image-2025-08-18-at-3.35.04-PM.jpeg?resize=350%2C200&ssl=1 1x, https:\/\/i0.wp.com\/lasprimeras.com.do\/wp-content\/uploads\/2025\/08\/WhatsApp-Image-2025-08-18-at-3.35.04-PM.jpeg?resize=525%2C300&ssl=1 1.5x, https:\/\/i0.wp.com\/lasprimeras.com.do\/wp-content\/uploads\/2025\/08\/WhatsApp-Image-2025-08-18-at-3.35.04-PM.jpeg?resize=700%2C400&ssl=1 2x"},"classes":[]},{"id":126127,"url":"https:\/\/lasprimeras.com.do\/index.php\/2026\/03\/29\/leonel-afirma-que-los-precios-ya-subian-por-la-ineficiencia-del-prm\/","url_meta":{"origin":120462,"position":3},"title":"Leonel afirma que los precios ya sub\u00edan por la ineficiencia del PRM","author":"Nelson Feliz","date":"29 de marzo de 2026","format":false,"excerpt":"El expresidente asegura que el pueblo dominicano se siente frustrado y afirma que el Gobierno del PRM no est\u00e1 para excusas, sino para resolver los problemas del pa\u00eds. Hermanas Mirabal.\u2013 El presidente del partido Fuerza del Pueblo (FP) y expresidente de la Rep\u00fablica, Leonel Fern\u00e1ndez, afirm\u00f3 que el alza en\u2026","rel":"","context":"En \u00abECONOM\u00cdA\u00bb","block_context":{"text":"ECONOM\u00cdA","link":"https:\/\/lasprimeras.com.do\/index.php\/category\/economia\/"},"img":{"alt_text":"Leonel Fern\u00e1ndez","src":"https:\/\/i0.wp.com\/lasprimeras.com.do\/wp-content\/uploads\/2026\/03\/Leonel-Fernandez.jpg?resize=350%2C200&ssl=1","width":350,"height":200,"srcset":"https:\/\/i0.wp.com\/lasprimeras.com.do\/wp-content\/uploads\/2026\/03\/Leonel-Fernandez.jpg?resize=350%2C200&ssl=1 1x, https:\/\/i0.wp.com\/lasprimeras.com.do\/wp-content\/uploads\/2026\/03\/Leonel-Fernandez.jpg?resize=525%2C300&ssl=1 1.5x, https:\/\/i0.wp.com\/lasprimeras.com.do\/wp-content\/uploads\/2026\/03\/Leonel-Fernandez.jpg?resize=700%2C400&ssl=1 2x"},"classes":[]},{"id":114877,"url":"https:\/\/lasprimeras.com.do\/index.php\/2025\/11\/17\/leonel-prevalece-un-sentimiento-de-desaliento-en-la-poblacion-con-el-gobierno-del-prm\/","url_meta":{"origin":120462,"position":4},"title":"Leonel: prevalece un sentimiento de desaliento en la poblaci\u00f3n con el Gobierno del PRM","author":"Nelson Feliz","date":"17 de noviembre de 2025","format":false,"excerpt":"El expresidente de la Rep\u00fablica expone un panorama de crisis generalizada en los sectores el\u00e9ctrico, econ\u00f3mico, agropecuario y social, y advierte sobre el creciente desaliento ciudadano. El expresidente de la Rep\u00fablica y presidente del partido Fuerza del Pueblo, Leonel Fern\u00e1ndez, afirm\u00f3 este lunes que el gobierno del Partido Revolucionario Moderno\u2026","rel":"","context":"En \u00abPOLITICA\u00bb","block_context":{"text":"POLITICA","link":"https:\/\/lasprimeras.com.do\/index.php\/category\/politica\/"},"img":{"alt_text":"","src":"https:\/\/i0.wp.com\/lasprimeras.com.do\/wp-content\/uploads\/2025\/11\/Leonel-Fernendez.jpg?resize=350%2C200&ssl=1","width":350,"height":200,"srcset":"https:\/\/i0.wp.com\/lasprimeras.com.do\/wp-content\/uploads\/2025\/11\/Leonel-Fernendez.jpg?resize=350%2C200&ssl=1 1x, https:\/\/i0.wp.com\/lasprimeras.com.do\/wp-content\/uploads\/2025\/11\/Leonel-Fernendez.jpg?resize=525%2C300&ssl=1 1.5x, https:\/\/i0.wp.com\/lasprimeras.com.do\/wp-content\/uploads\/2025\/11\/Leonel-Fernendez.jpg?resize=700%2C400&ssl=1 2x"},"classes":[]},{"id":103952,"url":"https:\/\/lasprimeras.com.do\/index.php\/2025\/07\/20\/leonel-fernandez-acusa-al-gobierno-del-prm-de-hacer-retroceder-al-pais-al-siglo-xix\/","url_meta":{"origin":120462,"position":5},"title":"Leonel Fern\u00e1ndez acusa al gobierno del PRM de hacer retroceder al pa\u00eds al siglo XIX","author":"Nelson Feliz","date":"20 de julio de 2025","format":false,"excerpt":"El expresidente dominicano y l\u00edder del partido Fuerza del Pueblo (FP), Leonel Fern\u00e1ndez, arremeti\u00f3 este domingo contra la gesti\u00f3n del Partido Revolucionario Moderno (PRM), asegurando que el pa\u00eds \u201cha retrocedido al siglo XIX\u201d bajo la actual administraci\u00f3n. Las declaraciones fueron ofrecidas durante un acto de juramentaci\u00f3n de nuevos dirigentes que\u2026","rel":"","context":"En \u00abPOLITICA\u00bb","block_context":{"text":"POLITICA","link":"https:\/\/lasprimeras.com.do\/index.php\/category\/politica\/"},"img":{"alt_text":"","src":"https:\/\/i0.wp.com\/lasprimeras.com.do\/wp-content\/uploads\/2025\/07\/leonel-4.jpg?resize=350%2C200&ssl=1","width":350,"height":200,"srcset":"https:\/\/i0.wp.com\/lasprimeras.com.do\/wp-content\/uploads\/2025\/07\/leonel-4.jpg?resize=350%2C200&ssl=1 1x, https:\/\/i0.wp.com\/lasprimeras.com.do\/wp-content\/uploads\/2025\/07\/leonel-4.jpg?resize=525%2C300&ssl=1 1.5x, https:\/\/i0.wp.com\/lasprimeras.com.do\/wp-content\/uploads\/2025\/07\/leonel-4.jpg?resize=700%2C400&ssl=1 2x"},"classes":[]}],"jetpack_sharing_enabled":true,"_links":{"self":[{"href":"https:\/\/lasprimeras.com.do\/index.php\/wp-json\/wp\/v2\/posts\/120462","targetHints":{"allow":["GET"]}}],"collection":[{"href":"https:\/\/lasprimeras.com.do\/index.php\/wp-json\/wp\/v2\/posts"}],"about":[{"href":"https:\/\/lasprimeras.com.do\/index.php\/wp-json\/wp\/v2\/types\/post"}],"author":[{"embeddable":true,"href":"https:\/\/lasprimeras.com.do\/index.php\/wp-json\/wp\/v2\/users\/10"}],"replies":[{"embeddable":true,"href":"https:\/\/lasprimeras.com.do\/index.php\/wp-json\/wp\/v2\/comments?post=120462"}],"version-history":[{"count":1,"href":"https:\/\/lasprimeras.com.do\/index.php\/wp-json\/wp\/v2\/posts\/120462\/revisions"}],"predecessor-version":[{"id":120465,"href":"https:\/\/lasprimeras.com.do\/index.php\/wp-json\/wp\/v2\/posts\/120462\/revisions\/120465"}],"wp:featuredmedia":[{"embeddable":true,"href":"https:\/\/lasprimeras.com.do\/index.php\/wp-json\/wp\/v2\/media\/120463"}],"wp:attachment":[{"href":"https:\/\/lasprimeras.com.do\/index.php\/wp-json\/wp\/v2\/media?parent=120462"}],"wp:term":[{"taxonomy":"category","embeddable":true,"href":"https:\/\/lasprimeras.com.do\/index.php\/wp-json\/wp\/v2\/categories?post=120462"},{"taxonomy":"post_tag","embeddable":true,"href":"https:\/\/lasprimeras.com.do\/index.php\/wp-json\/wp\/v2\/tags?post=120462"}],"curies":[{"name":"wp","href":"https:\/\/api.w.org\/{rel}","templated":true}]}}