{"id":120472,"date":"2026-01-24T17:51:34","date_gmt":"2026-01-24T21:51:34","guid":{"rendered":"https:\/\/lasprimeras.com.do\/?p=120472"},"modified":"2026-01-24T18:34:19","modified_gmt":"2026-01-24T22:34:19","slug":"yenny-berenice-asegura-que-continua-activa-la-investigacion-por-desaparicion-de-brianna-genao","status":"publish","type":"post","link":"https:\/\/lasprimeras.com.do\/index.php\/2026\/01\/24\/yenny-berenice-asegura-que-continua-activa-la-investigacion-por-desaparicion-de-brianna-genao\/","title":{"rendered":"Yenny Berenice asegura que contin\u00faa activa la investigaci\u00f3n por desaparici\u00f3n de Brianna Genao"},"content":{"rendered":"\n<p><strong>Yenny Berenice Reynoso asegura que las diligencias no se han detenido a 24 d\u00edas de la desaparici\u00f3n de la menor.<\/strong><\/p>\n\n\n\n<p>A 24 d\u00edas de la desaparici\u00f3n de la ni\u00f1a Brianna Genao, de 3 a\u00f1os de edad, en la comunidad Barrero, municipio Imbert, provincia Puerto Plata, la procuradora general de la Rep\u00fablica, Yenny Berenice Reynoso, afirm\u00f3 que las investigaciones contin\u00faan de manera activa y que la colaboraci\u00f3n internacional se mantiene vigente.<\/p>\n\n\n\n<p>Las declaraciones fueron ofrecidas este s\u00e1bado, al t\u00e9rmino de la inauguraci\u00f3n de las nuevas instalaciones de la Fiscal\u00eda de la provincia La Vega, cuando la magistrada fue abordada por periodistas que consultaron sobre el estado actual del caso, tras el retiro de personal extranjero que hab\u00eda participado en labores de b\u00fasqueda en terreno.<\/p>\n\n\n\n<p>Ante la pregunta sobre la ausencia de un informe p\u00fablico acerca de los avances de la investigaci\u00f3n, Reynoso explic\u00f3 que la culminaci\u00f3n de una fase operativa no implica el cierre de la cooperaci\u00f3n internacional.<\/p>\n\n\n\n<p>&#8220;Una cosa es cuando una agencia internacional, como el Bur\u00f3 Federal de Investigaciones (FBI), culmina una diligencia de investigaci\u00f3n en terreno, pero el requerimiento que hizo la Procuradur\u00eda al FBI se mantiene, y ellos siguen acompa\u00f1\u00e1ndonos en el proceso de investigaci\u00f3n&#8221;, expres\u00f3.<\/p>\n\n\n\n<p>La procuradora general reiter\u00f3 que el Ministerio P\u00fablico est\u00e1 limitado por la normativa procesal en cuanto a la divulgaci\u00f3n de informaci\u00f3n.<\/p>\n\n\n\n<p>&#8220;El mismo c\u00f3digo manda a que, hasta que no haya un proceso formal, no se puedan revelar los datos de la investigaci\u00f3n&#8221;, indic\u00f3.<\/p>\n\n\n\n<p>No obstante, asegur\u00f3 que las diligencias no se han detenido. &#8220;El equipo que investiga ese caso no ha dejado ni un solo d\u00eda de investigar ni de hacer diligencias \u00fatiles y pertinentes para descubrir la verdad&#8221;, se\u00f1al\u00f3.<\/p>\n\n\n\n<p><strong>Caso bajo reserva<\/strong><\/p>\n\n\n\n<p>Desde la desaparici\u00f3n de la menor, el pasado 31 de diciembre, el Ministerio P\u00fablico y la Polic\u00eda Nacional han mantenido bajo reserva los detalles de la investigaci\u00f3n, al tiempo que han reiterado que se trata de un caso sensible que requiere un manejo responsable de la informaci\u00f3n.<\/p>\n\n\n\n<p>Como parte de las acciones realizadas, se activaron mecanismos de cooperaci\u00f3n internacional y se emiti\u00f3 una Alerta Amarilla por parte de Interpol para apoyar la localizaci\u00f3n de la ni\u00f1a.<\/p>\n\n\n\n<p>Hasta el momento, las autoridades no han ofrecido informaci\u00f3n concluyente sobre el paradero de Brianna Genao, mientras el proceso investigativo contin\u00faa en curso.<\/p>\n","protected":false},"excerpt":{"rendered":"<p>Yenny Berenice Reynoso asegura que las diligencias no se han detenido a 24 d\u00edas de la desaparici\u00f3n de la menor. A 24 d\u00edas de la desaparici\u00f3n de la ni\u00f1a Brianna&hellip;<\/p>\n","protected":false},"author":10,"featured_media":120485,"comment_status":"open","ping_status":"open","sticky":false,"template":"","format":"standard","meta":{"content-type":"","jetpack_post_was_ever_published":false,"_jetpack_newsletter_access":"","_jetpack_dont_email_post_to_subs":false,"_jetpack_newsletter_tier_id":0,"_jetpack_memberships_contains_paywalled_content":false,"_jetpack_memberships_contains_paid_content":false,"footnotes":""},"categories":[289,25],"tags":[29213,6273,2388,29691,29690],"class_list":["post-120472","post","type-post","status-publish","format-standard","has-post-thumbnail","hentry","category-justicia","category-portada","tag-brianna-genao","tag-desaparicion","tag-investigacion","tag-la-procuradora","tag-yenny-berenice-reynoso"],"jetpack_featured_media_url":"https:\/\/lasprimeras.com.do\/wp-content\/uploads\/2026\/01\/Yenny-Berenice-Reynoso.jpg","jetpack-related-posts":[{"id":119281,"url":"https:\/\/lasprimeras.com.do\/index.php\/2026\/01\/10\/desaparicion-de-brianna-tios-liberados-tras-vencimiento-de-plazo-legal\/","url_meta":{"origin":120472,"position":0},"title":"Desaparici\u00f3n de Brianna: T\u00edos liberados tras vencimiento de plazo legal","author":"Nelson Feliz","date":"10 de enero de 2026","format":false,"excerpt":"Brianna Genao Rosario","rel":"","context":"En \u00abJUSTICIA\u00bb","block_context":{"text":"JUSTICIA","link":"https:\/\/lasprimeras.com.do\/index.php\/category\/justicia\/"},"img":{"alt_text":"Brianna Genao Rosario","src":"https:\/\/i0.wp.com\/lasprimeras.com.do\/wp-content\/uploads\/2026\/01\/Brianna-Genao-Rosario-1.jpg?resize=350%2C200&ssl=1","width":350,"height":200,"srcset":"https:\/\/i0.wp.com\/lasprimeras.com.do\/wp-content\/uploads\/2026\/01\/Brianna-Genao-Rosario-1.jpg?resize=350%2C200&ssl=1 1x, https:\/\/i0.wp.com\/lasprimeras.com.do\/wp-content\/uploads\/2026\/01\/Brianna-Genao-Rosario-1.jpg?resize=525%2C300&ssl=1 1.5x"},"classes":[]},{"id":120252,"url":"https:\/\/lasprimeras.com.do\/index.php\/2026\/01\/21\/el-arzobispo-de-santiago-pide-respuesta-clara-a-21-dias-de-la-desaparicion-de-brianna-genao\/","url_meta":{"origin":120472,"position":1},"title":"El arzobispo de Santiago pide respuesta clara a 21 d\u00edas de la desaparici\u00f3n de Brianna Genao","author":"Nelson Feliz","date":"21 de enero de 2026","format":false,"excerpt":"Monse\u00f1or H\u00e9ctor Rafael Rodr\u00edguez expres\u00f3 preocupaci\u00f3n por casos de ni\u00f1os desaparecidos y exhorta a las autoridades a profundizar las investigaciones. Este mi\u00e9rcoles se cumplen 21 d\u00edas de la desaparici\u00f3n de la ni\u00f1a Brianna Genao, de 3 a\u00f1os de edad, ocurrida el 31 de diciembre de 2025 en la comunidad Barrero,\u2026","rel":"","context":"En \u00abNACIONALES\u00bb","block_context":{"text":"NACIONALES","link":"https:\/\/lasprimeras.com.do\/index.php\/category\/nacionales\/"},"img":{"alt_text":"Monse\u00f1or H\u00e9ctor Rafael Rodr\u00edguez","src":"https:\/\/i0.wp.com\/lasprimeras.com.do\/wp-content\/uploads\/2026\/01\/Monsenor-Hector-Rafael-Rodriguez.jpg?resize=350%2C200&ssl=1","width":350,"height":200,"srcset":"https:\/\/i0.wp.com\/lasprimeras.com.do\/wp-content\/uploads\/2026\/01\/Monsenor-Hector-Rafael-Rodriguez.jpg?resize=350%2C200&ssl=1 1x, https:\/\/i0.wp.com\/lasprimeras.com.do\/wp-content\/uploads\/2026\/01\/Monsenor-Hector-Rafael-Rodriguez.jpg?resize=525%2C300&ssl=1 1.5x, https:\/\/i0.wp.com\/lasprimeras.com.do\/wp-content\/uploads\/2026\/01\/Monsenor-Hector-Rafael-Rodriguez.jpg?resize=700%2C400&ssl=1 2x"},"classes":[]},{"id":119064,"url":"https:\/\/lasprimeras.com.do\/index.php\/2026\/01\/06\/padre-de-nina-desaparecida-en-puerto-plata-sospecha-que-alguien-se-la-llevo\/","url_meta":{"origin":120472,"position":2},"title":"Padre de ni\u00f1a desaparecida en Puerto Plata sospecha que alguien se la llev\u00f3","author":"Nelson Feliz","date":"6 de enero de 2026","format":false,"excerpt":"Pide investigar a todas las personas que tuvieron contacto con la menor. Carlos Manuel Genao, padre de la ni\u00f1a Brianna Genao Rosario, desaparecida en la provincia de Puerto Plata desde el 31 de diciembre, denunci\u00f3 que su hija no se extravi\u00f3 de manera accidental, sino que fue sustra\u00edda. El joven\u2026","rel":"","context":"En \u00abNACIONALES\u00bb","block_context":{"text":"NACIONALES","link":"https:\/\/lasprimeras.com.do\/index.php\/category\/nacionales\/"},"img":{"alt_text":"Carlos Manuel Genao","src":"https:\/\/i0.wp.com\/lasprimeras.com.do\/wp-content\/uploads\/2026\/01\/Carlos-Manuel-Genao.jpg?resize=350%2C200&ssl=1","width":350,"height":200,"srcset":"https:\/\/i0.wp.com\/lasprimeras.com.do\/wp-content\/uploads\/2026\/01\/Carlos-Manuel-Genao.jpg?resize=350%2C200&ssl=1 1x, https:\/\/i0.wp.com\/lasprimeras.com.do\/wp-content\/uploads\/2026\/01\/Carlos-Manuel-Genao.jpg?resize=525%2C300&ssl=1 1.5x, https:\/\/i0.wp.com\/lasprimeras.com.do\/wp-content\/uploads\/2026\/01\/Carlos-Manuel-Genao.jpg?resize=700%2C400&ssl=1 2x"},"classes":[]},{"id":119349,"url":"https:\/\/lasprimeras.com.do\/index.php\/2026\/01\/09\/abuelo-de-brianna-genao-denuncia-liberacion-de-dos-familiares-sospechosos-del-caso\/","url_meta":{"origin":120472,"position":3},"title":"Abuelo de Brianna Genao denuncia liberaci\u00f3n de dos familiares sospechosos del caso","author":"Nelson Feliz","date":"9 de enero de 2026","format":false,"excerpt":"Braulio Gonz\u00e1lez, abuelo de la ni\u00f1a Brianna Genao, manifest\u00f3 su inconformidad tras denunciar que dos familiares de la menor, se\u00f1alados como principales sospechosos, fueron puestos en libertad la noche del jueves 8 de enero, en medio de una investigaci\u00f3n que, seg\u00fan indic\u00f3, no ha ofrecido respuestas claras a la familia.\u2026","rel":"","context":"En \u00abNACIONALES\u00bb","block_context":{"text":"NACIONALES","link":"https:\/\/lasprimeras.com.do\/index.php\/category\/nacionales\/"},"img":{"alt_text":"","src":"https:\/\/i0.wp.com\/lasprimeras.com.do\/wp-content\/uploads\/2026\/01\/abuelo-brianna.jpg?resize=350%2C200&ssl=1","width":350,"height":200,"srcset":"https:\/\/i0.wp.com\/lasprimeras.com.do\/wp-content\/uploads\/2026\/01\/abuelo-brianna.jpg?resize=350%2C200&ssl=1 1x, https:\/\/i0.wp.com\/lasprimeras.com.do\/wp-content\/uploads\/2026\/01\/abuelo-brianna.jpg?resize=525%2C300&ssl=1 1.5x, https:\/\/i0.wp.com\/lasprimeras.com.do\/wp-content\/uploads\/2026\/01\/abuelo-brianna.jpg?resize=700%2C400&ssl=1 2x"},"classes":[]},{"id":119220,"url":"https:\/\/lasprimeras.com.do\/index.php\/2026\/01\/08\/autoridades-mantienen-activa-la-busqueda-de-la-nina-brianna-genao-rosario\/","url_meta":{"origin":120472,"position":4},"title":"Autoridades mantienen activa la b\u00fasqueda de la ni\u00f1a Brianna Genao Rosario","author":"Nelson Feliz","date":"8 de enero de 2026","format":false,"excerpt":"En medio de una creciente controversia por denuncias de presunta tortura contra los dos principales sospechosos, las autoridades mantienen activa la b\u00fasqueda de la ni\u00f1a Brianna Genao Rosario, de tres a\u00f1os de edad, desaparecida desde el pasado 31 de diciembre de 2025 en la comunidad rural de Barrero, municipio de\u2026","rel":"","context":"En \u00abNACIONALES\u00bb","block_context":{"text":"NACIONALES","link":"https:\/\/lasprimeras.com.do\/index.php\/category\/nacionales\/"},"img":{"alt_text":"","src":"https:\/\/i0.wp.com\/lasprimeras.com.do\/wp-content\/uploads\/2026\/01\/excava.jpg?resize=350%2C200&ssl=1","width":350,"height":200,"srcset":"https:\/\/i0.wp.com\/lasprimeras.com.do\/wp-content\/uploads\/2026\/01\/excava.jpg?resize=350%2C200&ssl=1 1x, https:\/\/i0.wp.com\/lasprimeras.com.do\/wp-content\/uploads\/2026\/01\/excava.jpg?resize=525%2C300&ssl=1 1.5x, https:\/\/i0.wp.com\/lasprimeras.com.do\/wp-content\/uploads\/2026\/01\/excava.jpg?resize=700%2C400&ssl=1 2x"},"classes":[]},{"id":119437,"url":"https:\/\/lasprimeras.com.do\/index.php\/2026\/01\/12\/caso-brianna-hallazgo-de-cortina-en-finca-genera-sospechas-entre-comunitarios\/","url_meta":{"origin":120472,"position":5},"title":"Caso Brianna: Hallazgo de cortina en finca genera sospechas entre comunitarios","author":"Nelson Feliz","date":"12 de enero de 2026","format":false,"excerpt":"El objeto fue levantado y retirado por el Ministerio P\u00fablico para ser analizado. Comunitarios que participaron en las labores iniciales de b\u00fasqueda de la ni\u00f1a Brianna Genao Rosario, de tres a\u00f1os de edad, aseguraron que la \u201ccortina\u201d blanca hallada este lunes en una finca de cacao de la comunidad Barrero,\u2026","rel":"","context":"En \u00abNACIONALES\u00bb","block_context":{"text":"NACIONALES","link":"https:\/\/lasprimeras.com.do\/index.php\/category\/nacionales\/"},"img":{"alt_text":"","src":"https:\/\/i0.wp.com\/lasprimeras.com.do\/wp-content\/uploads\/2026\/01\/Brianna-Genao.jpg?resize=350%2C200&ssl=1","width":350,"height":200,"srcset":"https:\/\/i0.wp.com\/lasprimeras.com.do\/wp-content\/uploads\/2026\/01\/Brianna-Genao.jpg?resize=350%2C200&ssl=1 1x, https:\/\/i0.wp.com\/lasprimeras.com.do\/wp-content\/uploads\/2026\/01\/Brianna-Genao.jpg?resize=525%2C300&ssl=1 1.5x, https:\/\/i0.wp.com\/lasprimeras.com.do\/wp-content\/uploads\/2026\/01\/Brianna-Genao.jpg?resize=700%2C400&ssl=1 2x"},"classes":[]}],"jetpack_sharing_enabled":true,"_links":{"self":[{"href":"https:\/\/lasprimeras.com.do\/index.php\/wp-json\/wp\/v2\/posts\/120472","targetHints":{"allow":["GET"]}}],"collection":[{"href":"https:\/\/lasprimeras.com.do\/index.php\/wp-json\/wp\/v2\/posts"}],"about":[{"href":"https:\/\/lasprimeras.com.do\/index.php\/wp-json\/wp\/v2\/types\/post"}],"author":[{"embeddable":true,"href":"https:\/\/lasprimeras.com.do\/index.php\/wp-json\/wp\/v2\/users\/10"}],"replies":[{"embeddable":true,"href":"https:\/\/lasprimeras.com.do\/index.php\/wp-json\/wp\/v2\/comments?post=120472"}],"version-history":[{"count":1,"href":"https:\/\/lasprimeras.com.do\/index.php\/wp-json\/wp\/v2\/posts\/120472\/revisions"}],"predecessor-version":[{"id":120473,"href":"https:\/\/lasprimeras.com.do\/index.php\/wp-json\/wp\/v2\/posts\/120472\/revisions\/120473"}],"wp:featuredmedia":[{"embeddable":true,"href":"https:\/\/lasprimeras.com.do\/index.php\/wp-json\/wp\/v2\/media\/120485"}],"wp:attachment":[{"href":"https:\/\/lasprimeras.com.do\/index.php\/wp-json\/wp\/v2\/media?parent=120472"}],"wp:term":[{"taxonomy":"category","embeddable":true,"href":"https:\/\/lasprimeras.com.do\/index.php\/wp-json\/wp\/v2\/categories?post=120472"},{"taxonomy":"post_tag","embeddable":true,"href":"https:\/\/lasprimeras.com.do\/index.php\/wp-json\/wp\/v2\/tags?post=120472"}],"curies":[{"name":"wp","href":"https:\/\/api.w.org\/{rel}","templated":true}]}}