{"id":120507,"date":"2026-01-25T11:27:04","date_gmt":"2026-01-25T15:27:04","guid":{"rendered":"https:\/\/lasprimeras.com.do\/?p=120507"},"modified":"2026-01-25T11:27:06","modified_gmt":"2026-01-25T15:27:06","slug":"con-saque-renovado-carlos-alcaraz-se-instala-en-cuartos-de-final-del-abierto-de-australia","status":"publish","type":"post","link":"https:\/\/lasprimeras.com.do\/index.php\/2026\/01\/25\/con-saque-renovado-carlos-alcaraz-se-instala-en-cuartos-de-final-del-abierto-de-australia\/","title":{"rendered":"Con saque renovado, Carlos Alcaraz se instala en cuartos de final del Abierto de Australia"},"content":{"rendered":"\n<p>POR JOHN PYE<\/p>\n\n\n\n<p>MELBOURNE (AP) \u2014 Tan pronto como Carlos Alcaraz avanz\u00f3 a los cuartos de final del Abierto de Australia con una victoria sobre Tommy Paul, la atenci\u00f3n se centr\u00f3 en su servicio.<\/p>\n\n\n\n<p>El espa\u00f1ol, n\u00famero uno del mundo, trata de completar en Australia la colecci\u00f3n de cuatro trofeos del Grand Slam en su carrera, apenas a los 22 a\u00f1os. Con ese fin, ha tratado de pulir su saque.<\/p>\n\n\n\n<p>Le funcion\u00f3 bien el domingo en una victoria por 7-6 (6), 6-4, 7-5 sobre Paul (19no preclasificado). No hubo dobles faltas, Alcaraz logr\u00f3 que el 70% de sus primeros servicios entraran en juego y gan\u00f3 el 79% de esos puntos.<\/p>\n\n\n\n<p>Tambi\u00e9n gan\u00f3 el 68% de los puntos con su segundo saque.<\/p>\n\n\n\n<p>El ajuste en el inicio de su movimiento de servicio tiene un aspecto familiar, y no ha pasado desapercibido para Novak Djokovic.<\/p>\n\n\n\n<p>El ganador de 24 t\u00edtulos de Grand Slam brome\u00f3 anteriormente en el torneo diciendo que le hab\u00eda enviado a Alcaraz un mensaje pidi\u00e9ndole una tarifa por derechos de autor.<\/p>\n\n\n\n<p>A Alcaraz se le pregunt\u00f3 sobre esto en una entrevista televisiva en la cancha en la Rod Laver Arena, y \u00e9l tambi\u00e9n sigui\u00f3 la broma.<\/p>\n\n\n\n<p>\u201cS\u00ed. Escuch\u00e9 eso. Tengo el contrato por ah\u00ed, \u00a1pero a\u00fan no lo he visto!\u201d dijo el espa\u00f1ol sobre su intercambio con Djokovic.<\/p>\n\n\n\n<p>Abund\u00f3 en el tema, al decir que cuando surgieron videos del movimiento de servicio antes de la campa\u00f1a revis\u00f3 su tel\u00e9fono y ten\u00eda un mensaje de Djokovic que, m\u00e1s o menos, dec\u00eda: \u201c\u00a1Est\u00e1 bien, tienes que pagar!\u201d<\/p>\n\n\n\n<p>Alcaraz dijo que las bromas en el vestuario lo mantienen divertido.<\/p>\n\n\n\n<p>En busca de un 25\u00ba t\u00edtulo de Grand Slam, algo sin precedentes, Djokovic ha sido frenado en los \u00faltimos dos a\u00f1os por Alcaraz y Jannik Sinner, quienes se han repartido los ocho t\u00edtulos por igual.<\/p>\n\n\n\n<p>Un elemento que falta en el curr\u00edculum ten\u00edstico de Alcaraz es un trofeo en Melbourne Park. Nunca ha pasado de los cuartos de final.<\/p>\n\n\n\n<p>Se enfrentar\u00e1 al local Alex de Mi\u00f1aur o al n\u00famero diez Alexander Bublik esta semana en la ronda de los ocho mejores.<\/p>\n\n\n\n<p>Pausa m\u00e9dica<\/p>\n\n\n\n<p>Paul lleg\u00f3 a las semifinales del Abierto de Australia en 2023. Ten\u00eda eso a su favor al entrar al partido de cuarta ronda con Alcaraz.<\/p>\n\n\n\n<p>Los rivales estaban intercambiando buenos tiros en el desempate del primer set cuando un episodio m\u00e9dico paus\u00f3 su partido por m\u00e1s de 14 minutos.<\/p>\n\n\n\n<p>La situaci\u00f3n estaba 3-3 cuando la jueza de silla Marija Cicak les inform\u00f3 que un espectador en la Rod Laver Arena necesitaba atenci\u00f3n m\u00e9dica urgente.<\/p>\n\n\n\n<p>Esta demora dur\u00f3 tanto que los jugadores pudieron calentar nuevamente durante un par de minutos antes de que se reanudara el juego, y despu\u00e9s de que el espectador sali\u00f3 de la arena, ayudado por el personal m\u00e9dico y una ambulancia.<\/p>\n\n\n\n<p>Alcaraz siempre estuvo al frente despu\u00e9s de eso. Rompi\u00f3 el servicio en el crucial d\u00e9cimo juego del tercer set y termin\u00f3 el partido en dos horas y 44 minutos.<\/p>\n\n\n\n<p>Los adversarios se abrazaron en la red, Alcaraz hizo un peque\u00f1o movimiento de baile en la cancha para entretener a la multitud, y luego aplaudi\u00f3 al estadounidense de 28 a\u00f1os mientras sal\u00eda de la cancha.<\/p>\n\n\n\n<p>\u201cEn general, un nivel de tenis realmente alto de ambos lados\u201d, dijo Alcaraz. \u201cRealmente feliz de haberlo conseguido en sets corridos\u201d.<\/p>\n\n\n\n<p>Alcaraz dijo que estaba al tanto de sus estad\u00edsticas de servicio y, en una especie de inusitado alarde, agreg\u00f3: \u201cS\u00ed, me estoy impresionando a m\u00ed mismo, para ser honesto\u201d en sus primeros cuatro partidos en Melbourne Park.<\/p>\n\n\n\n<p>\u201cDespu\u00e9s de cada set trato de revisarlo, mirando las pantallas\u201d, dijo. \u201cEn general, creo que los cuatro partidos que he jugado (aqu\u00ed) el servicio ha sido un arma importante para m\u00ed.\u201d<\/p>\n","protected":false},"excerpt":{"rendered":"<p>POR JOHN PYE MELBOURNE (AP) \u2014 Tan pronto como Carlos Alcaraz avanz\u00f3 a los cuartos de final del Abierto de Australia con una victoria sobre Tommy Paul, la atenci\u00f3n se&hellip;<\/p>\n","protected":false},"author":10,"featured_media":120508,"comment_status":"open","ping_status":"open","sticky":false,"template":"","format":"standard","meta":{"content-type":"","jetpack_post_was_ever_published":false,"_jetpack_newsletter_access":"","_jetpack_dont_email_post_to_subs":false,"_jetpack_newsletter_tier_id":0,"_jetpack_memberships_contains_paywalled_content":false,"_jetpack_memberships_contains_paid_content":false,"footnotes":""},"categories":[630],"tags":[29144,12508,29708,29707,29709],"class_list":["post-120507","post","type-post","status-publish","format-standard","has-post-thumbnail","hentry","category-deportes","tag-abierto-de-australia","tag-carlos-alcaraz","tag-con-saque-renovado","tag-cuartos-de-final","tag-se-instala"],"jetpack_featured_media_url":"https:\/\/lasprimeras.com.do\/wp-content\/uploads\/2026\/01\/Carlos-Alcaraz.jpg","jetpack-related-posts":[{"id":99227,"url":"https:\/\/lasprimeras.com.do\/index.php\/2025\/05\/19\/alcaraz-es-el-claro-favorito-para-roland-garros-pero-sinner-recupera-su-mejor-forma\/","url_meta":{"origin":120507,"position":0},"title":"Alcaraz es el claro favorito para Roland Garros, pero Sinner recupera su mejor forma","author":"Nelson Feliz","date":"19 de mayo de 2025","format":false,"excerpt":"POR ANDREW DAMPF ROMA (AP) \u2014 El espa\u00f1ol Carlos Alcaraz es el claro favorito para el Abierto de Francia. Sin embargo, Jannik Sinner, quien ocupa el primer puesto en el ranking, ha regresado de su suspensi\u00f3n por dopaje y se est\u00e1 recuperando d\u00eda a d\u00eda para alcanzar su m\u00e1ximo nivel.\u2026","rel":"","context":"En \u00abDEPORTES\u00bb","block_context":{"text":"DEPORTES","link":"https:\/\/lasprimeras.com.do\/index.php\/category\/deportes\/"},"img":{"alt_text":"","src":"https:\/\/i0.wp.com\/lasprimeras.com.do\/wp-content\/uploads\/2025\/05\/Carlos-Alcaraz.jpg?resize=350%2C200&ssl=1","width":350,"height":200,"srcset":"https:\/\/i0.wp.com\/lasprimeras.com.do\/wp-content\/uploads\/2025\/05\/Carlos-Alcaraz.jpg?resize=350%2C200&ssl=1 1x, https:\/\/i0.wp.com\/lasprimeras.com.do\/wp-content\/uploads\/2025\/05\/Carlos-Alcaraz.jpg?resize=525%2C300&ssl=1 1.5x, https:\/\/i0.wp.com\/lasprimeras.com.do\/wp-content\/uploads\/2025\/05\/Carlos-Alcaraz.jpg?resize=700%2C400&ssl=1 2x"},"classes":[]},{"id":120510,"url":"https:\/\/lasprimeras.com.do\/index.php\/2026\/01\/25\/la-favorita-aryna-sabalenka-avanza-a-los-cuartos-de-final-del-abierto-de-australia\/","url_meta":{"origin":120507,"position":1},"title":"La favorita Aryna Sabalenka avanza a los cuartos de final del Abierto de Australia","author":"Nelson Feliz","date":"25 de enero de 2026","format":false,"excerpt":"POR JOHN PYE MELBOURNE, Australia (AP) \u2014 La primera cabeza de serie Aryna Sabalenka est\u00e1 teniendo que abrirse camino a trav\u00e9s de algunas estrellas adolescentes emergentes en su intento por ganar su tercer t\u00edtulo del Abierto de Australia en cuatro a\u00f1os. Sabalenka, quien ha recibido elogios de los fan\u00e1ticos y\u2026","rel":"","context":"En \u00abDEPORTES\u00bb","block_context":{"text":"DEPORTES","link":"https:\/\/lasprimeras.com.do\/index.php\/category\/deportes\/"},"img":{"alt_text":"Aryna Sabalenka","src":"https:\/\/i0.wp.com\/lasprimeras.com.do\/wp-content\/uploads\/2026\/01\/Aryna-Sabalenka.jpg?resize=350%2C200&ssl=1","width":350,"height":200,"srcset":"https:\/\/i0.wp.com\/lasprimeras.com.do\/wp-content\/uploads\/2026\/01\/Aryna-Sabalenka.jpg?resize=350%2C200&ssl=1 1x, https:\/\/i0.wp.com\/lasprimeras.com.do\/wp-content\/uploads\/2026\/01\/Aryna-Sabalenka.jpg?resize=525%2C300&ssl=1 1.5x, https:\/\/i0.wp.com\/lasprimeras.com.do\/wp-content\/uploads\/2026\/01\/Aryna-Sabalenka.jpg?resize=700%2C400&ssl=1 2x"},"classes":[]},{"id":86929,"url":"https:\/\/lasprimeras.com.do\/index.php\/2024\/08\/04\/novak-djokovic-conquista-su-1er-oro-olimpico-tras-vencer-a-carlos-alcaraz-en-la-final-del-tenis\/","url_meta":{"origin":120507,"position":2},"title":"Novak Djokovic conquista su 1er oro ol\u00edmpico tras vencer a Carlos Alcaraz en la final del tenis","author":"Nelson Feliz","date":"4 de agosto de 2024","format":false,"excerpt":"By HOWARD FENDRICH PAR\u00cdS (AP) \u2014 Novak Djokovic conquist\u00f3 su primera medalla ol\u00edmpica de oro tras vencer el domingo 7-6 (3), 7-6 (2) a Carlos Alcaraz en una apasionante final de sencillos del tenis masculino, y el astro serbio de 37 a\u00f1os a\u00f1adi\u00f3 el \u00faltimo laurel significativo que faltaba en\u2026","rel":"","context":"En \u00abSin categor\u00eda\u00bb","block_context":{"text":"Sin categor\u00eda","link":"https:\/\/lasprimeras.com.do\/index.php\/category\/sin-categoria\/"},"img":{"alt_text":"Novak Djokovic","src":"https:\/\/i0.wp.com\/lasprimeras.com.do\/wp-content\/uploads\/2024\/08\/Novak-Djokovic.png?resize=350%2C200&ssl=1","width":350,"height":200,"srcset":"https:\/\/i0.wp.com\/lasprimeras.com.do\/wp-content\/uploads\/2024\/08\/Novak-Djokovic.png?resize=350%2C200&ssl=1 1x, https:\/\/i0.wp.com\/lasprimeras.com.do\/wp-content\/uploads\/2024\/08\/Novak-Djokovic.png?resize=525%2C300&ssl=1 1.5x"},"classes":[]},{"id":121141,"url":"https:\/\/lasprimeras.com.do\/index.php\/2026\/02\/01\/alcaraz-vence-a-djokovic-y-se-convierte-en-el-hombre-mas-joven-en-completar-un-grand-slam-de-carrera\/","url_meta":{"origin":120507,"position":3},"title":"Alcaraz vence a Djokovic y se convierte en el hombre m\u00e1s joven en completar un Grand Slam de carrera","author":"Nelson Feliz","date":"1 de febrero de 2026","format":false,"excerpt":"POR JOHN PYE MELBOURNE, Australia (AP) \u2014 Carlos Alcaraz tiene apenas 22 a\u00f1os, es el hombre m\u00e1s joven en ganar t\u00edtulos en los cuatro majors, y tuvo que lograr lo que ning\u00fan hombre hab\u00eda hecho antes para completar el Grand Slam de carrera en Australia. Alcaraz, actual n\u00famero uno del\u2026","rel":"","context":"En \u00abDEPORTES\u00bb","block_context":{"text":"DEPORTES","link":"https:\/\/lasprimeras.com.do\/index.php\/category\/deportes\/"},"img":{"alt_text":"","src":"https:\/\/i0.wp.com\/lasprimeras.com.do\/wp-content\/uploads\/2026\/02\/Alcaraz-vence-a-Djokovic.jpg?resize=350%2C200&ssl=1","width":350,"height":200,"srcset":"https:\/\/i0.wp.com\/lasprimeras.com.do\/wp-content\/uploads\/2026\/02\/Alcaraz-vence-a-Djokovic.jpg?resize=350%2C200&ssl=1 1x, https:\/\/i0.wp.com\/lasprimeras.com.do\/wp-content\/uploads\/2026\/02\/Alcaraz-vence-a-Djokovic.jpg?resize=525%2C300&ssl=1 1.5x, https:\/\/i0.wp.com\/lasprimeras.com.do\/wp-content\/uploads\/2026\/02\/Alcaraz-vence-a-Djokovic.jpg?resize=700%2C400&ssl=1 2x"},"classes":[]},{"id":80891,"url":"https:\/\/lasprimeras.com.do\/index.php\/2024\/04\/14\/carlos-alcaraz-se-retira-lesionado-del-open-de-barcelona\/","url_meta":{"origin":120507,"position":4},"title":"Carlos Alcaraz se retira lesionado del Open de Barcelona","author":"Nelson Feliz","date":"14 de abril de 2024","format":false,"excerpt":"Barcelona (Reuters) - El vigente campe\u00f3n, Carlos Alcaraz, se retir\u00f3 del Abierto de Barcelona debido a una lesi\u00f3n en el brazo derecho que tambi\u00e9n oblig\u00f3 al n\u00famero tres del mundo espa\u00f1ol a perderse el Masters de Montecarlo de esta semana, inform\u00f3 el domingo la organizaci\u00f3n del torneo ATP 500. El\u2026","rel":"","context":"En \u00abSin categor\u00eda\u00bb","block_context":{"text":"Sin categor\u00eda","link":"https:\/\/lasprimeras.com.do\/index.php\/category\/sin-categoria\/"},"img":{"alt_text":"Carlos Alcaraz","src":"https:\/\/i0.wp.com\/lasprimeras.com.do\/wp-content\/uploads\/2024\/04\/Carlos-Alcaraz.jpg?resize=350%2C200&ssl=1","width":350,"height":200,"srcset":"https:\/\/i0.wp.com\/lasprimeras.com.do\/wp-content\/uploads\/2024\/04\/Carlos-Alcaraz.jpg?resize=350%2C200&ssl=1 1x, https:\/\/i0.wp.com\/lasprimeras.com.do\/wp-content\/uploads\/2024\/04\/Carlos-Alcaraz.jpg?resize=525%2C300&ssl=1 1.5x, https:\/\/i0.wp.com\/lasprimeras.com.do\/wp-content\/uploads\/2024\/04\/Carlos-Alcaraz.jpg?resize=700%2C400&ssl=1 2x"},"classes":[]},{"id":101462,"url":"https:\/\/lasprimeras.com.do\/index.php\/2025\/06\/22\/alcaraz-vence-a-lehecka-en-la-final-de-queens-club-antes-de-defender-titulo-en-wimbledon\/","url_meta":{"origin":120507,"position":5},"title":"Alcaraz vence a Lehecka en la final de Queen\u2019s Club antes de defender t\u00edtulo en Wimbledon","author":"Nelson Feliz","date":"22 de junio de 2025","format":false,"excerpt":"LONDRES (AP) \u2014 Carlos Alcaraz demostr\u00f3 que ser\u00e1 el hombre a vencer en Wimbledon nuevamente despu\u00e9s de derrotar el domingo a Jiri Lehecka en la final en el Queen\u2019s Club. El espa\u00f1ol, primer cabeza de serie, replic\u00f3 su triunfo debut en las canchas de c\u00e9sped del oeste de Londres en\u2026","rel":"","context":"En \u00abDEPORTES\u00bb","block_context":{"text":"DEPORTES","link":"https:\/\/lasprimeras.com.do\/index.php\/category\/deportes\/"},"img":{"alt_text":"","src":"https:\/\/i0.wp.com\/lasprimeras.com.do\/wp-content\/uploads\/2025\/06\/Carlos-Alcaraz.jpg?resize=350%2C200&ssl=1","width":350,"height":200,"srcset":"https:\/\/i0.wp.com\/lasprimeras.com.do\/wp-content\/uploads\/2025\/06\/Carlos-Alcaraz.jpg?resize=350%2C200&ssl=1 1x, https:\/\/i0.wp.com\/lasprimeras.com.do\/wp-content\/uploads\/2025\/06\/Carlos-Alcaraz.jpg?resize=525%2C300&ssl=1 1.5x, https:\/\/i0.wp.com\/lasprimeras.com.do\/wp-content\/uploads\/2025\/06\/Carlos-Alcaraz.jpg?resize=700%2C400&ssl=1 2x"},"classes":[]}],"jetpack_sharing_enabled":true,"_links":{"self":[{"href":"https:\/\/lasprimeras.com.do\/index.php\/wp-json\/wp\/v2\/posts\/120507","targetHints":{"allow":["GET"]}}],"collection":[{"href":"https:\/\/lasprimeras.com.do\/index.php\/wp-json\/wp\/v2\/posts"}],"about":[{"href":"https:\/\/lasprimeras.com.do\/index.php\/wp-json\/wp\/v2\/types\/post"}],"author":[{"embeddable":true,"href":"https:\/\/lasprimeras.com.do\/index.php\/wp-json\/wp\/v2\/users\/10"}],"replies":[{"embeddable":true,"href":"https:\/\/lasprimeras.com.do\/index.php\/wp-json\/wp\/v2\/comments?post=120507"}],"version-history":[{"count":1,"href":"https:\/\/lasprimeras.com.do\/index.php\/wp-json\/wp\/v2\/posts\/120507\/revisions"}],"predecessor-version":[{"id":120509,"href":"https:\/\/lasprimeras.com.do\/index.php\/wp-json\/wp\/v2\/posts\/120507\/revisions\/120509"}],"wp:featuredmedia":[{"embeddable":true,"href":"https:\/\/lasprimeras.com.do\/index.php\/wp-json\/wp\/v2\/media\/120508"}],"wp:attachment":[{"href":"https:\/\/lasprimeras.com.do\/index.php\/wp-json\/wp\/v2\/media?parent=120507"}],"wp:term":[{"taxonomy":"category","embeddable":true,"href":"https:\/\/lasprimeras.com.do\/index.php\/wp-json\/wp\/v2\/categories?post=120507"},{"taxonomy":"post_tag","embeddable":true,"href":"https:\/\/lasprimeras.com.do\/index.php\/wp-json\/wp\/v2\/tags?post=120507"}],"curies":[{"name":"wp","href":"https:\/\/api.w.org\/{rel}","templated":true}]}}