{"id":120510,"date":"2026-01-25T11:31:58","date_gmt":"2026-01-25T15:31:58","guid":{"rendered":"https:\/\/lasprimeras.com.do\/?p=120510"},"modified":"2026-01-25T11:32:00","modified_gmt":"2026-01-25T15:32:00","slug":"la-favorita-aryna-sabalenka-avanza-a-los-cuartos-de-final-del-abierto-de-australia","status":"publish","type":"post","link":"https:\/\/lasprimeras.com.do\/index.php\/2026\/01\/25\/la-favorita-aryna-sabalenka-avanza-a-los-cuartos-de-final-del-abierto-de-australia\/","title":{"rendered":"La favorita Aryna Sabalenka avanza a los cuartos de final del Abierto de Australia"},"content":{"rendered":"\n<p>POR JOHN PYE<\/p>\n\n\n\n<p>MELBOURNE, Australia (AP) \u2014 La primera cabeza de serie Aryna Sabalenka est\u00e1 teniendo que abrirse camino a trav\u00e9s de algunas estrellas adolescentes emergentes en su intento por ganar su tercer t\u00edtulo del Abierto de Australia en cuatro a\u00f1os.<\/p>\n\n\n\n<p>Sabalenka, quien ha recibido elogios de los fan\u00e1ticos y otros jugadores por sus publicaciones en la plataforma de redes sociales sobre asuntos dentro y fuera de la cancha, mantuvo a raya el domingo a la joven de 19 a\u00f1os Vicky Mboko 6-1, 7-6 (1) en la Rod Laver Arena.<\/p>\n\n\n\n<p>Ahora enfrentar\u00e1 a la joven de 18 a\u00f1os Iva Jovic en los cuartos de final.<\/p>\n\n\n\n<p>Jovic, 29na preclasificada, abrum\u00f3 a Yulia Putintseva 6-0, 6-1 en 53 minutos en la John Cain Arena, con seis quiebres de servicio y ganando los primeros 10 juegos, para asegurar un lugar en los \u00faltimos ocho de un Grand Slam por primera vez.<\/p>\n\n\n\n<p>\u201cObviamente, ella es la n\u00famero 1 por una raz\u00f3n y ha tenido tanto \u00e9xito en este torneo\u201d, dijo Jovic sobre Sabalenka.<br>\u201cPero eso es lo que quiero: lo dije el a\u00f1o pasado, espero poder jugar contra ella este a\u00f1o, porque definitivamente quieres jugar contra las mejores y ver c\u00f3mo va\u201d.<\/p>\n\n\n\n<p>Coco Gauff, quien a\u00fan era adolescente cuando gan\u00f3 su primer t\u00edtulo importante en 2023, est\u00e1 de regreso en los cuartos de final en Australia por tercer a\u00f1o consecutivo despu\u00e9s de una victoria 6-1, 3-6, 6-3 sobre la n\u00famero 19 Karolina Muchova.<\/p>\n\n\n\n<p>A continuaci\u00f3n enfrentar\u00e1 a la n\u00famero 12 Elina Svitolina, quien cerr\u00f3 el juego en el D\u00eda 8 con una victoria 6-2, 6-4 sobre la joven de 18 a\u00f1os, octava preclasificada Mirra Andreeva.<\/p>\n\n\n\n<p>El n\u00famero 1 Carlos Alcaraz tambi\u00e9n est\u00e1 entre los mejores ocho por tercer a\u00f1o consecutivo, continuando su b\u00fasqueda del Grand Slam de carrera a los 22 a\u00f1os con una victoria 7- 6 (6), 6-4, 7-5 sobre el estadounidense Tommy Paul (19).<\/p>\n\n\n\n<p>Nunca ha avanzado m\u00e1s all\u00e1 de los cuartos en Melbourne Park, el \u00fanico de los cuatro majors donde no ha ganado el t\u00edtulo.<br>Est\u00e1 decidido a rectificar esa estad\u00edstica, al punto de que est\u00e1 trabajando para mejorar su saque, haci\u00e9ndolo parecer un poco m\u00e1s al estilo de Novak Djokovic, quien ha ganado 10 veces en Australia.<\/p>\n\n\n\n<p>Es poco probable que tenga al p\u00fablico de su lado en los cuartos de final, donde enfrentar\u00e1 a la esperanza local y sexto preclasificado Alex de Minaur, quien super\u00f3 pro 6-4, 6-1, 6-1 al n\u00famero 10 Alexander Bublik.<\/p>\n\n\n\n<p>Alexander Zverev (3), subcampe\u00f3n en Melbourne el a\u00f1o pasado, venci\u00f3 al argentino Francisco Cerundolo 6-2, 6-4, 6-4 y enfrentar\u00e1 a continuaci\u00f3n a Learner Tien, quien a sus 20 a\u00f1os es el cuartofinalista masculino m\u00e1s joven en Australia desde Nick Kyrgios en 2015.<\/p>\n\n\n\n<p>Tien, quien necesit\u00f3 tratamiento por una hemorragia nasal despu\u00e9s del tercer game, venci\u00f3 al tres veces subcampe\u00f3n del Abierto de Australia Daniil Medvedev 6-4, 6-0, 6-3.<\/p>\n\n\n\n<p>Djokovic, de 38 a\u00f1os, avanz\u00f3 a los cuartos de final sin jugar despu\u00e9s de que Jakub Mensik se retirara 24 horas antes de su partido programado de cuarta ronda debido a una lesi\u00f3n abdominal.<\/p>\n\n\n\n<p>Influencia de Nole<\/p>\n\n\n\n<p>Jovic ha estado recibiendo buenos consejos de Djokovic, ganador de 24 t\u00edtulos de Grand Slam, durante el torneo. Dijo que ha estado feliz de ayudar a una estrella emergente con herencia serbia.<\/p>\n\n\n\n<p>Jovic dej\u00f3 claro el a\u00f1o pasado que quer\u00eda la oportunidad de enfrentar a la n\u00famero 1. Ahora tendr\u00e1 esa oportunidad.<\/p>\n\n\n\n<p>Sabalenka, quien ha bromeado sobre esperar una invitaci\u00f3n formal para asociarse con Djokovic en dobles mixtos en un torneo importante, se llev\u00f3 el primer set contra Mboko en 31 minutos, pero tuvo algunas dificultades en el segundo.<\/p>\n\n\n\n<p>Mboko salv\u00f3 puntos de partido y jug\u00f3 de la misma buena forma que la llev\u00f3 a vencer a muchas jugadoras, pero no a la dos veces campeona del Abierto de Australia.<\/p>\n\n\n\n<p>\u201c\u00a1Qu\u00e9 jugadora tan incre\u00edble para ser tan joven!\u201d, dijo Sabalenka sobre Mboko. \u201cEs incre\u00edble ver a estos chicos subiendo en el Tour. No puedo creer que diga eso. Me siento como si fuera una ni\u00f1a\u201d.<\/p>\n\n\n\n<p>\u201cMe presion\u00f3 mucho, y estoy feliz de haber pasado\u201d, a\u00f1adi\u00f3 Sabalenka en su entrevista sobre la cancha.<\/p>\n\n\n\n<p>Sabalenka ganaba el segundo set por 4-1, pero no logr\u00f3 convertir tres puntos de partido en 5-4. Mboko recuper\u00f3 lentamente el impulso y forz\u00f3 un desempate s\u00f3lo para que Sabalenka dominara.<\/p>\n\n\n\n<p>Fue la vig\u00e9sima victoria consecutiva en desempates para Sabalenka.<\/p>\n\n\n\n<p>\u201cTrato de no pensar que es un desempate y jugar punto por punto, y supongo que \u00e9sa es la clave para la consistencia\u201d, dijo Sabalenka, quien gan\u00f3 t\u00edtulos consecutivos en Australia en 2023 y 2024 antes de perder la final del a\u00f1o pasado ante Madison Keys.<\/p>\n\n\n\n<p>Jovic y Mboko se combinaron m\u00e1s tarde el domingo en dobles y tuvieron puntos de partido antes de que el d\u00fao de Elise Mertens y Zhang Shuai, preclasificadas n\u00famero 4, se aferrara en el super desempate para ganar 7-5, 4-6, 7-6 (10).<\/p>\n\n\n\n<p>\u201cAmbas son muy j\u00f3venes, muy talentosas\u201d, dijo Mertens. \u201cFue un partido realmente dif\u00edcil\u201d.<\/p>\n","protected":false},"excerpt":{"rendered":"<p>POR JOHN PYE MELBOURNE, Australia (AP) \u2014 La primera cabeza de serie Aryna Sabalenka est\u00e1 teniendo que abrirse camino a trav\u00e9s de algunas estrellas adolescentes emergentes en su intento por&hellip;<\/p>\n","protected":false},"author":10,"featured_media":120511,"comment_status":"open","ping_status":"open","sticky":false,"template":"","format":"standard","meta":{"content-type":"","jetpack_post_was_ever_published":false,"_jetpack_newsletter_access":"","_jetpack_dont_email_post_to_subs":false,"_jetpack_newsletter_tier_id":0,"_jetpack_memberships_contains_paywalled_content":false,"_jetpack_memberships_contains_paid_content":false,"footnotes":""},"categories":[630],"tags":[29144,29711,609,29707,29710],"class_list":["post-120510","post","type-post","status-publish","format-standard","has-post-thumbnail","hentry","category-deportes","tag-abierto-de-australia","tag-aryna-sabalenka","tag-avanza","tag-cuartos-de-final","tag-la-favorita"],"jetpack_featured_media_url":"https:\/\/lasprimeras.com.do\/wp-content\/uploads\/2026\/01\/Aryna-Sabalenka.jpg","jetpack-related-posts":[{"id":120507,"url":"https:\/\/lasprimeras.com.do\/index.php\/2026\/01\/25\/con-saque-renovado-carlos-alcaraz-se-instala-en-cuartos-de-final-del-abierto-de-australia\/","url_meta":{"origin":120510,"position":0},"title":"Con saque renovado, Carlos Alcaraz se instala en cuartos de final del Abierto de Australia","author":"Nelson Feliz","date":"25 de enero de 2026","format":false,"excerpt":"POR JOHN PYE MELBOURNE (AP) \u2014 Tan pronto como Carlos Alcaraz avanz\u00f3 a los cuartos de final del Abierto de Australia con una victoria sobre Tommy Paul, la atenci\u00f3n se centr\u00f3 en su servicio. El espa\u00f1ol, n\u00famero uno del mundo, trata de completar en Australia la colecci\u00f3n de cuatro trofeos\u2026","rel":"","context":"En \u00abDEPORTES\u00bb","block_context":{"text":"DEPORTES","link":"https:\/\/lasprimeras.com.do\/index.php\/category\/deportes\/"},"img":{"alt_text":"Carlos Alcaraz","src":"https:\/\/i0.wp.com\/lasprimeras.com.do\/wp-content\/uploads\/2026\/01\/Carlos-Alcaraz.jpg?resize=350%2C200&ssl=1","width":350,"height":200,"srcset":"https:\/\/i0.wp.com\/lasprimeras.com.do\/wp-content\/uploads\/2026\/01\/Carlos-Alcaraz.jpg?resize=350%2C200&ssl=1 1x, https:\/\/i0.wp.com\/lasprimeras.com.do\/wp-content\/uploads\/2026\/01\/Carlos-Alcaraz.jpg?resize=525%2C300&ssl=1 1.5x, https:\/\/i0.wp.com\/lasprimeras.com.do\/wp-content\/uploads\/2026\/01\/Carlos-Alcaraz.jpg?resize=700%2C400&ssl=1 2x"},"classes":[]},{"id":121141,"url":"https:\/\/lasprimeras.com.do\/index.php\/2026\/02\/01\/alcaraz-vence-a-djokovic-y-se-convierte-en-el-hombre-mas-joven-en-completar-un-grand-slam-de-carrera\/","url_meta":{"origin":120510,"position":1},"title":"Alcaraz vence a Djokovic y se convierte en el hombre m\u00e1s joven en completar un Grand Slam de carrera","author":"Nelson Feliz","date":"1 de febrero de 2026","format":false,"excerpt":"POR JOHN PYE MELBOURNE, Australia (AP) \u2014 Carlos Alcaraz tiene apenas 22 a\u00f1os, es el hombre m\u00e1s joven en ganar t\u00edtulos en los cuatro majors, y tuvo que lograr lo que ning\u00fan hombre hab\u00eda hecho antes para completar el Grand Slam de carrera en Australia. Alcaraz, actual n\u00famero uno del\u2026","rel":"","context":"En \u00abDEPORTES\u00bb","block_context":{"text":"DEPORTES","link":"https:\/\/lasprimeras.com.do\/index.php\/category\/deportes\/"},"img":{"alt_text":"","src":"https:\/\/i0.wp.com\/lasprimeras.com.do\/wp-content\/uploads\/2026\/02\/Alcaraz-vence-a-Djokovic.jpg?resize=350%2C200&ssl=1","width":350,"height":200,"srcset":"https:\/\/i0.wp.com\/lasprimeras.com.do\/wp-content\/uploads\/2026\/02\/Alcaraz-vence-a-Djokovic.jpg?resize=350%2C200&ssl=1 1x, https:\/\/i0.wp.com\/lasprimeras.com.do\/wp-content\/uploads\/2026\/02\/Alcaraz-vence-a-Djokovic.jpg?resize=525%2C300&ssl=1 1.5x, https:\/\/i0.wp.com\/lasprimeras.com.do\/wp-content\/uploads\/2026\/02\/Alcaraz-vence-a-Djokovic.jpg?resize=700%2C400&ssl=1 2x"},"classes":[]},{"id":99227,"url":"https:\/\/lasprimeras.com.do\/index.php\/2025\/05\/19\/alcaraz-es-el-claro-favorito-para-roland-garros-pero-sinner-recupera-su-mejor-forma\/","url_meta":{"origin":120510,"position":2},"title":"Alcaraz es el claro favorito para Roland Garros, pero Sinner recupera su mejor forma","author":"Nelson Feliz","date":"19 de mayo de 2025","format":false,"excerpt":"POR ANDREW DAMPF ROMA (AP) \u2014 El espa\u00f1ol Carlos Alcaraz es el claro favorito para el Abierto de Francia. Sin embargo, Jannik Sinner, quien ocupa el primer puesto en el ranking, ha regresado de su suspensi\u00f3n por dopaje y se est\u00e1 recuperando d\u00eda a d\u00eda para alcanzar su m\u00e1ximo nivel.\u2026","rel":"","context":"En \u00abDEPORTES\u00bb","block_context":{"text":"DEPORTES","link":"https:\/\/lasprimeras.com.do\/index.php\/category\/deportes\/"},"img":{"alt_text":"","src":"https:\/\/i0.wp.com\/lasprimeras.com.do\/wp-content\/uploads\/2025\/05\/Carlos-Alcaraz.jpg?resize=350%2C200&ssl=1","width":350,"height":200,"srcset":"https:\/\/i0.wp.com\/lasprimeras.com.do\/wp-content\/uploads\/2025\/05\/Carlos-Alcaraz.jpg?resize=350%2C200&ssl=1 1x, https:\/\/i0.wp.com\/lasprimeras.com.do\/wp-content\/uploads\/2025\/05\/Carlos-Alcaraz.jpg?resize=525%2C300&ssl=1 1.5x, https:\/\/i0.wp.com\/lasprimeras.com.do\/wp-content\/uploads\/2025\/05\/Carlos-Alcaraz.jpg?resize=700%2C400&ssl=1 2x"},"classes":[]},{"id":96431,"url":"https:\/\/lasprimeras.com.do\/index.php\/2025\/03\/31\/jakub-mensik-impide-el-titulo-100-de-djokovic-y-gana-el-abierto-de-miami\/","url_meta":{"origin":120510,"position":3},"title":"Jakub Mensik impide el t\u00edtulo 100 de Djokovic y gana el Abierto de Miami","author":"Nelson Feliz","date":"31 de marzo de 2025","format":false,"excerpt":"POR MARC BERMAN MIAMI GARDENS, Florida, EE.UU. (AP) \u2014 Novak Djokovic enfrent\u00f3 una serie de obst\u00e1culos el domingo en la final del Abierto de Miami: un retraso de m\u00e1s de cinco horas y media antes del partido, una infecci\u00f3n ocular y una cancha resbaladiza debido a los altos niveles de\u2026","rel":"","context":"En \u00abDEPORTES\u00bb","block_context":{"text":"DEPORTES","link":"https:\/\/lasprimeras.com.do\/index.php\/category\/deportes\/"},"img":{"alt_text":"","src":"https:\/\/i0.wp.com\/lasprimeras.com.do\/wp-content\/uploads\/2025\/03\/Novak-Djokovic.jpg?resize=350%2C200&ssl=1","width":350,"height":200,"srcset":"https:\/\/i0.wp.com\/lasprimeras.com.do\/wp-content\/uploads\/2025\/03\/Novak-Djokovic.jpg?resize=350%2C200&ssl=1 1x, https:\/\/i0.wp.com\/lasprimeras.com.do\/wp-content\/uploads\/2025\/03\/Novak-Djokovic.jpg?resize=525%2C300&ssl=1 1.5x, https:\/\/i0.wp.com\/lasprimeras.com.do\/wp-content\/uploads\/2025\/03\/Novak-Djokovic.jpg?resize=700%2C400&ssl=1 2x"},"classes":[]},{"id":124422,"url":"https:\/\/lasprimeras.com.do\/index.php\/2026\/03\/12\/hurkacz-debuta-este-jueves-en-cap-cana-se-definiran-los-cuartos-de-final\/","url_meta":{"origin":120510,"position":4},"title":"Hurkacz debuta este jueves en Cap Cana; se definir\u00e1n los cuartos de final","author":"Nelson Feliz","date":"12 de marzo de 2026","format":false,"excerpt":"El polaco Hubert Hurkacz, ex n\u00famero seis del mundo y una de las principales atracciones del Rep\u00fablica Dominicana Open, Copa Cap Cana 2026, estar\u00e1 en acci\u00f3n este jueves debutando en el evento frente al italiano Mattia Bellucci. El partido del actual 71 del mundo est\u00e1 pautado en el estadio Cap\u2026","rel":"","context":"En \u00abDEPORTES\u00bb","block_context":{"text":"DEPORTES","link":"https:\/\/lasprimeras.com.do\/index.php\/category\/deportes\/"},"img":{"alt_text":"","src":"","width":0,"height":0},"classes":[]},{"id":119001,"url":"https:\/\/lasprimeras.com.do\/index.php\/2026\/01\/05\/novak-djokovic-se-retira-de-torneo-preparatorio-del-abierto-de-australia-en-adelaida\/","url_meta":{"origin":120510,"position":5},"title":"Novak Djokovic se retira de torneo preparatorio del Abierto de Australia en Adelaida","author":"Nelson Feliz","date":"5 de enero de 2026","format":false,"excerpt":"Novak Djokovic","rel":"","context":"En \u00abDEPORTES\u00bb","block_context":{"text":"DEPORTES","link":"https:\/\/lasprimeras.com.do\/index.php\/category\/deportes\/"},"img":{"alt_text":"Novak Djokovic","src":"https:\/\/i0.wp.com\/lasprimeras.com.do\/wp-content\/uploads\/2026\/01\/Novak-Djokovic.jpg?resize=350%2C200&ssl=1","width":350,"height":200,"srcset":"https:\/\/i0.wp.com\/lasprimeras.com.do\/wp-content\/uploads\/2026\/01\/Novak-Djokovic.jpg?resize=350%2C200&ssl=1 1x, https:\/\/i0.wp.com\/lasprimeras.com.do\/wp-content\/uploads\/2026\/01\/Novak-Djokovic.jpg?resize=525%2C300&ssl=1 1.5x, https:\/\/i0.wp.com\/lasprimeras.com.do\/wp-content\/uploads\/2026\/01\/Novak-Djokovic.jpg?resize=700%2C400&ssl=1 2x"},"classes":[]}],"jetpack_sharing_enabled":true,"_links":{"self":[{"href":"https:\/\/lasprimeras.com.do\/index.php\/wp-json\/wp\/v2\/posts\/120510","targetHints":{"allow":["GET"]}}],"collection":[{"href":"https:\/\/lasprimeras.com.do\/index.php\/wp-json\/wp\/v2\/posts"}],"about":[{"href":"https:\/\/lasprimeras.com.do\/index.php\/wp-json\/wp\/v2\/types\/post"}],"author":[{"embeddable":true,"href":"https:\/\/lasprimeras.com.do\/index.php\/wp-json\/wp\/v2\/users\/10"}],"replies":[{"embeddable":true,"href":"https:\/\/lasprimeras.com.do\/index.php\/wp-json\/wp\/v2\/comments?post=120510"}],"version-history":[{"count":1,"href":"https:\/\/lasprimeras.com.do\/index.php\/wp-json\/wp\/v2\/posts\/120510\/revisions"}],"predecessor-version":[{"id":120512,"href":"https:\/\/lasprimeras.com.do\/index.php\/wp-json\/wp\/v2\/posts\/120510\/revisions\/120512"}],"wp:featuredmedia":[{"embeddable":true,"href":"https:\/\/lasprimeras.com.do\/index.php\/wp-json\/wp\/v2\/media\/120511"}],"wp:attachment":[{"href":"https:\/\/lasprimeras.com.do\/index.php\/wp-json\/wp\/v2\/media?parent=120510"}],"wp:term":[{"taxonomy":"category","embeddable":true,"href":"https:\/\/lasprimeras.com.do\/index.php\/wp-json\/wp\/v2\/categories?post=120510"},{"taxonomy":"post_tag","embeddable":true,"href":"https:\/\/lasprimeras.com.do\/index.php\/wp-json\/wp\/v2\/tags?post=120510"}],"curies":[{"name":"wp","href":"https:\/\/api.w.org\/{rel}","templated":true}]}}