{"id":120513,"date":"2026-01-25T11:36:27","date_gmt":"2026-01-25T15:36:27","guid":{"rendered":"https:\/\/lasprimeras.com.do\/?p=120513"},"modified":"2026-01-25T11:36:29","modified_gmt":"2026-01-25T15:36:29","slug":"nba-pospone-duelo-de-timberwolves-y-warriors-en-minneapolis-tras-tiroteo-fatal","status":"publish","type":"post","link":"https:\/\/lasprimeras.com.do\/index.php\/2026\/01\/25\/nba-pospone-duelo-de-timberwolves-y-warriors-en-minneapolis-tras-tiroteo-fatal\/","title":{"rendered":"NBA pospone duelo de Timberwolves y Warriors en Minneapolis tras tiroteo fatal"},"content":{"rendered":"\n<p>MINNEAPOLIS (AP) \u2014 El partido de la NBA entre los Timberwolves de Minnesota y los Warriors de los Golden State fue pospuesto el s\u00e1bado por la tarde tras otro tiroteo fatal por parte de un agente federal en Minneapolis.<\/p>\n\n\n\n<p>El partido se reprogram\u00f3 para la tarde del domingo. Los Timberwolves y los Warriors tambi\u00e9n tienen programado jugar su segundo encuentro de la serie el lunes por la noche.<\/p>\n\n\n\n<p>La liga anunci\u00f3 que la decisi\u00f3n se tom\u00f3 para \u201cpriorizar la seguridad de la comunidad de Minneapolis\u201d despu\u00e9s de que Alex Pretti, de 37 a\u00f1os, fuera asesinado en un enfrentamiento con los agentes en una calle de un distrito comercial a menos de dos millas del Target Center, el estadio del centro de la ciudad donde juegan los Timberwolves.<\/p>\n\n\n\n<p>Con la multitud de manifestantes creciendo alrededor del lugar del tiroteo el s\u00e1bado, la Guardia Nacional de Minnesota estaba asistiendo a la polic\u00eda local para tratar de mantener la paz.<\/p>\n\n\n\n<p>Adem\u00e1s, los Mellizos de Minnesota estaban llevando a cabo su festival anual de invierno para fan\u00e1ticos en el Target Field, al otro lado de la calle del Target Center, y terminaron el evento una hora antes para la \u201csalida expedita\u201d de todos los invitados.<\/p>\n\n\n\n<p>Miles de personas marcharon por el centro de la ciudad el viernes con la temperatura del aire muy por debajo de cero en protesta por la presencia y las t\u00e1cticas de la fuerza federal que aument\u00f3 a unos 3,000 agentes en el \u00e1rea de las Ciudades Gemelas este mes como parte de la represi\u00f3n de inmigraci\u00f3n de la administraci\u00f3n Trump.<\/p>\n\n\n\n<p>Hace dos semanas, Renee Good, de 37 a\u00f1os, fue fatalmente herida de bala en su coche mientras se alejaba de un grupo de agentes tras un enfrentamiento.<\/p>\n\n\n\n<p>Los Timberwolves guardaron un momento de silencio por Good antes de su partido la noche siguiente.<\/p>\n","protected":false},"excerpt":{"rendered":"<p>MINNEAPOLIS (AP) \u2014 El partido de la NBA entre los Timberwolves de Minnesota y los Warriors de los Golden State fue pospuesto el s\u00e1bado por la tarde tras otro tiroteo&hellip;<\/p>\n","protected":false},"author":10,"featured_media":120514,"comment_status":"open","ping_status":"open","sticky":false,"template":"","format":"standard","meta":{"content-type":"","jetpack_post_was_ever_published":false,"_jetpack_newsletter_access":"","_jetpack_dont_email_post_to_subs":false,"_jetpack_newsletter_tier_id":0,"_jetpack_memberships_contains_paywalled_content":false,"_jetpack_memberships_contains_paid_content":false,"footnotes":""},"categories":[630],"tags":[113,23784,334,6528,29712,29713,1181],"class_list":["post-120513","post","type-post","status-publish","format-standard","has-post-thumbnail","hentry","category-deportes","tag-duelo","tag-minneapolis","tag-nba","tag-pospone","tag-timberwolves","tag-tiroteo-fatal","tag-warriors"],"jetpack_featured_media_url":"https:\/\/lasprimeras.com.do\/wp-content\/uploads\/2026\/01\/NBA-pospone-duelo-de-Timberwolves-y-Warriors.jpg","jetpack-related-posts":[{"id":98604,"url":"https:\/\/lasprimeras.com.do\/index.php\/2025\/05\/09\/timberwolves-apalean-117-93-a-unos-warriors-sin-curry-para-empatar-la-serie\/","url_meta":{"origin":120513,"position":0},"title":"Timberwolves apalean 117-93 a unos Warriors sin Curry para empatar la serie","author":"Nelson Feliz","date":"9 de mayo de 2025","format":false,"excerpt":"POR DAVE CAMPBELL MINNEAPOLIS (AP) \u2014 Los Timberwolves de Minnesota estaban reflexionando sobre su dif\u00edcil comienzo en el primer partido de la serie contra Golden State. Y su reacci\u00f3n complaci\u00f3 al entrenador Chris Finch. Julius Randle anot\u00f3 24 puntos y reparti\u00f3 11 asistencias para guiar el jueves a los Wolves\u2026","rel":"","context":"En \u00abDEPORTES\u00bb","block_context":{"text":"DEPORTES","link":"https:\/\/lasprimeras.com.do\/index.php\/category\/deportes\/"},"img":{"alt_text":"","src":"https:\/\/i0.wp.com\/lasprimeras.com.do\/wp-content\/uploads\/2025\/05\/Timberwolves-apalean-117-93-a-unos-Warriors.jpg?resize=350%2C200&ssl=1","width":350,"height":200,"srcset":"https:\/\/i0.wp.com\/lasprimeras.com.do\/wp-content\/uploads\/2025\/05\/Timberwolves-apalean-117-93-a-unos-Warriors.jpg?resize=350%2C200&ssl=1 1x, https:\/\/i0.wp.com\/lasprimeras.com.do\/wp-content\/uploads\/2025\/05\/Timberwolves-apalean-117-93-a-unos-Warriors.jpg?resize=525%2C300&ssl=1 1.5x, https:\/\/i0.wp.com\/lasprimeras.com.do\/wp-content\/uploads\/2025\/05\/Timberwolves-apalean-117-93-a-unos-Warriors.jpg?resize=700%2C400&ssl=1 2x"},"classes":[]},{"id":99029,"url":"https:\/\/lasprimeras.com.do\/index.php\/2025\/05\/15\/timberwolves-vencen-a-warriors-en-5to-partido-y-avanzan-a-final-del-oeste-por-2do-ano-consecutivo\/","url_meta":{"origin":120513,"position":1},"title":"Timberwolves vencen a Warriors en 5to partido y avanzan a final del Oeste por 2do a\u00f1o consecutivo","author":"Nelson Feliz","date":"15 de mayo de 2025","format":false,"excerpt":"POR DAVE CAMPBELL MINNEAPOLIS (AP) \u2014 Anthony Edwards se acerc\u00f3 para darse un apret\u00f3n de manos con Julius Randle durante la entrevista televisiva posterior al partido del mi\u00e9rcoles. El d\u00fao hab\u00eda sellado otra serie dominante con Minnesota en estos playoffs de la NBA. Randle anot\u00f3 29 puntos, al atinar 13\u2026","rel":"","context":"En \u00abDEPORTES\u00bb","block_context":{"text":"DEPORTES","link":"https:\/\/lasprimeras.com.do\/index.php\/category\/deportes\/"},"img":{"alt_text":"","src":"https:\/\/i0.wp.com\/lasprimeras.com.do\/wp-content\/uploads\/2025\/05\/NBA.jpg?resize=350%2C200&ssl=1","width":350,"height":200,"srcset":"https:\/\/i0.wp.com\/lasprimeras.com.do\/wp-content\/uploads\/2025\/05\/NBA.jpg?resize=350%2C200&ssl=1 1x, https:\/\/i0.wp.com\/lasprimeras.com.do\/wp-content\/uploads\/2025\/05\/NBA.jpg?resize=525%2C300&ssl=1 1.5x, https:\/\/i0.wp.com\/lasprimeras.com.do\/wp-content\/uploads\/2025\/05\/NBA.jpg?resize=700%2C400&ssl=1 2x"},"classes":[]},{"id":98583,"url":"https:\/\/lasprimeras.com.do\/index.php\/2025\/05\/09\/curry-reconoce-que-la-paciencia-sera-clave-mientras-lidia-con-su-lesion-en-tendon-de-la-corva\/","url_meta":{"origin":120513,"position":2},"title":"Curry reconoce que la paciencia ser\u00e1 clave mientras lidia con su lesi\u00f3n en tend\u00f3n de la corva","author":"Nelson Feliz","date":"9 de mayo de 2025","format":false,"excerpt":"POR TIM REYNOLDS Stephen Curry se sent\u00f3 despu\u00e9s de la pr\u00e1ctica de tiro de los Warriors de Golden State para su partido del jueves en Minneapolis y anunci\u00f3 que se siente genial. No era verdad. \u201cEs sarcasmo\u201d, aclar\u00f3 r\u00e1pidamente el cuatro veces campe\u00f3n de la NBA con los Warriors, por\u2026","rel":"","context":"En \u00abDEPORTES\u00bb","block_context":{"text":"DEPORTES","link":"https:\/\/lasprimeras.com.do\/index.php\/category\/deportes\/"},"img":{"alt_text":"","src":"https:\/\/i0.wp.com\/lasprimeras.com.do\/wp-content\/uploads\/2025\/05\/Stephen-Curry-1.jpg?resize=350%2C200&ssl=1","width":350,"height":200,"srcset":"https:\/\/i0.wp.com\/lasprimeras.com.do\/wp-content\/uploads\/2025\/05\/Stephen-Curry-1.jpg?resize=350%2C200&ssl=1 1x, https:\/\/i0.wp.com\/lasprimeras.com.do\/wp-content\/uploads\/2025\/05\/Stephen-Curry-1.jpg?resize=525%2C300&ssl=1 1.5x, https:\/\/i0.wp.com\/lasprimeras.com.do\/wp-content\/uploads\/2025\/05\/Stephen-Curry-1.jpg?resize=700%2C400&ssl=1 2x"},"classes":[]},{"id":124874,"url":"https:\/\/lasprimeras.com.do\/index.php\/2026\/03\/17\/timberwolves-dejan-fuera-a-anthony-edwards-1-a-2-semanas-por-inflamacion-en-la-rodilla\/","url_meta":{"origin":120513,"position":3},"title":"Timberwolves dejan fuera a Anthony Edwards 1 a 2 semanas por inflamaci\u00f3n en la rodilla","author":"Nelson Feliz","date":"17 de marzo de 2026","format":false,"excerpt":"MINNEAPOLIS (AP) \u2014 El All-Star de los Timberwolves de Minnesota, Anthony Edwards, se perder\u00e1 los pr\u00f3ximos varios partidos por una inflamaci\u00f3n en la rodilla derecha, con el equipo de lleno en la lucha por la posici\u00f3n de playoffs en la Conferencia Oeste. Los Timberwolves anunciaron antes de su partido contra\u2026","rel":"","context":"En \u00abDEPORTES\u00bb","block_context":{"text":"DEPORTES","link":"https:\/\/lasprimeras.com.do\/index.php\/category\/deportes\/"},"img":{"alt_text":"Anthony Edwards","src":"https:\/\/i0.wp.com\/lasprimeras.com.do\/wp-content\/uploads\/2026\/03\/Anthony-Edwards.jpg?resize=350%2C200&ssl=1","width":350,"height":200,"srcset":"https:\/\/i0.wp.com\/lasprimeras.com.do\/wp-content\/uploads\/2026\/03\/Anthony-Edwards.jpg?resize=350%2C200&ssl=1 1x, https:\/\/i0.wp.com\/lasprimeras.com.do\/wp-content\/uploads\/2026\/03\/Anthony-Edwards.jpg?resize=525%2C300&ssl=1 1.5x, https:\/\/i0.wp.com\/lasprimeras.com.do\/wp-content\/uploads\/2026\/03\/Anthony-Edwards.jpg?resize=700%2C400&ssl=1 2x"},"classes":[]},{"id":98400,"url":"https:\/\/lasprimeras.com.do\/index.php\/2025\/05\/07\/warriors-superan-99-88-a-wolves-en-1er-partido-pese-a-salida-de-curry-por-lesion-en-muslo\/","url_meta":{"origin":120513,"position":4},"title":"Warriors superan 99-88 a Wolves en 1er partido pese a salida de Curry por lesi\u00f3n en muslo","author":"Nelson Feliz","date":"7 de mayo de 2025","format":false,"excerpt":"POR DAVE CAMPBELL MINNEAPOLIS (AP) \u2014 Stephen Curry estaba ya en los vestuarios, con una bolsa de hielo colocada sobre una pierna, cuando sus compa\u00f1eros de Golden State llegaron para tomarse el descanso, disfrutando una ventaja c\u00f3moda. Los Warriors se cercioraron de sacar la mejor parte de una situaci\u00f3n adversa.\u2026","rel":"","context":"En \u00abDEPORTES\u00bb","block_context":{"text":"DEPORTES","link":"https:\/\/lasprimeras.com.do\/index.php\/category\/deportes\/"},"img":{"alt_text":"Stephen Curry","src":"https:\/\/i0.wp.com\/lasprimeras.com.do\/wp-content\/uploads\/2025\/05\/Stephen-Curry.jpg?resize=350%2C200&ssl=1","width":350,"height":200,"srcset":"https:\/\/i0.wp.com\/lasprimeras.com.do\/wp-content\/uploads\/2025\/05\/Stephen-Curry.jpg?resize=350%2C200&ssl=1 1x, https:\/\/i0.wp.com\/lasprimeras.com.do\/wp-content\/uploads\/2025\/05\/Stephen-Curry.jpg?resize=525%2C300&ssl=1 1.5x, https:\/\/i0.wp.com\/lasprimeras.com.do\/wp-content\/uploads\/2025\/05\/Stephen-Curry.jpg?resize=700%2C400&ssl=1 2x"},"classes":[]},{"id":118300,"url":"https:\/\/lasprimeras.com.do\/index.php\/2025\/12\/26\/jokic-logra-triple-doble-con-56-puntos-en-navidad-y-nuggets-vencen-a-timberwolves-en-prorroga\/","url_meta":{"origin":120513,"position":5},"title":"Jokic logra triple doble con 56 puntos en Navidad y Nuggets vencen a Timberwolves en pr\u00f3rroga","author":"Nelson Feliz","date":"26 de diciembre de 2025","format":false,"excerpt":"DENVER (AP) \u2014 Nikola Jokic brill\u00f3 en la Navidad con un triple-doble de 56 puntos y estableci\u00f3 un r\u00e9cord de la NBA con 18 unidades en tiempo extra, para guiar el jueves a los Nuggets de Denver hacia una victoria de 142-138 sobre los Timberwolves de Minnesota. Jokic rompi\u00f3 el\u2026","rel":"","context":"En \u00abDEPORTES\u00bb","block_context":{"text":"DEPORTES","link":"https:\/\/lasprimeras.com.do\/index.php\/category\/deportes\/"},"img":{"alt_text":"Nikola Jokic brill\u00f3 en la Navidad","src":"https:\/\/i0.wp.com\/lasprimeras.com.do\/wp-content\/uploads\/2025\/12\/Nikola-Jokic-brillo-en-la-Navidad.jpg?resize=350%2C200&ssl=1","width":350,"height":200,"srcset":"https:\/\/i0.wp.com\/lasprimeras.com.do\/wp-content\/uploads\/2025\/12\/Nikola-Jokic-brillo-en-la-Navidad.jpg?resize=350%2C200&ssl=1 1x, https:\/\/i0.wp.com\/lasprimeras.com.do\/wp-content\/uploads\/2025\/12\/Nikola-Jokic-brillo-en-la-Navidad.jpg?resize=525%2C300&ssl=1 1.5x, https:\/\/i0.wp.com\/lasprimeras.com.do\/wp-content\/uploads\/2025\/12\/Nikola-Jokic-brillo-en-la-Navidad.jpg?resize=700%2C400&ssl=1 2x"},"classes":[]}],"jetpack_sharing_enabled":true,"_links":{"self":[{"href":"https:\/\/lasprimeras.com.do\/index.php\/wp-json\/wp\/v2\/posts\/120513","targetHints":{"allow":["GET"]}}],"collection":[{"href":"https:\/\/lasprimeras.com.do\/index.php\/wp-json\/wp\/v2\/posts"}],"about":[{"href":"https:\/\/lasprimeras.com.do\/index.php\/wp-json\/wp\/v2\/types\/post"}],"author":[{"embeddable":true,"href":"https:\/\/lasprimeras.com.do\/index.php\/wp-json\/wp\/v2\/users\/10"}],"replies":[{"embeddable":true,"href":"https:\/\/lasprimeras.com.do\/index.php\/wp-json\/wp\/v2\/comments?post=120513"}],"version-history":[{"count":1,"href":"https:\/\/lasprimeras.com.do\/index.php\/wp-json\/wp\/v2\/posts\/120513\/revisions"}],"predecessor-version":[{"id":120515,"href":"https:\/\/lasprimeras.com.do\/index.php\/wp-json\/wp\/v2\/posts\/120513\/revisions\/120515"}],"wp:featuredmedia":[{"embeddable":true,"href":"https:\/\/lasprimeras.com.do\/index.php\/wp-json\/wp\/v2\/media\/120514"}],"wp:attachment":[{"href":"https:\/\/lasprimeras.com.do\/index.php\/wp-json\/wp\/v2\/media?parent=120513"}],"wp:term":[{"taxonomy":"category","embeddable":true,"href":"https:\/\/lasprimeras.com.do\/index.php\/wp-json\/wp\/v2\/categories?post=120513"},{"taxonomy":"post_tag","embeddable":true,"href":"https:\/\/lasprimeras.com.do\/index.php\/wp-json\/wp\/v2\/tags?post=120513"}],"curies":[{"name":"wp","href":"https:\/\/api.w.org\/{rel}","templated":true}]}}