{"id":120516,"date":"2026-01-25T11:49:43","date_gmt":"2026-01-25T15:49:43","guid":{"rendered":"https:\/\/lasprimeras.com.do\/?p=120516"},"modified":"2026-01-25T11:49:45","modified_gmt":"2026-01-25T15:49:45","slug":"real-madrid-toma-la-cima-de-la-liga-con-victoria-ante-villarreal-gracias-a-doblete-de-mbappe","status":"publish","type":"post","link":"https:\/\/lasprimeras.com.do\/index.php\/2026\/01\/25\/real-madrid-toma-la-cima-de-la-liga-con-victoria-ante-villarreal-gracias-a-doblete-de-mbappe\/","title":{"rendered":"Real Madrid toma la cima de La Liga con victoria ante Villarreal gracias a doblete de Mbapp\u00e9"},"content":{"rendered":"\n<p>POR JOSEPH WILSON<\/p>\n\n\n\n<p>BARCELONA (AP) \u2014 A pesar de un cambio de entrenador y un juego deficiente que molest\u00f3 a sus aficionados, el Real Madrid regres\u00f3 a la cima de La Liga despu\u00e9s gracias a un doblete de Kylian Mbapp\u00e9 en la victoria el s\u00e1bado 2-0 sobre el Villarreal.<\/p>\n\n\n\n<p>Mbapp\u00e9 anot\u00f3 al inicio de la segunda mitad y a\u00f1adi\u00f3 un penal en tiempo de descuento para asegurar que el Madrid se colocara dos puntos por encima del Barcelona, que necesitar\u00e1 vencer al colista Real Oviedo en casa el domingo para recuperar el primer lugar.<\/p>\n\n\n\n<p>Esos fueron los goles n\u00famero 20 y 21 de Mbapp\u00e9, l\u00edder de La Liga, en 20 apariciones.<\/p>\n\n\n\n<p>El Madrid se ha mantenido cerca del Barcelona a pesar de no estar jugando al nivel que exigen sus exigentes directivos y seguidores.<\/p>\n\n\n\n<p>El club despidi\u00f3 al entrenador Xabi Alonso despu\u00e9s de perder ante el Barcelona la final de la Supercopa de Espa\u00f1a hace dos semanas, solo para que el equipo tambi\u00e9n sufriera una vergonzosa eliminaci\u00f3n ante un equipo de segunda divisi\u00f3n en la Copa del Rey en el debut de su reemplazo, \u00c1lvaro Arbeloa.<\/p>\n\n\n\n<p>El repentino cambio de entrenador y el mal juego provocaron protestas de los aficionados durante los dos \u00faltimos partidos en casa del Madrid, un par de victorias en La Liga y la Liga de Campeones.<\/p>\n\n\n\n<p>Pero una derrota del Barcelona en la Real Sociedad el fin de semana pasado abri\u00f3 la puerta para que el Madrid se adelantara en Villarreal. Y ahora Arbeloa ha dirigido tres c\u00f3modas victorias consecutivas.<\/p>\n\n\n\n<p>El Villarreal a\u00fan tiene un partido m\u00e1s por jugar, pero cay\u00f3 al cuarto lugar a diez puntos detr\u00e1s del Madrid.<\/p>\n\n\n\n<p>H\u00e9roe de Senegal de vuelta en el Villarreal<\/p>\n\n\n\n<p>Pape Gueye, que se convirti\u00f3 en el h\u00e9roe de Senegal gracias a su gol en tiempo extra para vencer a Marruecos en la final de la Copa Africana de Naciones la semana pasada, regres\u00f3 a la alineaci\u00f3n titular del Villarreal.<\/p>\n\n\n\n<p>El largo disparo de Gueye desde fuera del \u00e1rea apenas fall\u00f3 en la mejor oportunidad del anfitri\u00f3n en la primera mitad.<\/p>\n\n\n\n<p>El delantero marroqu\u00ed Brahim D\u00edaz, quien fall\u00f3 un penalti que podr\u00eda haber dado la ventaja a Marruecos al final del tiempo de descuento, entr\u00f3 como suplente en la segunda mitad para el Madrid.<\/p>\n\n\n\n<p>Mbapp\u00e9 aprovecha un despeje fallido<\/p>\n\n\n\n<p>Mbapp\u00e9 aprovech\u00f3 un bal\u00f3n suelto para anotar a los 47 minutos.<\/p>\n\n\n\n<p>Vin\u00edcius J\u00fanior dribl\u00f3 hasta la l\u00ednea de fondo por el lado izquierdo y su pase al centro fue desviado por Gueye. Pero Mbapp\u00e9 fue el m\u00e1s r\u00e1pido al bal\u00f3n y lo remat\u00f3 por debajo del portero Luiz J\u00fanior.<\/p>\n\n\n\n<p>Gerard Moreno tuvo una excelente oportunidad de igualar para el Villarreal al 63 cuando una jugada preparada lo dej\u00f3 solo en el centro del \u00e1rea, pero dispar\u00f3 alto.<\/p>\n\n\n\n<p>Mbapp\u00e9 convirti\u00f3 el penal que gan\u00f3 despu\u00e9s de ser derribado por Alfonso Pedraza.<\/p>\n\n\n\n<p>El Villarreal perdi\u00f3 al defensor argentino Juan Foyth por una lesi\u00f3n en la pierna izquierda en la primera mitad.<\/p>\n\n\n\n<p>El Espanyol sigue estancado<\/p>\n\n\n\n<p>El Valencia super\u00f3 3-2 al Espanyol despu\u00e9s de que el \u00e1rbitro otorgara al anfitri\u00f3n un penal cuestionable en tiempo de descuento cuando se consider\u00f3 que Rub\u00e9n S\u00e1nchez hab\u00eda cometido falta sobre Lucas Beltr\u00e1n.<\/p>\n\n\n\n<p>La revisi\u00f3n de video no anul\u00f3 la decisi\u00f3n inicial, a pesar de que parec\u00eda claro que Beltr\u00e1n choc\u00f3 con S\u00e1nchez antes de caer.<\/p>\n\n\n\n<p>Largie Ramazani convirti\u00f3 el penalti de la victoria para asegurar que la racha sin victorias del Espanyol, que ocupa el quinto lugar, llegara a cuatro partidos.<\/p>\n\n\n\n<p>Apretado en la mitad inferior de la tabla<\/p>\n\n\n\n<p>El Sevilla remont\u00f3 para ganar 2-1 al Athletic Bilbao en casa. Eso rompi\u00f3 una racha de cinco partidos sin ganar para el Sevilla.<\/p>\n\n\n\n<p>Osasuna tambi\u00e9n gan\u00f3 3-1 de visita ante Rayo Vallecano para subir al octavo lugar.<\/p>\n\n\n\n<p>Solo cuatro puntos separan a Osasuna y Getafe, que est\u00e1 en el 17to lugar, en una compacta mitad inferior de la tabla que incluye a Rayo, Sevilla y Athletic.<\/p>\n\n\n\n<p>Se guard\u00f3 un minuto de silencio antes del inicio de todos los partidos de este fin de semana por las v\u00edctimas de dos mortales accidentes de tren en Espa\u00f1a esta semana.<\/p>\n","protected":false},"excerpt":{"rendered":"<p>POR JOSEPH WILSON BARCELONA (AP) \u2014 A pesar de un cambio de entrenador y un juego deficiente que molest\u00f3 a sus aficionados, el Real Madrid regres\u00f3 a la cima de&hellip;<\/p>\n","protected":false},"author":10,"featured_media":120517,"comment_status":"open","ping_status":"open","sticky":false,"template":"","format":"standard","meta":{"content-type":"","jetpack_post_was_ever_published":false,"_jetpack_newsletter_access":"","_jetpack_dont_email_post_to_subs":false,"_jetpack_newsletter_tier_id":0,"_jetpack_memberships_contains_paywalled_content":false,"_jetpack_memberships_contains_paid_content":false,"footnotes":""},"categories":[630],"tags":[9881,12271,29716,29715,17682,7385,2779,29714],"class_list":["post-120516","post","type-post","status-publish","format-standard","has-post-thumbnail","hentry","category-deportes","tag-cima","tag-doblete","tag-kylian","tag-la-liga","tag-real-madrid","tag-toma","tag-victoria","tag-villarreal"],"jetpack_featured_media_url":"https:\/\/lasprimeras.com.do\/wp-content\/uploads\/2026\/01\/KYLIAN.jpg","jetpack-related-posts":[{"id":99693,"url":"https:\/\/lasprimeras.com.do\/index.php\/2025\/05\/26\/lewandowski-anota-dos-para-el-campeon-barcelona-pero-no-alcanza-a-mbappe-por-el-titulo-de-goleo\/","url_meta":{"origin":120516,"position":0},"title":"Lewandowski anota dos para el campe\u00f3n Barcelona, pero no alcanza a Mbapp\u00e9 por el t\u00edtulo de goleo","author":"Nelson Feliz","date":"26 de mayo de 2025","format":false,"excerpt":"POR TALES AZZONI MADRID (AP) \u2014 Barcelona culmin\u00f3 su campa\u00f1a ganadora del t\u00edtulo con una victoria de 3-0 en Athletic Bilbao el domingo, con Robert Lewandowski anotando dos veces pero qued\u00e1ndose corto de alcanzar a Kylian Mbapp\u00e9 como el m\u00e1ximo goleador de La Liga espa\u00f1ola. Lewandowski encontr\u00f3 la red a\u2026","rel":"","context":"En \u00abDEPORTES\u00bb","block_context":{"text":"DEPORTES","link":"https:\/\/lasprimeras.com.do\/index.php\/category\/deportes\/"},"img":{"alt_text":"Robert Lewandowski","src":"https:\/\/i0.wp.com\/lasprimeras.com.do\/wp-content\/uploads\/2025\/05\/Robert-Lewandowski.jpg?resize=350%2C200&ssl=1","width":350,"height":200,"srcset":"https:\/\/i0.wp.com\/lasprimeras.com.do\/wp-content\/uploads\/2025\/05\/Robert-Lewandowski.jpg?resize=350%2C200&ssl=1 1x, https:\/\/i0.wp.com\/lasprimeras.com.do\/wp-content\/uploads\/2025\/05\/Robert-Lewandowski.jpg?resize=525%2C300&ssl=1 1.5x, https:\/\/i0.wp.com\/lasprimeras.com.do\/wp-content\/uploads\/2025\/05\/Robert-Lewandowski.jpg?resize=700%2C400&ssl=1 2x"},"classes":[]},{"id":109057,"url":"https:\/\/lasprimeras.com.do\/index.php\/2025\/09\/14\/mbappe-guia-a-un-madrid-con-10-hacia-la-victoria-ante-real-sociedad-atletico-consigue-1er-triunfo\/","url_meta":{"origin":120516,"position":1},"title":"Mbapp\u00e9 gu\u00eda a un Madrid con 10 hacia la victoria ante Real Sociedad, Atl\u00e9tico consigue 1er triunfo","author":"Nelson Feliz","date":"14 de septiembre de 2025","format":false,"excerpt":"POR JOSEPH WILSON BARCELONA (AP) \u2014 Kylian Mbapp\u00e9 anot\u00f3 un gol y asisti\u00f3 en otro para que un Real Madrid disminuido a diez jugadores venciera el s\u00e1bado 2-1 a la Real Sociedad en La Liga. En tanto, el Atl\u00e9tico de Madrid consigui\u00f3 su primera victoria de la temporada antes de\u2026","rel":"","context":"En \u00abDEPORTES\u00bb","block_context":{"text":"DEPORTES","link":"https:\/\/lasprimeras.com.do\/index.php\/category\/deportes\/"},"img":{"alt_text":"","src":"https:\/\/i0.wp.com\/lasprimeras.com.do\/wp-content\/uploads\/2025\/09\/Kylian-Mbappe-y-Dani-Ceballos-del-Real-Madrid.jpg?resize=350%2C200&ssl=1","width":350,"height":200,"srcset":"https:\/\/i0.wp.com\/lasprimeras.com.do\/wp-content\/uploads\/2025\/09\/Kylian-Mbappe-y-Dani-Ceballos-del-Real-Madrid.jpg?resize=350%2C200&ssl=1 1x, https:\/\/i0.wp.com\/lasprimeras.com.do\/wp-content\/uploads\/2025\/09\/Kylian-Mbappe-y-Dani-Ceballos-del-Real-Madrid.jpg?resize=525%2C300&ssl=1 1.5x, https:\/\/i0.wp.com\/lasprimeras.com.do\/wp-content\/uploads\/2025\/09\/Kylian-Mbappe-y-Dani-Ceballos-del-Real-Madrid.jpg?resize=700%2C400&ssl=1 2x"},"classes":[]},{"id":97166,"url":"https:\/\/lasprimeras.com.do\/index.php\/2025\/04\/16\/mbappe-lesionado-y-abucheado-en-eliminacion-del-real-madrid-en-cuartos-de-la-champions\/","url_meta":{"origin":120516,"position":2},"title":"Mbapp\u00e9 lesionado y abucheado en eliminaci\u00f3n del Real Madrid en cuartos de la Champions","author":"Nelson Feliz","date":"16 de abril de 2025","format":false,"excerpt":"POR TALES AZZONI MADRID (AP) \u2014 No habr\u00e1 t\u00edtulo de la Liga de Campeones para Kylian Mbapp\u00e9 en su primera temporada con el Real Madrid. Despu\u00e9s de varios intentos fallidos con el Paris Saint-Germain, Mbapp\u00e9 se uni\u00f3 al club que ha ganado el t\u00edtulo europeo en 15 ocasiones, con la\u2026","rel":"","context":"En \u00abDEPORTES\u00bb","block_context":{"text":"DEPORTES","link":"https:\/\/lasprimeras.com.do\/index.php\/category\/deportes\/"},"img":{"alt_text":"","src":"https:\/\/i0.wp.com\/lasprimeras.com.do\/wp-content\/uploads\/2025\/04\/Kylian-Mbappe.jpg?resize=350%2C200&ssl=1","width":350,"height":200,"srcset":"https:\/\/i0.wp.com\/lasprimeras.com.do\/wp-content\/uploads\/2025\/04\/Kylian-Mbappe.jpg?resize=350%2C200&ssl=1 1x, https:\/\/i0.wp.com\/lasprimeras.com.do\/wp-content\/uploads\/2025\/04\/Kylian-Mbappe.jpg?resize=525%2C300&ssl=1 1.5x, https:\/\/i0.wp.com\/lasprimeras.com.do\/wp-content\/uploads\/2025\/04\/Kylian-Mbappe.jpg?resize=700%2C400&ssl=1 2x"},"classes":[]},{"id":117203,"url":"https:\/\/lasprimeras.com.do\/index.php\/2025\/12\/09\/mbappe-se-enfrenta-a-haaland-en-la-champions-previo-al-mundial-liverpool-visita-al-inter\/","url_meta":{"origin":120516,"position":3},"title":"Mbapp\u00e9 se enfrenta a Haaland en la Champions, previo al Mundial. Liverpool visita al Inter","author":"Nelson Feliz","date":"9 de diciembre de 2025","format":false,"excerpt":"GINEBRA (AP) \u2014 Un duelo de la Liga de Campeones entre Kylian Mbapp\u00e9 y Erling Haaland era algo que tarde o temprano se iba a dar. En un partido de rutina de la fase de liga, el Real Madrid recibe el mi\u00e9rcoles al Manchester City. Los delanteros m\u00e1s temidos del\u2026","rel":"","context":"En \u00abDEPORTES\u00bb","block_context":{"text":"DEPORTES","link":"https:\/\/lasprimeras.com.do\/index.php\/category\/deportes\/"},"img":{"alt_text":"Kylian Mbapp\u00e9","src":"https:\/\/i0.wp.com\/lasprimeras.com.do\/wp-content\/uploads\/2025\/12\/Kylian-Mbappe.jpg?resize=350%2C200&ssl=1","width":350,"height":200,"srcset":"https:\/\/i0.wp.com\/lasprimeras.com.do\/wp-content\/uploads\/2025\/12\/Kylian-Mbappe.jpg?resize=350%2C200&ssl=1 1x, https:\/\/i0.wp.com\/lasprimeras.com.do\/wp-content\/uploads\/2025\/12\/Kylian-Mbappe.jpg?resize=525%2C300&ssl=1 1.5x, https:\/\/i0.wp.com\/lasprimeras.com.do\/wp-content\/uploads\/2025\/12\/Kylian-Mbappe.jpg?resize=700%2C400&ssl=1 2x"},"classes":[]},{"id":83143,"url":"https:\/\/lasprimeras.com.do\/index.php\/2024\/05\/12\/mbappe-recibe-una-acogida-mixta-por-parte-de-la-aficion-en-su-ultimo-partido-en-casa-con-el-psg\/","url_meta":{"origin":120516,"position":4},"title":"Mbapp\u00e9 recibe una acogida mixta por parte de la afici\u00f3n en su \u00faltimo partido en casa con el PSG","author":"Nelson Feliz","date":"12 de mayo de 2024","format":false,"excerpt":"POR JEROME PUGMIRE PAR\u00cdS (AP) \u2014 Kylian Mbapp\u00e9 recibi\u00f3 una recepci\u00f3n mixta por parte de los fan\u00e1ticos del Paris Saint-Germain en su \u00faltimo partido en casa con el club contra Toulouse en la liga francesa el domingo. Cuando se anunciaron las alineaciones en el Parque de los Pr\u00edncipes, hubo fuertes\u2026","rel":"","context":"En \u00abSin categor\u00eda\u00bb","block_context":{"text":"Sin categor\u00eda","link":"https:\/\/lasprimeras.com.do\/index.php\/category\/sin-categoria\/"},"img":{"alt_text":"Mbapp\u00e9","src":"https:\/\/i0.wp.com\/lasprimeras.com.do\/wp-content\/uploads\/2024\/05\/Mbappe.jpg?resize=350%2C200&ssl=1","width":350,"height":200,"srcset":"https:\/\/i0.wp.com\/lasprimeras.com.do\/wp-content\/uploads\/2024\/05\/Mbappe.jpg?resize=350%2C200&ssl=1 1x, https:\/\/i0.wp.com\/lasprimeras.com.do\/wp-content\/uploads\/2024\/05\/Mbappe.jpg?resize=525%2C300&ssl=1 1.5x, https:\/\/i0.wp.com\/lasprimeras.com.do\/wp-content\/uploads\/2024\/05\/Mbappe.jpg?resize=700%2C400&ssl=1 2x"},"classes":[]},{"id":76958,"url":"https:\/\/lasprimeras.com.do\/index.php\/2024\/02\/16\/mbappe-anuncia-no-seguira-en-la-proxima-temporada-con-el-psg\/","url_meta":{"origin":120516,"position":5},"title":"Mbapp\u00e9 anuncia no seguir\u00e1 en la pr\u00f3xima temporada con el PSG","author":"BIMARY DE JES\u00daS Matos","date":"16 de febrero de 2024","format":false,"excerpt":"Par\u00eds.- Kylian Mbapp\u00e9 ha comunicado a los dirigentes del Paris Saint Germain (PSG) que se marchar\u00e1 este verano, seg\u00fan ha informado este jueves\u00a0la prensa francesa, en un nuevo episodio de la gesti\u00f3n sobre el futuro del deportista. Tras largos meses, Kylian Mbapp\u00e9 ha anunciado a la directiva del PSG que\u2026","rel":"","context":"En \u00abSin categor\u00eda\u00bb","block_context":{"text":"Sin categor\u00eda","link":"https:\/\/lasprimeras.com.do\/index.php\/category\/sin-categoria\/"},"img":{"alt_text":"","src":"https:\/\/i0.wp.com\/lasprimeras.com.do\/wp-content\/uploads\/2024\/02\/Kilyan-Mbappe-768x432-1.webp?resize=350%2C200&ssl=1","width":350,"height":200,"srcset":"https:\/\/i0.wp.com\/lasprimeras.com.do\/wp-content\/uploads\/2024\/02\/Kilyan-Mbappe-768x432-1.webp?resize=350%2C200&ssl=1 1x, https:\/\/i0.wp.com\/lasprimeras.com.do\/wp-content\/uploads\/2024\/02\/Kilyan-Mbappe-768x432-1.webp?resize=525%2C300&ssl=1 1.5x, https:\/\/i0.wp.com\/lasprimeras.com.do\/wp-content\/uploads\/2024\/02\/Kilyan-Mbappe-768x432-1.webp?resize=700%2C400&ssl=1 2x"},"classes":[]}],"jetpack_sharing_enabled":true,"_links":{"self":[{"href":"https:\/\/lasprimeras.com.do\/index.php\/wp-json\/wp\/v2\/posts\/120516","targetHints":{"allow":["GET"]}}],"collection":[{"href":"https:\/\/lasprimeras.com.do\/index.php\/wp-json\/wp\/v2\/posts"}],"about":[{"href":"https:\/\/lasprimeras.com.do\/index.php\/wp-json\/wp\/v2\/types\/post"}],"author":[{"embeddable":true,"href":"https:\/\/lasprimeras.com.do\/index.php\/wp-json\/wp\/v2\/users\/10"}],"replies":[{"embeddable":true,"href":"https:\/\/lasprimeras.com.do\/index.php\/wp-json\/wp\/v2\/comments?post=120516"}],"version-history":[{"count":1,"href":"https:\/\/lasprimeras.com.do\/index.php\/wp-json\/wp\/v2\/posts\/120516\/revisions"}],"predecessor-version":[{"id":120518,"href":"https:\/\/lasprimeras.com.do\/index.php\/wp-json\/wp\/v2\/posts\/120516\/revisions\/120518"}],"wp:featuredmedia":[{"embeddable":true,"href":"https:\/\/lasprimeras.com.do\/index.php\/wp-json\/wp\/v2\/media\/120517"}],"wp:attachment":[{"href":"https:\/\/lasprimeras.com.do\/index.php\/wp-json\/wp\/v2\/media?parent=120516"}],"wp:term":[{"taxonomy":"category","embeddable":true,"href":"https:\/\/lasprimeras.com.do\/index.php\/wp-json\/wp\/v2\/categories?post=120516"},{"taxonomy":"post_tag","embeddable":true,"href":"https:\/\/lasprimeras.com.do\/index.php\/wp-json\/wp\/v2\/tags?post=120516"}],"curies":[{"name":"wp","href":"https:\/\/api.w.org\/{rel}","templated":true}]}}