{"id":120519,"date":"2026-01-25T11:59:00","date_gmt":"2026-01-25T15:59:00","guid":{"rendered":"https:\/\/lasprimeras.com.do\/?p=120519"},"modified":"2026-01-25T11:59:02","modified_gmt":"2026-01-25T15:59:02","slug":"gaethje-vence-a-pimblett-y-gana-el-titulo-interino-de-peso-ligero-en-ufc-324","status":"publish","type":"post","link":"https:\/\/lasprimeras.com.do\/index.php\/2026\/01\/25\/gaethje-vence-a-pimblett-y-gana-el-titulo-interino-de-peso-ligero-en-ufc-324\/","title":{"rendered":"Gaethje vence a Pimblett y gana el t\u00edtulo interino de peso ligero en UFC 324"},"content":{"rendered":"\n<p>POR MARK ANDERSON<\/p>\n\n\n\n<p>LAS VEGAS (AP) \u2014 Justin Gaethje atac\u00f3 a Paddy Pimblett desde el principio, y su agresividad lo llev\u00f3 el s\u00e1bado a una victoria por decisi\u00f3n un\u00e1nime y una sorpresa en la contienda por el t\u00edtulo interino de peso ligero en la funci\u00f3n UFC 324.<\/p>\n\n\n\n<p>En la primera cartelera de UFC en Paramount+, los jueces otorgaron la victoria a Gaethje (27-5) con puntuaciones de 48-47, 49-46 y 49-46. The Associated Press dio 48-47 a favor de Gaethje.<\/p>\n\n\n\n<p>Pimblett (23-4) era el favorito con -250 en BetMGM Sportsbook.<\/p>\n\n\n\n<p>En la otra pelea principal, el tercer clasificado en el peso gallo, Sean O\u2019Malley (19-3) de Phoenix, derrot\u00f3 al n\u00famero cinco Song Yadong (22-9-1) de China por decisi\u00f3n un\u00e1nime.<\/p>\n\n\n\n<p>Los tres jueces dictaminaron 29-28. O\u2019Malley pareci\u00f3 en serios problemas antes de armar su mejor ronda en el tercer episodio.<\/p>\n\n\n\n<p>Gaethje, un peleador de 37 a\u00f1os que lucha desde Denver, fue el agresor desde el principio. Conect\u00f3 una serie de golpes aproximadamente un minuto y medio despu\u00e9s de iniciada la pelea y llev\u00f3 a Pimblett al suelo.<\/p>\n\n\n\n<p>La paliza continu\u00f3 en el segundo asalto cuando Gaethje derrib\u00f3 al ingl\u00e9s de 31 a\u00f1os tres veces.<\/p>\n\n\n\n<p>En la tercera ocasi\u00f3n, con unos 30 segundos restantes, Gaethje fue implacable al golpear el rostro de Pimblett.<\/p>\n\n\n\n<p>Pero Pimblett comenz\u00f3 a mejorar en el tercer asalto a pesar de sangrar por su ojo derecho. Conect\u00f3 suficientes golpes mientras permanec\u00eda de pie para volver a meterse en la pelea.<\/p>\n\n\n\n<p>Al menos temporalmente.<\/p>\n\n\n\n<p>Una fuerte combinaci\u00f3n de Gaethje a mitad del cuarto asalto volvi\u00f3 a inclinar la pelea a su favor. Aunque fue llevado al suelo al final del asalto, fue Gaethje quien golpe\u00f3 el rostro de Pimblett.<\/p>\n\n\n\n<p>Ambos se acercaron al quinto asalto como si no quisieran dejarlo en manos de los jueces, y Pimblett arm\u00f3 una combinaci\u00f3n con aproximadamente un minuto restante.<\/p>\n\n\n\n<p>La multitud se puso de pie para aplaudir a ambos peleadores cuando son\u00f3 la campana final, un homenaje a una pelea entretenida y llena de acci\u00f3n.<\/p>\n","protected":false},"excerpt":{"rendered":"<p>POR MARK ANDERSON LAS VEGAS (AP) \u2014 Justin Gaethje atac\u00f3 a Paddy Pimblett desde el principio, y su agresividad lo llev\u00f3 el s\u00e1bado a una victoria por decisi\u00f3n un\u00e1nime y&hellip;<\/p>\n","protected":false},"author":10,"featured_media":120520,"comment_status":"open","ping_status":"open","sticky":false,"template":"","format":"standard","meta":{"content-type":"","jetpack_post_was_ever_published":false,"_jetpack_newsletter_access":"","_jetpack_dont_email_post_to_subs":false,"_jetpack_newsletter_tier_id":0,"_jetpack_memberships_contains_paywalled_content":false,"_jetpack_memberships_contains_paid_content":false,"footnotes":""},"categories":[630],"tags":[29717],"class_list":["post-120519","post","type-post","status-publish","format-standard","has-post-thumbnail","hentry","category-deportes","tag-gaethje-vence-a-pimblett"],"jetpack_featured_media_url":"https:\/\/lasprimeras.com.do\/wp-content\/uploads\/2026\/01\/Gaethje-vence-a-Pimblett.jpg","jetpack-related-posts":[{"id":121129,"url":"https:\/\/lasprimeras.com.do\/index.php\/2026\/02\/01\/alexander-volkanovski-domina-a-diego-lopes-por-decision-unanime-en-ufc-325-en-australia\/","url_meta":{"origin":120519,"position":0},"title":"Alexander Volkanovski domina a Diego Lopes por decisi\u00f3n un\u00e1nime en UFC 325 en Australia","author":"Nelson Feliz","date":"1 de febrero de 2026","format":false,"excerpt":"SYDNEY (AP) \u2014 En una actuaci\u00f3n magistral el domingo por la tarde, como lo ha hecho tantas otras veces, Alexander Volkanovski defendi\u00f3 con \u00e9xito su t\u00edtulo de peso pluma con una decisi\u00f3n un\u00e1nime sobre el brasile\u00f1o Diego Lopes en la funci\u00f3n UFC 325. Volkanovski (29-4-0), gan\u00f3 en las tarjetas de\u2026","rel":"","context":"En \u00abDEPORTES\u00bb","block_context":{"text":"DEPORTES","link":"https:\/\/lasprimeras.com.do\/index.php\/category\/deportes\/"},"img":{"alt_text":"Alexander Volkanovski domina a Diego Lopes","src":"https:\/\/i0.wp.com\/lasprimeras.com.do\/wp-content\/uploads\/2026\/02\/Alexander-Volkanovski-domina-a-Diego-Lopes.jpg?resize=350%2C200&ssl=1","width":350,"height":200,"srcset":"https:\/\/i0.wp.com\/lasprimeras.com.do\/wp-content\/uploads\/2026\/02\/Alexander-Volkanovski-domina-a-Diego-Lopes.jpg?resize=350%2C200&ssl=1 1x, https:\/\/i0.wp.com\/lasprimeras.com.do\/wp-content\/uploads\/2026\/02\/Alexander-Volkanovski-domina-a-Diego-Lopes.jpg?resize=525%2C300&ssl=1 1.5x, https:\/\/i0.wp.com\/lasprimeras.com.do\/wp-content\/uploads\/2026\/02\/Alexander-Volkanovski-domina-a-Diego-Lopes.jpg?resize=700%2C400&ssl=1 2x"},"classes":[]},{"id":124059,"url":"https:\/\/lasprimeras.com.do\/index.php\/2026\/03\/08\/charles-oliveira-le-quita-el-titulo-bmf-a-max-holloway-en-la-ufc-326\/","url_meta":{"origin":120519,"position":1},"title":"Charles Oliveira le quita el t\u00edtulo BMF a Max Holloway en la UFC 326","author":"Nelson Feliz","date":"8 de marzo de 2026","format":false,"excerpt":"POR W.G. RAM\u00cdREZ LAS VEGAS (AP) \u2014 Charles Oliveira finalmente se veng\u00f3 de una derrota que se le hab\u00eda quedado grabada en la mente, al superar el s\u00e1bado por decisi\u00f3n un\u00e1nime a Max Holloway para ganar el t\u00edtulo BMF. Tuvieron que pasar casi 11 a\u00f1os. Los cinco jueces dieron una\u2026","rel":"","context":"En \u00abDEPORTES\u00bb","block_context":{"text":"DEPORTES","link":"https:\/\/lasprimeras.com.do\/index.php\/category\/deportes\/"},"img":{"alt_text":"","src":"https:\/\/i0.wp.com\/lasprimeras.com.do\/wp-content\/uploads\/2026\/03\/Charles-Oliveira-le-quita-el-titulo-BMF-a-Max-Holloway-en-la-UFC-326.jpg?resize=350%2C200&ssl=1","width":350,"height":200,"srcset":"https:\/\/i0.wp.com\/lasprimeras.com.do\/wp-content\/uploads\/2026\/03\/Charles-Oliveira-le-quita-el-titulo-BMF-a-Max-Holloway-en-la-UFC-326.jpg?resize=350%2C200&ssl=1 1x, https:\/\/i0.wp.com\/lasprimeras.com.do\/wp-content\/uploads\/2026\/03\/Charles-Oliveira-le-quita-el-titulo-BMF-a-Max-Holloway-en-la-UFC-326.jpg?resize=525%2C300&ssl=1 1.5x, https:\/\/i0.wp.com\/lasprimeras.com.do\/wp-content\/uploads\/2026\/03\/Charles-Oliveira-le-quita-el-titulo-BMF-a-Max-Holloway-en-la-UFC-326.jpg?resize=700%2C400&ssl=1 2x"},"classes":[]},{"id":109054,"url":"https:\/\/lasprimeras.com.do\/index.php\/2025\/09\/14\/terence-crawford-hace-historia-con-victoria-sobre-canelo-alvarez-y-nuevo-monopolio-de-titulos\/","url_meta":{"origin":120519,"position":2},"title":"Terence Crawford hace historia con victoria sobre Canelo \u00c1lvarez y nuevo monopolio de t\u00edtulos","author":"Nelson Feliz","date":"14 de septiembre de 2025","format":false,"excerpt":"POR MARK ANDERSON LAS VEGAS (AP) \u2014 Terence Crawford se convirti\u00f3 en el primer boxeador en unificar los t\u00edtulos de tres divisiones diferentes, tras imponerse el s\u00e1bado por decisi\u00f3n un\u00e1nime a Sa\u00fal \u201cCanelo\u201d \u00c1lvarez para apoderarse de los cetros de los supermedianos. Ante una multitud r\u00e9cord de 70.482 espectadores, dos\u2026","rel":"","context":"En \u00abDEPORTES\u00bb","block_context":{"text":"DEPORTES","link":"https:\/\/lasprimeras.com.do\/index.php\/category\/deportes\/"},"img":{"alt_text":"","src":"https:\/\/i0.wp.com\/lasprimeras.com.do\/wp-content\/uploads\/2025\/09\/Terence-Crawford-hace-historia-con-victoria-sobre-Canelo-Alvarez-y-nuevo-monopolio-de-titulos.jpg?resize=350%2C200&ssl=1","width":350,"height":200,"srcset":"https:\/\/i0.wp.com\/lasprimeras.com.do\/wp-content\/uploads\/2025\/09\/Terence-Crawford-hace-historia-con-victoria-sobre-Canelo-Alvarez-y-nuevo-monopolio-de-titulos.jpg?resize=350%2C200&ssl=1 1x, https:\/\/i0.wp.com\/lasprimeras.com.do\/wp-content\/uploads\/2025\/09\/Terence-Crawford-hace-historia-con-victoria-sobre-Canelo-Alvarez-y-nuevo-monopolio-de-titulos.jpg?resize=525%2C300&ssl=1 1.5x, https:\/\/i0.wp.com\/lasprimeras.com.do\/wp-content\/uploads\/2025\/09\/Terence-Crawford-hace-historia-con-victoria-sobre-Canelo-Alvarez-y-nuevo-monopolio-de-titulos.jpg?resize=700%2C400&ssl=1 2x"},"classes":[]},{"id":48925,"url":"https:\/\/lasprimeras.com.do\/index.php\/2023\/05\/05\/reportan-un-tiroteo-en-la-casa-de-la-estrella-de-ufc-jorge-masvidal\/","url_meta":{"origin":120519,"position":3},"title":"Reportan un tiroteo en la casa de la estrella de UFC Jorge Masvidal","author":"prenxa100","date":"5 de mayo de 2023","format":false,"excerpt":"Seg\u00fan fuentes policiales, el padre del exluchador estadounidense se encuentra bajo custodia como posible autor del ataque. Miami-Dade, Florida, RT.-.Una persona recibi\u00f3 al menos dos tiros en la casa de la estrella de artes marciales mixtas (MMA, por sus siglas en ingl\u00e9s) Jorge Masvidal, quien es recordado por haber logrado\u2026","rel":"","context":"En \u00abSin categor\u00eda\u00bb","block_context":{"text":"Sin categor\u00eda","link":"https:\/\/lasprimeras.com.do\/index.php\/category\/sin-categoria\/"},"img":{"alt_text":"","src":"","width":0,"height":0},"classes":[]},{"id":95701,"url":"https:\/\/lasprimeras.com.do\/index.php\/2025\/03\/18\/conor-mcgregor-se-reunio-con-donald-trump-en-la-casa-blanca-y-despotrico-sobre-la-inmigracion-irregular\/","url_meta":{"origin":120519,"position":4},"title":"Conor McGregor se reuni\u00f3 con Donald Trump en la Casa Blanca y despotric\u00f3 sobre la inmigraci\u00f3n irregular","author":"Nelson Feliz","date":"18 de marzo de 2025","format":false,"excerpt":"Mcgregor fue condenado en noviembre de 2024 por violaci\u00f3n a Nikita Hands con obligaci\u00f3n a pagar una indemnizaci\u00f3n de $273,000 d\u00f3lares. Por Alfredo Di Cesare Acostumbrado a su estilo controversial, Conor McGregor apareci\u00f3 este lunes como invitado en la Casa Blanca en Washington para reunirse con el mandatario Donald Trump\u2026","rel":"","context":"En \u00abINTERNACIONALES\u00bb","block_context":{"text":"INTERNACIONALES","link":"https:\/\/lasprimeras.com.do\/index.php\/category\/sin-categoria\/internacionales\/"},"img":{"alt_text":"Conor McGregor","src":"https:\/\/i0.wp.com\/lasprimeras.com.do\/wp-content\/uploads\/2025\/03\/Conor-McGregor.jpg?resize=350%2C200&ssl=1","width":350,"height":200,"srcset":"https:\/\/i0.wp.com\/lasprimeras.com.do\/wp-content\/uploads\/2025\/03\/Conor-McGregor.jpg?resize=350%2C200&ssl=1 1x, https:\/\/i0.wp.com\/lasprimeras.com.do\/wp-content\/uploads\/2025\/03\/Conor-McGregor.jpg?resize=525%2C300&ssl=1 1.5x, https:\/\/i0.wp.com\/lasprimeras.com.do\/wp-content\/uploads\/2025\/03\/Conor-McGregor.jpg?resize=700%2C400&ssl=1 2x"},"classes":[]},{"id":63549,"url":"https:\/\/lasprimeras.com.do\/index.php\/2023\/10\/13\/miguel-queliz-conquista-titulo-mundial-juvenil-de-la-omb-y-kaipo-gallegos-se-queda-con-el-de-las-130-libras\/","url_meta":{"origin":120519,"position":5},"title":"Miguel Qu\u00e9liz conquista t\u00edtulo mundial juvenil de la OMB y Kaipo Gallegos se queda con el de las 130 libras","author":"Nelson Feliz","date":"13 de octubre de 2023","format":false,"excerpt":"Mientras que el cubano Ernesbadi Begue obtiene el supermediano latino. Por Mart\u00edn Restituyo En un re\u00f1ido combate entre p\u00fagiles dominicanos que estaban invictos, Miguel Qu\u00e9liz venci\u00f3 por decisi\u00f3n un\u00e1nime a su compatriota Yermi Peralta para quedarse con el t\u00edtulo mundial juvenil de las 126 libras, en una cartelera que form\u00f3\u2026","rel":"","context":"En \u00abSin categor\u00eda\u00bb","block_context":{"text":"Sin categor\u00eda","link":"https:\/\/lasprimeras.com.do\/index.php\/category\/sin-categoria\/"},"img":{"alt_text":"El dominicano Miguel Queliz conecta al rostro de su compatriota Yermi Peralta, durante el combate que protagonizaron por el t\u00edtulo mundial juvenil de las 126 libras que avala la Organizaci\u00f3n Mundial de Boxeo.","src":"https:\/\/i0.wp.com\/lasprimeras.com.do\/wp-content\/uploads\/2023\/10\/boxeo-1.jpg?resize=350%2C200&ssl=1","width":350,"height":200,"srcset":"https:\/\/i0.wp.com\/lasprimeras.com.do\/wp-content\/uploads\/2023\/10\/boxeo-1.jpg?resize=350%2C200&ssl=1 1x, https:\/\/i0.wp.com\/lasprimeras.com.do\/wp-content\/uploads\/2023\/10\/boxeo-1.jpg?resize=525%2C300&ssl=1 1.5x"},"classes":[]}],"jetpack_sharing_enabled":true,"_links":{"self":[{"href":"https:\/\/lasprimeras.com.do\/index.php\/wp-json\/wp\/v2\/posts\/120519","targetHints":{"allow":["GET"]}}],"collection":[{"href":"https:\/\/lasprimeras.com.do\/index.php\/wp-json\/wp\/v2\/posts"}],"about":[{"href":"https:\/\/lasprimeras.com.do\/index.php\/wp-json\/wp\/v2\/types\/post"}],"author":[{"embeddable":true,"href":"https:\/\/lasprimeras.com.do\/index.php\/wp-json\/wp\/v2\/users\/10"}],"replies":[{"embeddable":true,"href":"https:\/\/lasprimeras.com.do\/index.php\/wp-json\/wp\/v2\/comments?post=120519"}],"version-history":[{"count":1,"href":"https:\/\/lasprimeras.com.do\/index.php\/wp-json\/wp\/v2\/posts\/120519\/revisions"}],"predecessor-version":[{"id":120521,"href":"https:\/\/lasprimeras.com.do\/index.php\/wp-json\/wp\/v2\/posts\/120519\/revisions\/120521"}],"wp:featuredmedia":[{"embeddable":true,"href":"https:\/\/lasprimeras.com.do\/index.php\/wp-json\/wp\/v2\/media\/120520"}],"wp:attachment":[{"href":"https:\/\/lasprimeras.com.do\/index.php\/wp-json\/wp\/v2\/media?parent=120519"}],"wp:term":[{"taxonomy":"category","embeddable":true,"href":"https:\/\/lasprimeras.com.do\/index.php\/wp-json\/wp\/v2\/categories?post=120519"},{"taxonomy":"post_tag","embeddable":true,"href":"https:\/\/lasprimeras.com.do\/index.php\/wp-json\/wp\/v2\/tags?post=120519"}],"curies":[{"name":"wp","href":"https:\/\/api.w.org\/{rel}","templated":true}]}}