{"id":120522,"date":"2026-01-25T14:48:07","date_gmt":"2026-01-25T18:48:07","guid":{"rendered":"https:\/\/lasprimeras.com.do\/?p=120522"},"modified":"2026-01-25T14:48:10","modified_gmt":"2026-01-25T18:48:10","slug":"abinader-y-jose-antonio-kast-reconocen-avances-del-pais-en-seguridad-y-desarrollo","status":"publish","type":"post","link":"https:\/\/lasprimeras.com.do\/index.php\/2026\/01\/25\/abinader-y-jose-antonio-kast-reconocen-avances-del-pais-en-seguridad-y-desarrollo\/","title":{"rendered":"Abinader y Jos\u00e9 Antonio Kast reconocen avances del pa\u00eds en seguridad y desarrollo"},"content":{"rendered":"\n<p><strong>Presidente electo de Chile valora el modelo dominicano de control fronterizo y fortalece la cooperaci\u00f3n bilateral.<\/strong><\/p>\n\n\n\n<p>El ministro de Defensa, teniente general Carlos Antonio Fern\u00e1ndez Onofre, ERD, present\u00f3 al presidente Luis Abinader y al presidente electo de la Rep\u00fablica de Chile, Jos\u00e9 Antonio Kast, los avances, alcances y beneficios estrat\u00e9gicos de la Verja Perimetral Inteligente Fronteriza, un proyecto prioritario del Gobierno dominicano orientado al fortalecimiento de la seguridad nacional y el control territorial.<\/p>\n\n\n\n<p>Durante el acto, el presidente Abinader resalt\u00f3 la relevancia de la visita del mandatario electo chileno, acompa\u00f1ado de su esposa, y destac\u00f3 el valor simb\u00f3lico de la provincia de Dajab\u00f3n como punto clave de la pol\u00edtica fronteriza y del origen hist\u00f3rico de la naci\u00f3n dominicana.<\/p>\n\n\n\n<p>El jefe de Estado se\u00f1al\u00f3 que se trata de la primera visita oficial del presidente electo de Chile a otro pa\u00eds tras su elecci\u00f3n, lo que consider\u00f3 un reconocimiento a la Rep\u00fablica Dominicana y a los avances logrados en materia de seguridad y desarrollo. <\/p>\n\n\n\n<p>Indic\u00f3 que la delegaci\u00f3n chilena mostr\u00f3 especial inter\u00e9s en conocer experiencias exitosas del pa\u00eds en el control de la delincuencia y en sectores estrat\u00e9gicos de la econom\u00eda.<\/p>\n\n\n\n<p>Explic\u00f3 que estos temas fueron abordados previamente en una reuni\u00f3n bilateral, donde se analizaron pol\u00edticas vinculadas al turismo, las zonas francas y otros sectores que han contribuido al crecimiento econ\u00f3mico, la generaci\u00f3n de empleos y el fortalecimiento institucional.<\/p>\n\n\n\n<p>En ese contexto, el mandatario reiter\u00f3 que la verja perimetral fronteriza constituye una prioridad de alta seguridad nacional y destac\u00f3 que la obra ha permitido avanzar de manera significativa en los objetivos para los cuales fue concebida. <\/p>\n\n\n\n<p>Precis\u00f3 que su ejecuci\u00f3n contin\u00faa de forma progresiva, conforme a las disponibilidades presupuestarias del Estado.<\/p>\n\n\n\n<p>Asimismo, reafirm\u00f3 la disposici\u00f3n de la Rep\u00fablica Dominicana de compartir experiencias y buenas pr\u00e1cticas con Chile, as\u00ed como el inter\u00e9s en conocer iniciativas exitosas que impulse el pr\u00f3ximo gobierno chileno, fortaleciendo la cooperaci\u00f3n y la hermandad entre ambas naciones.<\/p>\n\n\n<div class=\"wp-block-image\">\n<figure class=\"alignleft size-full is-resized\"><img decoding=\"async\" width=\"900\" height=\"600\" src=\"https:\/\/lasprimeras.com.do\/wp-content\/uploads\/2026\/01\/verja.jpg\" alt=\"\" class=\"wp-image-120524\" style=\"aspect-ratio:1.500019097819029;width:374px;height:auto\" srcset=\"https:\/\/lasprimeras.com.do\/wp-content\/uploads\/2026\/01\/verja.jpg 900w, https:\/\/lasprimeras.com.do\/wp-content\/uploads\/2026\/01\/verja-300x200.jpg 300w, https:\/\/lasprimeras.com.do\/wp-content\/uploads\/2026\/01\/verja-768x512.jpg 768w\" sizes=\"(max-width: 900px) 100vw, 900px\" \/><\/figure>\n<\/div>\n\n\n<p><strong>Herramienta clave para la defensa de la soberan\u00eda nacional<\/strong><\/p>\n\n\n\n<p>La presentaci\u00f3n se realiz\u00f3 en el \u00e1rea donde se ejecuta una nueva etapa del proyecto, luego de que la delegaci\u00f3n recorriera varios tramos de la infraestructura, constatando su dise\u00f1o, funcionalidad y capacidad operativa.<\/p>\n\n\n\n<p>Durante la jornada, el ministro Fern\u00e1ndez Onofre destac\u00f3 que la verja perimetral es una herramienta clave para la defensa de la soberan\u00eda nacional, al integrar infraestructura f\u00edsica, tecnolog\u00eda avanzada y un despliegue operativo permanente, lo que ha permitido reducir de manera significativa el tr\u00e1fico il\u00edcito de mercanc\u00edas, armas, drogas e indocumentados, as\u00ed como el robo de veh\u00edculos, motocicletas y ganado en zonas fronterizas.<\/p>\n\n\n\n<p>Explic\u00f3 que el proyecto forma parte de una estrategia integral de seguridad que incluye torres de vigilancia, carreteras de patrullaje, iluminaci\u00f3n solar, sistemas de c\u00e1maras, fibra \u00f3ptica, radiofrecuencia y el uso de drones aut\u00f3nomos, todos monitoreados desde el Centro de Comando, Control, Comunicaciones, Computadoras, Ciberseguridad e Inteligencia (C5i) de las Fuerzas Armadas, garantizando vigilancia continua las 24 horas.<\/p>\n\n\n\n<p>A\u00f1adi\u00f3 que esta visita de alto nivel reafirma el posicionamiento de la Rep\u00fablica Dominicana como referente regional en seguridad fronteriza, infraestructura estrat\u00e9gica y aplicaci\u00f3n de tecnolog\u00edas al servicio de la defensa nacional.<\/p>\n\n\n<div class=\"wp-block-image\">\n<figure class=\"alignright size-full is-resized\"><img decoding=\"async\" width=\"900\" height=\"599\" src=\"https:\/\/lasprimeras.com.do\/wp-content\/uploads\/2026\/01\/chileno.jpg\" alt=\"\" class=\"wp-image-120525\" style=\"aspect-ratio:1.502544285878257;width:340px;height:auto\" srcset=\"https:\/\/lasprimeras.com.do\/wp-content\/uploads\/2026\/01\/chileno.jpg 900w, https:\/\/lasprimeras.com.do\/wp-content\/uploads\/2026\/01\/chileno-300x200.jpg 300w, https:\/\/lasprimeras.com.do\/wp-content\/uploads\/2026\/01\/chileno-768x511.jpg 768w\" sizes=\"(max-width: 900px) 100vw, 900px\" \/><\/figure>\n<\/div>\n\n\n<p><strong>Valora modelo dominicano de control fronterizo y fortalece cooperaci\u00f3n bilateral<\/strong><\/p>\n\n\n\n<p>Al concluir la presentaci\u00f3n, el presidente electo de Chile, Jos\u00e9 Antonio Kast, junto a la ministra de Seguridad, Trinidad Steinbeck, y el ministro de Relaciones Exteriores, Francisco P\u00e9rez Maquena, ofrecieron declaraciones a la prensa nacional e internacional sobre la visita realizada a la frontera entre la Rep\u00fablica Dominicana y Hait\u00ed, con el objetivo de conocer en el terreno el modelo integral de control migratorio y seguridad implementado por las autoridades dominicanas.<\/p>\n\n\n\n<p>Durante el recorrido, las autoridades chilenas observaron el funcionamiento de la verja perimetral, equipada con sistemas de seguridad electr\u00f3nica y f\u00edsica, as\u00ed como el despliegue militar que respalda las labores de vigilancia y control del flujo de personas y mercanc\u00edas. <\/p>\n\n\n\n<p>Kast destac\u00f3 que este enfoque permite conjugar la defensa de la soberan\u00eda con acciones humanitarias y de cooperaci\u00f3n regional.<\/p>\n\n\n\n<p>Acompa\u00f1ado de su esposa, Mar\u00eda P\u00eda Adriasola, resalt\u00f3 la importancia de un control migratorio efectivo, en especial para la detecci\u00f3n de identidades falsas y delitos asociados a la migraci\u00f3n irregular, como la trata de personas y el abuso de menores. <\/p>\n\n\n\n<p>Indic\u00f3 que la experiencia dominicana servir\u00e1 como referencia para fortalecer el plan fronterizo que proyecta implementar en su pa\u00eds.<\/p>\n\n\n\n<p>Asimismo, valor\u00f3 los mecanismos de colaboraci\u00f3n entre la Rep\u00fablica Dominicana y Hait\u00ed, en particular el desarrollo de zonas francas que facilitan la manufactura de bienes y generan empleos, contribuyendo a la estabilidad econ\u00f3mica de la zona fronteriza.<\/p>\n\n\n\n<figure class=\"wp-block-image size-full\"><img decoding=\"async\" width=\"900\" height=\"600\" src=\"https:\/\/lasprimeras.com.do\/wp-content\/uploads\/2026\/01\/militares.jpg\" alt=\"\" class=\"wp-image-120526\" srcset=\"https:\/\/lasprimeras.com.do\/wp-content\/uploads\/2026\/01\/militares.jpg 900w, https:\/\/lasprimeras.com.do\/wp-content\/uploads\/2026\/01\/militares-300x200.jpg 300w, https:\/\/lasprimeras.com.do\/wp-content\/uploads\/2026\/01\/militares-768x512.jpg 768w\" sizes=\"(max-width: 900px) 100vw, 900px\" \/><\/figure>\n\n\n\n<p><strong>Evaluaci\u00f3n del uso combinado de tecnolog\u00eda<\/strong><\/p>\n\n\n\n<p>En tanto, la ministra de Seguridad, Trinidad Steinbeck, destac\u00f3 que la visita permiti\u00f3 evaluar el uso combinado de tecnolog\u00eda, control f\u00edsico y coordinaci\u00f3n institucional como herramientas fundamentales para garantizar la seguridad ciudadana y el fortalecimiento democr\u00e1tico. <\/p>\n\n\n\n<p>Se\u00f1al\u00f3 que el intercambio de informaci\u00f3n entre pa\u00edses ser\u00e1 clave para enfrentar de manera m\u00e1s efectiva los desaf\u00edos comunes en materia migratoria y de crimen organizado.<\/p>\n\n\n\n<p>De su lado, el ministro de Relaciones Exteriores de Chile, Francisco P\u00e9rez Maquena, explic\u00f3 que la delegaci\u00f3n acudi\u00f3 con el prop\u00f3sito de conocer experiencias exitosas que permitan al pr\u00f3ximo gobierno iniciar su gesti\u00f3n con propuestas concretas en seguridad, desarrollo econ\u00f3mico y capital humano, colocando a las personas en el centro de las pol\u00edticas p\u00fablicas.<\/p>\n\n\n\n<p>Al finalizar el encuentro con los medios, el presidente Abinader destac\u00f3 los avances alcanzados por la Rep\u00fablica Dominicana en materia de seguridad ciudadana, afirmando que el pa\u00eds se sit\u00faa entre las naciones con menores tasas de homicidios de Centroam\u00e9rica y el Caribe, como resultado de pol\u00edticas sostenidas de control, prevenci\u00f3n y cooperaci\u00f3n interinstitucional.<\/p>\n\n\n\n<p>Ambas naciones reafirmaron su compromiso de cooperaci\u00f3n en la lucha contra el crimen transnacional, el narcotr\u00e1fico, la trata de personas y la migraci\u00f3n irregular, reconociendo la necesidad de respuestas coordinadas a nivel regional.<\/p>\n\n\n\n<p>Acompa\u00f1aron al presidente Luis Abinader los ministros de Relaciones Exteriores, Roberto \u00c1lvarez; de Vivienda, H\u00e1bitat y Edificaciones, V\u00edctor Ito Bison\u00f3; la gobernadora de Dajab\u00f3n, Severina Gil; el comandante del Ej\u00e9rcito, mayor general Jorge Iv\u00e1n Camino P\u00e9rez; el director general de Migraci\u00f3n, vicealmirante Luis Rafael Lee Ballester; el director del Cuerpo Especializado en Seguridad Fronteriza Terrestre, general de brigada Jos\u00e9 H. Rodr\u00edguez Coste; el supervisor general de la Verja Perimetral Fronteriza, general de brigada Luis Alberto Coronado Abreu; el alcalde Santiago River\u00f3n y el senador Ney Rodr\u00edguez, entre otras autoridades.<\/p>\n\n\n\n<figure class=\"wp-block-embed is-type-video is-provider-youtube wp-block-embed-youtube wp-embed-aspect-16-9 wp-has-aspect-ratio\"><div class=\"wp-block-embed__wrapper\">\n<iframe title=\"Abinader y Jos\u00e9 Antonio Kast reconocen avances del pa\u00eds en materia de seguridad y desarrollo\" width=\"500\" height=\"281\" src=\"https:\/\/www.youtube.com\/embed\/Ib5gJQ7fWs8?feature=oembed\" frameborder=\"0\" allow=\"accelerometer; autoplay; clipboard-write; encrypted-media; gyroscope; picture-in-picture; web-share\" referrerpolicy=\"strict-origin-when-cross-origin\" allowfullscreen><\/iframe>\n<\/div><\/figure>\n","protected":false},"excerpt":{"rendered":"<p>Presidente electo de Chile valora el modelo dominicano de control fronterizo y fortalece la cooperaci\u00f3n bilateral. El ministro de Defensa, teniente general Carlos Antonio Fern\u00e1ndez Onofre, ERD, present\u00f3 al presidente&hellip;<\/p>\n","protected":false},"author":10,"featured_media":120523,"comment_status":"open","ping_status":"open","sticky":false,"template":"","format":"standard","meta":{"content-type":"","jetpack_post_was_ever_published":false,"_jetpack_newsletter_access":"","_jetpack_dont_email_post_to_subs":false,"_jetpack_newsletter_tier_id":0,"_jetpack_memberships_contains_paywalled_content":false,"_jetpack_memberships_contains_paid_content":false,"footnotes":""},"categories":[35,25],"tags":[1192,363,27356,67,29718,728,76],"class_list":["post-120522","post","type-post","status-publish","format-standard","has-post-thumbnail","hentry","category-nacionales","category-portada","tag-avances","tag-desarrollo","tag-jose-antonio-kast","tag-luis-abinader","tag-presidente-electo-de-chile","tag-reconoce","tag-seguridad"],"jetpack_featured_media_url":"https:\/\/lasprimeras.com.do\/wp-content\/uploads\/2026\/01\/pre.jpg","jetpack-related-posts":[{"id":119489,"url":"https:\/\/lasprimeras.com.do\/index.php\/2026\/01\/13\/abinader-felicita-a-jose-antonio-kast-por-su-triunfo-en-las-presidenciales-de-chile\/","url_meta":{"origin":120522,"position":0},"title":"Abinader felicita a Jos\u00e9 Antonio Kast por su triunfo en las presidenciales de Chile","author":"Nelson Feliz","date":"13 de enero de 2026","format":false,"excerpt":"El mandatario inform\u00f3, a trav\u00e9s de su cuenta en la red social X, que sostuvo una conversaci\u00f3n telef\u00f3nica con Kast. El presidente de la Rep\u00fablica, Luis Abinader, felicit\u00f3 la noche de este martes al mandatario electo de Chile, Jos\u00e9 Antonio Kast, tras su victoria en la segunda vuelta de las\u2026","rel":"","context":"En \u00abNACIONALES\u00bb","block_context":{"text":"NACIONALES","link":"https:\/\/lasprimeras.com.do\/index.php\/category\/nacionales\/"},"img":{"alt_text":"El presidente Luis Abinader y su hom\u00f3logo electro de Chile, Jos\u00e9 Antonio Kast.","src":"https:\/\/i0.wp.com\/lasprimeras.com.do\/wp-content\/uploads\/2026\/01\/felicita.jpg?resize=350%2C200&ssl=1","width":350,"height":200,"srcset":"https:\/\/i0.wp.com\/lasprimeras.com.do\/wp-content\/uploads\/2026\/01\/felicita.jpg?resize=350%2C200&ssl=1 1x, https:\/\/i0.wp.com\/lasprimeras.com.do\/wp-content\/uploads\/2026\/01\/felicita.jpg?resize=525%2C300&ssl=1 1.5x, https:\/\/i0.wp.com\/lasprimeras.com.do\/wp-content\/uploads\/2026\/01\/felicita.jpg?resize=700%2C400&ssl=1 2x"},"classes":[]},{"id":124287,"url":"https:\/\/lasprimeras.com.do\/index.php\/2026\/03\/10\/abinader-viaja-a-chile-para-transmision-de-mando-del-mandatario-electo-jose-antonio-kast-rist\/","url_meta":{"origin":120522,"position":1},"title":"Abinader viaja a Chile para transmisi\u00f3n de mando del mandatario electo Jos\u00e9 Antonio Kast Rist","author":"Nelson Feliz","date":"10 de marzo de 2026","format":false,"excerpt":"El presidente Luis Abinader sali\u00f3 este martes a la Rep\u00fablica de Chile para participar en los actos oficiales de la transmisi\u00f3n de mando presidencial de esa naci\u00f3n sudamericana, donde asumir\u00e1 el nuevo mandatario chileno, Jos\u00e9 Antonio Kast Rist. A su llegada a territorio chileno como parte de la agenda oficial,\u2026","rel":"","context":"En \u00abNACIONALES\u00bb","block_context":{"text":"NACIONALES","link":"https:\/\/lasprimeras.com.do\/index.php\/category\/nacionales\/"},"img":{"alt_text":"Luis Abinader","src":"https:\/\/i0.wp.com\/lasprimeras.com.do\/wp-content\/uploads\/2026\/03\/Luis-Abinader-7.jpg?resize=350%2C200&ssl=1","width":350,"height":200,"srcset":"https:\/\/i0.wp.com\/lasprimeras.com.do\/wp-content\/uploads\/2026\/03\/Luis-Abinader-7.jpg?resize=350%2C200&ssl=1 1x, https:\/\/i0.wp.com\/lasprimeras.com.do\/wp-content\/uploads\/2026\/03\/Luis-Abinader-7.jpg?resize=525%2C300&ssl=1 1.5x, https:\/\/i0.wp.com\/lasprimeras.com.do\/wp-content\/uploads\/2026\/03\/Luis-Abinader-7.jpg?resize=700%2C400&ssl=1 2x"},"classes":[]},{"id":124301,"url":"https:\/\/lasprimeras.com.do\/index.php\/2026\/03\/10\/presidente-abinader-llego-a-chile-para-la-investidura-del-presidente-jose-antonio-kast\/","url_meta":{"origin":120522,"position":2},"title":"Presidente Abinader lleg\u00f3 a Chile para la investidura del presidente Jos\u00e9 Antonio Kast","author":"Nelson Feliz","date":"10 de marzo de 2026","format":false,"excerpt":"Participar\u00e1 de actos oficiales junto a otros jefes de Estado y de Gobierno Santiago de Chile.- El presidente Luis Abinader arrib\u00f3 este martes a las 6:30 P.M., hora de Chile, al Aeropuerto Arturo Merino Ben\u00edtez, de Santiago de Chile, para asistir a la investidura como nuevo mandatario chileno, Jos\u00e9 Antonio\u2026","rel":"","context":"En \u00abINTERNACIONALES\u00bb","block_context":{"text":"INTERNACIONALES","link":"https:\/\/lasprimeras.com.do\/index.php\/category\/sin-categoria\/internacionales\/"},"img":{"alt_text":"","src":"https:\/\/i0.wp.com\/lasprimeras.com.do\/wp-content\/uploads\/2026\/03\/Abinader-llego-a-Chile-1.jpg?resize=350%2C200&ssl=1","width":350,"height":200,"srcset":"https:\/\/i0.wp.com\/lasprimeras.com.do\/wp-content\/uploads\/2026\/03\/Abinader-llego-a-Chile-1.jpg?resize=350%2C200&ssl=1 1x, https:\/\/i0.wp.com\/lasprimeras.com.do\/wp-content\/uploads\/2026\/03\/Abinader-llego-a-Chile-1.jpg?resize=525%2C300&ssl=1 1.5x, https:\/\/i0.wp.com\/lasprimeras.com.do\/wp-content\/uploads\/2026\/03\/Abinader-llego-a-Chile-1.jpg?resize=700%2C400&ssl=1 2x"},"classes":[]},{"id":124382,"url":"https:\/\/lasprimeras.com.do\/index.php\/2026\/03\/11\/abinader-regresa-a-rd-tras-investidura-de-jose-antonio-kast\/","url_meta":{"origin":120522,"position":3},"title":"Abinader regresa a RD tras investidura de Jos\u00e9 Antonio Kast","author":"Nelson Feliz","date":"11 de marzo de 2026","format":false,"excerpt":"El mandatario dominicano tambi\u00e9n se reuni\u00f3 con representantes de la comunidad dominicana en Chile Santiago de Chile. El presidente Luis Abinader viaj\u00f3 hacia la Rep\u00fablica Dominicana tras participar en los actos oficiales de investidura de Jos\u00e9 Antonio Kast Rist como presidente de la Rep\u00fablica de Chile, realizados este mi\u00e9rcoles 11\u2026","rel":"","context":"En \u00abNACIONALES\u00bb","block_context":{"text":"NACIONALES","link":"https:\/\/lasprimeras.com.do\/index.php\/category\/nacionales\/"},"img":{"alt_text":"","src":"https:\/\/i0.wp.com\/lasprimeras.com.do\/wp-content\/uploads\/2023\/06\/Luis-Abinader-regresa-SICA.jpg?resize=350%2C200&ssl=1","width":350,"height":200,"srcset":"https:\/\/i0.wp.com\/lasprimeras.com.do\/wp-content\/uploads\/2023\/06\/Luis-Abinader-regresa-SICA.jpg?resize=350%2C200&ssl=1 1x, https:\/\/i0.wp.com\/lasprimeras.com.do\/wp-content\/uploads\/2023\/06\/Luis-Abinader-regresa-SICA.jpg?resize=525%2C300&ssl=1 1.5x, https:\/\/i0.wp.com\/lasprimeras.com.do\/wp-content\/uploads\/2023\/06\/Luis-Abinader-regresa-SICA.jpg?resize=700%2C400&ssl=1 2x"},"classes":[]},{"id":124379,"url":"https:\/\/lasprimeras.com.do\/index.php\/2026\/03\/11\/presidente-abinader-participo-de-la-investidura-de-su-homologo-chileno-jose-antonio-kast\/","url_meta":{"origin":120522,"position":4},"title":"Presidente Abinader particip\u00f3 de la investidura de su hom\u00f3logo chileno Jos\u00e9 Antonio Kast","author":"Nelson Feliz","date":"11 de marzo de 2026","format":false,"excerpt":"El mandatario estuvo junto a la primera dama, Raquel Arbaje, y comparti\u00f3 con presidentes, el Rey Felipe VI Santiago de Chile. El presidente Luis Abinader particip\u00f3 de los actos oficiales de investidura de Jos\u00e9 Antonio Kast Rist como presidente de la Rep\u00fablica de Chile este mi\u00e9rcoles 11 en el Sal\u00f3n\u2026","rel":"","context":"En \u00abNACIONALES\u00bb","block_context":{"text":"NACIONALES","link":"https:\/\/lasprimeras.com.do\/index.php\/category\/nacionales\/"},"img":{"alt_text":"Presidente Abinader particip\u00f3 de la investidura de su hom\u00f3logo chileno Jos\u00e9 Antonio Kast","src":"https:\/\/i0.wp.com\/lasprimeras.com.do\/wp-content\/uploads\/2026\/03\/Presidente-Abinader-participo-de-la-investidura-de-su-homologo-chileno-Jose-Antonio-Kast.jpg?resize=350%2C200&ssl=1","width":350,"height":200,"srcset":"https:\/\/i0.wp.com\/lasprimeras.com.do\/wp-content\/uploads\/2026\/03\/Presidente-Abinader-participo-de-la-investidura-de-su-homologo-chileno-Jose-Antonio-Kast.jpg?resize=350%2C200&ssl=1 1x, https:\/\/i0.wp.com\/lasprimeras.com.do\/wp-content\/uploads\/2026\/03\/Presidente-Abinader-participo-de-la-investidura-de-su-homologo-chileno-Jose-Antonio-Kast.jpg?resize=525%2C300&ssl=1 1.5x, https:\/\/i0.wp.com\/lasprimeras.com.do\/wp-content\/uploads\/2026\/03\/Presidente-Abinader-participo-de-la-investidura-de-su-homologo-chileno-Jose-Antonio-Kast.jpg?resize=700%2C400&ssl=1 2x"},"classes":[]},{"id":118103,"url":"https:\/\/lasprimeras.com.do\/index.php\/2025\/12\/22\/el-presidente-electo-kast-de-chile-y-el-mandatario-interino-peruano-jose-jeri-se-reuniran-en-lima\/","url_meta":{"origin":120522,"position":5},"title":"El presidente electo Kast de Chile y el mandatario interino peruano Jos\u00e9 Jer\u00ed se reunir\u00e1n en Lima","author":"Nelson Feliz","date":"22 de diciembre de 2025","format":false,"excerpt":"LIMA (AP) \u2014 El presidente electo chileno Jos\u00e9 Antonio Kast visitar\u00e1 Per\u00fa en enero para reunirse con el mandatario interino peruano Jos\u00e9 Jer\u00ed, informaron el domingo autoridades peruanas. En un mensaje en redes sociales, la canciller\u00eda peruana indic\u00f3 que Kast \u2014que asumir\u00e1 la presidencia el 11 de marzo\u2014 se encontrar\u00e1\u2026","rel":"","context":"En \u00abINTERNACIONALES\u00bb","block_context":{"text":"INTERNACIONALES","link":"https:\/\/lasprimeras.com.do\/index.php\/category\/sin-categoria\/internacionales\/"},"img":{"alt_text":"Jos\u00e9 Antonio Kast","src":"https:\/\/i0.wp.com\/lasprimeras.com.do\/wp-content\/uploads\/2025\/12\/Jose-Antonio-Kast-3-1.jpg?resize=350%2C200&ssl=1","width":350,"height":200,"srcset":"https:\/\/i0.wp.com\/lasprimeras.com.do\/wp-content\/uploads\/2025\/12\/Jose-Antonio-Kast-3-1.jpg?resize=350%2C200&ssl=1 1x, https:\/\/i0.wp.com\/lasprimeras.com.do\/wp-content\/uploads\/2025\/12\/Jose-Antonio-Kast-3-1.jpg?resize=525%2C300&ssl=1 1.5x, https:\/\/i0.wp.com\/lasprimeras.com.do\/wp-content\/uploads\/2025\/12\/Jose-Antonio-Kast-3-1.jpg?resize=700%2C400&ssl=1 2x"},"classes":[]}],"jetpack_sharing_enabled":true,"_links":{"self":[{"href":"https:\/\/lasprimeras.com.do\/index.php\/wp-json\/wp\/v2\/posts\/120522","targetHints":{"allow":["GET"]}}],"collection":[{"href":"https:\/\/lasprimeras.com.do\/index.php\/wp-json\/wp\/v2\/posts"}],"about":[{"href":"https:\/\/lasprimeras.com.do\/index.php\/wp-json\/wp\/v2\/types\/post"}],"author":[{"embeddable":true,"href":"https:\/\/lasprimeras.com.do\/index.php\/wp-json\/wp\/v2\/users\/10"}],"replies":[{"embeddable":true,"href":"https:\/\/lasprimeras.com.do\/index.php\/wp-json\/wp\/v2\/comments?post=120522"}],"version-history":[{"count":1,"href":"https:\/\/lasprimeras.com.do\/index.php\/wp-json\/wp\/v2\/posts\/120522\/revisions"}],"predecessor-version":[{"id":120527,"href":"https:\/\/lasprimeras.com.do\/index.php\/wp-json\/wp\/v2\/posts\/120522\/revisions\/120527"}],"wp:featuredmedia":[{"embeddable":true,"href":"https:\/\/lasprimeras.com.do\/index.php\/wp-json\/wp\/v2\/media\/120523"}],"wp:attachment":[{"href":"https:\/\/lasprimeras.com.do\/index.php\/wp-json\/wp\/v2\/media?parent=120522"}],"wp:term":[{"taxonomy":"category","embeddable":true,"href":"https:\/\/lasprimeras.com.do\/index.php\/wp-json\/wp\/v2\/categories?post=120522"},{"taxonomy":"post_tag","embeddable":true,"href":"https:\/\/lasprimeras.com.do\/index.php\/wp-json\/wp\/v2\/tags?post=120522"}],"curies":[{"name":"wp","href":"https:\/\/api.w.org\/{rel}","templated":true}]}}