{"id":120531,"date":"2026-01-25T15:08:03","date_gmt":"2026-01-25T19:08:03","guid":{"rendered":"https:\/\/lasprimeras.com.do\/?p=120531"},"modified":"2026-01-25T15:08:04","modified_gmt":"2026-01-25T19:08:04","slug":"gobierno-proyecta-expansion-del-sistema-electrico-con-mas-de-50-adicional-en-energia-base-al-2028","status":"publish","type":"post","link":"https:\/\/lasprimeras.com.do\/index.php\/2026\/01\/25\/gobierno-proyecta-expansion-del-sistema-electrico-con-mas-de-50-adicional-en-energia-base-al-2028\/","title":{"rendered":"Gobierno proyecta expansi\u00f3n del sistema el\u00e9ctrico con m\u00e1s de 50 % adicional en energ\u00eda base al 2028"},"content":{"rendered":"\n<p>El ministro de Energ\u00eda y Minas, Joel Santos, asegur\u00f3 que en los \u00faltimos tres a\u00f1os se habr\u00e1 instalado m\u00e1s de 2,000 megavatios de energ\u00eda base, mientras que en energ\u00edas renovables la cifra rondar\u00e1 los 2,800 MW<\/p>\n\n\n\n<p>El ministro de Energ\u00eda y Minas, Joel Santos, inform\u00f3 que Rep\u00fablica Dominicana registrar\u00e1 un incremento de m\u00e1s de un 50 % en la capacidad instalada de energ\u00eda base al 2028, en comparaci\u00f3n con 2024, un avance que consolida al Gobierno del presidente Luis Abinader como la gesti\u00f3n que m\u00e1s ha impulsado la expansi\u00f3n del sistema el\u00e9ctrico nacional en la historia del pa\u00eds.<\/p>\n\n\n\n<p>Explic\u00f3 que en los \u00faltimos tres a\u00f1os de la actual administraci\u00f3n se habr\u00e1 instalado m\u00e1s de 2,000 megavatios (MW) de energ\u00eda base, al tiempo que la capacidad de energ\u00edas renovables alcanzar\u00e1 alrededor de 2,800 MW, fortaleciendo la confiabilidad del Sistema El\u00e9ctrico Nacional Interconectado (SENI) y creando un entorno m\u00e1s competitivo para la inversi\u00f3n.<\/p>\n\n\n\n<p>\u201cEl crecimiento econ\u00f3mico del pa\u00eds est\u00e1 estrechamente vinculado al desarrollo energ\u00e9tico. Si hablamos de proyectos de alto valor agregado, como los semiconductores, la miner\u00eda sostenible o los centros de datos, todos dependen de una matriz energ\u00e9tica s\u00f3lida, confiable y moderna\u201d, expres\u00f3 el ministro, al resaltar el impacto transversal del sector el\u00e9ctrico en la atracci\u00f3n de capital y en la productividad nacional.<\/p>\n\n\n\n<p>El titular de Energ\u00eda y Minas habl\u00f3 sobre estos t\u00e9rminos durante una entrevista ofrecida este domingo, en el programa Aeromundo, conducido por Guillermo G\u00f3mez.<\/p>\n\n\n\n<p><strong>Proyectos estrat\u00e9gicos hacia 2028<\/strong><\/p>\n\n\n\n<p>Santos detall\u00f3 que el Ministerio de Energ\u00eda y Minas contin\u00faa integrando al SENI una cartera de proyectos que fortalecer\u00e1 la energ\u00eda base del pa\u00eds.<\/p>\n\n\n\n<p>Entre los ya incorporados cit\u00f3 el cierre de ciclo de SIBA, con 68 MW y Energ\u00e1s 4, en San Pedro de Macor\u00eds, con 130 MW.<\/p>\n\n\n\n<p>Asimismo, anunci\u00f3 que Energ\u00eda 2000, en Manzanillo, entrar\u00e1 en operaci\u00f3n en el primer trimestre de este a\u00f1o, con un primer ciclo simple de 300 MW, al que se sumar\u00e1n 111 MW al cierre de ese mismo a\u00f1o, para un total de 411 MW. <\/p>\n\n\n\n<p>A estos se agregan las generadoras San Felipe I y II, en Boca Chica, que aportar\u00e1n 460 MW y 240 MW entre 2027 y 2028, as\u00ed como las plantas Manzanillo I y Manzanillo II, que sumar\u00e1n otros 852 MW entre las dos en 2028.<\/p>\n\n\n\n<p>En el componente renovable, el ministro destac\u00f3 que la capacidad instalada pas\u00f3 de 555 MW en 2020 a cerca de 1,500 MW en 2024 y que esta administraci\u00f3n concluir\u00e1 con aproximadamente 2,800 MW, parte de ellos con sistemas de almacenamiento energ\u00e9tico, lo que representa un salto cualitativo en la estabilidad del sistema.<\/p>\n\n\n\n<p>Santos subray\u00f3, adem\u00e1s, las inversiones en transmisi\u00f3n y distribuci\u00f3n para reducir las p\u00e9rdidas de energ\u00eda, la repotenciaci\u00f3n de presas y la revisi\u00f3n de la Ley General de Electricidad, como parte de un legado institucional orientado a fortalecer la sostenibilidad financiera y operativa del sector el\u00e9ctrico dominicano.<\/p>\n","protected":false},"excerpt":{"rendered":"<p>El ministro de Energ\u00eda y Minas, Joel Santos, asegur\u00f3 que en los \u00faltimos tres a\u00f1os se habr\u00e1 instalado m\u00e1s de 2,000 megavatios de energ\u00eda base, mientras que en energ\u00edas renovables&hellip;<\/p>\n","protected":false},"author":10,"featured_media":116411,"comment_status":"open","ping_status":"open","sticky":false,"template":"","format":"standard","meta":{"content-type":"","jetpack_post_was_ever_published":false,"_jetpack_newsletter_access":"","_jetpack_dont_email_post_to_subs":false,"_jetpack_newsletter_tier_id":0,"_jetpack_memberships_contains_paywalled_content":false,"_jetpack_memberships_contains_paid_content":false,"footnotes":""},"categories":[35],"tags":[9904,171,13585,16517],"class_list":["post-120531","post","type-post","status-publish","format-standard","has-post-thumbnail","hentry","category-nacionales","tag-expansion","tag-gobierno","tag-proyecta","tag-sistema-electrico"],"jetpack_featured_media_url":"https:\/\/lasprimeras.com.do\/wp-content\/uploads\/2025\/12\/Joel-Santos.jpg","jetpack-related-posts":[{"id":106767,"url":"https:\/\/lasprimeras.com.do\/index.php\/2025\/08\/18\/ministro-joel-santos-detalla-proyectos-que-aportaran-600-mw-al-seni\/","url_meta":{"origin":120531,"position":0},"title":"Ministro Joel Santos detalla proyectos que aportar\u00e1n 600 MW al SENI","author":"Nelson Feliz","date":"18 de agosto de 2025","format":false,"excerpt":"El ministro de Energ\u00eda y Minas explic\u00f3 que estas iniciativas permitir\u00e1n mayor seguridad al sistema. El ministro de Energ\u00eda y Minas, Joel Santos, resalt\u00f3 que el Gobierno, a trav\u00e9s del Ministerio de Energ\u00eda y Minas, contin\u00faa impulsando una serie de proyectos energ\u00e9ticos que aportar\u00e1n 612 megavatios (MW) al Sistema El\u00e9ctrico\u2026","rel":"","context":"En \u00abECONOM\u00cdA\u00bb","block_context":{"text":"ECONOM\u00cdA","link":"https:\/\/lasprimeras.com.do\/index.php\/category\/economia\/"},"img":{"alt_text":"","src":"https:\/\/i0.wp.com\/lasprimeras.com.do\/wp-content\/uploads\/2025\/08\/Joel-Santos.jpg?resize=350%2C200&ssl=1","width":350,"height":200,"srcset":"https:\/\/i0.wp.com\/lasprimeras.com.do\/wp-content\/uploads\/2025\/08\/Joel-Santos.jpg?resize=350%2C200&ssl=1 1x, https:\/\/i0.wp.com\/lasprimeras.com.do\/wp-content\/uploads\/2025\/08\/Joel-Santos.jpg?resize=525%2C300&ssl=1 1.5x, https:\/\/i0.wp.com\/lasprimeras.com.do\/wp-content\/uploads\/2025\/08\/Joel-Santos.jpg?resize=700%2C400&ssl=1 2x"},"classes":[]},{"id":126272,"url":"https:\/\/lasprimeras.com.do\/index.php\/2026\/03\/31\/la-termoelectrica-de-manzanillo-fortalece-el-sistema-electrico-y-es-de-las-mas-modernas-del-caribe\/","url_meta":{"origin":120531,"position":1},"title":"La termoel\u00e9ctrica de Manzanillo fortalece el sistema el\u00e9ctrico y es de las m\u00e1s modernas del Caribe","author":"Nelson Feliz","date":"31 de marzo de 2026","format":false,"excerpt":"Joel Santos tambi\u00e9n afirma que en gesti\u00f3n de Abinader casi se ha cuadruplicado la generaci\u00f3n de energ\u00eda renovable El ministro de Energ\u00eda y Minas, Joel Santos,resalt\u00f3 la importancia de la nueva central termoel\u00e9ctrica Manzanillo Power Land, la cual defini\u00f3 como la m\u00e1s moderna del Caribe, e incorpora 414 megavatios (MW)\u2026","rel":"","context":"En \u00abNACIONALES\u00bb","block_context":{"text":"NACIONALES","link":"https:\/\/lasprimeras.com.do\/index.php\/category\/nacionales\/"},"img":{"alt_text":"","src":"https:\/\/i0.wp.com\/lasprimeras.com.do\/wp-content\/uploads\/2025\/08\/Joel-Santos.jpg?resize=350%2C200&ssl=1","width":350,"height":200,"srcset":"https:\/\/i0.wp.com\/lasprimeras.com.do\/wp-content\/uploads\/2025\/08\/Joel-Santos.jpg?resize=350%2C200&ssl=1 1x, https:\/\/i0.wp.com\/lasprimeras.com.do\/wp-content\/uploads\/2025\/08\/Joel-Santos.jpg?resize=525%2C300&ssl=1 1.5x, https:\/\/i0.wp.com\/lasprimeras.com.do\/wp-content\/uploads\/2025\/08\/Joel-Santos.jpg?resize=700%2C400&ssl=1 2x"},"classes":[]},{"id":108435,"url":"https:\/\/lasprimeras.com.do\/index.php\/2025\/09\/07\/mision-fmi-conoce-avances-y-estabilidad-economica-de-rd-apoyada-en-energia-y-mineria\/","url_meta":{"origin":120531,"position":2},"title":"Misi\u00f3n FMI conoce avances y estabilidad econ\u00f3mica de RD apoyada en energ\u00eda y miner\u00eda","author":"Nelson Feliz","date":"7 de septiembre de 2025","format":false,"excerpt":"El ministro Joel Santos resalta 40% inversi\u00f3n extranjera directa (IED) est\u00e1 representado por los sectores energ\u00eda y miner\u00eda. La misi\u00f3n del Fondo Monetario Internacional (FMI), que visita el pa\u00eds en el contexto de la revisi\u00f3n anual del Art\u00edculo IV, conoci\u00f3 los avances de Rep\u00fablica Dominicana en los sectores de energ\u00eda\u2026","rel":"","context":"En \u00abECONOM\u00cdA\u00bb","block_context":{"text":"ECONOM\u00cdA","link":"https:\/\/lasprimeras.com.do\/index.php\/category\/economia\/"},"img":{"alt_text":"","src":"https:\/\/i0.wp.com\/lasprimeras.com.do\/wp-content\/uploads\/2025\/09\/energia-y-mina.jpg?resize=350%2C200&ssl=1","width":350,"height":200,"srcset":"https:\/\/i0.wp.com\/lasprimeras.com.do\/wp-content\/uploads\/2025\/09\/energia-y-mina.jpg?resize=350%2C200&ssl=1 1x, https:\/\/i0.wp.com\/lasprimeras.com.do\/wp-content\/uploads\/2025\/09\/energia-y-mina.jpg?resize=525%2C300&ssl=1 1.5x, https:\/\/i0.wp.com\/lasprimeras.com.do\/wp-content\/uploads\/2025\/09\/energia-y-mina.jpg?resize=700%2C400&ssl=1 2x"},"classes":[]},{"id":115820,"url":"https:\/\/lasprimeras.com.do\/index.php\/2025\/11\/25\/seni-integra-un-sistema-de-almacenamiento-7-5-megavatios-de-energias-renovables\/","url_meta":{"origin":120531,"position":3},"title":"SENI integra un sistema de almacenamiento 7.5 megavatios de energ\u00edas renovables","author":"Nelson Feliz","date":"25 de noviembre de 2025","format":false,"excerpt":"La infraestructura represent\u00f3 una inversi\u00f3n superior a los US$8 millones Rep\u00fablica Dominicana sigue ganando terreno en el sector de las energ\u00edas renovables. Este martes fue inaugurado el nuevo Sistema de Almacenamiento de Energ\u00eda en Bater\u00edas, con capacidad para integrarse al Sistema El\u00e9ctrico Nacional Interconectado (SENI) con 7.5 megavatios. La infraestructura,\u2026","rel":"","context":"En \u00abECONOM\u00cdA\u00bb","block_context":{"text":"ECONOM\u00cdA","link":"https:\/\/lasprimeras.com.do\/index.php\/category\/economia\/"},"img":{"alt_text":"","src":"https:\/\/i0.wp.com\/lasprimeras.com.do\/wp-content\/uploads\/2025\/11\/abinader.jpg?resize=350%2C200&ssl=1","width":350,"height":200,"srcset":"https:\/\/i0.wp.com\/lasprimeras.com.do\/wp-content\/uploads\/2025\/11\/abinader.jpg?resize=350%2C200&ssl=1 1x, https:\/\/i0.wp.com\/lasprimeras.com.do\/wp-content\/uploads\/2025\/11\/abinader.jpg?resize=525%2C300&ssl=1 1.5x, https:\/\/i0.wp.com\/lasprimeras.com.do\/wp-content\/uploads\/2025\/11\/abinader.jpg?resize=700%2C400&ssl=1 2x"},"classes":[]},{"id":123288,"url":"https:\/\/lasprimeras.com.do\/index.php\/2026\/02\/27\/presidente-abinader-anuncia-inversiones-para-garantizar-estabilidad-del-sistema-electrico\/","url_meta":{"origin":120531,"position":4},"title":"Presidente Abinader anuncia inversiones para garantizar estabilidad del sistema el\u00e9ctrico","author":"Nelson Feliz","date":"27 de febrero de 2026","format":false,"excerpt":"Mandatario destaca sector miner\u00eda marc\u00f3 r\u00e9cord de US$2,600 millones en exportaciones y se confirmaron m\u00e1s de 150 millones de toneladas de tierras raras para futura explotaci\u00f3n. El presidente Luis Abinader anunci\u00f3 este viernes inversiones estrat\u00e9gicas en la transmisi\u00f3n el\u00e9ctrica para reforzar su extensi\u00f3n y seguridad, con el apoyo de compa\u00f1\u00edas\u2026","rel":"","context":"En \u00abECONOM\u00cdA\u00bb","block_context":{"text":"ECONOM\u00cdA","link":"https:\/\/lasprimeras.com.do\/index.php\/category\/economia\/"},"img":{"alt_text":"","src":"https:\/\/i0.wp.com\/lasprimeras.com.do\/wp-content\/uploads\/2025\/06\/ETED.jpg?resize=350%2C200&ssl=1","width":350,"height":200,"srcset":"https:\/\/i0.wp.com\/lasprimeras.com.do\/wp-content\/uploads\/2025\/06\/ETED.jpg?resize=350%2C200&ssl=1 1x, https:\/\/i0.wp.com\/lasprimeras.com.do\/wp-content\/uploads\/2025\/06\/ETED.jpg?resize=525%2C300&ssl=1 1.5x, https:\/\/i0.wp.com\/lasprimeras.com.do\/wp-content\/uploads\/2025\/06\/ETED.jpg?resize=700%2C400&ssl=1 2x"},"classes":[]},{"id":109699,"url":"https:\/\/lasprimeras.com.do\/index.php\/2025\/09\/21\/ministro-asegura-incorporacion-de-nuevas-plantas-a-gas-fortalecera-el-sistema-energetico-a-corto-plazo\/","url_meta":{"origin":120531,"position":5},"title":"Ministro asegura incorporaci\u00f3n de nuevas plantas a gas fortalecer\u00e1 el sistema energ\u00e9tico a corto plazo","author":"Nelson Feliz","date":"21 de septiembre de 2025","format":false,"excerpt":"Precis\u00f3 que el pa\u00eds recibir\u00e1 en los pr\u00f3ximos meses alrededor de 612 megavatios adicionales, lo que permitir\u00e1 mejorar de manera significativa la estabilidad y confiabilidad del servicio el\u00e9ctrico. El ministro de Energ\u00eda y Minas, Joel Santos, asegur\u00f3 que los proyectos de generaci\u00f3n a gas natural en desarrollo en San Pedro\u2026","rel":"","context":"En \u00abECONOM\u00cdA\u00bb","block_context":{"text":"ECONOM\u00cdA","link":"https:\/\/lasprimeras.com.do\/index.php\/category\/economia\/"},"img":{"alt_text":"","src":"https:\/\/i0.wp.com\/lasprimeras.com.do\/wp-content\/uploads\/2025\/09\/PLANTAS-1.jpg?resize=350%2C200&ssl=1","width":350,"height":200,"srcset":"https:\/\/i0.wp.com\/lasprimeras.com.do\/wp-content\/uploads\/2025\/09\/PLANTAS-1.jpg?resize=350%2C200&ssl=1 1x, https:\/\/i0.wp.com\/lasprimeras.com.do\/wp-content\/uploads\/2025\/09\/PLANTAS-1.jpg?resize=525%2C300&ssl=1 1.5x, https:\/\/i0.wp.com\/lasprimeras.com.do\/wp-content\/uploads\/2025\/09\/PLANTAS-1.jpg?resize=700%2C400&ssl=1 2x"},"classes":[]}],"jetpack_sharing_enabled":true,"_links":{"self":[{"href":"https:\/\/lasprimeras.com.do\/index.php\/wp-json\/wp\/v2\/posts\/120531","targetHints":{"allow":["GET"]}}],"collection":[{"href":"https:\/\/lasprimeras.com.do\/index.php\/wp-json\/wp\/v2\/posts"}],"about":[{"href":"https:\/\/lasprimeras.com.do\/index.php\/wp-json\/wp\/v2\/types\/post"}],"author":[{"embeddable":true,"href":"https:\/\/lasprimeras.com.do\/index.php\/wp-json\/wp\/v2\/users\/10"}],"replies":[{"embeddable":true,"href":"https:\/\/lasprimeras.com.do\/index.php\/wp-json\/wp\/v2\/comments?post=120531"}],"version-history":[{"count":1,"href":"https:\/\/lasprimeras.com.do\/index.php\/wp-json\/wp\/v2\/posts\/120531\/revisions"}],"predecessor-version":[{"id":120532,"href":"https:\/\/lasprimeras.com.do\/index.php\/wp-json\/wp\/v2\/posts\/120531\/revisions\/120532"}],"wp:featuredmedia":[{"embeddable":true,"href":"https:\/\/lasprimeras.com.do\/index.php\/wp-json\/wp\/v2\/media\/116411"}],"wp:attachment":[{"href":"https:\/\/lasprimeras.com.do\/index.php\/wp-json\/wp\/v2\/media?parent=120531"}],"wp:term":[{"taxonomy":"category","embeddable":true,"href":"https:\/\/lasprimeras.com.do\/index.php\/wp-json\/wp\/v2\/categories?post=120531"},{"taxonomy":"post_tag","embeddable":true,"href":"https:\/\/lasprimeras.com.do\/index.php\/wp-json\/wp\/v2\/tags?post=120531"}],"curies":[{"name":"wp","href":"https:\/\/api.w.org\/{rel}","templated":true}]}}