{"id":120533,"date":"2026-01-25T15:16:16","date_gmt":"2026-01-25T19:16:16","guid":{"rendered":"https:\/\/lasprimeras.com.do\/?p=120533"},"modified":"2026-01-25T15:16:18","modified_gmt":"2026-01-25T19:16:18","slug":"voluntariado-agentes-al-100-promueve-la-insignia-corazon-de-duarte-en-jornada-del-ministerio-de-educacion","status":"publish","type":"post","link":"https:\/\/lasprimeras.com.do\/index.php\/2026\/01\/25\/voluntariado-agentes-al-100-promueve-la-insignia-corazon-de-duarte-en-jornada-del-ministerio-de-educacion\/","title":{"rendered":"Voluntariado Agentes al 100 promueve la insignia \u201cCoraz\u00f3n de Duarte\u201d en jornada del Ministerio de Educaci\u00f3n"},"content":{"rendered":"\n<p><strong>La iniciativa \u201cHablemos de Duarte\u201d se desarrolla de manera simult\u00e1nea en todo el territorio nacional<\/strong><\/p>\n\n\n\n<p>Al conmemorarse el pr\u00f3ximo 26 de enero el natalicio del patricio Juan Pablo Duarte, estudiantes del voluntariado Agentes al 100 participar\u00e1n en una jornada c\u00edvica y pedag\u00f3gica del Ministerio de Educaci\u00f3n de la Rep\u00fablica Dominicana (MINERD), en la que buscar\u00e1n obtener la insignia \u201cCoraz\u00f3n de Duarte\u201d.<\/p>\n\n\n\n<p>La iniciativa \u201cHablemos de Duarte\u201d se desarrollar\u00e1 de manera simult\u00e1nea en todo el territorio nacional, con acciones educativas lideradas por los Agentes al 100, mientras que el acto central se realizar\u00e1 en la provincia de San Pedro de Macor\u00eds, encabezado por el ministro de Educaci\u00f3n, Luis Miguel De Camps.<\/p>\n\n\n\n<p>En este contexto, los Agentes al 100 desarrollar\u00e1n una activaci\u00f3n pedag\u00f3gica y ciudadana, que contemplar\u00e1 la entrega de volantes educativos sobre la vida y el legado de Duarte, dise\u00f1ados con lenguaje juvenil, as\u00ed como la interacci\u00f3n directa con autoridades y miembros de la comunidad.<\/p>\n\n\n\n<p>Como parte del componente comunicacional, ser\u00e1 lanzado el reto digital #HablemosDeDuarte y #ViralicemosaDuarte, con el objetivo de amplificar el mensaje en plataformas digitales y motivar a m\u00e1s centros educativos a sumarse a la jornada.<\/p>\n\n\n\n<p>Esta misi\u00f3n forma parte de la estrategia Ciudadanos al 100, que promueve la formaci\u00f3n en valores, la participaci\u00f3n estudiantil y el ejercicio de una ciudadan\u00eda responsable, y concibe el 26 de enero no solo como una efem\u00e9ride escolar, sino como un hito de liderazgo estudiantil y compromiso \u00e9tico.<\/p>\n\n\n\n<p>\u201cCoraz\u00f3n de Duarte\u201d es una de las insignias digitales vinculadas al curr\u00edculo de la ense\u00f1anza de Moral, C\u00edvica y \u00c9tica Ciudadana, y forma parte del servicio comunitario de Agentes al 100.<\/p>\n","protected":false},"excerpt":{"rendered":"<p>La iniciativa \u201cHablemos de Duarte\u201d se desarrolla de manera simult\u00e1nea en todo el territorio nacional Al conmemorarse el pr\u00f3ximo 26 de enero el natalicio del patricio Juan Pablo Duarte, estudiantes&hellip;<\/p>\n","protected":false},"author":10,"featured_media":120534,"comment_status":"open","ping_status":"open","sticky":false,"template":"","format":"standard","meta":{"content-type":"","jetpack_post_was_ever_published":false,"_jetpack_newsletter_access":"","_jetpack_dont_email_post_to_subs":false,"_jetpack_newsletter_tier_id":0,"_jetpack_memberships_contains_paywalled_content":false,"_jetpack_memberships_contains_paid_content":false,"footnotes":""},"categories":[35],"tags":[29721,29720,29722,281,5745,29723,10516],"class_list":["post-120533","post","type-post","status-publish","format-standard","has-post-thumbnail","hentry","category-nacionales","tag-agentes-al-100-promueve","tag-corazon-de-duarte","tag-insignia","tag-jornada","tag-ministerio-de-educacion","tag-natalicio-del-patricio","tag-voluntariado"],"jetpack_featured_media_url":"https:\/\/lasprimeras.com.do\/wp-content\/uploads\/2026\/01\/estudiantes-1.jpg","jetpack-related-posts":[{"id":120615,"url":"https:\/\/lasprimeras.com.do\/index.php\/2026\/01\/26\/ministerio-de-educacion-conmemora-el-natalicio-de-juan-pablo-duarte\/","url_meta":{"origin":120533,"position":0},"title":"Ministerio de Educaci\u00f3n conmemora el natalicio de Juan Pablo Duarte","author":"Nelson Feliz","date":"26 de enero de 2026","format":false,"excerpt":"El Ministerio de Educaci\u00f3n de la Rep\u00fablica Dominicana (MINERD) celebr\u00f3 este lunes 26 de enero el natalicio de Juan Pablo Duarte y D\u00edez, uno de los principales art\u00edfices de la independencia nacional y figura central en la construcci\u00f3n del Estado dominicano, en actos desarrollados en centros educativos de todo el\u2026","rel":"","context":"En \u00abNACIONALES\u00bb","block_context":{"text":"NACIONALES","link":"https:\/\/lasprimeras.com.do\/index.php\/category\/nacionales\/"},"img":{"alt_text":"Juan Pablo Duarte","src":"https:\/\/i0.wp.com\/lasprimeras.com.do\/wp-content\/uploads\/2026\/01\/Juan-Pablo-Duarte-1.jpg?resize=350%2C200&ssl=1","width":350,"height":200,"srcset":"https:\/\/i0.wp.com\/lasprimeras.com.do\/wp-content\/uploads\/2026\/01\/Juan-Pablo-Duarte-1.jpg?resize=350%2C200&ssl=1 1x, https:\/\/i0.wp.com\/lasprimeras.com.do\/wp-content\/uploads\/2026\/01\/Juan-Pablo-Duarte-1.jpg?resize=525%2C300&ssl=1 1.5x, https:\/\/i0.wp.com\/lasprimeras.com.do\/wp-content\/uploads\/2026\/01\/Juan-Pablo-Duarte-1.jpg?resize=700%2C400&ssl=1 2x"},"classes":[]},{"id":127822,"url":"https:\/\/lasprimeras.com.do\/index.php\/2026\/04\/16\/luis-miguel-de-camps-lanza-plataforma-digital-ciudadanos-al-100\/","url_meta":{"origin":120533,"position":1},"title":"Luis Miguel De Camps lanza plataforma digital \u201cCiudadanos al 100\u201d","author":"Nelson Feliz","date":"16 de abril de 2026","format":false,"excerpt":"El ministro de Educaci\u00f3n, Luis Miguel De Camps, encabez\u00f3 este mi\u00e9rcoles el lanzamiento de la plataforma digital \u201cCiudadanos al 100\u201d, una herramienta que permitir\u00e1 a estudiantes registrar y validar sus acciones de ciudadan\u00eda activa, en un acto que tuvo como primera misi\u00f3n nacional la siembra simult\u00e1nea de \u00e1rboles en todo\u2026","rel":"","context":"En \u00abNACIONALES\u00bb","block_context":{"text":"NACIONALES","link":"https:\/\/lasprimeras.com.do\/index.php\/category\/nacionales\/"},"img":{"alt_text":"","src":"https:\/\/i0.wp.com\/lasprimeras.com.do\/wp-content\/uploads\/2026\/04\/IMG-20260416-WA0340.jpg?resize=350%2C200&ssl=1","width":350,"height":200,"srcset":"https:\/\/i0.wp.com\/lasprimeras.com.do\/wp-content\/uploads\/2026\/04\/IMG-20260416-WA0340.jpg?resize=350%2C200&ssl=1 1x, https:\/\/i0.wp.com\/lasprimeras.com.do\/wp-content\/uploads\/2026\/04\/IMG-20260416-WA0340.jpg?resize=525%2C300&ssl=1 1.5x, https:\/\/i0.wp.com\/lasprimeras.com.do\/wp-content\/uploads\/2026\/04\/IMG-20260416-WA0340.jpg?resize=700%2C400&ssl=1 2x, https:\/\/i0.wp.com\/lasprimeras.com.do\/wp-content\/uploads\/2026\/04\/IMG-20260416-WA0340.jpg?resize=1050%2C600&ssl=1 3x"},"classes":[]},{"id":120339,"url":"https:\/\/lasprimeras.com.do\/index.php\/2026\/01\/22\/ministerio-de-trabajo-reitera-feriado-por-natalicio-de-duarte-no-se-cambia\/","url_meta":{"origin":120533,"position":2},"title":"Ministerio de Trabajo reitera feriado por natalicio de Duarte no se cambia","author":"Nelson Feliz","date":"22 de enero de 2026","format":false,"excerpt":"La Ley 139-97 regula los d\u00edas feriados en la Rep\u00fablica Dominicana, y el trabajo en esos d\u00edas debe ser remunerado con un recargo del 100% El Ministerio de Trabajo reiter\u00f3 este jueves que el feriado correspondiente al lunes 26 de enero de 2026, con motivo del natalicio del fundador de\u2026","rel":"","context":"En \u00abNACIONALES\u00bb","block_context":{"text":"NACIONALES","link":"https:\/\/lasprimeras.com.do\/index.php\/category\/nacionales\/"},"img":{"alt_text":"Ministerio de Trabajo","src":"https:\/\/i0.wp.com\/lasprimeras.com.do\/wp-content\/uploads\/2024\/05\/FACHADA-FOTO.jpg?resize=350%2C200&ssl=1","width":350,"height":200,"srcset":"https:\/\/i0.wp.com\/lasprimeras.com.do\/wp-content\/uploads\/2024\/05\/FACHADA-FOTO.jpg?resize=350%2C200&ssl=1 1x, https:\/\/i0.wp.com\/lasprimeras.com.do\/wp-content\/uploads\/2024\/05\/FACHADA-FOTO.jpg?resize=525%2C300&ssl=1 1.5x, https:\/\/i0.wp.com\/lasprimeras.com.do\/wp-content\/uploads\/2024\/05\/FACHADA-FOTO.jpg?resize=700%2C400&ssl=1 2x"},"classes":[]},{"id":120583,"url":"https:\/\/lasprimeras.com.do\/index.php\/2026\/01\/26\/hoy-se-conmemora-el-213-aniversario-del-natalicio-juan-pablo-duarte\/","url_meta":{"origin":120533,"position":3},"title":"Hoy se conmemora el 213 aniversario del natalicio Juan Pablo Duarte","author":"Nelson Feliz","date":"26 de enero de 2026","format":false,"excerpt":"Juan Pablo Duarte","rel":"","context":"En \u00abPORTADA\u00bb","block_context":{"text":"PORTADA","link":"https:\/\/lasprimeras.com.do\/index.php\/category\/portada\/"},"img":{"alt_text":"Juan Pablo Duarte","src":"https:\/\/i0.wp.com\/lasprimeras.com.do\/wp-content\/uploads\/2025\/01\/Juan-Pablo-Duarte.jpg?resize=350%2C200&ssl=1","width":350,"height":200,"srcset":"https:\/\/i0.wp.com\/lasprimeras.com.do\/wp-content\/uploads\/2025\/01\/Juan-Pablo-Duarte.jpg?resize=350%2C200&ssl=1 1x, https:\/\/i0.wp.com\/lasprimeras.com.do\/wp-content\/uploads\/2025\/01\/Juan-Pablo-Duarte.jpg?resize=525%2C300&ssl=1 1.5x, https:\/\/i0.wp.com\/lasprimeras.com.do\/wp-content\/uploads\/2025\/01\/Juan-Pablo-Duarte.jpg?resize=700%2C400&ssl=1 2x"},"classes":[]},{"id":122868,"url":"https:\/\/lasprimeras.com.do\/index.php\/2026\/02\/23\/estudiantes-fortalecen-identidad-y-ciudadania-activa-durante-el-trimestre-patrio-en-las-escuelas\/","url_meta":{"origin":120533,"position":4},"title":"Estudiantes fortalecen identidad y ciudadan\u00eda activa durante el Trimestre Patrio en las escuelas","author":"Nelson Feliz","date":"23 de febrero de 2026","format":false,"excerpt":"El Ministerio de Educaci\u00f3n de la Rep\u00fablica Dominicana (MINERD) ha desplegado una amplia programaci\u00f3n pedag\u00f3gica y comunitaria para fortalecer las tradiciones culturales y patri\u00f3ticas del pa\u00eds en el marco del Trimestre Patrio, una iniciativa que moviliza a estudiantes, docentes y familias en todos los centros educativos p\u00fablicos del territorio nacional.\u2026","rel":"","context":"En \u00abNACIONALES\u00bb","block_context":{"text":"NACIONALES","link":"https:\/\/lasprimeras.com.do\/index.php\/category\/nacionales\/"},"img":{"alt_text":"","src":"https:\/\/i0.wp.com\/lasprimeras.com.do\/wp-content\/uploads\/2026\/02\/WhatsApp-Image-2026-02-22-at-6.30.33-PM-1.jpeg?resize=350%2C200&ssl=1","width":350,"height":200,"srcset":"https:\/\/i0.wp.com\/lasprimeras.com.do\/wp-content\/uploads\/2026\/02\/WhatsApp-Image-2026-02-22-at-6.30.33-PM-1.jpeg?resize=350%2C200&ssl=1 1x, https:\/\/i0.wp.com\/lasprimeras.com.do\/wp-content\/uploads\/2026\/02\/WhatsApp-Image-2026-02-22-at-6.30.33-PM-1.jpeg?resize=525%2C300&ssl=1 1.5x, https:\/\/i0.wp.com\/lasprimeras.com.do\/wp-content\/uploads\/2026\/02\/WhatsApp-Image-2026-02-22-at-6.30.33-PM-1.jpeg?resize=700%2C400&ssl=1 2x, https:\/\/i0.wp.com\/lasprimeras.com.do\/wp-content\/uploads\/2026\/02\/WhatsApp-Image-2026-02-22-at-6.30.33-PM-1.jpeg?resize=1050%2C600&ssl=1 3x, https:\/\/i0.wp.com\/lasprimeras.com.do\/wp-content\/uploads\/2026\/02\/WhatsApp-Image-2026-02-22-at-6.30.33-PM-1.jpeg?resize=1400%2C800&ssl=1 4x"},"classes":[]},{"id":93187,"url":"https:\/\/lasprimeras.com.do\/index.php\/2025\/01\/26\/rinden-homenaje-a-juan-pablo-duarte-en-santiago-por-el-212-aniversario-de-su-natalicio\/","url_meta":{"origin":120533,"position":5},"title":"Rinden homenaje a Juan Pablo Duarte en Santiago por el 212 aniversario de su natalicio","author":"Nelson Feliz","date":"26 de enero de 2025","format":false,"excerpt":"Senador Daniel Rivera y directora regional de Educaci\u00f3n Marieta D\u00edaz encabezan acto en honor al Padre de la Patria. Con emotivos discursos, ofrendas florales y la participaci\u00f3n de estudiantes, autoridades y ciudadanos, la ciudad de Santiago conmemor\u00f3 el 212 aniversario del natalicio de Juan Pablo Duarte. El homenaje, realizado en\u2026","rel":"","context":"En \u00abNACIONALES\u00bb","block_context":{"text":"NACIONALES","link":"https:\/\/lasprimeras.com.do\/index.php\/category\/nacionales\/"},"img":{"alt_text":"Durante el acto, los estudiantes Ariel Cabrera, Keidy Peralta e Ismaily Vargas tambi\u00e9n tuvieron participaci\u00f3n, resaltando las cualidades de Juan Pablo Duarte","src":"https:\/\/i0.wp.com\/lasprimeras.com.do\/wp-content\/uploads\/2025\/01\/estudiantes.jpg?resize=350%2C200&ssl=1","width":350,"height":200,"srcset":"https:\/\/i0.wp.com\/lasprimeras.com.do\/wp-content\/uploads\/2025\/01\/estudiantes.jpg?resize=350%2C200&ssl=1 1x, https:\/\/i0.wp.com\/lasprimeras.com.do\/wp-content\/uploads\/2025\/01\/estudiantes.jpg?resize=525%2C300&ssl=1 1.5x, https:\/\/i0.wp.com\/lasprimeras.com.do\/wp-content\/uploads\/2025\/01\/estudiantes.jpg?resize=700%2C400&ssl=1 2x"},"classes":[]}],"jetpack_sharing_enabled":true,"_links":{"self":[{"href":"https:\/\/lasprimeras.com.do\/index.php\/wp-json\/wp\/v2\/posts\/120533","targetHints":{"allow":["GET"]}}],"collection":[{"href":"https:\/\/lasprimeras.com.do\/index.php\/wp-json\/wp\/v2\/posts"}],"about":[{"href":"https:\/\/lasprimeras.com.do\/index.php\/wp-json\/wp\/v2\/types\/post"}],"author":[{"embeddable":true,"href":"https:\/\/lasprimeras.com.do\/index.php\/wp-json\/wp\/v2\/users\/10"}],"replies":[{"embeddable":true,"href":"https:\/\/lasprimeras.com.do\/index.php\/wp-json\/wp\/v2\/comments?post=120533"}],"version-history":[{"count":1,"href":"https:\/\/lasprimeras.com.do\/index.php\/wp-json\/wp\/v2\/posts\/120533\/revisions"}],"predecessor-version":[{"id":120535,"href":"https:\/\/lasprimeras.com.do\/index.php\/wp-json\/wp\/v2\/posts\/120533\/revisions\/120535"}],"wp:featuredmedia":[{"embeddable":true,"href":"https:\/\/lasprimeras.com.do\/index.php\/wp-json\/wp\/v2\/media\/120534"}],"wp:attachment":[{"href":"https:\/\/lasprimeras.com.do\/index.php\/wp-json\/wp\/v2\/media?parent=120533"}],"wp:term":[{"taxonomy":"category","embeddable":true,"href":"https:\/\/lasprimeras.com.do\/index.php\/wp-json\/wp\/v2\/categories?post=120533"},{"taxonomy":"post_tag","embeddable":true,"href":"https:\/\/lasprimeras.com.do\/index.php\/wp-json\/wp\/v2\/tags?post=120533"}],"curies":[{"name":"wp","href":"https:\/\/api.w.org\/{rel}","templated":true}]}}