{"id":120536,"date":"2026-01-25T15:24:38","date_gmt":"2026-01-25T19:24:38","guid":{"rendered":"https:\/\/lasprimeras.com.do\/?p=120536"},"modified":"2026-01-25T15:24:41","modified_gmt":"2026-01-25T19:24:41","slug":"diputado-ramon-raposo-lanza-programa-de-acercamiento-social-en-sdn","status":"publish","type":"post","link":"https:\/\/lasprimeras.com.do\/index.php\/2026\/01\/25\/diputado-ramon-raposo-lanza-programa-de-acercamiento-social-en-sdn\/","title":{"rendered":"Diputado Ram\u00f3n Raposo lanza programa de acercamiento social en SDN"},"content":{"rendered":"\n<p><strong>Busca aportar al desarrollo del municipio Santo Domingo Norte estableciendo un enlace directo con las comunidades, con la participaci\u00f3n de m\u00e1s de 1,000 dirigentes comunitarios y pol\u00edticos.<\/strong><\/p>\n\n\n\n<p>El diputado Ram\u00f3n Raposo lanz\u00f3 el programa de Acercamiento y Compenetraci\u00f3n Social, una iniciativa orientada a impactar de manera positiva los distintos sectores que conforman el municipio Santo Domingo Norte, a trav\u00e9s del fortalecimiento del liderazgo pol\u00edtico y comunitario.<\/p>\n\n\n\n<p>El legislador del Partido Revolucionario Dominicano (PRD) explic\u00f3 que el programa busca acercar las acciones desarrolladas desde su oficina legislativa y pol\u00edtica a los m\u00e1s de 400 barrios y urbanizaciones que integran los sectores de Guaricano, Villa Mella, El Hig\u00fcero y Sabana Perdida.<\/p>\n\n\n\n<p>Raposo destac\u00f3 que la iniciativa procura fortalecer el ejercicio de legislar, fiscalizar y representar, estableciendo un enlace directo entre su oficina legislativa y las comunidades, con la participaci\u00f3n de m\u00e1s de 1,000 dirigentes comunitarios y pol\u00edticos.<\/p>\n\n\n\n<p>Entre las acciones contempladas en el programa se encuentra la continuaci\u00f3n del proyecto que persigue que Santo Domingo Norte sea declarado municipio ecotur\u00edstico, as\u00ed como la introducci\u00f3n de una propuesta legislativa que promueva el establecimiento de una industria generadora de empleo y dinamizadora de la econom\u00eda local.<\/p>\n\n\n\n<p>Asimismo, las acciones a implementar por el legislador durante el a\u00f1o 2026 incluyen la realizaci\u00f3n de cuatro talleres gratuitos orientados a contribuir con la formaci\u00f3n y el impulso de los emprendedores del municipio, jornadas de asistencia social en las comunidades m\u00e1s vulnerables, doce charlas sobre protecci\u00f3n y cuidado al medio ambiente en igual numero de escuelas de las distintas comunidades las cuales procuran promover una cultura de cuidado del entorno entre j\u00f3venes estudiantes de secundaria, la ejecuci\u00f3n de cuatro grandes operativos m\u00e9dicos y una amplia campa\u00f1a de prevenci\u00f3n del c\u00e1ncer de mama y de pr\u00f3stata en conjunto con las iglesias.<\/p>\n\n\n\n<p>De igual manera, la realizaci\u00f3n de un encuentro de rendici\u00f3n de cuentas que desarrollar\u00e1 el legislador en el mes de agosto, una gran actividad social con motivo del D\u00eda de las Madres y un gran encuentro en el mes de diciembre.<\/p>\n","protected":false},"excerpt":{"rendered":"<p>Ram\u00f3n Raposo<\/p>\n","protected":false},"author":10,"featured_media":120537,"comment_status":"open","ping_status":"open","sticky":false,"template":"","format":"standard","meta":{"content-type":"","jetpack_post_was_ever_published":false,"_jetpack_newsletter_access":"","_jetpack_dont_email_post_to_subs":false,"_jetpack_newsletter_tier_id":0,"_jetpack_memberships_contains_paywalled_content":false,"_jetpack_memberships_contains_paid_content":false,"footnotes":""},"categories":[16559],"tags":[29724,78,872,198,2882,2716],"class_list":["post-120536","post","type-post","status-publish","format-standard","has-post-thumbnail","hentry","category-politica","tag-acercamiento-social","tag-diputado","tag-lanza","tag-programa","tag-ramon-raposo","tag-santo-domingo-norte"],"jetpack_featured_media_url":"https:\/\/lasprimeras.com.do\/wp-content\/uploads\/2026\/01\/Ramon-Raposo-1.jpg","jetpack-related-posts":[{"id":111152,"url":"https:\/\/lasprimeras.com.do\/index.php\/2025\/10\/05\/diputado-ramon-raposo-santo-domingo-norte-esta-con-el-grito-al-cielo-por-apagones-y-delincuencia\/","url_meta":{"origin":120536,"position":0},"title":"Diputado Ram\u00f3n Raposo: \u201cSanto Domingo Norte est\u00e1 con el grito al cielo por apagones y delincuencia\u201d","author":"Nelson Feliz","date":"5 de octubre de 2025","format":false,"excerpt":"El diputado nacional Ram\u00f3n Raposo sostuvo este domingo que los constantes apagones y el auge de la delincuencia tienen a los mun\u00edcipes de Santo Domingo Norte con el \u201cgrito al cielo\u201d. Al ser entrevistado en el programa \u201cFoco Pol\u00edtico\u201d del Grupo ACD Media que conduce el periodista Carlos del Pozo,\u2026","rel":"","context":"En \u00abPOLITICA\u00bb","block_context":{"text":"POLITICA","link":"https:\/\/lasprimeras.com.do\/index.php\/category\/politica\/"},"img":{"alt_text":"","src":"https:\/\/i0.wp.com\/lasprimeras.com.do\/wp-content\/uploads\/2025\/10\/Ramon-Raposo-1.jpg?resize=350%2C200&ssl=1","width":350,"height":200,"srcset":"https:\/\/i0.wp.com\/lasprimeras.com.do\/wp-content\/uploads\/2025\/10\/Ramon-Raposo-1.jpg?resize=350%2C200&ssl=1 1x, https:\/\/i0.wp.com\/lasprimeras.com.do\/wp-content\/uploads\/2025\/10\/Ramon-Raposo-1.jpg?resize=525%2C300&ssl=1 1.5x, https:\/\/i0.wp.com\/lasprimeras.com.do\/wp-content\/uploads\/2025\/10\/Ramon-Raposo-1.jpg?resize=700%2C400&ssl=1 2x"},"classes":[]},{"id":52742,"url":"https:\/\/lasprimeras.com.do\/index.php\/2023\/06\/13\/ramon-raposo-traza-ruta-del-crecimiento-de-cara-a-comicios-del-2024\/","url_meta":{"origin":120536,"position":1},"title":"Ram\u00f3n Raposo traza ruta del crecimiento de cara a comicios del 2024\u00a0\u00a0","author":"prenxa100","date":"13 de junio de 2023","format":false,"excerpt":"El candidato a diputado del Partido Revolucionario Dominicano (PRD), por el municipio Santo Domingo Norte, Ram\u00f3n Raposo sostuvo un encuentro de coordinaci\u00f3n con dirigentes que respaldan su proyecto pol\u00edtico donde fue establecido un programa de trabajo de cara a las elecciones del 2024.\u00a0\u00a0 El evento fue desarrollado en la Biblioteca\u2026","rel":"","context":"En \u00abSin categor\u00eda\u00bb","block_context":{"text":"Sin categor\u00eda","link":"https:\/\/lasprimeras.com.do\/index.php\/category\/sin-categoria\/"},"img":{"alt_text":"","src":"https:\/\/i0.wp.com\/lasprimeras.com.do\/wp-content\/uploads\/2023\/06\/ramon-raposo-traza-ruta-del-crecimiento-de-cara-a-comicios-del-2024.jpg?resize=350%2C200&ssl=1","width":350,"height":200},"classes":[]},{"id":55301,"url":"https:\/\/lasprimeras.com.do\/index.php\/2023\/07\/18\/ramon-raposo-luce-imparable-en-carrera-hacia-el-congreso-nacional\/","url_meta":{"origin":120536,"position":2},"title":"Ram\u00f3n Raposo luce imparable en carrera hacia el Congreso Nacional","author":"Nelson Feliz","date":"18 de julio de 2023","format":false,"excerpt":"El periodista y activista social Ram\u00f3n Raposo, quien aspira a diputado del Partido Revolucionario Dominicano (PRD) por el municipio Santo Domingo Norte, luce imparable en su carrera hacia el Congreso Nacional.\u00a0 Ram\u00f3n Raposo, quien aspira a diputado del del PRD por el municipio Santo Domingo Norte, est\u00e1 desarrollando una amplia\u2026","rel":"","context":"En \u00abSin categor\u00eda\u00bb","block_context":{"text":"Sin categor\u00eda","link":"https:\/\/lasprimeras.com.do\/index.php\/category\/sin-categoria\/"},"img":{"alt_text":"","src":"https:\/\/i0.wp.com\/lasprimeras.com.do\/wp-content\/uploads\/2023\/06\/ramon-raposo-traza-ruta-del-crecimiento-de-cara-a-comicios-del-2024.jpg?resize=350%2C200&ssl=1","width":350,"height":200},"classes":[]},{"id":51704,"url":"https:\/\/lasprimeras.com.do\/index.php\/2023\/06\/02\/aspirante-a-diputado-ramon-raposo-denuncia-marginalidad-afecta-a-cientos-de-comunidades-de-sdn\/","url_meta":{"origin":120536,"position":3},"title":"Aspirante a diputado Ram\u00f3n Raposo denuncia marginalidad afecta a cientos de comunidades de SDN","author":"prenxa100","date":"2 de junio de 2023","format":false,"excerpt":"Santo Domingo, RD.- El aspirante a diputado del Partido Revolucionario Domingo (PRD), Ram\u00f3n Raposo denunci\u00f3 que la marginalidad afecta a cientos de comunidades del municipio Santo Domingo Norte, donde mujeres y ni\u00f1os no tienen acceso a salud, educaci\u00f3n y una buena alimentaci\u00f3n. Al ser entrevistado en el programa Despierta RD,\u2026","rel":"","context":"En \u00abSin categor\u00eda\u00bb","block_context":{"text":"Sin categor\u00eda","link":"https:\/\/lasprimeras.com.do\/index.php\/category\/sin-categoria\/"},"img":{"alt_text":"","src":"","width":0,"height":0},"classes":[]},{"id":56563,"url":"https:\/\/lasprimeras.com.do\/index.php\/2023\/08\/02\/candidato-a-diputado-prd-resalta-sdn-reune-condiciones-para-ser-destino-turistico\/","url_meta":{"origin":120536,"position":4},"title":"Candidato a diputado PRD resalta SDN re\u00fane condiciones para ser destino tur\u00edstico","author":"Nelson Feliz","date":"2 de agosto de 2023","format":false,"excerpt":"El aspirante a diputado del Partido Revolucionario Dominicano (PRD), Ram\u00f3n Raposo manifest\u00f3 que el municipio Santo Domingo Norte re\u00fane todas las condiciones para convertirse en un destino tur\u00edstico. Al ser entrevistado en el programa Geopol\u00edtica, que conducen los comunicadores Nelson Encarnaci\u00f3n y Leandro Campos, Raposo manifest\u00f3 que el municipio Santo\u2026","rel":"","context":"En \u00abSin categor\u00eda\u00bb","block_context":{"text":"Sin categor\u00eda","link":"https:\/\/lasprimeras.com.do\/index.php\/category\/sin-categoria\/"},"img":{"alt_text":"","src":"https:\/\/i0.wp.com\/lasprimeras.com.do\/wp-content\/uploads\/2023\/08\/Raposo.jpg?resize=350%2C200&ssl=1","width":350,"height":200,"srcset":"https:\/\/i0.wp.com\/lasprimeras.com.do\/wp-content\/uploads\/2023\/08\/Raposo.jpg?resize=350%2C200&ssl=1 1x, https:\/\/i0.wp.com\/lasprimeras.com.do\/wp-content\/uploads\/2023\/08\/Raposo.jpg?resize=525%2C300&ssl=1 1.5x, https:\/\/i0.wp.com\/lasprimeras.com.do\/wp-content\/uploads\/2023\/08\/Raposo.jpg?resize=700%2C400&ssl=1 2x"},"classes":[]},{"id":56978,"url":"https:\/\/lasprimeras.com.do\/index.php\/2023\/08\/07\/candidato-a-diputado-prd-solicita-a-cultura-construir-escuela-bellas-artes-en-sdn\/","url_meta":{"origin":120536,"position":5},"title":"Candidato a diputado PRD solicita a cultura construir escuela bellas artes en SDN","author":"Nelson Feliz","date":"7 de agosto de 2023","format":false,"excerpt":"El candidato a diputado del Partido Revolucionario Dominicano (PRD) por el municipio Santo Domingo Norte Ram\u00f3n Raposo demand\u00f3 de las autoridades del Ministerio de Cultura la construcci\u00f3n de una Escuela Municipal de Bellas Artes, que permita a los ni\u00f1os y j\u00f3venes del referido municipio desarrollar su talento art\u00edstico sin tener\u2026","rel":"","context":"En \u00abPORTADA\u00bb","block_context":{"text":"PORTADA","link":"https:\/\/lasprimeras.com.do\/index.php\/category\/portada\/"},"img":{"alt_text":"Camilo y Raposo","src":"https:\/\/i0.wp.com\/lasprimeras.com.do\/wp-content\/uploads\/2023\/08\/Camilo-y-Raposo-1.jpg?resize=350%2C200&ssl=1","width":350,"height":200,"srcset":"https:\/\/i0.wp.com\/lasprimeras.com.do\/wp-content\/uploads\/2023\/08\/Camilo-y-Raposo-1.jpg?resize=350%2C200&ssl=1 1x, https:\/\/i0.wp.com\/lasprimeras.com.do\/wp-content\/uploads\/2023\/08\/Camilo-y-Raposo-1.jpg?resize=525%2C300&ssl=1 1.5x, https:\/\/i0.wp.com\/lasprimeras.com.do\/wp-content\/uploads\/2023\/08\/Camilo-y-Raposo-1.jpg?resize=700%2C400&ssl=1 2x"},"classes":[]}],"jetpack_sharing_enabled":true,"_links":{"self":[{"href":"https:\/\/lasprimeras.com.do\/index.php\/wp-json\/wp\/v2\/posts\/120536","targetHints":{"allow":["GET"]}}],"collection":[{"href":"https:\/\/lasprimeras.com.do\/index.php\/wp-json\/wp\/v2\/posts"}],"about":[{"href":"https:\/\/lasprimeras.com.do\/index.php\/wp-json\/wp\/v2\/types\/post"}],"author":[{"embeddable":true,"href":"https:\/\/lasprimeras.com.do\/index.php\/wp-json\/wp\/v2\/users\/10"}],"replies":[{"embeddable":true,"href":"https:\/\/lasprimeras.com.do\/index.php\/wp-json\/wp\/v2\/comments?post=120536"}],"version-history":[{"count":1,"href":"https:\/\/lasprimeras.com.do\/index.php\/wp-json\/wp\/v2\/posts\/120536\/revisions"}],"predecessor-version":[{"id":120538,"href":"https:\/\/lasprimeras.com.do\/index.php\/wp-json\/wp\/v2\/posts\/120536\/revisions\/120538"}],"wp:featuredmedia":[{"embeddable":true,"href":"https:\/\/lasprimeras.com.do\/index.php\/wp-json\/wp\/v2\/media\/120537"}],"wp:attachment":[{"href":"https:\/\/lasprimeras.com.do\/index.php\/wp-json\/wp\/v2\/media?parent=120536"}],"wp:term":[{"taxonomy":"category","embeddable":true,"href":"https:\/\/lasprimeras.com.do\/index.php\/wp-json\/wp\/v2\/categories?post=120536"},{"taxonomy":"post_tag","embeddable":true,"href":"https:\/\/lasprimeras.com.do\/index.php\/wp-json\/wp\/v2\/tags?post=120536"}],"curies":[{"name":"wp","href":"https:\/\/api.w.org\/{rel}","templated":true}]}}