{"id":120540,"date":"2026-01-25T15:33:28","date_gmt":"2026-01-25T19:33:28","guid":{"rendered":"https:\/\/lasprimeras.com.do\/?p=120540"},"modified":"2026-01-25T15:33:31","modified_gmt":"2026-01-25T19:33:31","slug":"anuncian-tres-proyectos-de-lujos-de-la-marca-tonino-lamborghini-para-rd","status":"publish","type":"post","link":"https:\/\/lasprimeras.com.do\/index.php\/2026\/01\/25\/anuncian-tres-proyectos-de-lujos-de-la-marca-tonino-lamborghini-para-rd\/","title":{"rendered":"Anuncian tres proyectos de lujos de la marca Tonino Lamborghini para RD"},"content":{"rendered":"\n<p><strong>Madrid, Espa\u00f1a .<\/strong>-Tres modernas torres se construir\u00e1n en Rep\u00fablica Dominicana de la exclusiva marca Tonino Lamborghini, una apuesta m\u00e1s al turismo de lujo dominicano, que cada d\u00eda toma m\u00e1s fuerza.<\/p>\n\n\n\n<p>El anuncio fue hecho por el mismo Tonino Lamborghini en el marco de la feria tur\u00edstica FITUR, que se realiz\u00f3 en la capital espa\u00f1ola.<\/p>\n\n\n\n<p>Los tres proyectos Tonino Lamborghini Towers marcan la entradas al pa\u00eds de una de las m\u00e1s relevante marca de lujo internacional en el mercado inmobiliario de alto nivel.<\/p>\n\n\n\n<p>El acuerdo ha sido suscrito con DUNA Development, firma desarrolladora liderada por Jos\u00e9 Gonz\u00e1lez y Josu\u00e9 Virgen, Co-CEOs de DUNA Development, reconocida por el desarrollo de proyectos inmobiliarios de alta gama en destinos internacionales clave.<\/p>\n\n\n\n<p>Todos los desarrollos Tonino Lamborghini Towers ser\u00e1n operados y gestionados de forma exclusiva por Archipelago, uno de los grupos de gesti\u00f3n hotelera m\u00e1s grandes y de mayor crecimiento a nivel mundial, garantizando est\u00e1ndares operativos consistentes y de primer nivel en los tres proyectos.<\/p>\n\n\n\n<p>El primer proyecto Tonino Lamborghini Towers estar\u00e1 ubicado en Cap Cana, Punta Cana, uno de los enclaves de lujo m\u00e1s exclusivos del Caribe.<\/p>\n\n\n\n<p>Posteriormente se desarrollar\u00e1 un segundo proyecto en Santo Domingo, mientras que la tercera ubicaci\u00f3n ser\u00e1 anunciada pr\u00f3ximamente.<\/p>\n\n\n\n<p>En conjunto, los tres desarrollos trasladar\u00e1n el ADN de dise\u00f1o, innovaci\u00f3n y estilo de vida caracter\u00edstico de la marca Tonino Lamborghini a la arquitectura residencial de ultra lujo.<\/p>\n\n\n\n<p>Se espera que estos proyectos establezcan un nuevo referente en el segmento de condo-hoteles de marca, posicionando a Rep\u00fablica Dominicana junto a mercados globales como Miami y Dub\u00e1i.<\/p>\n\n\n\n<p>Lamborghini dijo que &#8220;Este acuerdo representa una evoluci\u00f3n natural del estilo de vida Lamborghini m\u00e1s all\u00e1 del mundo automotriz&#8221;.<\/p>\n\n\n\n<p>&#8220;Tonino Lamborghini Towers reflejar\u00e1 nuestro lenguaje de dise\u00f1o, nuestro compromiso con la excelencia y nuestra visi\u00f3n de crear entornos residenciales ic\u00f3nicos en destinos globales seleccionados&#8221;, subray\u00f3 Tonino Lamborghini<\/p>\n\n\n\n<p>Los Co-CEOs de DUNA Developmen, Jos\u00e9 Gonz\u00e1lez y Josu\u00e9 Virge, afirmaron que esa alianza con Tonino Lamborghini representa un hito decisivo para el desarrollo inmobiliario de lujo en Rep\u00fablica Dominicana.<\/p>\n\n\n\n<p>\u201cJunto a la marca Tonino Lamborghini y Archipelago, nuestro objetivo es desarrollar proyectos emblem\u00e1ticos que combinen dise\u00f1o ic\u00f3nico con una ejecuci\u00f3n operativa de clase mundial&#8221;, afirmaron.<\/p>\n\n\n\n<p><strong>Comentario de Marca<\/strong><\/p>\n\n\n\n<p><strong>Tonino Lamborghini, Fundador y Presidente del Grupo Tonino Lamborghini, coment\u00f3:<\/strong><\/p>\n\n\n\n<p>\u201cTonino Lamborghini representa una filosof\u00eda de dise\u00f1o, innovaci\u00f3n y estilo de vida que trasciende industrias. Ver esta visi\u00f3n materializarse en torres residenciales ic\u00f3nicas en nuevos mercados globales es una evoluci\u00f3n natural y un motivo de gran orgullo&#8221;, indicaron.<\/p>\n\n\n\n<p>El CEO del grupo de Valle, Edward De Valle II, esos proyectos es la entrada de marca residencial m\u00e1s significativa que ha visto Rep\u00fablica Dominicana hasta la fecha.<\/p>\n\n\n\n<p>&#8220;Esto va m\u00e1s all\u00e1 de los modelos tradicionales de marcas hoteleras y coloca al pa\u00eds en competencia directa con ciudades globales como Dub\u00e1i y Miami en el segmento de real estate ultra-marcado.\u201d<\/p>\n","protected":false},"excerpt":{"rendered":"<p>De izquierda a derecha: Gerard Byrne, director general de Archipelago International; Josu\u00e9 Virgen, CEO de DUNA Development; Tonino Lamborghini, fundador y presidente del Grupo Tonino Lamborghini; Jos\u00e9 Gonz\u00e1lez, CEO de DUNA Development y Jos\u00e9 Luis Leonardo, vicepresidente de Archipelago Las Am\u00e9ricas.<\/p>\n","protected":false},"author":10,"featured_media":120541,"comment_status":"open","ping_status":"open","sticky":false,"template":"","format":"standard","meta":{"content-type":"","jetpack_post_was_ever_published":false,"_jetpack_newsletter_access":"","_jetpack_dont_email_post_to_subs":false,"_jetpack_newsletter_tier_id":0,"_jetpack_memberships_contains_paywalled_content":false,"_jetpack_memberships_contains_paid_content":false,"footnotes":""},"categories":[35],"tags":[29726,5400,127,29727,29725],"class_list":["post-120540","post","type-post","status-publish","format-standard","has-post-thumbnail","hentry","category-nacionales","tag-lujos","tag-marca","tag-rd","tag-tonino-lamborghini","tag-tres-proyectos"],"jetpack_featured_media_url":"https:\/\/lasprimeras.com.do\/wp-content\/uploads\/2026\/01\/Tonino-Lamborghini.jpg","jetpack-related-posts":[{"id":70933,"url":"https:\/\/lasprimeras.com.do\/index.php\/2023\/12\/15\/un-concepto-innovador-de-aviones-hoteleros-de-lujo-cambiara-la-historia-del-turismo-en-rd\/","url_meta":{"origin":120540,"position":0},"title":"Un concepto innovador de aviones hoteleros de lujo cambiar\u00e1 la historia del turismo en RD","author":"Nelson Feliz","date":"15 de diciembre de 2023","format":false,"excerpt":"Grupo 7Palms present\u00f3 VOLAVILLE, su proyecto hotelero de aviones con un concepto in\u00e9dito en el mundo. El Grupo 7Palms present\u00f3 el grandioso proyecto de construcci\u00f3n hotelero de aviones con villas de lujo en un encuentro dirigido a la prensa, llevado a cabo en el hotel Embassy Suites by Hilton, el\u2026","rel":"","context":"En \u00abPORTADA\u00bb","block_context":{"text":"PORTADA","link":"https:\/\/lasprimeras.com.do\/index.php\/category\/portada\/"},"img":{"alt_text":"Carlos R. Manzano, Carlos B. Manzano y Carlos J. Manzano","src":"https:\/\/i0.wp.com\/lasprimeras.com.do\/wp-content\/uploads\/2023\/12\/Carlos-R.-Manzano-Carlos-B.-Manzano-y-Carlos-J.-Manzano.jpg?resize=350%2C200&ssl=1","width":350,"height":200,"srcset":"https:\/\/i0.wp.com\/lasprimeras.com.do\/wp-content\/uploads\/2023\/12\/Carlos-R.-Manzano-Carlos-B.-Manzano-y-Carlos-J.-Manzano.jpg?resize=350%2C200&ssl=1 1x, https:\/\/i0.wp.com\/lasprimeras.com.do\/wp-content\/uploads\/2023\/12\/Carlos-R.-Manzano-Carlos-B.-Manzano-y-Carlos-J.-Manzano.jpg?resize=525%2C300&ssl=1 1.5x, https:\/\/i0.wp.com\/lasprimeras.com.do\/wp-content\/uploads\/2023\/12\/Carlos-R.-Manzano-Carlos-B.-Manzano-y-Carlos-J.-Manzano.jpg?resize=700%2C400&ssl=1 2x"},"classes":[]},{"id":70733,"url":"https:\/\/lasprimeras.com.do\/index.php\/2023\/12\/13\/ofertas-de-lujo-incentivarian-gasto-de-turistas-que-vienen-a-republica-dominicana-plantea-rainieiri\/","url_meta":{"origin":120540,"position":1},"title":"Ofertas de lujo incentivar\u00edan gasto de turistas que vienen a Rep\u00fablica Dominicana, plantea Rainieiri","author":"Nelson Feliz","date":"13 de diciembre de 2023","format":false,"excerpt":"Cada vez que un turista visita la Rep\u00fablica Dominicana incurre en un gasto promedio de 139 d\u00f3lares por d\u00eda, una tendencia que ha crecido un 18 % en 22 a\u00f1os, cuando en el 2000 el promedio fuera de poco m\u00e1s de 101 d\u00f3lares, de acuerdo al estudio \"Impacto del turismo\u2026","rel":"","context":"En \u00abPORTADA\u00bb","block_context":{"text":"PORTADA","link":"https:\/\/lasprimeras.com.do\/index.php\/category\/portada\/"},"img":{"alt_text":"Frank El\u00edas Rainieri","src":"https:\/\/i0.wp.com\/lasprimeras.com.do\/wp-content\/uploads\/2023\/12\/Frank-Elias-Rainieri.jpg?resize=350%2C200&ssl=1","width":350,"height":200,"srcset":"https:\/\/i0.wp.com\/lasprimeras.com.do\/wp-content\/uploads\/2023\/12\/Frank-Elias-Rainieri.jpg?resize=350%2C200&ssl=1 1x, https:\/\/i0.wp.com\/lasprimeras.com.do\/wp-content\/uploads\/2023\/12\/Frank-Elias-Rainieri.jpg?resize=525%2C300&ssl=1 1.5x, https:\/\/i0.wp.com\/lasprimeras.com.do\/wp-content\/uploads\/2023\/12\/Frank-Elias-Rainieri.jpg?resize=700%2C400&ssl=1 2x"},"classes":[]},{"id":88673,"url":"https:\/\/lasprimeras.com.do\/index.php\/2024\/09\/02\/jimmy-llibre-correra-en-septiembre-en-la-carrera-gt-challenge-de-las-americas\/","url_meta":{"origin":120540,"position":2},"title":"Jimmy Llibre correr\u00e1 en septiembre en la carrera GT Challenge de Las Am\u00e9ricas","author":"Nelson Feliz","date":"2 de septiembre de 2024","format":false,"excerpt":"El piloto dominicano Jimmy Llibre competir\u00e1 en la carrera GT Challenge de Las Am\u00e9ricas 2024, a celebrarse los d\u00edas 7 y 8 de septiembre en el Aut\u00f3dromo Las Am\u00e9ricas. Llibre, que viene de tener un magn\u00edfico desempe\u00f1o en la Porsche Carrera Cup North Am\u00e9rica, y quien estar\u00e1 acompa\u00f1ado por el\u2026","rel":"","context":"En \u00abSin categor\u00eda\u00bb","block_context":{"text":"Sin categor\u00eda","link":"https:\/\/lasprimeras.com.do\/index.php\/category\/sin-categoria\/"},"img":{"alt_text":"","src":"https:\/\/i0.wp.com\/lasprimeras.com.do\/wp-content\/uploads\/2024\/09\/AUTO.jpg?resize=350%2C200&ssl=1","width":350,"height":200,"srcset":"https:\/\/i0.wp.com\/lasprimeras.com.do\/wp-content\/uploads\/2024\/09\/AUTO.jpg?resize=350%2C200&ssl=1 1x, https:\/\/i0.wp.com\/lasprimeras.com.do\/wp-content\/uploads\/2024\/09\/AUTO.jpg?resize=525%2C300&ssl=1 1.5x, https:\/\/i0.wp.com\/lasprimeras.com.do\/wp-content\/uploads\/2024\/09\/AUTO.jpg?resize=700%2C400&ssl=1 2x"},"classes":[]},{"id":74854,"url":"https:\/\/lasprimeras.com.do\/index.php\/2024\/01\/26\/alterra-village-lanza-el-primer-hotel-internacional-de-jarabacoa\/","url_meta":{"origin":120540,"position":3},"title":"Alterra Village lanza el primer hotel internacional de Jarabacoa","author":"Nelson Feliz","date":"26 de enero de 2024","format":false,"excerpt":"Madrid, Espa\u00f1a.-. FITUR \u2014 Alterra Village y Grupo De Valle han anunciado sus planes para desarrollar los primeros hoteles y residencias de Registry Collection en la regi\u00f3n del Caribe. El anuncio se realiz\u00f3 en el marco de la Feria Internacional de Turismo (FITUR), un hito importante que har\u00e1 de Jarabacoa\u2026","rel":"","context":"En \u00abTURISMO\u00bb","block_context":{"text":"TURISMO","link":"https:\/\/lasprimeras.com.do\/index.php\/category\/turismo\/"},"img":{"alt_text":"Wyndham Hotels & Resorts","src":"https:\/\/i0.wp.com\/lasprimeras.com.do\/wp-content\/uploads\/2024\/01\/Wyndham-Hotels-Resorts.jpg?resize=350%2C200&ssl=1","width":350,"height":200,"srcset":"https:\/\/i0.wp.com\/lasprimeras.com.do\/wp-content\/uploads\/2024\/01\/Wyndham-Hotels-Resorts.jpg?resize=350%2C200&ssl=1 1x, https:\/\/i0.wp.com\/lasprimeras.com.do\/wp-content\/uploads\/2024\/01\/Wyndham-Hotels-Resorts.jpg?resize=525%2C300&ssl=1 1.5x, https:\/\/i0.wp.com\/lasprimeras.com.do\/wp-content\/uploads\/2024\/01\/Wyndham-Hotels-Resorts.jpg?resize=700%2C400&ssl=1 2x"},"classes":[]},{"id":112416,"url":"https:\/\/lasprimeras.com.do\/index.php\/2025\/10\/22\/abinader-inicia-trabajos-de-construccion-de-hotel-melia-bergantin-beach\/","url_meta":{"origin":120540,"position":4},"title":"Abinader inicia trabajos de construcci\u00f3n de Hotel Meli\u00e1 Bergant\u00edn Beach","author":"Nelson Feliz","date":"22 de octubre de 2025","format":false,"excerpt":"-. Mandatario destaca relanzamiento tur\u00edstico de Puerto Plata con desarrollo inmobiliario pujante y turismo de cruceros l\u00edder en el pa\u00eds. -. Tambi\u00e9n, anuncia la construcci\u00f3n de dos nuevos hoteles de las cadenas internacionales hoteleras Westin y Hyatt y la licitaci\u00f3n en los pr\u00f3ximos d\u00edas de la carretera \u00c1mbar. El presidente\u2026","rel":"","context":"En \u00abPORTADA\u00bb","block_context":{"text":"PORTADA","link":"https:\/\/lasprimeras.com.do\/index.php\/category\/portada\/"},"img":{"alt_text":"","src":"https:\/\/i0.wp.com\/lasprimeras.com.do\/wp-content\/uploads\/2025\/10\/Luis-Abinader-1-3.jpg?resize=350%2C200&ssl=1","width":350,"height":200,"srcset":"https:\/\/i0.wp.com\/lasprimeras.com.do\/wp-content\/uploads\/2025\/10\/Luis-Abinader-1-3.jpg?resize=350%2C200&ssl=1 1x, https:\/\/i0.wp.com\/lasprimeras.com.do\/wp-content\/uploads\/2025\/10\/Luis-Abinader-1-3.jpg?resize=525%2C300&ssl=1 1.5x, https:\/\/i0.wp.com\/lasprimeras.com.do\/wp-content\/uploads\/2025\/10\/Luis-Abinader-1-3.jpg?resize=700%2C400&ssl=1 2x, https:\/\/i0.wp.com\/lasprimeras.com.do\/wp-content\/uploads\/2025\/10\/Luis-Abinader-1-3.jpg?resize=1050%2C600&ssl=1 3x"},"classes":[]},{"id":111123,"url":"https:\/\/lasprimeras.com.do\/index.php\/2025\/10\/05\/grupo-punta-cana-marriott-international-y-mac-hotels-inauguran-el-hotel-w-punta-cana-todo-incluido-de-lujo-en-rd\/","url_meta":{"origin":120540,"position":5},"title":"Grupo Punta Cana, Marriott International y Mac Hotels inauguran el hotel W Punta Cana todo incluido de lujo en RD","author":"Nelson Feliz","date":"5 de octubre de 2025","format":false,"excerpt":"El presidente Abinader destaca la inversi\u00f3n en turismo como motor de desarrollo. Al participar este domingo en la inauguraci\u00f3n del hotel W Punta Cana Adult All-Inclusive, con una inversi\u00f3n cercana a los 170 millones de d\u00f3lares, el presidente Luis Abinader asegur\u00f3 que hoy la Rep\u00fablica Dominicana es el mejor lugar\u2026","rel":"","context":"En \u00abPORTADA\u00bb","block_context":{"text":"PORTADA","link":"https:\/\/lasprimeras.com.do\/index.php\/category\/portada\/"},"img":{"alt_text":"","src":"https:\/\/i0.wp.com\/lasprimeras.com.do\/wp-content\/uploads\/2025\/10\/inauguran-el-hotel-w-punta-cana-primer-todo-incluido-de-lujo-en-la-rd-c4758ab7-focus-0-0-896-504.jpg?resize=350%2C200&ssl=1","width":350,"height":200,"srcset":"https:\/\/i0.wp.com\/lasprimeras.com.do\/wp-content\/uploads\/2025\/10\/inauguran-el-hotel-w-punta-cana-primer-todo-incluido-de-lujo-en-la-rd-c4758ab7-focus-0-0-896-504.jpg?resize=350%2C200&ssl=1 1x, https:\/\/i0.wp.com\/lasprimeras.com.do\/wp-content\/uploads\/2025\/10\/inauguran-el-hotel-w-punta-cana-primer-todo-incluido-de-lujo-en-la-rd-c4758ab7-focus-0-0-896-504.jpg?resize=525%2C300&ssl=1 1.5x, https:\/\/i0.wp.com\/lasprimeras.com.do\/wp-content\/uploads\/2025\/10\/inauguran-el-hotel-w-punta-cana-primer-todo-incluido-de-lujo-en-la-rd-c4758ab7-focus-0-0-896-504.jpg?resize=700%2C400&ssl=1 2x"},"classes":[]}],"jetpack_sharing_enabled":true,"_links":{"self":[{"href":"https:\/\/lasprimeras.com.do\/index.php\/wp-json\/wp\/v2\/posts\/120540","targetHints":{"allow":["GET"]}}],"collection":[{"href":"https:\/\/lasprimeras.com.do\/index.php\/wp-json\/wp\/v2\/posts"}],"about":[{"href":"https:\/\/lasprimeras.com.do\/index.php\/wp-json\/wp\/v2\/types\/post"}],"author":[{"embeddable":true,"href":"https:\/\/lasprimeras.com.do\/index.php\/wp-json\/wp\/v2\/users\/10"}],"replies":[{"embeddable":true,"href":"https:\/\/lasprimeras.com.do\/index.php\/wp-json\/wp\/v2\/comments?post=120540"}],"version-history":[{"count":1,"href":"https:\/\/lasprimeras.com.do\/index.php\/wp-json\/wp\/v2\/posts\/120540\/revisions"}],"predecessor-version":[{"id":120542,"href":"https:\/\/lasprimeras.com.do\/index.php\/wp-json\/wp\/v2\/posts\/120540\/revisions\/120542"}],"wp:featuredmedia":[{"embeddable":true,"href":"https:\/\/lasprimeras.com.do\/index.php\/wp-json\/wp\/v2\/media\/120541"}],"wp:attachment":[{"href":"https:\/\/lasprimeras.com.do\/index.php\/wp-json\/wp\/v2\/media?parent=120540"}],"wp:term":[{"taxonomy":"category","embeddable":true,"href":"https:\/\/lasprimeras.com.do\/index.php\/wp-json\/wp\/v2\/categories?post=120540"},{"taxonomy":"post_tag","embeddable":true,"href":"https:\/\/lasprimeras.com.do\/index.php\/wp-json\/wp\/v2\/tags?post=120540"}],"curies":[{"name":"wp","href":"https:\/\/api.w.org\/{rel}","templated":true}]}}