{"id":120544,"date":"2026-01-25T15:44:05","date_gmt":"2026-01-25T19:44:05","guid":{"rendered":"https:\/\/lasprimeras.com.do\/?p=120544"},"modified":"2026-01-25T15:44:07","modified_gmt":"2026-01-25T19:44:07","slug":"senaduria-dn-destina-fondo-gadiel-de-diciembre-a-programa-de-salud-mental-de-la-arquidiocesis-de-sd","status":"publish","type":"post","link":"https:\/\/lasprimeras.com.do\/index.php\/2026\/01\/25\/senaduria-dn-destina-fondo-gadiel-de-diciembre-a-programa-de-salud-mental-de-la-arquidiocesis-de-sd\/","title":{"rendered":"Senadur\u00eda DN destina Fondo Gadiel de diciembre a programa de salud mental de la Arquidi\u00f3cesis de SD"},"content":{"rendered":"\n<p><strong>Pastoral de la Salud utilizar\u00e1 en programas comunitarios de atenci\u00f3n y prevenci\u00f3n RD$1,059,000 donados.<\/strong><\/p>\n\n\n\n<p>La Oficina Senatorial del Distrito Nacional inform\u00f3 que el Fondo de Asistencia Social del mes de diciembre fue destinado a programas comunitarios de atenci\u00f3n, orientaci\u00f3n y prevenci\u00f3n en salud mental dirigidos a poblaciones en condici\u00f3n de vulnerabilidad.<\/p>\n\n\n\n<p>Como parte de la pol\u00edtica de transparencia en el uso de los recursos del Fondo Gadiel, Omar Fern\u00e1ndez, senador de la Rep\u00fablica por el Distrito Nacional, explic\u00f3 este viernes que 1,059,000 pesos \u2014equivalente a la totalidad de los recursos que recibe mensualmente la oficina\u2014, fueron entregados a una entidad de amplia trayectoria comunitaria y presencia territorial como Pastoral de la Salud de la Iglesia Cat\u00f3lica dominicana.<\/p>\n\n\n<div class=\"wp-block-image\">\n<figure class=\"alignleft size-large is-resized\"><img decoding=\"async\" width=\"825\" height=\"1024\" src=\"https:\/\/lasprimeras.com.do\/wp-content\/uploads\/2026\/01\/Omar-Fernandez-1-825x1024.jpg\" alt=\"\" class=\"wp-image-120546\" style=\"aspect-ratio:0.8056786476284261;width:280px;height:auto\" srcset=\"https:\/\/lasprimeras.com.do\/wp-content\/uploads\/2026\/01\/Omar-Fernandez-1-825x1024.jpg 825w, https:\/\/lasprimeras.com.do\/wp-content\/uploads\/2026\/01\/Omar-Fernandez-1-242x300.jpg 242w, https:\/\/lasprimeras.com.do\/wp-content\/uploads\/2026\/01\/Omar-Fernandez-1-768x953.jpg 768w, https:\/\/lasprimeras.com.do\/wp-content\/uploads\/2026\/01\/Omar-Fernandez-1.jpg 900w\" sizes=\"(max-width: 825px) 100vw, 825px\" \/><\/figure>\n<\/div>\n\n\n<p>La Pastoral de la Salud cuenta con una estructura comunitaria consolidada, presencia territorial en parroquias y comunidades del Distrito Nacional, as\u00ed como experiencia en programas de acompa\u00f1amiento humano, orientaci\u00f3n psicol\u00f3gica, prevenci\u00f3n, contenci\u00f3n emocional y derivaci\u00f3n oportuna a servicios especializados, lo que garantiza una intervenci\u00f3n cercana, \u00e9tica y eficiente.<\/p>\n\n\n\n<p>\u201cEsto no es un regalo, ni algo particular de Omar, esto viene de ustedes y de los impuestos que con muchos sacrificios pagan, aqu\u00ed de lo que nos ocupamos es que llegue a las causas correctas, y a los temas que no se les ha puesto atenci\u00f3n\u201d, expres\u00f3 el senador capitalino.<\/p>\n\n\n<div class=\"wp-block-image\">\n<figure class=\"alignright size-full is-resized\"><img decoding=\"async\" width=\"900\" height=\"744\" src=\"https:\/\/lasprimeras.com.do\/wp-content\/uploads\/2026\/01\/Omar-Fernandez-2.jpg\" alt=\"\" class=\"wp-image-120547\" style=\"aspect-ratio:1.2097092163627403;width:317px;height:auto\" srcset=\"https:\/\/lasprimeras.com.do\/wp-content\/uploads\/2026\/01\/Omar-Fernandez-2.jpg 900w, https:\/\/lasprimeras.com.do\/wp-content\/uploads\/2026\/01\/Omar-Fernandez-2-300x248.jpg 300w, https:\/\/lasprimeras.com.do\/wp-content\/uploads\/2026\/01\/Omar-Fernandez-2-768x635.jpg 768w\" sizes=\"(max-width: 900px) 100vw, 900px\" \/><\/figure>\n<\/div>\n\n\n<p>La iniciativa constituye una acci\u00f3n complementaria y adicional a los trabajos que actualmente desarrolla el Senado de la Rep\u00fablica, a trav\u00e9s de una comisi\u00f3n especial que trabaja en el proyecto de ley de salud mental con el objetivo de fortalecer el marco normativo, la protecci\u00f3n de derechos y la mejora de los servicios de atenci\u00f3n en salud mental a nivel nacional.<\/p>\n\n\n\n<p>Omar Fern\u00e1ndez, como miembro de la citada comisi\u00f3n, asegur\u00f3 que los legisladores trabajan para que el resultado abra puertas a un adecuado tratamiento a largo plazo de este flagelo.<\/p>\n\n\n\n<p>La Organizaci\u00f3n Mundial de la Salud afirma que uno de cada cinco dominicanos padece de alg\u00fan trastorno de salud mental a lo largo de su vida, por lo que a juicio del congresista, se hace necesario la intervenci\u00f3n permanente en la sociedad, en procura del bienestar de la ciudadan\u00eda.<\/p>\n","protected":false},"excerpt":{"rendered":"<p>Pastoral de la Salud utilizar\u00e1 en programas comunitarios de atenci\u00f3n y prevenci\u00f3n RD$1,059,000 donados. La Oficina Senatorial del Distrito Nacional inform\u00f3 que el Fondo de Asistencia Social del mes de&hellip;<\/p>\n","protected":false},"author":10,"featured_media":120545,"comment_status":"open","ping_status":"open","sticky":false,"template":"","format":"standard","meta":{"content-type":"","jetpack_post_was_ever_published":false,"_jetpack_newsletter_access":"","_jetpack_dont_email_post_to_subs":false,"_jetpack_newsletter_tier_id":0,"_jetpack_memberships_contains_paywalled_content":false,"_jetpack_memberships_contains_paid_content":false,"footnotes":""},"categories":[16559],"tags":[29730,9095,29729,198,6320,29728],"class_list":["post-120544","post","type-post","status-publish","format-standard","has-post-thumbnail","hentry","category-politica","tag-arquidiocesis-de-sd","tag-diciembre","tag-fondo-gadiel","tag-programa","tag-salud-mental","tag-senaduria-dn"],"jetpack_featured_media_url":"https:\/\/lasprimeras.com.do\/wp-content\/uploads\/2026\/01\/Omar-Fernandez.jpg","jetpack-related-posts":[{"id":122225,"url":"https:\/\/lasprimeras.com.do\/index.php\/2026\/02\/15\/senaduria-del-dn-destina-fondo-gadiel-a-operaciones-a-corazon-abierto-para-ninos\/","url_meta":{"origin":120544,"position":0},"title":"Senadur\u00eda del DN destina Fondo Gadiel a operaciones a coraz\u00f3n abierto para ni\u00f1os","author":"Nelson Feliz","date":"15 de febrero de 2026","format":false,"excerpt":"Omar Fern\u00e1ndez explica que salvando vidas es la mejor manera en que se celebra el amor La Oficina Senatorial del Distrito Nacional inform\u00f3 que destin\u00f3 un mill\u00f3n 59 mil pesos para la realizaci\u00f3n de operaciones a coraz\u00f3n abierto a ni\u00f1os con alguna cardiopat\u00eda que as\u00ed lo requieran. Omar Fern\u00e1ndez, senador\u2026","rel":"","context":"En \u00abSALUD\u00bb","block_context":{"text":"SALUD","link":"https:\/\/lasprimeras.com.do\/index.php\/category\/salud\/"},"img":{"alt_text":"","src":"https:\/\/i0.wp.com\/lasprimeras.com.do\/wp-content\/uploads\/2026\/02\/Omar-Fernandez-3.jpg?resize=350%2C200&ssl=1","width":350,"height":200,"srcset":"https:\/\/i0.wp.com\/lasprimeras.com.do\/wp-content\/uploads\/2026\/02\/Omar-Fernandez-3.jpg?resize=350%2C200&ssl=1 1x, https:\/\/i0.wp.com\/lasprimeras.com.do\/wp-content\/uploads\/2026\/02\/Omar-Fernandez-3.jpg?resize=525%2C300&ssl=1 1.5x, https:\/\/i0.wp.com\/lasprimeras.com.do\/wp-content\/uploads\/2026\/02\/Omar-Fernandez-3.jpg?resize=700%2C400&ssl=1 2x"},"classes":[]},{"id":63604,"url":"https:\/\/lasprimeras.com.do\/index.php\/2023\/10\/13\/organizaciones-sin-fines-de-lucro-recibiran-mas-2300-mm-en-2024\/","url_meta":{"origin":120544,"position":1},"title":"Organizaciones sin fines de lucro recibir\u00e1n m\u00e1s $2,300 MM en 2024","author":"BIMARY DE JES\u00daS Matos","date":"13 de octubre de 2023","format":false,"excerpt":"SANTO DOMINGO, Rep\u00fablica Dominicana.- El Ministerio de Econom\u00eda, Planificaci\u00f3n y Desarrollo inform\u00f3 este jueves que 755 organizaciones sin fines de lucro recibir\u00e1n el a\u00f1o pr\u00f3ximo 2,389,137,516 pesos, un incremento del 4 % con relaci\u00f3n a lo presupuestado en 2023. El organismo destac\u00f3 que las provincias fronterizas recibir\u00e1n en 2014 unos\u2026","rel":"","context":"En \u00abECONOM\u00cdA\u00bb","block_context":{"text":"ECONOM\u00cdA","link":"https:\/\/lasprimeras.com.do\/index.php\/category\/economia\/"},"img":{"alt_text":"","src":"https:\/\/i0.wp.com\/lasprimeras.com.do\/wp-content\/uploads\/2023\/10\/WhatsApp-Image-2023-10-13-at-11.03.05-AM-2.jpeg?resize=350%2C200&ssl=1","width":350,"height":200,"srcset":"https:\/\/i0.wp.com\/lasprimeras.com.do\/wp-content\/uploads\/2023\/10\/WhatsApp-Image-2023-10-13-at-11.03.05-AM-2.jpeg?resize=350%2C200&ssl=1 1x, https:\/\/i0.wp.com\/lasprimeras.com.do\/wp-content\/uploads\/2023\/10\/WhatsApp-Image-2023-10-13-at-11.03.05-AM-2.jpeg?resize=525%2C300&ssl=1 1.5x"},"classes":[]},{"id":113452,"url":"https:\/\/lasprimeras.com.do\/index.php\/2025\/11\/03\/por-un-pacto-nacional-por-la-salud-mental-en-republica-dominicana\/","url_meta":{"origin":120544,"position":2},"title":"Por un Pacto Nacional por la Salud Mental en Rep\u00fablica Dominicana","author":"Nelson Feliz","date":"3 de noviembre de 2025","format":false,"excerpt":"Por Dr. Ram\u00f3n Ceballo La salud mental en la Rep\u00fablica Dominicana ya no puede seguir siendo el eslab\u00f3n olvidado del sistema sanitario. Con una estimaci\u00f3n de que cerca del 20 % de la poblaci\u00f3n padece alg\u00fan trastorno mental. En 2024 se registraron 651 suicidios, un promedio de 54 por mes,\u2026","rel":"","context":"En \u00abOPINI\u00d3N\u00bb","block_context":{"text":"OPINI\u00d3N","link":"https:\/\/lasprimeras.com.do\/index.php\/category\/opinion\/"},"img":{"alt_text":"Ram\u00f3n Ceballo","src":"https:\/\/i0.wp.com\/lasprimeras.com.do\/wp-content\/uploads\/2025\/09\/Ramon-Ceballo.jpg?resize=350%2C200&ssl=1","width":350,"height":200},"classes":[]},{"id":121757,"url":"https:\/\/lasprimeras.com.do\/index.php\/2026\/02\/09\/abinader-encabeza-presentacion-de-avances-en-salud-mental-a-nivel-nacional\/","url_meta":{"origin":120544,"position":3},"title":"Abinader encabeza presentaci\u00f3n de avances en salud mental a nivel nacional","author":"Nelson Feliz","date":"9 de febrero de 2026","format":false,"excerpt":"Gobierno se expande l\u00ednea de servicio 811 de salud mental, gratuita y confidencial. Se aumentar\u00e1 de 137 a 500 camas para atenci\u00f3n de pacientes, de 18 a 89 Unidades de Atenci\u00f3n de Crisis y se iniciar\u00e1n los trabajos para la construcci\u00f3n del Instituto Nacional de Neurociencia El presidente Luis Abinader,\u2026","rel":"","context":"En \u00abPORTADA\u00bb","block_context":{"text":"PORTADA","link":"https:\/\/lasprimeras.com.do\/index.php\/category\/portada\/"},"img":{"alt_text":"","src":"https:\/\/i0.wp.com\/lasprimeras.com.do\/wp-content\/uploads\/2026\/02\/tres.jpg?resize=350%2C200&ssl=1","width":350,"height":200,"srcset":"https:\/\/i0.wp.com\/lasprimeras.com.do\/wp-content\/uploads\/2026\/02\/tres.jpg?resize=350%2C200&ssl=1 1x, https:\/\/i0.wp.com\/lasprimeras.com.do\/wp-content\/uploads\/2026\/02\/tres.jpg?resize=525%2C300&ssl=1 1.5x, https:\/\/i0.wp.com\/lasprimeras.com.do\/wp-content\/uploads\/2026\/02\/tres.jpg?resize=700%2C400&ssl=1 2x"},"classes":[]},{"id":111116,"url":"https:\/\/lasprimeras.com.do\/index.php\/2025\/10\/05\/monsenor-santiago-rodriguez-pide-aumentar-presupuesto-para-salud-mental-en-el-pais\/","url_meta":{"origin":120544,"position":4},"title":"Monse\u00f1or Santiago Rodr\u00edguez pide aumentar presupuesto para salud mental en el pa\u00eds","author":"Nelson Feliz","date":"5 de octubre de 2025","format":false,"excerpt":"La Pastoral de la Salud de la Arquidi\u00f3cesis de Santo Domingo pidi\u00f3 a las autoridades dominicanas prestar mayor atenci\u00f3n a la salud mental y destinar un presupuesto m\u00e1s amplio para su fortalecimiento. Durante la tercera edici\u00f3n de la caminata \u201cUn paso por la salud mental\u201d, realizada en el Parque Iberoamericano,\u2026","rel":"","context":"En \u00abSALUD\u00bb","block_context":{"text":"SALUD","link":"https:\/\/lasprimeras.com.do\/index.php\/category\/salud\/"},"img":{"alt_text":"","src":"https:\/\/i0.wp.com\/lasprimeras.com.do\/wp-content\/uploads\/2025\/10\/Monsenor-Santiago-Rodriguez.jpeg?resize=350%2C200&ssl=1","width":350,"height":200,"srcset":"https:\/\/i0.wp.com\/lasprimeras.com.do\/wp-content\/uploads\/2025\/10\/Monsenor-Santiago-Rodriguez.jpeg?resize=350%2C200&ssl=1 1x, https:\/\/i0.wp.com\/lasprimeras.com.do\/wp-content\/uploads\/2025\/10\/Monsenor-Santiago-Rodriguez.jpeg?resize=525%2C300&ssl=1 1.5x, https:\/\/i0.wp.com\/lasprimeras.com.do\/wp-content\/uploads\/2025\/10\/Monsenor-Santiago-Rodriguez.jpeg?resize=700%2C400&ssl=1 2x"},"classes":[]},{"id":104835,"url":"https:\/\/lasprimeras.com.do\/index.php\/2025\/07\/28\/la-deuda-pendiente-con-la-salud-mental-en-republica-dominicana\/","url_meta":{"origin":120544,"position":5},"title":"La deuda pendiente con la salud mental en Rep\u00fablica Dominicana","author":"Nelson Feliz","date":"28 de julio de 2025","format":false,"excerpt":"Por Doctor Ram\u00f3n Ceballo A ra\u00edz de los \u00faltimos acontecimientos tr\u00e1gicos ocurridos en Rep\u00fablica Dominicana \u2014algunos de ellos marcados por actos de desesperaci\u00f3n, violencia o suicidio\u2014, diversas personas me han solicitado una reflexi\u00f3n sobre el estado de la salud mental en nuestro pa\u00eds. Este art\u00edculo nace desde esa preocupaci\u00f3n colectiva,\u2026","rel":"","context":"En \u00abOPINI\u00d3N\u00bb","block_context":{"text":"OPINI\u00d3N","link":"https:\/\/lasprimeras.com.do\/index.php\/category\/opinion\/"},"img":{"alt_text":"Ram\u00f3n Ceballo","src":"https:\/\/i0.wp.com\/lasprimeras.com.do\/wp-content\/uploads\/2025\/01\/Ramon-Ceballo.jpg?resize=350%2C200&ssl=1","width":350,"height":200},"classes":[]}],"jetpack_sharing_enabled":true,"_links":{"self":[{"href":"https:\/\/lasprimeras.com.do\/index.php\/wp-json\/wp\/v2\/posts\/120544","targetHints":{"allow":["GET"]}}],"collection":[{"href":"https:\/\/lasprimeras.com.do\/index.php\/wp-json\/wp\/v2\/posts"}],"about":[{"href":"https:\/\/lasprimeras.com.do\/index.php\/wp-json\/wp\/v2\/types\/post"}],"author":[{"embeddable":true,"href":"https:\/\/lasprimeras.com.do\/index.php\/wp-json\/wp\/v2\/users\/10"}],"replies":[{"embeddable":true,"href":"https:\/\/lasprimeras.com.do\/index.php\/wp-json\/wp\/v2\/comments?post=120544"}],"version-history":[{"count":1,"href":"https:\/\/lasprimeras.com.do\/index.php\/wp-json\/wp\/v2\/posts\/120544\/revisions"}],"predecessor-version":[{"id":120548,"href":"https:\/\/lasprimeras.com.do\/index.php\/wp-json\/wp\/v2\/posts\/120544\/revisions\/120548"}],"wp:featuredmedia":[{"embeddable":true,"href":"https:\/\/lasprimeras.com.do\/index.php\/wp-json\/wp\/v2\/media\/120545"}],"wp:attachment":[{"href":"https:\/\/lasprimeras.com.do\/index.php\/wp-json\/wp\/v2\/media?parent=120544"}],"wp:term":[{"taxonomy":"category","embeddable":true,"href":"https:\/\/lasprimeras.com.do\/index.php\/wp-json\/wp\/v2\/categories?post=120544"},{"taxonomy":"post_tag","embeddable":true,"href":"https:\/\/lasprimeras.com.do\/index.php\/wp-json\/wp\/v2\/tags?post=120544"}],"curies":[{"name":"wp","href":"https:\/\/api.w.org\/{rel}","templated":true}]}}