{"id":120549,"date":"2026-01-25T15:53:21","date_gmt":"2026-01-25T19:53:21","guid":{"rendered":"https:\/\/lasprimeras.com.do\/?p=120549"},"modified":"2026-01-25T15:53:23","modified_gmt":"2026-01-25T19:53:23","slug":"mescyt-reitera-importancia-de-las-carreras-stem-en-el-mercado-laboral-del-pais","status":"publish","type":"post","link":"https:\/\/lasprimeras.com.do\/index.php\/2026\/01\/25\/mescyt-reitera-importancia-de-las-carreras-stem-en-el-mercado-laboral-del-pais\/","title":{"rendered":"MESCyT reitera importancia de las Carreras STEM en el mercado laboral del pa\u00eds"},"content":{"rendered":"\n<p><strong>Indican que planificar la profesi\u00f3n es fundamental para lograr metas con los estudios.<\/strong><\/p>\n\n\n\n<p>El Ministerio de Educaci\u00f3n Superior, Ciencia y Tecnolog\u00eda (MESCYT) resalta la necesidad de enfatizar en la promoci\u00f3n de las carreras profesionales de mayor demanda y mejor remuneradas en el mercado laboral, que se ubican en las \u00e1reas STEM, representadas por la Ciencia, Tecnolog\u00eda, Ingenier\u00eda, Artes y Matem\u00e1ticas, con el prop\u00f3sito de fortalecer las econom\u00edas locales y la ampliaci\u00f3n de programas docentes alineados con las demandas del sector productivo nacional.<\/p>\n\n\n\n<p>El ministro Franklin Garc\u00eda Ferm\u00edn se refiri\u00f3 al tema a prop\u00f3sito de que el pr\u00f3ximo d\u00eda 30 de enero se lanzar\u00e1 el Programa de Becas Internacionales, donde se otorgar\u00e1n alrededor de 2,000 becas. <\/p>\n\n\n\n<p>Se\u00f1al\u00f3 que la convocatoria estar\u00e1 abierta desde el viernes 30 de enero hasta el 20 de febrero para que los interesados puedan aplicar a trav\u00e9s de la p\u00e1gina web del MESCYT.<\/p>\n\n\n\n<p>Garc\u00eda Ferm\u00edn reiter\u00f3 que las universidades deben hacer esfuerzos por fortalecer y desarrollar programas de investigaci\u00f3n, al tiempo que resalt\u00f3 el valor humano y social del programa de becas internacionales impulsado por el Gobierno del presidente Luis Abinader.<\/p>\n\n\n\n<p>Refiri\u00f3 que, aunque tradicionalmente en la naci\u00f3n las carreras m\u00e1s necesarias se inclinan hacia el \u00e1rea de la salud, tecnolog\u00eda y educaci\u00f3n, destacando la Medicina, Enfermer\u00eda, Derecho, Contabilidad y Administraci\u00f3n de Empresas, la planificaci\u00f3n de la profesi\u00f3n es un proceso importante que permite identificar los intereses, habilidades y las metas que persiguen los alumnos con sus estudios.<\/p>\n\n\n\n<p>Esto le permitir\u00e1 tener una visi\u00f3n clara de lo que quieren lograr, pueden trazar un camino adecuado durante sus estudios de educaci\u00f3n superior y con ello, alcanzar el \u00e9xito cuando finalice. <\/p>\n\n\n\n<p>Adem\u00e1s, la planificaci\u00f3n le brinda la oportunidad de investigar y comprender los campos profesionales m\u00e1s prometedores y planes de estudios para tomar decisiones informadas sobre la educaci\u00f3n y la formaci\u00f3n necesaria.<\/p>\n\n\n\n<p>La licenciatura en Educaci\u00f3n sigue siendo la carrera m\u00e1s demandada en la Universidad Aut\u00f3noma de Santo Domingo (UASD), le sigue la licenciatura en Contabilidad, Medicina, Derecho, Psicolog\u00eda Cl\u00ednica, Enfermer\u00eda, Lenguas Modernas menci\u00f3n Ingl\u00e9s, Bioan\u00e1lisis, Administraci\u00f3n de Empresas y Psicolog\u00eda Menci\u00f3n Psicolog\u00eda Industrial.<\/p>\n\n\n\n<p>De su lado, las profesiones con menos demanda son la licenciatura en Industrias L\u00e1cteas, Antropolog\u00eda, licenciatura en Filosof\u00eda y en el \u00e1rea art\u00edstica, la licenciatura en Teatro menci\u00f3n Actuaci\u00f3n, la licenciatura en Cinematograf\u00eda y Audiovisuales menci\u00f3n Televisi\u00f3n.<\/p>\n","protected":false},"excerpt":{"rendered":"<p>Indican que planificar la profesi\u00f3n es fundamental para lograr metas con los estudios. El Ministerio de Educaci\u00f3n Superior, Ciencia y Tecnolog\u00eda (MESCYT) resalta la necesidad de enfatizar en la promoci\u00f3n&hellip;<\/p>\n","protected":false},"author":10,"featured_media":120550,"comment_status":"open","ping_status":"open","sticky":false,"template":"","format":"standard","meta":{"content-type":"","jetpack_post_was_ever_published":false,"_jetpack_newsletter_access":"","_jetpack_dont_email_post_to_subs":false,"_jetpack_newsletter_tier_id":0,"_jetpack_memberships_contains_paywalled_content":false,"_jetpack_memberships_contains_paid_content":false,"footnotes":""},"categories":[35,25],"tags":[29731,2545,10846,1736],"class_list":["post-120549","post","type-post","status-publish","format-standard","has-post-thumbnail","hentry","category-nacionales","category-portada","tag-carreras-stem","tag-importancia","tag-mercado-laboral","tag-mescyt"],"jetpack_featured_media_url":"https:\/\/lasprimeras.com.do\/wp-content\/uploads\/2026\/01\/MESCyT-1.jpg","jetpack-related-posts":[{"id":59989,"url":"https:\/\/lasprimeras.com.do\/index.php\/2023\/09\/09\/mescyt-entrega-151-becas-a-para-cursar-programas-tecnicos-superiores-en-tecnologia-en-el-itla\/","url_meta":{"origin":120549,"position":0},"title":"MESCYT entrega 151 becas a para cursar programas t\u00e9cnicos-superiores en tecnolog\u00eda en el ITLA","author":"Nelson Feliz","date":"9 de septiembre de 2023","format":false,"excerpt":"Programas de tecnolog\u00eda son de los m\u00e1s solicitados en convocatoria de becas. El Ministerio de Educaci\u00f3n Superior, Ciencia y Tecnolog\u00eda (MESCYT), entreg\u00f3 151 becas a igual n\u00famero de estudiantes del Instituto Tecnol\u00f3gico de las Am\u00e9ricas (ITLA), para cursar programas t\u00e9cnico superior en tecnolog\u00eda. Los alumnos, que forman parte de los\u2026","rel":"","context":"En \u00abNACIONALES\u00bb","block_context":{"text":"NACIONALES","link":"https:\/\/lasprimeras.com.do\/index.php\/category\/nacionales\/"},"img":{"alt_text":"BECAS","src":"https:\/\/i0.wp.com\/lasprimeras.com.do\/wp-content\/uploads\/2023\/09\/BECAS.jpg?resize=350%2C200&ssl=1","width":350,"height":200,"srcset":"https:\/\/i0.wp.com\/lasprimeras.com.do\/wp-content\/uploads\/2023\/09\/BECAS.jpg?resize=350%2C200&ssl=1 1x, https:\/\/i0.wp.com\/lasprimeras.com.do\/wp-content\/uploads\/2023\/09\/BECAS.jpg?resize=525%2C300&ssl=1 1.5x, https:\/\/i0.wp.com\/lasprimeras.com.do\/wp-content\/uploads\/2023\/09\/BECAS.jpg?resize=700%2C400&ssl=1 2x"},"classes":[]},{"id":122871,"url":"https:\/\/lasprimeras.com.do\/index.php\/2026\/02\/23\/mescyt-invita-a-la-juventud-a-convocatoria-de-becas-nacionales-2026-en-areas-stem-y-steam\/","url_meta":{"origin":120549,"position":1},"title":"MESCyT invita a la juventud a convocatoria de Becas Nacionales 2026 en \u00e1reas STEM y STEAM","author":"Nelson Feliz","date":"23 de febrero de 2026","format":false,"excerpt":"Oferta de becas est\u00e1 abierta desde este 23 de febrero al 8 de marzo y prioriza las \u00e1reas de Ciencia, Tecnolog\u00eda, Ingenier\u00eda, Matem\u00e1ticas y Artes a trav\u00e9s del programa \u201cBeca tu Futuro\u201d. El ministro de Educaci\u00f3n Superior, Ciencia y Tecnolog\u00eda (MESCyT), Rafael Evaristo Santos Bad\u00eda, encabez\u00f3 este lunes el acto\u2026","rel":"","context":"En \u00abNACIONALES\u00bb","block_context":{"text":"NACIONALES","link":"https:\/\/lasprimeras.com.do\/index.php\/category\/nacionales\/"},"img":{"alt_text":"","src":"https:\/\/i0.wp.com\/lasprimeras.com.do\/wp-content\/uploads\/2026\/02\/IMG-20260223-WA0494.jpg?resize=350%2C200&ssl=1","width":350,"height":200,"srcset":"https:\/\/i0.wp.com\/lasprimeras.com.do\/wp-content\/uploads\/2026\/02\/IMG-20260223-WA0494.jpg?resize=350%2C200&ssl=1 1x, https:\/\/i0.wp.com\/lasprimeras.com.do\/wp-content\/uploads\/2026\/02\/IMG-20260223-WA0494.jpg?resize=525%2C300&ssl=1 1.5x, https:\/\/i0.wp.com\/lasprimeras.com.do\/wp-content\/uploads\/2026\/02\/IMG-20260223-WA0494.jpg?resize=700%2C400&ssl=1 2x, https:\/\/i0.wp.com\/lasprimeras.com.do\/wp-content\/uploads\/2026\/02\/IMG-20260223-WA0494.jpg?resize=1050%2C600&ssl=1 3x, https:\/\/i0.wp.com\/lasprimeras.com.do\/wp-content\/uploads\/2026\/02\/IMG-20260223-WA0494.jpg?resize=1400%2C800&ssl=1 4x"},"classes":[]},{"id":118429,"url":"https:\/\/lasprimeras.com.do\/index.php\/2025\/12\/28\/franklin-garcia-fermin-pasa-balance-a-su-gestion-de-cinco-anos-como-ministro-de-mescyt\/","url_meta":{"origin":120549,"position":2},"title":"Franklin Garc\u00eda Ferm\u00edn pasa balance a su gesti\u00f3n de cinco a\u00f1os como Ministro de MESCyT","author":"Nelson Feliz","date":"28 de diciembre de 2025","format":false,"excerpt":"Becas entregadas por el MESCyT abarcaron provincias y sectores vulnerables. La gesti\u00f3n que abarca cinco a\u00f1os democratiz\u00f3 las becas e impuls\u00f3 la inclusi\u00f3n social, se produjo en un contexto de transformaci\u00f3n institucional. Desde agosto de 2020, bajo la gesti\u00f3n del presidente Luis Abinader, el Ministerio de Educaci\u00f3n Superior, Ciencia y\u2026","rel":"","context":"En \u00abNACIONALES\u00bb","block_context":{"text":"NACIONALES","link":"https:\/\/lasprimeras.com.do\/index.php\/category\/nacionales\/"},"img":{"alt_text":"MESCyT","src":"https:\/\/i0.wp.com\/lasprimeras.com.do\/wp-content\/uploads\/2025\/12\/MESCyT.jpg?resize=350%2C200&ssl=1","width":350,"height":200,"srcset":"https:\/\/i0.wp.com\/lasprimeras.com.do\/wp-content\/uploads\/2025\/12\/MESCyT.jpg?resize=350%2C200&ssl=1 1x, https:\/\/i0.wp.com\/lasprimeras.com.do\/wp-content\/uploads\/2025\/12\/MESCyT.jpg?resize=525%2C300&ssl=1 1.5x, https:\/\/i0.wp.com\/lasprimeras.com.do\/wp-content\/uploads\/2025\/12\/MESCyT.jpg?resize=700%2C400&ssl=1 2x"},"classes":[]},{"id":121086,"url":"https:\/\/lasprimeras.com.do\/index.php\/2026\/01\/30\/gobierno-invierte-en-el-futuro-con-cerca-de-1800-becas-internacionales-de-formacion-en-areas-stem\/","url_meta":{"origin":120549,"position":3},"title":"Gobierno invierte en el futuro con cerca de 1,800 becas internacionales de formaci\u00f3n en \u00e1reas STEM","author":"Nelson Feliz","date":"30 de enero de 2026","format":false,"excerpt":"Mescyt dej\u00f3 abierto programa de vecas internacionales que incluye maestr\u00edas, equidad de g\u00e9nero y especializaci\u00f3n en tecnolog\u00eda, ciencia e innovaci\u00f3n para j\u00f3venes dominicanos. El Gobierno dominicano, a trav\u00e9s del Ministerio de Educaci\u00f3n Superior, Ciencia y Tecnolog\u00eda (Mescyt), anunci\u00f3 la apertura de la Convocatoria de Becas Internacionales 2026, con la que\u2026","rel":"","context":"En \u00abNACIONALES\u00bb","block_context":{"text":"NACIONALES","link":"https:\/\/lasprimeras.com.do\/index.php\/category\/nacionales\/"},"img":{"alt_text":"","src":"https:\/\/i0.wp.com\/lasprimeras.com.do\/wp-content\/uploads\/2026\/01\/Francisco-Javier-Garcia-1-1.jpg?resize=350%2C200&ssl=1","width":350,"height":200,"srcset":"https:\/\/i0.wp.com\/lasprimeras.com.do\/wp-content\/uploads\/2026\/01\/Francisco-Javier-Garcia-1-1.jpg?resize=350%2C200&ssl=1 1x, https:\/\/i0.wp.com\/lasprimeras.com.do\/wp-content\/uploads\/2026\/01\/Francisco-Javier-Garcia-1-1.jpg?resize=525%2C300&ssl=1 1.5x, https:\/\/i0.wp.com\/lasprimeras.com.do\/wp-content\/uploads\/2026\/01\/Francisco-Javier-Garcia-1-1.jpg?resize=700%2C400&ssl=1 2x"},"classes":[]},{"id":61434,"url":"https:\/\/lasprimeras.com.do\/index.php\/2023\/09\/27\/mescyt-entrega-53-becas-nacionales-a-alumnos-de-la-universidad-uce\/","url_meta":{"origin":120549,"position":4},"title":"MESCYT entrega 53 becas nacionales a alumnos de la Universidad UCE","author":"Nelson Feliz","date":"27 de septiembre de 2023","format":false,"excerpt":"Por Martin Restituyo El Ministerio de Educaci\u00f3n Superior, Ciencia y Tecnolog\u00eda (MESCYT) entreg\u00f3 53 certificaciones de becas al primer grupo de alumnos meritorios que cursar\u00e1n programas de grado y de postgrado en la Universidad Central del Este (UCE). El prop\u00f3sito del MESCYT es garantizar una formaci\u00f3n profesional basado en tres\u2026","rel":"","context":"En \u00abNACIONALES\u00bb","block_context":{"text":"NACIONALES","link":"https:\/\/lasprimeras.com.do\/index.php\/category\/nacionales\/"},"img":{"alt_text":"Franklin Garc\u00eda Ferm\u00edn","src":"https:\/\/i0.wp.com\/lasprimeras.com.do\/wp-content\/uploads\/2023\/09\/WhatsApp-Image-2023-09-26-at-7.38.54-PM.jpeg?resize=350%2C200&ssl=1","width":350,"height":200,"srcset":"https:\/\/i0.wp.com\/lasprimeras.com.do\/wp-content\/uploads\/2023\/09\/WhatsApp-Image-2023-09-26-at-7.38.54-PM.jpeg?resize=350%2C200&ssl=1 1x, https:\/\/i0.wp.com\/lasprimeras.com.do\/wp-content\/uploads\/2023\/09\/WhatsApp-Image-2023-09-26-at-7.38.54-PM.jpeg?resize=525%2C300&ssl=1 1.5x, https:\/\/i0.wp.com\/lasprimeras.com.do\/wp-content\/uploads\/2023\/09\/WhatsApp-Image-2023-09-26-at-7.38.54-PM.jpeg?resize=700%2C400&ssl=1 2x"},"classes":[]},{"id":93067,"url":"https:\/\/lasprimeras.com.do\/index.php\/2025\/01\/24\/mescyt-y-uasd-entregan-becas-a-bienes-nacionales-para-capacitar-a-colaboradores\/","url_meta":{"origin":120549,"position":5},"title":"MESCyT y UASD entregan becas a Bienes Nacionales para capacitar a colaboradores","author":"Nelson Feliz","date":"24 de enero de 2025","format":false,"excerpt":"El Ministerio de Educaci\u00f3n Superior, Ciencia y Tecnolog\u00eda (MESCyT) y la Universidad Aut\u00f3noma de Santo Domingo (UASD) entregaron 26 certificaciones de becas nacionales, a los colaboradores de la Direcci\u00f3n General de Bienes Nacionales (DGBN), quienes cursar\u00e1n programas de maestr\u00edas en el \u00e1rea del Derecho, con la meta de formar a\u2026","rel":"","context":"En \u00abNACIONALES\u00bb","block_context":{"text":"NACIONALES","link":"https:\/\/lasprimeras.com.do\/index.php\/category\/nacionales\/"},"img":{"alt_text":"","src":"https:\/\/i0.wp.com\/lasprimeras.com.do\/wp-content\/uploads\/2025\/01\/WhatsApp-Image-2025-01-23-at-3.18.06-PM.jpeg?resize=350%2C200&ssl=1","width":350,"height":200,"srcset":"https:\/\/i0.wp.com\/lasprimeras.com.do\/wp-content\/uploads\/2025\/01\/WhatsApp-Image-2025-01-23-at-3.18.06-PM.jpeg?resize=350%2C200&ssl=1 1x, https:\/\/i0.wp.com\/lasprimeras.com.do\/wp-content\/uploads\/2025\/01\/WhatsApp-Image-2025-01-23-at-3.18.06-PM.jpeg?resize=525%2C300&ssl=1 1.5x, https:\/\/i0.wp.com\/lasprimeras.com.do\/wp-content\/uploads\/2025\/01\/WhatsApp-Image-2025-01-23-at-3.18.06-PM.jpeg?resize=700%2C400&ssl=1 2x, https:\/\/i0.wp.com\/lasprimeras.com.do\/wp-content\/uploads\/2025\/01\/WhatsApp-Image-2025-01-23-at-3.18.06-PM.jpeg?resize=1050%2C600&ssl=1 3x, https:\/\/i0.wp.com\/lasprimeras.com.do\/wp-content\/uploads\/2025\/01\/WhatsApp-Image-2025-01-23-at-3.18.06-PM.jpeg?resize=1400%2C800&ssl=1 4x"},"classes":[]}],"jetpack_sharing_enabled":true,"_links":{"self":[{"href":"https:\/\/lasprimeras.com.do\/index.php\/wp-json\/wp\/v2\/posts\/120549","targetHints":{"allow":["GET"]}}],"collection":[{"href":"https:\/\/lasprimeras.com.do\/index.php\/wp-json\/wp\/v2\/posts"}],"about":[{"href":"https:\/\/lasprimeras.com.do\/index.php\/wp-json\/wp\/v2\/types\/post"}],"author":[{"embeddable":true,"href":"https:\/\/lasprimeras.com.do\/index.php\/wp-json\/wp\/v2\/users\/10"}],"replies":[{"embeddable":true,"href":"https:\/\/lasprimeras.com.do\/index.php\/wp-json\/wp\/v2\/comments?post=120549"}],"version-history":[{"count":1,"href":"https:\/\/lasprimeras.com.do\/index.php\/wp-json\/wp\/v2\/posts\/120549\/revisions"}],"predecessor-version":[{"id":120551,"href":"https:\/\/lasprimeras.com.do\/index.php\/wp-json\/wp\/v2\/posts\/120549\/revisions\/120551"}],"wp:featuredmedia":[{"embeddable":true,"href":"https:\/\/lasprimeras.com.do\/index.php\/wp-json\/wp\/v2\/media\/120550"}],"wp:attachment":[{"href":"https:\/\/lasprimeras.com.do\/index.php\/wp-json\/wp\/v2\/media?parent=120549"}],"wp:term":[{"taxonomy":"category","embeddable":true,"href":"https:\/\/lasprimeras.com.do\/index.php\/wp-json\/wp\/v2\/categories?post=120549"},{"taxonomy":"post_tag","embeddable":true,"href":"https:\/\/lasprimeras.com.do\/index.php\/wp-json\/wp\/v2\/tags?post=120549"}],"curies":[{"name":"wp","href":"https:\/\/api.w.org\/{rel}","templated":true}]}}