{"id":120553,"date":"2026-01-25T16:04:20","date_gmt":"2026-01-25T20:04:20","guid":{"rendered":"https:\/\/lasprimeras.com.do\/?p=120553"},"modified":"2026-01-25T16:04:22","modified_gmt":"2026-01-25T20:04:22","slug":"abinader-entrega-nuevo-hospital-regional-matias-ramon-mella-en-dajabon-para-fortalecer-y-acercar-la-atencion-de-salud-en-la-frontera","status":"publish","type":"post","link":"https:\/\/lasprimeras.com.do\/index.php\/2026\/01\/25\/abinader-entrega-nuevo-hospital-regional-matias-ramon-mella-en-dajabon-para-fortalecer-y-acercar-la-atencion-de-salud-en-la-frontera\/","title":{"rendered":"Abinader entrega nuevo Hospital Regional Mat\u00edas Ram\u00f3n Mella en Dajab\u00f3n para fortalecer y acercar la atenci\u00f3n de salud en la frontera"},"content":{"rendered":"\n<p><strong>A los servicios y especialidades m\u00e9dicas esenciales, se suma un \u00e1rea para hemodi\u00e1lisis que permitir\u00e1 a los pacientes recibir el servicio sin trasladarse a zonas m\u00e1s lejanas<\/strong><\/p>\n\n\n\n<p>El presidente Luis Abinader inaugur\u00f3 este domingo el nuevo Hospital Provincial Mat\u00edas Ram\u00f3n Mella en Dajab\u00f3n, que llega para reforzar la Red P\u00fablica de Salud y garantizar acceso a servicios m\u00e9dicos dignos y cercanos a miles de familias que residen en esa zona fronteriza.<\/p>\n\n\n\n<p>Tras un recorrido por sus instalaciones, junto al presidente electo de Chile, Jos\u00e9 Antonio Kast, el jefe de Estado reiter\u00f3 que la mejor\u00eda constante de los servicios b\u00e1sicos y esenciales son una prioridad de su gobierno, resultando esto en mejor calidad de vida para la gente.<\/p>\n\n\n\n<p>Como es su costumbre, pidi\u00f3 a los comunitarios cuidar de este nuevo espacio y resalt\u00f3 el importante papel del voluntariado para la supervisi\u00f3n eficaz y transparente de las operaciones del hospital. \u201cConf\u00edo plenamente en la capacidad y el amor a la comunidad de cada uno de ustedes\u201d, concluy\u00f3 Abinader.<\/p>\n\n\n\n<p>Adem\u00e1s, adelant\u00f3 que pronto se pondr\u00e1 en marcha la remodelaci\u00f3n del hospital del municipio de Restauraci\u00f3n.<\/p>\n\n\n\n<p>La nueva y moderna infraestructura hospitalaria de dos niveles desarrollada por el Ministerio de la Vivienda (MIVED), cuenta con \u00e1rea para hemodi\u00e1lisis, siendo este uno de los componentes de mayor relevancia para la provincia ya que los pacientes podr\u00e1n recibir el servicio sin trasladarse a zonas m\u00e1s lejanas. La misma entrar\u00e1 en funcionamiento el pr\u00f3ximo 6 de abril.<\/p>\n\n\n\n<p>Con 6,800 metros cuadrados de construcci\u00f3n, el Hospital Mat\u00edas Ram\u00f3n Mella tiene 102 camas, Emergencia, varias unidades de cuidados intensivos, \u00e1rea de salud mental, sala de parto, im\u00e1genes diagn\u00f3sticas, laboratorio, farmacia, odontolog\u00eda y ginecolog\u00eda.<\/p>\n\n\n\n<p>Los usuarios tambi\u00e9n tendr\u00e1n acceso a sala de lactancia, inmunizaciones, anatom\u00eda patol\u00f3gica, \u00e1rea de tuberculosis, salud integral, servicios generales, entre otras especialidades m\u00e9dicas. La inversi\u00f3n en esta obra asciende a RD$1,807 millones.<\/p>\n\n\n\n<p><strong>Entrada gradual de servicios<\/strong><\/p>\n\n\n\n<p>El ministro de la Vivienda, V\u00edctor -Ito- Bison\u00f3, comprometido con el bienestar de la poblaci\u00f3n, indic\u00f3 que con la entrega de esta estructura sanitaria se sustituye la antigua instalaci\u00f3n, que no brindaba la seguridad y calidad que merece la ciudadan\u00eda.<\/p>\n\n\n\n<p>El director del Servicio Nacional de Salud (SNS), Julio C\u00e9sar Landr\u00f3n, inform\u00f3 que en los pr\u00f3ximos d\u00edas iniciar\u00e1 el traslado y capacitaci\u00f3n del personal y la puesta en operaci\u00f3n gradual de los servicios.<\/p>\n\n\n\n<p>Este 16 de febrero comenzar\u00e1n las consultas m\u00e9dicas y servicios de im\u00e1genes y laboratorio mientras que para el 9 de marzo se paut\u00f3 la entrada en operaci\u00f3n de las \u00e1reas de Emergencia, hospitalizaci\u00f3n, quir\u00f3fanos y UCI. El resto de los servicios estar\u00e1 disponible a partir del mes de abril.<\/p>\n\n\n\n<p>Asistieron el ministro de Defensa, teniente general Carlos Antonio Fern\u00e1ndez Onofre; de Relaciones Exteriores, Roberto \u00c1lvarez; el director de Migraci\u00f3n, Luis Rafael Lee Ballester; la gobernadora Severina Gil Carrera; el senador Manuel Mar\u00eda Rodr\u00edguez Ortega; el alcalde del municipio de Dajab\u00f3n, Santiago River\u00f3n.<\/p>\n","protected":false},"excerpt":{"rendered":"<p>A los servicios y especialidades m\u00e9dicas esenciales, se suma un \u00e1rea para hemodi\u00e1lisis que permitir\u00e1 a los pacientes recibir el servicio sin trasladarse a zonas m\u00e1s lejanas El presidente Luis&hellip;<\/p>\n","protected":false},"author":10,"featured_media":120554,"comment_status":"open","ping_status":"open","sticky":false,"template":"","format":"standard","meta":{"content-type":"","jetpack_post_was_ever_published":false,"_jetpack_newsletter_access":"","_jetpack_dont_email_post_to_subs":false,"_jetpack_newsletter_tier_id":0,"_jetpack_memberships_contains_paywalled_content":false,"_jetpack_memberships_contains_paid_content":false,"footnotes":""},"categories":[25,16558],"tags":[29733,29734,1814,1036,74,29732,67],"class_list":["post-120553","post","type-post","status-publish","format-standard","has-post-thumbnail","hentry","category-portada","category-salud","tag-acercar","tag-atencion-de-salud","tag-dajabon","tag-fortalecer","tag-frontera","tag-hospital-regional-matias-ramon-mella","tag-luis-abinader"],"jetpack_featured_media_url":"https:\/\/lasprimeras.com.do\/wp-content\/uploads\/2026\/01\/Hospital-Regional-Matias-Ramon-Mella.jpg","jetpack-related-posts":[{"id":123271,"url":"https:\/\/lasprimeras.com.do\/index.php\/2026\/02\/27\/abinader-fortalece-la-red-de-salud-publica-con-apertura-de-30-hospitales-en-todo-el-pais\/","url_meta":{"origin":120553,"position":0},"title":"Abinader fortalece la red de salud p\u00fablica con apertura de 30 hospitales en todo el pa\u00eds","author":"Nelson Feliz","date":"27 de febrero de 2026","format":false,"excerpt":"Informa que el pa\u00eds registra CERO muertes por dengue, amplia cobertura y fortalece infraestructura sanitaria en el territorio nacional. El presidente Luis Abinader inform\u00f3 que durante 2025 la Rep\u00fablica Dominicana consolid\u00f3 un sistema de salud m\u00e1s preventivo, humano y eficiente, con la apertura de 30 nuevos hospitales y centros de\u2026","rel":"","context":"En \u00abSALUD\u00bb","block_context":{"text":"SALUD","link":"https:\/\/lasprimeras.com.do\/index.php\/category\/salud\/"},"img":{"alt_text":"Hospital Regional Mat\u00edas Ram\u00f3n Mella","src":"https:\/\/i0.wp.com\/lasprimeras.com.do\/wp-content\/uploads\/2026\/01\/Hospital-Regional-Matias-Ramon-Mella.jpg?resize=350%2C200&ssl=1","width":350,"height":200,"srcset":"https:\/\/i0.wp.com\/lasprimeras.com.do\/wp-content\/uploads\/2026\/01\/Hospital-Regional-Matias-Ramon-Mella.jpg?resize=350%2C200&ssl=1 1x, https:\/\/i0.wp.com\/lasprimeras.com.do\/wp-content\/uploads\/2026\/01\/Hospital-Regional-Matias-Ramon-Mella.jpg?resize=525%2C300&ssl=1 1.5x, https:\/\/i0.wp.com\/lasprimeras.com.do\/wp-content\/uploads\/2026\/01\/Hospital-Regional-Matias-Ramon-Mella.jpg?resize=700%2C400&ssl=1 2x"},"classes":[]},{"id":110949,"url":"https:\/\/lasprimeras.com.do\/index.php\/2025\/10\/02\/hombre-en-estado-de-embriaguez-mata-a-un-vecino-y-hiere-a-otro-en-dajabon\/","url_meta":{"origin":120553,"position":1},"title":"Hombre en estado de embriaguez mata a un vecino y hiere a otro en Dajab\u00f3n","author":"Nelson Feliz","date":"2 de octubre de 2025","format":false,"excerpt":"Lo que deb\u00eda ser una madrugada tranquila termin\u00f3 convertida en una tragedia para los residentes del sector La Bomba, en la provincia Dajab\u00f3n, luego de que un hombre en estado de embriaguez atacara con un arma blanca a dos vecinos, dejando como saldo un fallecido y otro gravemente herido. La\u2026","rel":"","context":"En \u00abNACIONALES\u00bb","block_context":{"text":"NACIONALES","link":"https:\/\/lasprimeras.com.do\/index.php\/category\/nacionales\/"},"img":{"alt_text":"","src":"","width":0,"height":0},"classes":[]},{"id":124761,"url":"https:\/\/lasprimeras.com.do\/index.php\/2026\/03\/16\/fp-denuncia-que-el-sns-solo-destina-12-del-presupuesto-a-la-atencion-primaria\/","url_meta":{"origin":120553,"position":2},"title":"FP denuncia que el SNS solo destina 12 % del presupuesto a la Atenci\u00f3n Primaria","author":"Nelson Feliz","date":"16 de marzo de 2026","format":false,"excerpt":"Alvarado exige al Gobierno reorientar las pol\u00edticas de salud. El titular de la Secretar\u00eda de Salud del partido Fuerza del Pueblo (FP), doctor Ram\u00f3n Alvarado, denunci\u00f3 que el sistema de salud dominicano enfrenta serias debilidades estructurales debido al abandono de la atenci\u00f3n primaria, al revelar que el Servicio Nacional de\u2026","rel":"","context":"En \u00abPORTADA\u00bb","block_context":{"text":"PORTADA","link":"https:\/\/lasprimeras.com.do\/index.php\/category\/portada\/"},"img":{"alt_text":"","src":"https:\/\/i0.wp.com\/lasprimeras.com.do\/wp-content\/uploads\/2026\/03\/Ramon-Alvarado-1.jpg?resize=350%2C200&ssl=1","width":350,"height":200,"srcset":"https:\/\/i0.wp.com\/lasprimeras.com.do\/wp-content\/uploads\/2026\/03\/Ramon-Alvarado-1.jpg?resize=350%2C200&ssl=1 1x, https:\/\/i0.wp.com\/lasprimeras.com.do\/wp-content\/uploads\/2026\/03\/Ramon-Alvarado-1.jpg?resize=525%2C300&ssl=1 1.5x, https:\/\/i0.wp.com\/lasprimeras.com.do\/wp-content\/uploads\/2026\/03\/Ramon-Alvarado-1.jpg?resize=700%2C400&ssl=1 2x"},"classes":[]},{"id":123074,"url":"https:\/\/lasprimeras.com.do\/index.php\/2026\/02\/25\/conmemoracion-del-natalicio-de-ramon-matias-mella\/","url_meta":{"origin":120553,"position":3},"title":"Conmemoraci\u00f3n del Natalicio de Ram\u00f3n Mat\u00edas Mella","author":"Nelson Feliz","date":"25 de febrero de 2026","format":false,"excerpt":"Hoy, 25 de febrero, conmemoramos el natalicio de uno de los m\u00e1s grandes pr\u00f3ceres de nuestra independencia: Ram\u00f3n Mat\u00edas Mella. Su valent\u00eda y determinaci\u00f3n fueron clave en la lucha por la soberan\u00eda de la Rep\u00fablica Dominicana. Aquel hist\u00f3rico 27 de febrero de 1844, con el disparo de su trabuco, encendi\u00f3\u2026","rel":"","context":"En \u00abHISTORIA\u00bb","block_context":{"text":"HISTORIA","link":"https:\/\/lasprimeras.com.do\/index.php\/category\/historia\/"},"img":{"alt_text":"Mat\u00edas Ram\u00f3n Mella Castillo","src":"https:\/\/i0.wp.com\/lasprimeras.com.do\/wp-content\/uploads\/2025\/02\/Matias-Ramon-Mella-Castillo.jpg?resize=350%2C200&ssl=1","width":350,"height":200,"srcset":"https:\/\/i0.wp.com\/lasprimeras.com.do\/wp-content\/uploads\/2025\/02\/Matias-Ramon-Mella-Castillo.jpg?resize=350%2C200&ssl=1 1x, https:\/\/i0.wp.com\/lasprimeras.com.do\/wp-content\/uploads\/2025\/02\/Matias-Ramon-Mella-Castillo.jpg?resize=525%2C300&ssl=1 1.5x, https:\/\/i0.wp.com\/lasprimeras.com.do\/wp-content\/uploads\/2025\/02\/Matias-Ramon-Mella-Castillo.jpg?resize=700%2C400&ssl=1 2x"},"classes":[]},{"id":95851,"url":"https:\/\/lasprimeras.com.do\/index.php\/2025\/03\/21\/uasd-adquiere-terrenos-para-la-construccion-de-la-ciudad-universitaria-en-dajabon\/","url_meta":{"origin":120553,"position":4},"title":"UASD adquiere terrenos para la construcci\u00f3n de la Ciudad Universitaria en Dajab\u00f3n","author":"Nelson Feliz","date":"21 de marzo de 2025","format":false,"excerpt":"La Primada de Am\u00e9rica adquiri\u00f3 unos 30 mil metros de terreno a un m\u00ednimo costo de 10 millones de pesos. La Universidad Aut\u00f3noma de Santo Domingo (UASD) dio un paso firme hacia la expansi\u00f3n de la educaci\u00f3n superior en la zona fronteriza con la adquisici\u00f3n de 30 mil metros cuadrados\u2026","rel":"","context":"En \u00abECONOM\u00cdA\u00bb","block_context":{"text":"ECONOM\u00cdA","link":"https:\/\/lasprimeras.com.do\/index.php\/category\/economia\/"},"img":{"alt_text":"Editrudis Beltr\u00e1n Cris\u00f3stomo","src":"https:\/\/i0.wp.com\/lasprimeras.com.do\/wp-content\/uploads\/2025\/03\/Editrudis-Beltran-Crisostomo-1.jpg?resize=350%2C200&ssl=1","width":350,"height":200,"srcset":"https:\/\/i0.wp.com\/lasprimeras.com.do\/wp-content\/uploads\/2025\/03\/Editrudis-Beltran-Crisostomo-1.jpg?resize=350%2C200&ssl=1 1x, https:\/\/i0.wp.com\/lasprimeras.com.do\/wp-content\/uploads\/2025\/03\/Editrudis-Beltran-Crisostomo-1.jpg?resize=525%2C300&ssl=1 1.5x, https:\/\/i0.wp.com\/lasprimeras.com.do\/wp-content\/uploads\/2025\/03\/Editrudis-Beltran-Crisostomo-1.jpg?resize=700%2C400&ssl=1 2x"},"classes":[]},{"id":121021,"url":"https:\/\/lasprimeras.com.do\/index.php\/2026\/01\/30\/fp-senasa-acumula-deuda-de-rd10-mil-millones-morosidad-se-disparo-de-1-a-44\/","url_meta":{"origin":120553,"position":5},"title":"FP: SENASA acumula deuda de RD$10 mil millones; morosidad se dispar\u00f3 de 1% a 44%*","author":"Nelson Feliz","date":"30 de enero de 2026","format":false,"excerpt":"_Ram\u00f3n Alvarado presenta balance 2025 y advierte colapso del sistema de salud por crisis financiera, precariedad hospitalaria y abandono de la atenci\u00f3n primaria._ El partido Fuerza del Pueblo (FP) denunci\u00f3 este jueves que el Seguro Nacional de Salud (SENASA) atraviesa una profunda crisis financiera y gerencial, evidenciada en una deuda\u2026","rel":"","context":"En \u00abPOLITICA\u00bb","block_context":{"text":"POLITICA","link":"https:\/\/lasprimeras.com.do\/index.php\/category\/politica\/"},"img":{"alt_text":"","src":"https:\/\/i0.wp.com\/lasprimeras.com.do\/wp-content\/uploads\/2026\/01\/IMG-20260129-WA0679-scaled.jpg?resize=350%2C200&ssl=1","width":350,"height":200,"srcset":"https:\/\/i0.wp.com\/lasprimeras.com.do\/wp-content\/uploads\/2026\/01\/IMG-20260129-WA0679-scaled.jpg?resize=350%2C200&ssl=1 1x, https:\/\/i0.wp.com\/lasprimeras.com.do\/wp-content\/uploads\/2026\/01\/IMG-20260129-WA0679-scaled.jpg?resize=525%2C300&ssl=1 1.5x, https:\/\/i0.wp.com\/lasprimeras.com.do\/wp-content\/uploads\/2026\/01\/IMG-20260129-WA0679-scaled.jpg?resize=700%2C400&ssl=1 2x, https:\/\/i0.wp.com\/lasprimeras.com.do\/wp-content\/uploads\/2026\/01\/IMG-20260129-WA0679-scaled.jpg?resize=1050%2C600&ssl=1 3x, https:\/\/i0.wp.com\/lasprimeras.com.do\/wp-content\/uploads\/2026\/01\/IMG-20260129-WA0679-scaled.jpg?resize=1400%2C800&ssl=1 4x"},"classes":[]}],"jetpack_sharing_enabled":true,"_links":{"self":[{"href":"https:\/\/lasprimeras.com.do\/index.php\/wp-json\/wp\/v2\/posts\/120553","targetHints":{"allow":["GET"]}}],"collection":[{"href":"https:\/\/lasprimeras.com.do\/index.php\/wp-json\/wp\/v2\/posts"}],"about":[{"href":"https:\/\/lasprimeras.com.do\/index.php\/wp-json\/wp\/v2\/types\/post"}],"author":[{"embeddable":true,"href":"https:\/\/lasprimeras.com.do\/index.php\/wp-json\/wp\/v2\/users\/10"}],"replies":[{"embeddable":true,"href":"https:\/\/lasprimeras.com.do\/index.php\/wp-json\/wp\/v2\/comments?post=120553"}],"version-history":[{"count":1,"href":"https:\/\/lasprimeras.com.do\/index.php\/wp-json\/wp\/v2\/posts\/120553\/revisions"}],"predecessor-version":[{"id":120555,"href":"https:\/\/lasprimeras.com.do\/index.php\/wp-json\/wp\/v2\/posts\/120553\/revisions\/120555"}],"wp:featuredmedia":[{"embeddable":true,"href":"https:\/\/lasprimeras.com.do\/index.php\/wp-json\/wp\/v2\/media\/120554"}],"wp:attachment":[{"href":"https:\/\/lasprimeras.com.do\/index.php\/wp-json\/wp\/v2\/media?parent=120553"}],"wp:term":[{"taxonomy":"category","embeddable":true,"href":"https:\/\/lasprimeras.com.do\/index.php\/wp-json\/wp\/v2\/categories?post=120553"},{"taxonomy":"post_tag","embeddable":true,"href":"https:\/\/lasprimeras.com.do\/index.php\/wp-json\/wp\/v2\/tags?post=120553"}],"curies":[{"name":"wp","href":"https:\/\/api.w.org\/{rel}","templated":true}]}}