{"id":120566,"date":"2026-01-25T21:12:29","date_gmt":"2026-01-26T01:12:29","guid":{"rendered":"https:\/\/lasprimeras.com.do\/?p=120566"},"modified":"2026-01-25T21:12:31","modified_gmt":"2026-01-26T01:12:31","slug":"pais-posible-celebrara-segundo-congreso-juan-pablo-duarte-con-participacion-del-expresidente-de-guatemala-jimmy-morales","status":"publish","type":"post","link":"https:\/\/lasprimeras.com.do\/index.php\/2026\/01\/25\/pais-posible-celebrara-segundo-congreso-juan-pablo-duarte-con-participacion-del-expresidente-de-guatemala-jimmy-morales\/","title":{"rendered":"Pa\u00eds Posible celebrar\u00e1 Segundo Congreso Juan Pablo Duarte con participaci\u00f3n del expresidente de Guatemala, Jimmy Morales"},"content":{"rendered":"\n<p>El partido Pa\u00eds Posible celebrar\u00e1 este lunes 26 de enero su Segundo Congreso Partidario \u201cJuan Pablo Duarte\u201d, una jornada orientada a la reflexi\u00f3n, renovaci\u00f3n y fortalecimiento institucional, que contar\u00e1 con la participaci\u00f3n especial del expresidente de Guatemala, Jimmy Morales, quien ofrecer\u00e1 una conferencia magistral.<\/p>\n\n\n\n<p>El congreso se desarrollar\u00e1 de 8:00 de la ma\u00f1ana a 4:00 de la tarde, en el Sal\u00f3n de la Fama del Centro Ol\u00edmpico Juan Pablo Duarte, en Santo Domingo, bajo el lema \u201cEl partido del futuro\u201d, y reunir\u00e1 a delegados, dirigentes y militantes de distintas regiones del pa\u00eds.<\/p>\n\n\n\n<p>El evento ser\u00e1 encabezado por el presidente del partido, ingeniero Milton Morrison, quien tendr\u00e1 a su cargo las palabras de apertura y el discurso de clausura, en una jornada concebida para consolidar la visi\u00f3n estrat\u00e9gica y organizativa de la organizaci\u00f3n pol\u00edtica.<\/p>\n\n\n\n<p>Durante la sesi\u00f3n de apertura, los participantes agotar\u00e1n una agenda que incluye actos protocolares, una obra aleg\u00f3rica a Juan Pablo Duarte, un recuento audiovisual de los logros partidarios y la conferencia magistral del exmandatario guatemalteco, invitado especial del congreso.<\/p>\n\n\n\n<p>Durante la jornada se celebrar\u00e1 la Asamblea Partidaria, en la que se realizar\u00e1 la renovaci\u00f3n de los principales \u00f3rganos del partido, incluyendo el Comit\u00e9 Pol\u00edtico y el Comit\u00e9 Ejecutivo Nacional, as\u00ed como la designaci\u00f3n de nuevas secretar\u00edas y dirigentes, como parte del proceso de fortalecimiento de su estructura organizativa.<\/p>\n\n\n\n<p>De acuerdo con informaciones ofrecidas por la organizaci\u00f3n, este congreso se realiza tras una serie de encuentros y charlas previas desarrolladas en distintos puntos del pa\u00eds, orientados a promover una mayor participaci\u00f3n de la militancia en la vida institucional.<\/p>\n\n\n\n<p>El evento se produce en un contexto de reordenamiento y ajustes dentro del sistema pol\u00edtico nacional, de cara a los pr\u00f3ximos escenarios electorales, en los que la organizaci\u00f3n busca consolidar su posicionamiento y su propuesta pol\u00edtica.<\/p>\n\n\n\n<p>Con esta jornada, Pa\u00eds Posible reafirma su compromiso con la democracia interna, la formaci\u00f3n pol\u00edtica y la construcci\u00f3n de una propuesta moderna, alineada con su visi\u00f3n de futuro.<\/p>\n","protected":false},"excerpt":{"rendered":"<p>El partido Pa\u00eds Posible celebrar\u00e1 este lunes 26 de enero su Segundo Congreso Partidario \u201cJuan Pablo Duarte\u201d, una jornada orientada a la reflexi\u00f3n, renovaci\u00f3n y fortalecimiento institucional, que contar\u00e1 con&hellip;<\/p>\n","protected":false},"author":10,"featured_media":120567,"comment_status":"open","ping_status":"open","sticky":false,"template":"","format":"standard","meta":{"content-type":"","jetpack_post_was_ever_published":false,"_jetpack_newsletter_access":"","_jetpack_dont_email_post_to_subs":false,"_jetpack_newsletter_tier_id":0,"_jetpack_memberships_contains_paywalled_content":false,"_jetpack_memberships_contains_paid_content":false,"footnotes":""},"categories":[16559],"tags":[4698,587,29741,11154,5571,2503,29740],"class_list":["post-120566","post","type-post","status-publish","format-standard","has-post-thumbnail","hentry","category-politica","tag-expresidente","tag-guatemala","tag-jimmy-morales","tag-juan-pablo-duarte","tag-pais-posible","tag-participacion","tag-segundo-congreso-partidario"],"jetpack_featured_media_url":"https:\/\/lasprimeras.com.do\/wp-content\/uploads\/2026\/01\/Jimmy-Morales.jpg","jetpack-related-posts":[{"id":120765,"url":"https:\/\/lasprimeras.com.do\/index.php\/2026\/01\/27\/con-mas-de-800-participantes-pais-posible-celebro-su-segundo-congreso-partidario-juan-pablo-duarte\/","url_meta":{"origin":120566,"position":0},"title":"Con m\u00e1s de 800 participantes, Pa\u00eds Posible celebr\u00f3 su Segundo Congreso Partidario \u201cJuan Pablo Duarte\u201d","author":"Nelson Feliz","date":"27 de enero de 2026","format":false,"excerpt":"Con la participaci\u00f3n de m\u00e1s de 800 dirigentes, delegados y militantes de todo el territorio nacional, as\u00ed como representantes de la di\u00e1spora dominicana. El partido Pa\u00eds Posible celebr\u00f3 este lunes 26 de enero su Segundo Congreso Partidario \u201cJuan Pablo Duarte\u201d, una jornada dedicada a la reflexi\u00f3n, la renovaci\u00f3n y el\u2026","rel":"","context":"En \u00abPOLITICA\u00bb","block_context":{"text":"POLITICA","link":"https:\/\/lasprimeras.com.do\/index.php\/category\/politica\/"},"img":{"alt_text":"","src":"https:\/\/i0.wp.com\/lasprimeras.com.do\/wp-content\/uploads\/2026\/01\/milton.jpg?resize=350%2C200&ssl=1","width":350,"height":200,"srcset":"https:\/\/i0.wp.com\/lasprimeras.com.do\/wp-content\/uploads\/2026\/01\/milton.jpg?resize=350%2C200&ssl=1 1x, https:\/\/i0.wp.com\/lasprimeras.com.do\/wp-content\/uploads\/2026\/01\/milton.jpg?resize=525%2C300&ssl=1 1.5x, https:\/\/i0.wp.com\/lasprimeras.com.do\/wp-content\/uploads\/2026\/01\/milton.jpg?resize=700%2C400&ssl=1 2x"},"classes":[]},{"id":123509,"url":"https:\/\/lasprimeras.com.do\/index.php\/2026\/03\/01\/juan-pablo-duarte-y-la-independencia-de-la-republica-dominicana\/","url_meta":{"origin":120566,"position":1},"title":"Juan Pablo Duarte y la Independencia de la Rep\u00fablica Dominicana","author":"Nelson Feliz","date":"1 de marzo de 2026","format":false,"excerpt":"\u201cLa patria no es la tierra, sino la libertad, el honor y la dignidad de los hijos que la forman\u201d, Juan Pablo Duarte Por: Am\u00edn Cruz La Independencia de la Rep\u00fablica Dominicana, proclamada el 27 de febrero de 1844, constituye uno de los acontecimientos m\u00e1s trascendentales de la historia pol\u00edtica\u2026","rel":"","context":"En \u00abOPINI\u00d3N\u00bb","block_context":{"text":"OPINI\u00d3N","link":"https:\/\/lasprimeras.com.do\/index.php\/category\/opinion\/"},"img":{"alt_text":"","src":"","width":0,"height":0},"classes":[]},{"id":87194,"url":"https:\/\/lasprimeras.com.do\/index.php\/2024\/08\/08\/expresidente-del-congreso-de-guatemala-es-extraditado-desde-mexico-por-corrupcion\/","url_meta":{"origin":120566,"position":2},"title":"Expresidente del Congreso de Guatemala es extraditado desde M\u00e9xico por corrupci\u00f3n","author":"Nelson Feliz","date":"8 de agosto de 2024","format":false,"excerpt":"Ciudad de Guatemala, (EFE).- El expresidente del Congreso guatemalteco Luis Rabb\u00e9 Tejada fue extraditado bajo cargos de corrupci\u00f3n al pa\u00eds centroamericano procedente de M\u00e9xico, donde hab\u00eda sido detenido hace cinco a\u00f1os. El exdiputado, acusado por una trama de contrataciones ilegales cuando formaba parte del Congreso, fue trasladado a Guatemala en\u2026","rel":"","context":"En \u00abSin categor\u00eda\u00bb","block_context":{"text":"Sin categor\u00eda","link":"https:\/\/lasprimeras.com.do\/index.php\/category\/sin-categoria\/"},"img":{"alt_text":"Luis Rabb\u00e9 Tejada","src":"https:\/\/i0.wp.com\/lasprimeras.com.do\/wp-content\/uploads\/2024\/08\/Luis-Rabbe-Tejada.jpg?resize=350%2C200&ssl=1","width":350,"height":200,"srcset":"https:\/\/i0.wp.com\/lasprimeras.com.do\/wp-content\/uploads\/2024\/08\/Luis-Rabbe-Tejada.jpg?resize=350%2C200&ssl=1 1x, https:\/\/i0.wp.com\/lasprimeras.com.do\/wp-content\/uploads\/2024\/08\/Luis-Rabbe-Tejada.jpg?resize=525%2C300&ssl=1 1.5x, https:\/\/i0.wp.com\/lasprimeras.com.do\/wp-content\/uploads\/2024\/08\/Luis-Rabbe-Tejada.jpg?resize=700%2C400&ssl=1 2x"},"classes":[]},{"id":120615,"url":"https:\/\/lasprimeras.com.do\/index.php\/2026\/01\/26\/ministerio-de-educacion-conmemora-el-natalicio-de-juan-pablo-duarte\/","url_meta":{"origin":120566,"position":3},"title":"Ministerio de Educaci\u00f3n conmemora el natalicio de Juan Pablo Duarte","author":"Nelson Feliz","date":"26 de enero de 2026","format":false,"excerpt":"El Ministerio de Educaci\u00f3n de la Rep\u00fablica Dominicana (MINERD) celebr\u00f3 este lunes 26 de enero el natalicio de Juan Pablo Duarte y D\u00edez, uno de los principales art\u00edfices de la independencia nacional y figura central en la construcci\u00f3n del Estado dominicano, en actos desarrollados en centros educativos de todo el\u2026","rel":"","context":"En \u00abNACIONALES\u00bb","block_context":{"text":"NACIONALES","link":"https:\/\/lasprimeras.com.do\/index.php\/category\/nacionales\/"},"img":{"alt_text":"Juan Pablo Duarte","src":"https:\/\/i0.wp.com\/lasprimeras.com.do\/wp-content\/uploads\/2026\/01\/Juan-Pablo-Duarte-1.jpg?resize=350%2C200&ssl=1","width":350,"height":200,"srcset":"https:\/\/i0.wp.com\/lasprimeras.com.do\/wp-content\/uploads\/2026\/01\/Juan-Pablo-Duarte-1.jpg?resize=350%2C200&ssl=1 1x, https:\/\/i0.wp.com\/lasprimeras.com.do\/wp-content\/uploads\/2026\/01\/Juan-Pablo-Duarte-1.jpg?resize=525%2C300&ssl=1 1.5x, https:\/\/i0.wp.com\/lasprimeras.com.do\/wp-content\/uploads\/2026\/01\/Juan-Pablo-Duarte-1.jpg?resize=700%2C400&ssl=1 2x"},"classes":[]},{"id":105779,"url":"https:\/\/lasprimeras.com.do\/index.php\/2025\/08\/07\/afirma-reina-entusiasmo-entre-juventud-dominicana-ny-por-juegos-juan-pablo-duarte\/","url_meta":{"origin":120566,"position":4},"title":"Afirma reina entusiasmo entre juventud dominicana NY por juegos Juan Pablo Duarte","author":"Nelson Feliz","date":"7 de agosto de 2025","format":false,"excerpt":"Por Ram\u00f3n Mercedes NUEVA YORK.- El director general de los juegos \u00abJuan Pablo Duarte\u00bb a celebrarse en esta ciudad, Roberto Rojas, destac\u00f3 el gran entusiasmo que reina entre la juventud dominicana en este estados y otros en Estados Unidos por la celebraci\u00f3n de los mismos. El evento reunir\u00e1 a 2,232\u2026","rel":"","context":"En \u00abDEPORTES\u00bb","block_context":{"text":"DEPORTES","link":"https:\/\/lasprimeras.com.do\/index.php\/category\/deportes\/"},"img":{"alt_text":"","src":"https:\/\/i0.wp.com\/lasprimeras.com.do\/wp-content\/uploads\/2025\/08\/WhatsApp-Image-2025-08-07-at-5.42.07-AM.jpeg?resize=350%2C200&ssl=1","width":350,"height":200,"srcset":"https:\/\/i0.wp.com\/lasprimeras.com.do\/wp-content\/uploads\/2025\/08\/WhatsApp-Image-2025-08-07-at-5.42.07-AM.jpeg?resize=350%2C200&ssl=1 1x, https:\/\/i0.wp.com\/lasprimeras.com.do\/wp-content\/uploads\/2025\/08\/WhatsApp-Image-2025-08-07-at-5.42.07-AM.jpeg?resize=525%2C300&ssl=1 1.5x"},"classes":[]},{"id":120815,"url":"https:\/\/lasprimeras.com.do\/index.php\/2026\/01\/28\/duarte-el-padre-de-la-patria-que-ningun-gobernante-quiso-imitar\/","url_meta":{"origin":120566,"position":5},"title":"Duarte: el Padre de la Patria que ning\u00fan gobernante quiso imitar","author":"Nelson Feliz","date":"28 de enero de 2026","format":false,"excerpt":"Por: Dr. Am\u00edn Cruz \u201cNuestra Patria ha de ser libre e independiente de toda Potencia extranjera o se hunde la isla.\u201dJuan Pablo Duarte Cada 26 de enero, la Rep\u00fablica Dominicana conmemora el natalicio de su fundador,Juan Pablo Duarte y D\u00edez, Padre de la Patria, ide\u00f3logo supremo de la nacionalidad dominicana\u2026","rel":"","context":"En \u00abOPINI\u00d3N\u00bb","block_context":{"text":"OPINI\u00d3N","link":"https:\/\/lasprimeras.com.do\/index.php\/category\/opinion\/"},"img":{"alt_text":"Dr. Am\u00edn Cruz","src":"https:\/\/i0.wp.com\/lasprimeras.com.do\/wp-content\/uploads\/2026\/01\/Dr.-Amin-Cruz.jpg?resize=350%2C200&ssl=1","width":350,"height":200},"classes":[]}],"jetpack_sharing_enabled":true,"_links":{"self":[{"href":"https:\/\/lasprimeras.com.do\/index.php\/wp-json\/wp\/v2\/posts\/120566","targetHints":{"allow":["GET"]}}],"collection":[{"href":"https:\/\/lasprimeras.com.do\/index.php\/wp-json\/wp\/v2\/posts"}],"about":[{"href":"https:\/\/lasprimeras.com.do\/index.php\/wp-json\/wp\/v2\/types\/post"}],"author":[{"embeddable":true,"href":"https:\/\/lasprimeras.com.do\/index.php\/wp-json\/wp\/v2\/users\/10"}],"replies":[{"embeddable":true,"href":"https:\/\/lasprimeras.com.do\/index.php\/wp-json\/wp\/v2\/comments?post=120566"}],"version-history":[{"count":1,"href":"https:\/\/lasprimeras.com.do\/index.php\/wp-json\/wp\/v2\/posts\/120566\/revisions"}],"predecessor-version":[{"id":120568,"href":"https:\/\/lasprimeras.com.do\/index.php\/wp-json\/wp\/v2\/posts\/120566\/revisions\/120568"}],"wp:featuredmedia":[{"embeddable":true,"href":"https:\/\/lasprimeras.com.do\/index.php\/wp-json\/wp\/v2\/media\/120567"}],"wp:attachment":[{"href":"https:\/\/lasprimeras.com.do\/index.php\/wp-json\/wp\/v2\/media?parent=120566"}],"wp:term":[{"taxonomy":"category","embeddable":true,"href":"https:\/\/lasprimeras.com.do\/index.php\/wp-json\/wp\/v2\/categories?post=120566"},{"taxonomy":"post_tag","embeddable":true,"href":"https:\/\/lasprimeras.com.do\/index.php\/wp-json\/wp\/v2\/tags?post=120566"}],"curies":[{"name":"wp","href":"https:\/\/api.w.org\/{rel}","templated":true}]}}