{"id":120569,"date":"2026-01-25T21:16:38","date_gmt":"2026-01-26T01:16:38","guid":{"rendered":"https:\/\/lasprimeras.com.do\/?p=120569"},"modified":"2026-01-25T21:16:40","modified_gmt":"2026-01-26T01:16:40","slug":"leonel-acusa-al-prm-de-haber-comprado-elecciones-con-fondos-de-senasa","status":"publish","type":"post","link":"https:\/\/lasprimeras.com.do\/index.php\/2026\/01\/25\/leonel-acusa-al-prm-de-haber-comprado-elecciones-con-fondos-de-senasa\/","title":{"rendered":"Leonel acusa al PRM de haber comprado elecciones con fondos de SeNaSa"},"content":{"rendered":"\n<p><strong>Fern\u00e1ndez anuncia obras prioritarias para La Cuchilla y Medina de Villa Altagracia<\/strong><\/p>\n\n\n\n<p>El presidente del partido Fuerza del Pueblo, Leonel Fern\u00e1ndez, acus\u00f3 este s\u00e1bado al PRM de utilizar fondos p\u00fablicos del Seguro Nacional de Salud (SeNaSa) para \u201ccomprar elecciones\u201d, al tiempo que asumi\u00f3 compromisos concretos de obras prioritarias para los distritos municipales de La Cuchilla y Medina, en el municipio de Villa Altagracia.<\/p>\n\n\n\n<p>Durante un acto de juramentaci\u00f3n de nuevos miembros de la Fuerza del Pueblo, Fern\u00e1ndez sostuvo que el PRM no gana procesos electorales por respaldo popular, sino mediante el uso indebido de recursos del Estado.<\/p>\n\n\n\n<p>\u201cEllos no ganan elecciones, ellos compran elecciones. Ya ustedes ven que en el expediente de SeNaSa todos acusan diciendo que ese dinero era para financiar la campa\u00f1a del PRM\u201d, afirm\u00f3.<\/p>\n\n\n\n<p>El l\u00edder opositor record\u00f3 que, mientras la Fuerza del Pueblo se planteaba como meta afiliar dos millones de ciudadanos en todo el pa\u00eds, el partido de gobierno respond\u00eda con una incorporaci\u00f3n masiva de personas al sistema de SeNaSa, acompa\u00f1ada de propaganda pol\u00edtica a escala nacional. \u201cEso dio lugar a la corrupci\u00f3n y al uso de fondos p\u00fablicos para financiar la campa\u00f1a\u201d, expres\u00f3.<\/p>\n\n\n\n<p>Fern\u00e1ndez tambi\u00e9n abord\u00f3 las demandas sociales de las comunidades de La Cuchilla y Medina, tras sostener contacto directo con j\u00f3venes y productores agr\u00edcolas de la zona.<\/p>\n\n\n\n<p>Relat\u00f3 que, al cruzar el puente Madrigal, fue recibido por una multitud que le solicit\u00f3 una soluci\u00f3n vial que permita acceder a la autopista sin afectar sus actividades productivas.<\/p>\n\n\n\n<p>\u201cPara un gobierno eso es poco. Desde ya nos comprometemos a que ser\u00e1 una prioridad del gobierno de la Fuerza del Pueblo\u201d, asegur\u00f3, al explicar que la soluci\u00f3n debe incluir no solo la construcci\u00f3n de un nuevo puente, sino tambi\u00e9n muros de contenci\u00f3n y gaviones para evitar que las crecidas del r\u00edo interrumpan la vida econ\u00f3mica y cotidiana de estas comunidades.<\/p>\n\n\n\n<p>El presidente de la FP subray\u00f3 que La Cuchilla y Medina son zonas eminentemente agr\u00edcolas, productoras de cacao, caf\u00e9 y frutales, cuyos productos deben llegar a los mercados sin depender de las condiciones clim\u00e1ticas.<\/p>\n\n\n\n<p>En ese mismo sentido, cuestion\u00f3 que, pese al crecimiento poblacional, la zona carezca de una cl\u00ednica u hospital que responda a las necesidades de salud de sus habitantes, comprometi\u00e9ndose a incorporar estas demandas en el programa de gobierno.<\/p>\n\n\n\n<p>Al referirse a la situaci\u00f3n nacional, Fern\u00e1ndez afirm\u00f3 que el pa\u00eds vive un evidente desgaste del actual gobierno, el cual se manifiesta en un creciente malestar social.<\/p>\n\n\n\n<p>Indic\u00f3 que no se trata \u00fanicamente de un problema \u00e9tico, como advirtieron recientemente los obispos del pa\u00eds, sino tambi\u00e9n de ineptitud e ineficacia en la gesti\u00f3n p\u00fablica.<\/p>\n\n\n\n<p>Como ejemplo, cit\u00f3 el colapso de techos en hospitales, tanto en construcci\u00f3n como en funcionamiento, en provincias como Azua, San Francisco de Macor\u00eds y San Crist\u00f3bal.<\/p>\n\n\n\n<p>\u201cUn hospital en construcci\u00f3n se desploma antes de terminarse, y hospitales en servicio se les cae el techo. Este es un gobierno al que se le viene cayendo el techo todos los d\u00edas\u201d, sentenci\u00f3.<\/p>\n\n\n\n<p>En el marco de la actividad, Leonel Fern\u00e1ndez encabez\u00f3 la juramentaci\u00f3n de decenas de nuevos integrantes de la Fuerza del Pueblo provenientes de los distritos municipales de La Cuchilla y Medina, incluyendo exautoridades locales, dirigentes comunitarios, l\u00edderes religiosos, productores agr\u00edcolas y presidentes de comit\u00e9s de base, muchos de ellos con trayectoria en otras organizaciones pol\u00edticas.<\/p>\n\n\n\n<p>Entre los juramentados se destaca la incorporaci\u00f3n de figuras de alto liderazgo local como Jos\u00e9 Luis Nivar (Chulo Pelota) y Te\u00f3filo Nivar, exs\u00edndicos del distrito municipal de La Cuchilla; Dr. Fanel S\u00e1nchez, secretario general del PLD en la demarcaci\u00f3n; \u00c1ngel Miguel D\u00edaz, ex presidente del PRD; as\u00ed como dirigentes empresariales y comunitarios como Domingo Suero y Petronila D\u00edaz.<\/p>\n\n\n\n<p>En el distrito municipal de Medina, se resalt\u00f3 la juramentaci\u00f3n de dirigentes hist\u00f3ricos encabezados por Juan Pablo Nivar Brito (Rodolfo), presidente del PLD en ese distrito, junto a miembros del Comit\u00e9 Central, vocales municipales y l\u00edderes intermedios, consolidando un bloque pol\u00edtico y social que fortalece la estructura de la Fuerza del Pueblo de cara a los pr\u00f3ximos procesos electorales.<\/p>\n","protected":false},"excerpt":{"rendered":"<p>Fern\u00e1ndez anuncia obras prioritarias para La Cuchilla y Medina de Villa Altagracia El presidente del partido Fuerza del Pueblo, Leonel Fern\u00e1ndez, acus\u00f3 este s\u00e1bado al PRM de utilizar fondos p\u00fablicos&hellip;<\/p>\n","protected":false},"author":10,"featured_media":120463,"comment_status":"open","ping_status":"open","sticky":false,"template":"","format":"standard","meta":{"content-type":"","jetpack_post_was_ever_published":false,"_jetpack_newsletter_access":"","_jetpack_dont_email_post_to_subs":false,"_jetpack_newsletter_tier_id":0,"_jetpack_memberships_contains_paywalled_content":false,"_jetpack_memberships_contains_paid_content":false,"footnotes":""},"categories":[16559,25],"tags":[770,29742,211,51,31,580],"class_list":["post-120569","post","type-post","status-publish","format-standard","has-post-thumbnail","hentry","category-politica","category-portada","tag-acusa","tag-comprado-elecciones","tag-fondos","tag-leonel-fernandez","tag-prm","tag-senasa"],"jetpack_featured_media_url":"https:\/\/lasprimeras.com.do\/wp-content\/uploads\/2026\/01\/Leonel-Fernandez-JURA.jpg","jetpack-related-posts":[{"id":106913,"url":"https:\/\/lasprimeras.com.do\/index.php\/2025\/08\/21\/leonel-la-crisis-actual-es-el-costo-de-haber-comprado-unas-elecciones-el-pueblo-se-la-esta-cobrando\/","url_meta":{"origin":120569,"position":0},"title":"Leonel: La crisis actual es el costo de haber comprado unas elecciones \u201cel pueblo se la est\u00e1 cobrando\u201d","author":"Nelson Feliz","date":"21 de agosto de 2025","format":false,"excerpt":"Relanzan el \u201cFrente de Balagueristas con Leonel\u201d y anuncian que trabajar\u00e1n para ganar en primera vuelta. El expresidente de la Rep\u00fablica, Leonel Fern\u00e1ndez, arremeti\u00f3 este mi\u00e9rcoles contra el gobierno del Partido Revolucionario Moderno (PRM), al asegurar que la actual crisis que atraviesa la naci\u00f3n es consecuencia directa del uso indebido\u2026","rel":"","context":"En \u00abPOLITICA\u00bb","block_context":{"text":"POLITICA","link":"https:\/\/lasprimeras.com.do\/index.php\/category\/politica\/"},"img":{"alt_text":"","src":"https:\/\/i0.wp.com\/lasprimeras.com.do\/wp-content\/uploads\/2025\/08\/LEONEL.jpg?resize=350%2C200&ssl=1","width":350,"height":200,"srcset":"https:\/\/i0.wp.com\/lasprimeras.com.do\/wp-content\/uploads\/2025\/08\/LEONEL.jpg?resize=350%2C200&ssl=1 1x, https:\/\/i0.wp.com\/lasprimeras.com.do\/wp-content\/uploads\/2025\/08\/LEONEL.jpg?resize=525%2C300&ssl=1 1.5x, https:\/\/i0.wp.com\/lasprimeras.com.do\/wp-content\/uploads\/2025\/08\/LEONEL.jpg?resize=700%2C400&ssl=1 2x"},"classes":[]},{"id":120462,"url":"https:\/\/lasprimeras.com.do\/index.php\/2026\/01\/24\/leonel-el-gobierno-del-prm-es-un-desastre-la-canasta-basica-aumento-rd14-mil\/","url_meta":{"origin":120569,"position":1},"title":"Leonel: El gobierno del PRM es un desastre; la canasta b\u00e1sica aument\u00f3 RD$14 mil","author":"Nelson Feliz","date":"24 de enero de 2026","format":false,"excerpt":"Juramenta dirigentes del PRM de El\u00edas Pi\u00f1a, entre ellos un regidor y reconocidos l\u00edderes comunitarios. El presidente del partido Fuerza del Pueblo (FP), Leonel Fern\u00e1ndez, afirm\u00f3 que el gobierno del Partido Revolucionario Moderno (PRM) ha sido un fracaso en los aspectos m\u00e1s esenciales para la vida de la poblaci\u00f3n, al\u2026","rel":"","context":"En \u00abPOLITICA\u00bb","block_context":{"text":"POLITICA","link":"https:\/\/lasprimeras.com.do\/index.php\/category\/politica\/"},"img":{"alt_text":"Leonel Fern\u00e1ndez","src":"https:\/\/i0.wp.com\/lasprimeras.com.do\/wp-content\/uploads\/2026\/01\/Leonel-Fernandez-JURA.jpg?resize=350%2C200&ssl=1","width":350,"height":200,"srcset":"https:\/\/i0.wp.com\/lasprimeras.com.do\/wp-content\/uploads\/2026\/01\/Leonel-Fernandez-JURA.jpg?resize=350%2C200&ssl=1 1x, https:\/\/i0.wp.com\/lasprimeras.com.do\/wp-content\/uploads\/2026\/01\/Leonel-Fernandez-JURA.jpg?resize=525%2C300&ssl=1 1.5x, https:\/\/i0.wp.com\/lasprimeras.com.do\/wp-content\/uploads\/2026\/01\/Leonel-Fernandez-JURA.jpg?resize=700%2C400&ssl=1 2x"},"classes":[]},{"id":121205,"url":"https:\/\/lasprimeras.com.do\/index.php\/2026\/02\/01\/leonel-acusa-al-prm-de-quebrar-a-los-productores-locales-y-advierte-esta-vez-o-jugamos-todos-o-se-rompe-la-baraja\/","url_meta":{"origin":120569,"position":2},"title":"Leonel acusa al PRM de quebrar a los productores locales y advierte: \u201cEsta vez o jugamos todos o se rompe la baraja\u201d","author":"Nelson Feliz","date":"1 de febrero de 2026","format":false,"excerpt":"Tras juramentar a Jos\u00e9 del Castillo Savi\u00f1\u00f3n y a su equipo pol\u00edtico como nuevos miembros de la Fuerza del Pueblo, el presidente de la organizaci\u00f3n, Leonel Fern\u00e1ndez, acus\u00f3 al gobierno del Partido Revolucionario Moderno (PRM) de quebrar a los productores locales mediante pol\u00edticas que privilegian las importaciones de allegados del\u2026","rel":"","context":"En \u00abPOLITICA\u00bb","block_context":{"text":"POLITICA","link":"https:\/\/lasprimeras.com.do\/index.php\/category\/politica\/"},"img":{"alt_text":"","src":"https:\/\/i0.wp.com\/img.youtube.com\/vi\/Ia3oXC75YQQ\/0.jpg?resize=350%2C200","width":350,"height":200},"classes":[]},{"id":103234,"url":"https:\/\/lasprimeras.com.do\/index.php\/2025\/07\/13\/leonel-fernandez-desde-bonao-el-gobierno-del-prm-tiene-el-motor-fundido\/","url_meta":{"origin":120569,"position":3},"title":"Leonel Fern\u00e1ndez desde Bonao: el gobierno del PRM tiene el \u201cmotor fundido\u201d","author":"Nelson Feliz","date":"13 de julio de 2025","format":false,"excerpt":"El presidente de la Fuerza del Pueblo y expresidente de la Rep\u00fablica Dominicana, Leonel Fern\u00e1ndez, asegur\u00f3 en un acto pol\u00edtico en esta provincia que el gobierno del Partido Revolucionario Moderno (PRM) tiene, \u201cel motor fundido\u201d. La expresi\u00f3n, que se convirti\u00f3 en el eje del discurso de Fern\u00e1ndez, fue utilizada originalmente\u2026","rel":"","context":"En \u00abPOLITICA\u00bb","block_context":{"text":"POLITICA","link":"https:\/\/lasprimeras.com.do\/index.php\/category\/politica\/"},"img":{"alt_text":"","src":"https:\/\/i0.wp.com\/lasprimeras.com.do\/wp-content\/uploads\/2025\/07\/leonel-2.jpg?resize=350%2C200&ssl=1","width":350,"height":200,"srcset":"https:\/\/i0.wp.com\/lasprimeras.com.do\/wp-content\/uploads\/2025\/07\/leonel-2.jpg?resize=350%2C200&ssl=1 1x, https:\/\/i0.wp.com\/lasprimeras.com.do\/wp-content\/uploads\/2025\/07\/leonel-2.jpg?resize=525%2C300&ssl=1 1.5x, https:\/\/i0.wp.com\/lasprimeras.com.do\/wp-content\/uploads\/2025\/07\/leonel-2.jpg?resize=700%2C400&ssl=1 2x"},"classes":[]},{"id":103952,"url":"https:\/\/lasprimeras.com.do\/index.php\/2025\/07\/20\/leonel-fernandez-acusa-al-gobierno-del-prm-de-hacer-retroceder-al-pais-al-siglo-xix\/","url_meta":{"origin":120569,"position":4},"title":"Leonel Fern\u00e1ndez acusa al gobierno del PRM de hacer retroceder al pa\u00eds al siglo XIX","author":"Nelson Feliz","date":"20 de julio de 2025","format":false,"excerpt":"El expresidente dominicano y l\u00edder del partido Fuerza del Pueblo (FP), Leonel Fern\u00e1ndez, arremeti\u00f3 este domingo contra la gesti\u00f3n del Partido Revolucionario Moderno (PRM), asegurando que el pa\u00eds \u201cha retrocedido al siglo XIX\u201d bajo la actual administraci\u00f3n. Las declaraciones fueron ofrecidas durante un acto de juramentaci\u00f3n de nuevos dirigentes que\u2026","rel":"","context":"En \u00abPOLITICA\u00bb","block_context":{"text":"POLITICA","link":"https:\/\/lasprimeras.com.do\/index.php\/category\/politica\/"},"img":{"alt_text":"","src":"https:\/\/i0.wp.com\/lasprimeras.com.do\/wp-content\/uploads\/2025\/07\/leonel-4.jpg?resize=350%2C200&ssl=1","width":350,"height":200,"srcset":"https:\/\/i0.wp.com\/lasprimeras.com.do\/wp-content\/uploads\/2025\/07\/leonel-4.jpg?resize=350%2C200&ssl=1 1x, https:\/\/i0.wp.com\/lasprimeras.com.do\/wp-content\/uploads\/2025\/07\/leonel-4.jpg?resize=525%2C300&ssl=1 1.5x, https:\/\/i0.wp.com\/lasprimeras.com.do\/wp-content\/uploads\/2025\/07\/leonel-4.jpg?resize=700%2C400&ssl=1 2x"},"classes":[]},{"id":84241,"url":"https:\/\/lasprimeras.com.do\/index.php\/2024\/06\/04\/leonel-el-gobierno-de-abinader-no-gano-las-elecciones-las-compro\/","url_meta":{"origin":120569,"position":5},"title":"Leonel: El gobierno de Abinader no gan\u00f3 las elecciones, las compr\u00f3","author":"Nelson Feliz","date":"4 de junio de 2024","format":false,"excerpt":"En su \u00faltimo art\u00edculo de opini\u00f3n, LF revela trama del gobierno del PRM En su reciente art\u00edculo de opini\u00f3n, titulado \"PRM: estrategia para comprar elecciones\", el expresidente de la Rep\u00fablica, Leonel Fern\u00e1ndez, ha lanzado fuertes acusaciones contra el actual gobierno, encabezado por Luis Abinader. Fern\u00e1ndez, presidente y l\u00edder del partido\u2026","rel":"","context":"En \u00abPORTADA\u00bb","block_context":{"text":"PORTADA","link":"https:\/\/lasprimeras.com.do\/index.php\/category\/portada\/"},"img":{"alt_text":"Leonel Fern\u00e1ndez","src":"https:\/\/i0.wp.com\/lasprimeras.com.do\/wp-content\/uploads\/2024\/06\/Leonel-Fernandez.jpg?resize=350%2C200&ssl=1","width":350,"height":200,"srcset":"https:\/\/i0.wp.com\/lasprimeras.com.do\/wp-content\/uploads\/2024\/06\/Leonel-Fernandez.jpg?resize=350%2C200&ssl=1 1x, https:\/\/i0.wp.com\/lasprimeras.com.do\/wp-content\/uploads\/2024\/06\/Leonel-Fernandez.jpg?resize=525%2C300&ssl=1 1.5x, https:\/\/i0.wp.com\/lasprimeras.com.do\/wp-content\/uploads\/2024\/06\/Leonel-Fernandez.jpg?resize=700%2C400&ssl=1 2x, https:\/\/i0.wp.com\/lasprimeras.com.do\/wp-content\/uploads\/2024\/06\/Leonel-Fernandez.jpg?resize=1050%2C600&ssl=1 3x, https:\/\/i0.wp.com\/lasprimeras.com.do\/wp-content\/uploads\/2024\/06\/Leonel-Fernandez.jpg?resize=1400%2C800&ssl=1 4x"},"classes":[]}],"jetpack_sharing_enabled":true,"_links":{"self":[{"href":"https:\/\/lasprimeras.com.do\/index.php\/wp-json\/wp\/v2\/posts\/120569","targetHints":{"allow":["GET"]}}],"collection":[{"href":"https:\/\/lasprimeras.com.do\/index.php\/wp-json\/wp\/v2\/posts"}],"about":[{"href":"https:\/\/lasprimeras.com.do\/index.php\/wp-json\/wp\/v2\/types\/post"}],"author":[{"embeddable":true,"href":"https:\/\/lasprimeras.com.do\/index.php\/wp-json\/wp\/v2\/users\/10"}],"replies":[{"embeddable":true,"href":"https:\/\/lasprimeras.com.do\/index.php\/wp-json\/wp\/v2\/comments?post=120569"}],"version-history":[{"count":1,"href":"https:\/\/lasprimeras.com.do\/index.php\/wp-json\/wp\/v2\/posts\/120569\/revisions"}],"predecessor-version":[{"id":120570,"href":"https:\/\/lasprimeras.com.do\/index.php\/wp-json\/wp\/v2\/posts\/120569\/revisions\/120570"}],"wp:featuredmedia":[{"embeddable":true,"href":"https:\/\/lasprimeras.com.do\/index.php\/wp-json\/wp\/v2\/media\/120463"}],"wp:attachment":[{"href":"https:\/\/lasprimeras.com.do\/index.php\/wp-json\/wp\/v2\/media?parent=120569"}],"wp:term":[{"taxonomy":"category","embeddable":true,"href":"https:\/\/lasprimeras.com.do\/index.php\/wp-json\/wp\/v2\/categories?post=120569"},{"taxonomy":"post_tag","embeddable":true,"href":"https:\/\/lasprimeras.com.do\/index.php\/wp-json\/wp\/v2\/tags?post=120569"}],"curies":[{"name":"wp","href":"https:\/\/api.w.org\/{rel}","templated":true}]}}