{"id":120687,"date":"2026-01-27T07:40:44","date_gmt":"2026-01-27T11:40:44","guid":{"rendered":"https:\/\/lasprimeras.com.do\/?p=120687"},"modified":"2026-01-27T07:40:46","modified_gmt":"2026-01-27T11:40:46","slug":"vicepresidente-pld-califica-fraude-senasa-de-internacional-procuradora-general-rd-debe-investigar-afiliaciones-en-consulados-eua","status":"publish","type":"post","link":"https:\/\/lasprimeras.com.do\/index.php\/2026\/01\/27\/vicepresidente-pld-califica-fraude-senasa-de-internacional-procuradora-general-rd-debe-investigar-afiliaciones-en-consulados-eua\/","title":{"rendered":"Vicepresidente PLD califica fraude SeNaSa de internacional; procuradora general RD debe investigar afiliaciones en consulados EUA"},"content":{"rendered":"\n<figure class=\"wp-block-embed is-type-video is-provider-youtube wp-block-embed-youtube wp-embed-aspect-16-9 wp-has-aspect-ratio\"><div class=\"wp-block-embed__wrapper\">\n<iframe title=\"Vicepresidente PLD califica fraude SeNaSa de internacional; procuradora general RD debe investigar\" width=\"500\" height=\"281\" src=\"https:\/\/www.youtube.com\/embed\/xn8EoeQu9z0?feature=oembed\" frameborder=\"0\" allow=\"accelerometer; autoplay; clipboard-write; encrypted-media; gyroscope; picture-in-picture; web-share\" referrerpolicy=\"strict-origin-when-cross-origin\" allowfullscreen><\/iframe>\n<\/div><\/figure>\n\n\n\n<p>Por Ram\u00f3n Mercedes<\/p>\n\n\n\n<p>SANTO DOMINGO.-El vicepresidente del Partido de la Liberaci\u00f3n Dominicana (PLD), Yv\u00e1n Lorenzo, expres\u00f3 que las autoridades gubernamentales utilizaron de manera inconsulta los datos de dominicanos residentes en el exterior para afiliarlos sin su conocimiento en el Seguro Nacional de Salud (SeNaSa) en Estados Unidos.<\/p>\n\n\n\n<p>\u201cEstamos demandando de la Honorable Magistrada Procurador General de la Rep\u00fablica, Jenny Berenice, que solicite la intervenci\u00f3n del Departamento de Estado para que se pueda esclarecer todo lo que ocurri\u00f3 en USA con el fraude SeNaSa\u201d asegur\u00f3 Lorenzo al tiempo de calificar lo ocurrido como un fraude internacional.<\/p>\n\n\n\n<p>El alto dirigente pelede\u00edsta subray\u00f3 que permanece en contacto con los dominicanos en el exterior, principalmente con nuestra diasporaen EE. UU., \u201cporque impulsamos una iniciativa que busca modificar las leyes consulares y, permanentemente, queremos escuchar qu\u00e9 est\u00e1 pasando con los connacionales que viven en ultramar\u201d.<\/p>\n\n\n\n<p>El tambi\u00e9n ex-senador del PLD, al insistir enqueel caso SeNaSa tiene ribete internacional, asegura que durante su reciente estad\u00eda en la Gran Manzana, pudo escuchar a muchos dominicanosquejarse de que sus datos personales fueron utilizados tanto en las sedes de nuestros consulados como en las oficinas sat\u00e9lites, que sostienen las han convertido en un verdadero desorden.<\/p>\n\n\n\n<p>Al ser entrevistado en su bufete de abogados se le inquiri\u00f3 identificar a esos consulados dominicanos en USA que se prestaron al uso no autorizado de los datos personales de quisqueyanos que requieren los servicios consulares, dijo que \u201cpidi\u00e9ramos decir son los aperturados en siete jurisdicciones del territorio estadounidense.<\/p>\n\n\n\n<p>Lorenzo hizo hincapi\u00e9 en que \u201cen esos consulados, deliberadamente se quer\u00eda afiliar a personas que no lo estaban ypor eso reitero el pedimiento a la Procuradora General de la Rep\u00fablica para que solicite la colaboraci\u00f3n del Departamento de Estado y de las autoridades norteamericanas para que se pueda esclarecer el caso\u201d.<\/p>\n\n\n\n<p>El ex-legislador del PLD de manera reiterada plante\u00f3 que deben hacerse las indagatorias de lugar principalmente en el consulado dominicano de NY (actual c\u00f3nsul Jes\u00fas V\u00e1squez -Chu-), el de Nueva Jersey (actual c\u00f3nsul, Jos\u00e9 Santana -Bertico-)el de Massachusetts, Puerto Rico y en las dem\u00e1s sedes en territorio de EUA.<\/p>\n\n\n\n<p>Finalmente Lorenzo declar\u00f3 que se hace necesario que los dominicanos sepan qu\u00e9 ocurri\u00f3 con las informaciones que tienen los consulados en el fraude internacional de SENASA y aprovech\u00f3 la oportunidad para que tambi\u00e9n se investigue el desorden con la proliferaci\u00f3n de oficinas sat\u00e9lites sin la autorizaci\u00f3n del gobierno norteamericano.<\/p>\n","protected":false},"excerpt":{"rendered":"<p>Por Ram\u00f3n Mercedes SANTO DOMINGO.-El vicepresidente del Partido de la Liberaci\u00f3n Dominicana (PLD), Yv\u00e1n Lorenzo, expres\u00f3 que las autoridades gubernamentales utilizaron de manera inconsulta los datos de dominicanos residentes en&hellip;<\/p>\n","protected":false},"author":10,"featured_media":120688,"comment_status":"open","ping_status":"open","sticky":false,"template":"","format":"standard","meta":{"content-type":"","jetpack_post_was_ever_published":false,"_jetpack_newsletter_access":"","_jetpack_dont_email_post_to_subs":false,"_jetpack_newsletter_tier_id":0,"_jetpack_memberships_contains_paywalled_content":false,"_jetpack_memberships_contains_paid_content":false,"footnotes":""},"categories":[16559,25],"tags":[5761,269,580],"class_list":["post-120687","post","type-post","status-publish","format-standard","has-post-thumbnail","hentry","category-politica","category-portada","tag-ivan-lorenzo","tag-pld","tag-senasa"],"jetpack_featured_media_url":"https:\/\/lasprimeras.com.do\/wp-content\/uploads\/2026\/01\/Vicepresidente-PLD-califica-fraude-SeNaSa-de-internacional.jpg","jetpack-related-posts":[{"id":117303,"url":"https:\/\/lasprimeras.com.do\/index.php\/2025\/12\/09\/emplazan-a-la-directora-de-etica-entregar-lista-de-funcionarios-enviada-a-la-pgr\/","url_meta":{"origin":120687,"position":0},"title":"Emplazan a la directora de \u00c9tica entregar lista de funcionarios enviada a la PGR","author":"Nelson Feliz","date":"9 de diciembre de 2025","format":false,"excerpt":"Las prestadoras de servicios de salud no est\u00e1n dando servicio a los afiliados en SeNaSa, denuncia Yv\u00e1n Lorenzo, vicepresidente del PLD El vicepresidente del Partido de la Liberaci\u00f3n Dominicana, Yv\u00e1n Lorenzo, anunci\u00f3 que emplaz\u00f3 mediante acto de alguacil a Milagros Ortiz, directora de \u00c9tica Gubernamental, para que le remita el\u2026","rel":"","context":"En \u00abPOLITICA\u00bb","block_context":{"text":"POLITICA","link":"https:\/\/lasprimeras.com.do\/index.php\/category\/politica\/"},"img":{"alt_text":"Yv\u00e1n Lorenzo","src":"https:\/\/i0.wp.com\/lasprimeras.com.do\/wp-content\/uploads\/2025\/04\/Yvan-Lorenzo.jpg?resize=350%2C200&ssl=1","width":350,"height":200,"srcset":"https:\/\/i0.wp.com\/lasprimeras.com.do\/wp-content\/uploads\/2025\/04\/Yvan-Lorenzo.jpg?resize=350%2C200&ssl=1 1x, https:\/\/i0.wp.com\/lasprimeras.com.do\/wp-content\/uploads\/2025\/04\/Yvan-Lorenzo.jpg?resize=525%2C300&ssl=1 1.5x, https:\/\/i0.wp.com\/lasprimeras.com.do\/wp-content\/uploads\/2025\/04\/Yvan-Lorenzo.jpg?resize=700%2C400&ssl=1 2x"},"classes":[]},{"id":102775,"url":"https:\/\/lasprimeras.com.do\/index.php\/2025\/07\/08\/las-propuestas-del-pld-para-solucionar-crisis-del-senasa\/","url_meta":{"origin":120687,"position":1},"title":"Las propuestas del PLD para solucionar crisis del SENASA","author":"Nelson Feliz","date":"8 de julio de 2025","format":false,"excerpt":"Es preocupante el progresivo deterioro del Seguro Nacional de Salud (SeNaSa). El Partido de la Liberaci\u00f3n Dominicana (PLD) manifest\u00f3 su profunda preocupaci\u00f3n por el progresivo deterioro del Seguro Nacional de Salud (SeNaSa), entidad que por m\u00e1s de dos d\u00e9cadas fue el principal garante del aseguramiento p\u00fablico en salud y un\u2026","rel":"","context":"En \u00abPOLITICA\u00bb","block_context":{"text":"POLITICA","link":"https:\/\/lasprimeras.com.do\/index.php\/category\/politica\/"},"img":{"alt_text":"","src":"https:\/\/i0.wp.com\/lasprimeras.com.do\/wp-content\/uploads\/2025\/07\/Altagracia-Guzman-Marcelino.jpg?resize=350%2C200&ssl=1","width":350,"height":200,"srcset":"https:\/\/i0.wp.com\/lasprimeras.com.do\/wp-content\/uploads\/2025\/07\/Altagracia-Guzman-Marcelino.jpg?resize=350%2C200&ssl=1 1x, https:\/\/i0.wp.com\/lasprimeras.com.do\/wp-content\/uploads\/2025\/07\/Altagracia-Guzman-Marcelino.jpg?resize=525%2C300&ssl=1 1.5x, https:\/\/i0.wp.com\/lasprimeras.com.do\/wp-content\/uploads\/2025\/07\/Altagracia-Guzman-Marcelino.jpg?resize=700%2C400&ssl=1 2x"},"classes":[]},{"id":110633,"url":"https:\/\/lasprimeras.com.do\/index.php\/2025\/09\/30\/yvan-lorenzo-emplaza-al-gobierno-a-explicar-contrato-millonario-con-aerodom\/","url_meta":{"origin":120687,"position":2},"title":"Yvan Lorenzo emplaza al gobierno a explicar contrato millonario con AERODOM","author":"Nelson Feliz","date":"30 de septiembre de 2025","format":false,"excerpt":"El vicepresidente del Partido de la Liberaci\u00f3n Dominicana (PLD) Yv\u00e1n Lorenzo, emplaz\u00f3 al gobierno a explicar el destino de 16 millones de pesos que involucra el nuevo contrato con la empresa Aeropuertos Dominicanos Siglo XXI (Aerodom) y el Aeropuerto Internacional de Las Am\u00e9ricas. \u00abPrecisamente en el d\u00eda de hoy empieza\u2026","rel":"","context":"En \u00abPOLITICA\u00bb","block_context":{"text":"POLITICA","link":"https:\/\/lasprimeras.com.do\/index.php\/category\/politica\/"},"img":{"alt_text":"","src":"https:\/\/i0.wp.com\/lasprimeras.com.do\/wp-content\/uploads\/2025\/09\/Yvan-Lorenzo-2.jpg?resize=350%2C200&ssl=1","width":350,"height":200,"srcset":"https:\/\/i0.wp.com\/lasprimeras.com.do\/wp-content\/uploads\/2025\/09\/Yvan-Lorenzo-2.jpg?resize=350%2C200&ssl=1 1x, https:\/\/i0.wp.com\/lasprimeras.com.do\/wp-content\/uploads\/2025\/09\/Yvan-Lorenzo-2.jpg?resize=525%2C300&ssl=1 1.5x, https:\/\/i0.wp.com\/lasprimeras.com.do\/wp-content\/uploads\/2025\/09\/Yvan-Lorenzo-2.jpg?resize=700%2C400&ssl=1 2x"},"classes":[]},{"id":101880,"url":"https:\/\/lasprimeras.com.do\/index.php\/2025\/06\/27\/jhovanny-leyba-denuncia-crisis-financiera-en-senasa-por-mala-gestion-administrativa\/","url_meta":{"origin":120687,"position":3},"title":"Jhovanny Leyba denuncia crisis financiera en SeNaSa por mala gesti\u00f3n administrativa","author":"Nelson Feliz","date":"27 de junio de 2025","format":false,"excerpt":"El miembro del Comit\u00e9 Central del Partido de la Liberaci\u00f3n Dominicana (PLD), Jhovanny Leyba, responsabiliz\u00f3 al presidente Luis Abinader por la crisis financiera que atraviesa el Servicio Nacional de Salud (SeNaSa), denunci\u00f3 la mala gesti\u00f3n del actual director, Santiago Hazim, como factores determinantes del deterioro del sistema. Leyba se\u00f1ala que\u2026","rel":"","context":"En \u00abPOLITICA\u00bb","block_context":{"text":"POLITICA","link":"https:\/\/lasprimeras.com.do\/index.php\/category\/politica\/"},"img":{"alt_text":"","src":"https:\/\/i0.wp.com\/lasprimeras.com.do\/wp-content\/uploads\/2025\/06\/Jhovanny-Leyba.jpg?resize=350%2C200&ssl=1","width":350,"height":200,"srcset":"https:\/\/i0.wp.com\/lasprimeras.com.do\/wp-content\/uploads\/2025\/06\/Jhovanny-Leyba.jpg?resize=350%2C200&ssl=1 1x, https:\/\/i0.wp.com\/lasprimeras.com.do\/wp-content\/uploads\/2025\/06\/Jhovanny-Leyba.jpg?resize=525%2C300&ssl=1 1.5x"},"classes":[]},{"id":117177,"url":"https:\/\/lasprimeras.com.do\/index.php\/2025\/12\/08\/pld-acusa-al-ministerio-publico-de-favoritismo-en-caso-de-corrupcion\/","url_meta":{"origin":120687,"position":4},"title":"PLD acusa al Ministerio P\u00fablico de favoritismo en caso de corrupci\u00f3n","author":"Nelson Feliz","date":"8 de diciembre de 2025","format":false,"excerpt":"El Partido de la Liberaci\u00f3n Dominicana (PLD) acus\u00f3 al Ministerio P\u00fablico de utilizar pr\u00e1cticas \u201cselectivas pol\u00edticamente orientadas\u201d en los casos de corrupci\u00f3n detectados en la administraci\u00f3n p\u00fablica. El vicepresidente del PLD, Yv\u00e1n Lorenzo, afirm\u00f3 que el tratamiento a los implicados es diferente si se trata de funcionarios del Partido Revolucionario\u2026","rel":"","context":"En \u00abPOLITICA\u00bb","block_context":{"text":"POLITICA","link":"https:\/\/lasprimeras.com.do\/index.php\/category\/politica\/"},"img":{"alt_text":"Yv\u00e1n Lorenzo","src":"https:\/\/i0.wp.com\/lasprimeras.com.do\/wp-content\/uploads\/2025\/04\/Yvan-Lorenzo.jpg?resize=350%2C200&ssl=1","width":350,"height":200,"srcset":"https:\/\/i0.wp.com\/lasprimeras.com.do\/wp-content\/uploads\/2025\/04\/Yvan-Lorenzo.jpg?resize=350%2C200&ssl=1 1x, https:\/\/i0.wp.com\/lasprimeras.com.do\/wp-content\/uploads\/2025\/04\/Yvan-Lorenzo.jpg?resize=525%2C300&ssl=1 1.5x, https:\/\/i0.wp.com\/lasprimeras.com.do\/wp-content\/uploads\/2025\/04\/Yvan-Lorenzo.jpg?resize=700%2C400&ssl=1 2x"},"classes":[]},{"id":109133,"url":"https:\/\/lasprimeras.com.do\/index.php\/2025\/09\/14\/desfalco-del-senasa-es-un-atentado-a-la-salud-de-las-personas\/","url_meta":{"origin":120687,"position":5},"title":"Desfalco del SeNaSa es un atentado a la salud de las personas","author":"Nelson Feliz","date":"14 de septiembre de 2025","format":false,"excerpt":"La impunidad se ha convertido en pol\u00edtica de Estado y los ciudadanos son los que pagan las consecuencias, denuncia Carlos Manzano, del CC del PLD. El secretario de Administraci\u00f3n P\u00fablica del Partido de la Liberaci\u00f3n Dominicana (PLD), Carlos Manzano, denunci\u00f3 que el reciente desfalco que se produjo en el Seguro\u2026","rel":"","context":"En \u00abSALUD\u00bb","block_context":{"text":"SALUD","link":"https:\/\/lasprimeras.com.do\/index.php\/category\/salud\/"},"img":{"alt_text":"","src":"https:\/\/i0.wp.com\/lasprimeras.com.do\/wp-content\/uploads\/2025\/09\/Carlos-Manzano.jpg?resize=350%2C200&ssl=1","width":350,"height":200,"srcset":"https:\/\/i0.wp.com\/lasprimeras.com.do\/wp-content\/uploads\/2025\/09\/Carlos-Manzano.jpg?resize=350%2C200&ssl=1 1x, https:\/\/i0.wp.com\/lasprimeras.com.do\/wp-content\/uploads\/2025\/09\/Carlos-Manzano.jpg?resize=525%2C300&ssl=1 1.5x, https:\/\/i0.wp.com\/lasprimeras.com.do\/wp-content\/uploads\/2025\/09\/Carlos-Manzano.jpg?resize=700%2C400&ssl=1 2x"},"classes":[]}],"jetpack_sharing_enabled":true,"_links":{"self":[{"href":"https:\/\/lasprimeras.com.do\/index.php\/wp-json\/wp\/v2\/posts\/120687","targetHints":{"allow":["GET"]}}],"collection":[{"href":"https:\/\/lasprimeras.com.do\/index.php\/wp-json\/wp\/v2\/posts"}],"about":[{"href":"https:\/\/lasprimeras.com.do\/index.php\/wp-json\/wp\/v2\/types\/post"}],"author":[{"embeddable":true,"href":"https:\/\/lasprimeras.com.do\/index.php\/wp-json\/wp\/v2\/users\/10"}],"replies":[{"embeddable":true,"href":"https:\/\/lasprimeras.com.do\/index.php\/wp-json\/wp\/v2\/comments?post=120687"}],"version-history":[{"count":1,"href":"https:\/\/lasprimeras.com.do\/index.php\/wp-json\/wp\/v2\/posts\/120687\/revisions"}],"predecessor-version":[{"id":120689,"href":"https:\/\/lasprimeras.com.do\/index.php\/wp-json\/wp\/v2\/posts\/120687\/revisions\/120689"}],"wp:featuredmedia":[{"embeddable":true,"href":"https:\/\/lasprimeras.com.do\/index.php\/wp-json\/wp\/v2\/media\/120688"}],"wp:attachment":[{"href":"https:\/\/lasprimeras.com.do\/index.php\/wp-json\/wp\/v2\/media?parent=120687"}],"wp:term":[{"taxonomy":"category","embeddable":true,"href":"https:\/\/lasprimeras.com.do\/index.php\/wp-json\/wp\/v2\/categories?post=120687"},{"taxonomy":"post_tag","embeddable":true,"href":"https:\/\/lasprimeras.com.do\/index.php\/wp-json\/wp\/v2\/tags?post=120687"}],"curies":[{"name":"wp","href":"https:\/\/api.w.org\/{rel}","templated":true}]}}