{"id":120700,"date":"2026-01-27T08:48:28","date_gmt":"2026-01-27T12:48:28","guid":{"rendered":"https:\/\/lasprimeras.com.do\/?p=120700"},"modified":"2026-01-27T08:48:30","modified_gmt":"2026-01-27T12:48:30","slug":"indomet-sistema-anticiclonico-limitara-las-lluvias-significativas-en-las-proximas-24-a-48-horas","status":"publish","type":"post","link":"https:\/\/lasprimeras.com.do\/index.php\/2026\/01\/27\/indomet-sistema-anticiclonico-limitara-las-lluvias-significativas-en-las-proximas-24-a-48-horas\/","title":{"rendered":"INDOMET: Sistema anticiclonico limitara las lluvias significativas en las pr\u00f3ximas 24 a 48 horas"},"content":{"rendered":"\n<p>El Instituto Dominicano de Meteorogia informa que hoy martes;continuar\u00e1 predominando el reducido contenido de humedad, influenciado por un sistema anticicl\u00f3nico que incide en nuestra \u00e1rea de pron\u00f3stico.<\/p>\n\n\n\n<p>El mismo limitar\u00e1 tambi\u00e9n los efectos asociados a una d\u00e9bil vaguada al norte de la isla sobre aguas del oc\u00e9ano Atl\u00e1ntico.<\/p>\n\n\n\n<p>Lo que significa, que el cielo se tornar\u00e1 mayormente soleado durante gran parte del d\u00eda y en ocasiones con algunas nubes dispersas.<\/p>\n\n\n\n<p>En ese sentido, las condiciones meteorol\u00f3gicas estar\u00e1n pr\u00e1cticamente \u00f3ptimas para el disfrute de diferentes actividades al aire libre.<\/p>\n\n\n\n<p>No obstante, debido a la influencia del viento, as\u00ed como los efectos locales, algunos chubascos aislados de corta duraci\u00f3n podr\u00edan ocurrir, principalmente en distintas localidades de La Altagracia, Monte Plata, Dajab\u00f3n, El\u00edas Pi\u00f1a y San Juan, entre otros poblados cercanos.<\/p>\n\n\n\n<p>Ma\u00f1ana mi\u00e9rcoles; No prevemos cambio de consideraci\u00f3n en las condiciones meteorol\u00f3gicas, debido a que continuaremos bajo la influencia del sistema anticicl\u00f3nico en nuestra \u00e1rea de pron\u00f3stico.<\/p>\n\n\n\n<p>En tal sentido, seguir\u00e1n ausentes las precipitaciones de acumulados significativos sobre el territorio nacional, haciendo favorable el ambiente para realizar distintos tipos de actividades fuera de techo.<\/p>\n\n\n\n<p>Solamente, prevemos que se originen ocasionales chubascos aislados de corta duraci\u00f3n sobre algunos poblados de las provincias ubicadas en las regiones; noreste, suroeste y la Cordillera Central.<\/p>\n\n\n\n<p>Tales como; Saman\u00e1, Mar\u00eda Trinidad S\u00e1nchez, Hato Mayor, San Pedro de Macor\u00eds, Peravia, Barahona, Pedernales, entre otras, debido a la incidencia indirecta de una d\u00e9bil vaguada, el viento y los efectos locales.<\/p>\n\n\n\n<p>En cuanto a las condiciones mar\u00edtimas,en la costa atl\u00e1ntica, al noreste de la misma, recomendamos a los operadores de las fr\u00e1giles, peque\u00f1as y medianas embarcaciones, navegar con precauci\u00f3n cerca del per\u00edmetro costero, sin aventurarse mar adentro, debido a viento y olas anormales.<\/p>\n\n\n\n<p>Sin embargo, para el resto de las costas del pa\u00eds se encuentran normales.<\/p>\n\n\n\n<p>Las temperaturas ser\u00e1n percibidas, ligeramente m\u00e1s calurosas durante el d\u00eda, como consecuencia del viento c\u00e1lido y seco.<\/p>\n\n\n\n<p>No obstante, continuar\u00e1n agradables y frescas durante la noche y la madrugada, debido a la \u00e9poca del a\u00f1o, siendo esta sensaci\u00f3n t\u00e9rmica m\u00e1s notoria en zonas monta\u00f1osas.&nbsp;<\/p>\n\n\n\n<p>Distrito Nacional:cielo mayormente soleado.<\/p>\n\n\n\n<p>Santo Domingo Norte:nubosidad aislada.<\/p>\n\n\n\n<p>Santo Domingo Este:pocas nubes.<\/p>\n\n\n\n<p>Santo Domingo Oeste:escasa nubosidad.<\/p>\n\n\n\n<p>Temperaturas m\u00ednimas entre 21 \u00b0C y 23 \u00b0C y la m\u00e1xima entre 30 \u00b0C y 32 \u00b0C.<\/p>\n\n\n\n<p>Resumen:el predominio de un sistema anticicl\u00f3nico, limitar\u00e1 las nubes generadoras de precipitaciones significativas sobre el territorio nacional durante las pr\u00f3ximas 24 a 48 horas, torn\u00e1ndose el ambiente propicio para el desarrollo de distintos tipos de actividades al aire libre en gran parte del territorio Domiciano.<\/p>\n\n\n\n<p>La temperatura ser\u00e1 percibida&nbsp; un poco calurosas durante el d\u00eda debido al viento, siendo agradables temprano en la ma\u00f1ana y durante la noche y la madrugada.<\/p>\n\n\n\n<p>A\u00fan seguimos recomendando navegar pr\u00f3ximo al per\u00edmetro de costa, tanto del lado del Atl\u00e1ntico, como caribe\u00f1o, debido a olas y vientos anormales mar adentro.<\/p>\n","protected":false},"excerpt":{"rendered":"<p>El Instituto Dominicano de Meteorogia informa que hoy martes;continuar\u00e1 predominando el reducido contenido de humedad, influenciado por un sistema anticicl\u00f3nico que incide en nuestra \u00e1rea de pron\u00f3stico. El mismo limitar\u00e1&hellip;<\/p>\n","protected":false},"author":10,"featured_media":72061,"comment_status":"open","ping_status":"open","sticky":false,"template":"","format":"standard","meta":{"content-type":"","jetpack_post_was_ever_published":false,"_jetpack_newsletter_access":"","_jetpack_dont_email_post_to_subs":false,"_jetpack_newsletter_tier_id":0,"_jetpack_memberships_contains_paywalled_content":false,"_jetpack_memberships_contains_paid_content":false,"footnotes":""},"categories":[23530,25],"tags":[13553,2130,29791],"class_list":["post-120700","post","type-post","status-publish","format-standard","has-post-thumbnail","hentry","category-clima","category-portada","tag-indomet","tag-lluvias","tag-sistema-anticiclonico"],"jetpack_featured_media_url":"https:\/\/lasprimeras.com.do\/wp-content\/uploads\/2023\/12\/Dia-Soleado.jpg","jetpack-related-posts":[{"id":125420,"url":"https:\/\/lasprimeras.com.do\/index.php\/2026\/03\/23\/pocas-lluvias-de-acumulados-significativos-por-sistema-anticiclonico\/","url_meta":{"origin":120700,"position":0},"title":"Pocas lluvias de acumulados significativos por sistema anticicl\u00f3nico","author":"Nelson Feliz","date":"23 de marzo de 2026","format":false,"excerpt":"El Instituto Dominicano de Meteorogia inform\u00f3 que hoy, D\u00eda Meteorol\u00f3gico Mundial, gran parte del pa\u00eds se mantendr\u00e1 bajo condiciones de pocas lluvias como consecuencia de la incidencia del sistema anticicl\u00f3nico. Ser\u00e1 un d\u00eda ventoso, en especial hacia el sureste y noroeste, con viento racheado moderado del este\/noreste. Durante la ma\u00f1ana,\u2026","rel":"","context":"En \u00abCLIMA\u00bb","block_context":{"text":"CLIMA","link":"https:\/\/lasprimeras.com.do\/index.php\/category\/clima\/"},"img":{"alt_text":"temperaturas frescas","src":"https:\/\/i0.wp.com\/lasprimeras.com.do\/wp-content\/uploads\/2023\/12\/temperaturas-frescas.jpg?resize=350%2C200&ssl=1","width":350,"height":200,"srcset":"https:\/\/i0.wp.com\/lasprimeras.com.do\/wp-content\/uploads\/2023\/12\/temperaturas-frescas.jpg?resize=350%2C200&ssl=1 1x, https:\/\/i0.wp.com\/lasprimeras.com.do\/wp-content\/uploads\/2023\/12\/temperaturas-frescas.jpg?resize=525%2C300&ssl=1 1.5x, https:\/\/i0.wp.com\/lasprimeras.com.do\/wp-content\/uploads\/2023\/12\/temperaturas-frescas.jpg?resize=700%2C400&ssl=1 2x"},"classes":[]},{"id":100469,"url":"https:\/\/lasprimeras.com.do\/index.php\/2025\/06\/06\/indomet-sistema-de-alta-presion-sigue-dominando-condiciones-atmosfericas\/","url_meta":{"origin":120700,"position":1},"title":"Indomet: Sistema de alta presi\u00f3n sigue dominando condiciones atmosf\u00e9ricas","author":"Nelson Feliz","date":"6 de junio de 2025","format":false,"excerpt":"Disminuye polvo del Sahara. El Instituto Dominicano de Meteorolog\u00eda (Indomet) inform\u00f3 que un sistema de alta presi\u00f3n seguir\u00e1 dominando las condiciones atmosf\u00e9ricas en gran parte del territorio nacional. La instituci\u00f3n pronostic\u00f3 un cielo poco nuboso y mayormente soleado en la ma\u00f1ana de este mi\u00e9rcoles. \u201cSin embargo, en la tarde hasta\u2026","rel":"","context":"En \u00abNACIONALES\u00bb","block_context":{"text":"NACIONALES","link":"https:\/\/lasprimeras.com.do\/index.php\/category\/nacionales\/"},"img":{"alt_text":"","src":"https:\/\/i0.wp.com\/lasprimeras.com.do\/wp-content\/uploads\/2025\/06\/tiwmpo.jpg?resize=350%2C200&ssl=1","width":350,"height":200,"srcset":"https:\/\/i0.wp.com\/lasprimeras.com.do\/wp-content\/uploads\/2025\/06\/tiwmpo.jpg?resize=350%2C200&ssl=1 1x, https:\/\/i0.wp.com\/lasprimeras.com.do\/wp-content\/uploads\/2025\/06\/tiwmpo.jpg?resize=525%2C300&ssl=1 1.5x, https:\/\/i0.wp.com\/lasprimeras.com.do\/wp-content\/uploads\/2025\/06\/tiwmpo.jpg?resize=700%2C400&ssl=1 2x"},"classes":[]},{"id":119032,"url":"https:\/\/lasprimeras.com.do\/index.php\/2026\/01\/06\/indomet-sistema-frontal-continua-alejandose-del-pais\/","url_meta":{"origin":120700,"position":2},"title":"INDOMET : Sistema frontal continua alej\u00e1ndose del pa\u00eds","author":"Nelson Feliz","date":"6 de enero de 2026","format":false,"excerpt":"El Instituto Dominicano de Meteorogia inform\u00f3 que el sistema frontal contin\u00faa alej\u00e1ndose del pa\u00eds, lo que provocar\u00e1 una disminuci\u00f3n de las precipitaciones, gener\u00e1ndose solo algunos chubascos aislados sobre localidades Puerto Plata, Espaillat, Hermanas Mirabal, La Altagracia, El Seibo, Saman\u00e1, entre otras, durante las horas matutinas. Sin embargo, en gran parte\u2026","rel":"","context":"En \u00abCLIMA\u00bb","block_context":{"text":"CLIMA","link":"https:\/\/lasprimeras.com.do\/index.php\/category\/clima\/"},"img":{"alt_text":"","src":"https:\/\/i0.wp.com\/lasprimeras.com.do\/wp-content\/uploads\/2025\/05\/cielo-soleado.jpg?resize=350%2C200&ssl=1","width":350,"height":200,"srcset":"https:\/\/i0.wp.com\/lasprimeras.com.do\/wp-content\/uploads\/2025\/05\/cielo-soleado.jpg?resize=350%2C200&ssl=1 1x, https:\/\/i0.wp.com\/lasprimeras.com.do\/wp-content\/uploads\/2025\/05\/cielo-soleado.jpg?resize=525%2C300&ssl=1 1.5x, https:\/\/i0.wp.com\/lasprimeras.com.do\/wp-content\/uploads\/2025\/05\/cielo-soleado.jpg?resize=700%2C400&ssl=1 2x"},"classes":[]},{"id":52022,"url":"https:\/\/lasprimeras.com.do\/index.php\/2023\/06\/06\/circulacion-anticiclonica-y-polvo-del-sahara-dominaran-panorama-climatico\/","url_meta":{"origin":120700,"position":3},"title":"Circulaci\u00f3n anticicl\u00f3nica y polvo del Sahara dominar\u00e1n panorama clim\u00e1tico","author":"prenxa100","date":"6 de junio de 2023","format":false,"excerpt":"Part\u00edculas de Polvo Sahariano continuar\u00e1n elevando las temperaturas. La directora de la Oficina Nacional de Meteorolog\u00eda (Onamet), Ing. Gloria Ceballos inform\u00f3 que para este martes una circulaci\u00f3n anticicl\u00f3nica que se manifiesta en diferentes niveles de la troposfera estar\u00e1 dominando las condiciones del tiempo. Ceballos, dijo que estos vientos desde las\u2026","rel":"","context":"En \u00abNACIONALES\u00bb","block_context":{"text":"NACIONALES","link":"https:\/\/lasprimeras.com.do\/index.php\/category\/nacionales\/"},"img":{"alt_text":"","src":"","width":0,"height":0},"classes":[]},{"id":101978,"url":"https:\/\/lasprimeras.com.do\/index.php\/2025\/06\/29\/indomet-disminuye-las-precipitaciones-en-el-territorio-nacional\/","url_meta":{"origin":120700,"position":4},"title":"INDOMET disminuye las precipitaciones en el territorio nacional","author":"Nelson Feliz","date":"29 de junio de 2025","format":false,"excerpt":"El Centro Nacional de Pron\u00f3stico del Instituto Dominicano De Meteorolog\u00eda inform\u00f3 que para este lunes, se pronostica una disminuci\u00f3n significativa de las precipitaciones, debido al alejamiento de la vaguada y la onda tropical. Ambos fen\u00f3menos ser\u00e1n reemplazados por una masa de aire m\u00e1s seca y baja en humedad, y moderada\u2026","rel":"","context":"En \u00abNACIONALES\u00bb","block_context":{"text":"NACIONALES","link":"https:\/\/lasprimeras.com.do\/index.php\/category\/nacionales\/"},"img":{"alt_text":"","src":"https:\/\/i0.wp.com\/lasprimeras.com.do\/wp-content\/uploads\/2025\/06\/Indomet.jpg?resize=350%2C200&ssl=1","width":350,"height":200,"srcset":"https:\/\/i0.wp.com\/lasprimeras.com.do\/wp-content\/uploads\/2025\/06\/Indomet.jpg?resize=350%2C200&ssl=1 1x, https:\/\/i0.wp.com\/lasprimeras.com.do\/wp-content\/uploads\/2025\/06\/Indomet.jpg?resize=525%2C300&ssl=1 1.5x, https:\/\/i0.wp.com\/lasprimeras.com.do\/wp-content\/uploads\/2025\/06\/Indomet.jpg?resize=700%2C400&ssl=1 2x"},"classes":[]},{"id":124709,"url":"https:\/\/lasprimeras.com.do\/index.php\/2026\/03\/16\/indomet-continuaran-las-lluvias-en-varias-zonas-del-territorio-nacional\/","url_meta":{"origin":120700,"position":5},"title":"Indomet : Continuar\u00e1n las lluvias en varias zonas del territorio nacional","author":"Nelson Feliz","date":"16 de marzo de 2026","format":false,"excerpt":"Alerta sobre oleaje y viento peligroso en las costas del pa\u00eds. El Instituto Dominicano de Meteorogia inform\u00f3 que Hoy,en horas matutinas, seguir\u00e1n present\u00e1ndose algunos chubascos o aguaceros locales hacia la costa caribe\u00f1a, el noreste, norte y la Cordillera Central, producto del paso de una vaguada en niveles bajos de la\u2026","rel":"","context":"En \u00abCLIMA\u00bb","block_context":{"text":"CLIMA","link":"https:\/\/lasprimeras.com.do\/index.php\/category\/clima\/"},"img":{"alt_text":"Disminuyen las precipitaciones hoy y ma\u00f1ana, las lluvias volver\u00e1n el domingo","src":"https:\/\/i0.wp.com\/lasprimeras.com.do\/wp-content\/uploads\/2026\/01\/LLUVIA.jpg?resize=350%2C200&ssl=1","width":350,"height":200,"srcset":"https:\/\/i0.wp.com\/lasprimeras.com.do\/wp-content\/uploads\/2026\/01\/LLUVIA.jpg?resize=350%2C200&ssl=1 1x, https:\/\/i0.wp.com\/lasprimeras.com.do\/wp-content\/uploads\/2026\/01\/LLUVIA.jpg?resize=525%2C300&ssl=1 1.5x"},"classes":[]}],"jetpack_sharing_enabled":true,"_links":{"self":[{"href":"https:\/\/lasprimeras.com.do\/index.php\/wp-json\/wp\/v2\/posts\/120700","targetHints":{"allow":["GET"]}}],"collection":[{"href":"https:\/\/lasprimeras.com.do\/index.php\/wp-json\/wp\/v2\/posts"}],"about":[{"href":"https:\/\/lasprimeras.com.do\/index.php\/wp-json\/wp\/v2\/types\/post"}],"author":[{"embeddable":true,"href":"https:\/\/lasprimeras.com.do\/index.php\/wp-json\/wp\/v2\/users\/10"}],"replies":[{"embeddable":true,"href":"https:\/\/lasprimeras.com.do\/index.php\/wp-json\/wp\/v2\/comments?post=120700"}],"version-history":[{"count":1,"href":"https:\/\/lasprimeras.com.do\/index.php\/wp-json\/wp\/v2\/posts\/120700\/revisions"}],"predecessor-version":[{"id":120701,"href":"https:\/\/lasprimeras.com.do\/index.php\/wp-json\/wp\/v2\/posts\/120700\/revisions\/120701"}],"wp:featuredmedia":[{"embeddable":true,"href":"https:\/\/lasprimeras.com.do\/index.php\/wp-json\/wp\/v2\/media\/72061"}],"wp:attachment":[{"href":"https:\/\/lasprimeras.com.do\/index.php\/wp-json\/wp\/v2\/media?parent=120700"}],"wp:term":[{"taxonomy":"category","embeddable":true,"href":"https:\/\/lasprimeras.com.do\/index.php\/wp-json\/wp\/v2\/categories?post=120700"},{"taxonomy":"post_tag","embeddable":true,"href":"https:\/\/lasprimeras.com.do\/index.php\/wp-json\/wp\/v2\/tags?post=120700"}],"curies":[{"name":"wp","href":"https:\/\/api.w.org\/{rel}","templated":true}]}}