{"id":120713,"date":"2026-01-27T11:41:35","date_gmt":"2026-01-27T15:41:35","guid":{"rendered":"https:\/\/lasprimeras.com.do\/?p=120713"},"modified":"2026-01-27T11:41:37","modified_gmt":"2026-01-27T15:41:37","slug":"senado-aprobo-197-iniciativas-legislativas-en-segunda-legislatura-ordinaria-2025-2026","status":"publish","type":"post","link":"https:\/\/lasprimeras.com.do\/index.php\/2026\/01\/27\/senado-aprobo-197-iniciativas-legislativas-en-segunda-legislatura-ordinaria-2025-2026\/","title":{"rendered":"Senado aprob\u00f3 197 iniciativas legislativas en segunda Legislatura Ordinaria 2025-2026"},"content":{"rendered":"\n<p>Entre las iniciativas aprobadas se destacan la Ley org\u00e1nica que instituye el C\u00f3digo Procesal Penal, Ley org\u00e1nica que aprueba el C\u00f3digo Trabajo, as\u00ed como la Ley que crea el Colegio de Contadores P\u00fablicos Autorizados de la Rep\u00fablica Dominicana, entre otras de gran importancia para el pa\u00eds.<\/p>\n\n\n\n<p>El Senado de la Rep\u00fablica aprob\u00f3 un total de 197 iniciativas legislativas, clasificadas entre proyectos de ley, resoluciones, ratificaciones y convenios internacionales, entre otros, durante la Segunda Legislatura Ordinaria del a\u00f1o 2025-2026, que concluy\u00f3 el pasado 12 de enero.<\/p>\n\n\n\n<p>Durante ese per\u00edodo, el Pleno del Senado celebr\u00f3 31 sesiones entre ordinarias y extraordinarias, y tom\u00f3 en consideraci\u00f3n m\u00e1s de 300 proyectos de ley que fueron estudiados, analizados y consensuados en el marco de las diferentes comisiones permanentes, especiales y bicamerales.<\/p>\n\n\n\n<p>Estas comisiones trabajaron alrededor de 300 horas, que presentaron como resultado informes detallados de cada uno de los proyectos en agenda.<\/p>\n\n\n\n<p>En las labores legislativas los senadores aprobaron 57 proyectos de ley, 100 resoluciones, 19 ratificaciones diplom\u00e1ticas, y 16 convenios internacionales.<\/p>\n\n\n\n<p>La operatividad legislativa de esta segunda legislatura ordinaria ha sido catalogada de muy relevante por el presidente Ricardo de los Santos, ya que comprende la aprobaci\u00f3n de dos c\u00f3digos: el Procesal Penal y el c\u00f3digo laboral, aunque lament\u00f3 que este \u00faltimo no haya sido aprobado en la C\u00e1mara Baja.<\/p>\n\n\n\n<p>Bajo la direcci\u00f3n del tambi\u00e9n senador por la provincia S\u00e1nchez Ram\u00edrez, Ricardo de los Santos, el Pleno del Senado aprob\u00f3 la Ley que crea el Colegio de Contadores P\u00fablicos Autorizados de la Rep\u00fablica Dominicana, la modificaci\u00f3n de la Ley 37-590 de la Polic\u00eda Nacional para crear la Polic\u00eda Especializada sobre rescate y b\u00fasqueda de personas desaparecidas o secuestradas; y la Ley de Amnist\u00eda para el registro de armas de fuego irregulares o su entrega voluntaria.<\/p>\n\n\n\n<p>Tambi\u00e9n, favoreci\u00f3 la aprobaci\u00f3n de la Ley org\u00e1nica que crea la Direcci\u00f3n Nacional de Inteligencia (DNI) y regula el Sistema Nacional de Inteligencia.<\/p>\n\n\n\n<p>Adem\u00e1s, la que crea la Ley de las pasant\u00edas en el Sector P\u00fablico para la formaci\u00f3n laboral pr\u00e1ctica de estudiantes t\u00e9cnicos y universitarios, la Ley general de gesti\u00f3n integral y procesamiento de residuos s\u00f3lidos, y el proyecto de ley que declara el 25 de octubre de cada a\u00f1o como D\u00eda del Cooperativismo en la Rep\u00fablica Dominicana.<\/p>\n\n\n\n<p>En el marco de los 150 d\u00edas que comprendieron la Primera Legislatura Ordinaria de 2025, fue aprobada la Ley que regula el Embargo Retentivo en la Rep\u00fablica Dominicana, el proyecto que crea el D\u00eda del M\u00e9dico Neonat\u00f3logo Dominicano y el proyecto de ley que declara la Reserva Antropol\u00f3gica Cuevas de Borb\u00f3n o del Pomier como \u201cCapital Rupestre de la Rep\u00fablica Dominicana\u201d.<\/p>\n","protected":false},"excerpt":{"rendered":"<p>Entre las iniciativas aprobadas se destacan la Ley org\u00e1nica que instituye el C\u00f3digo Procesal Penal, Ley org\u00e1nica que aprueba el C\u00f3digo Trabajo, as\u00ed como la Ley que crea el Colegio&hellip;<\/p>\n","protected":false},"author":10,"featured_media":120714,"comment_status":"open","ping_status":"open","sticky":false,"template":"","format":"standard","meta":{"content-type":"","jetpack_post_was_ever_published":false,"_jetpack_newsletter_access":"","_jetpack_dont_email_post_to_subs":false,"_jetpack_newsletter_tier_id":0,"_jetpack_memberships_contains_paywalled_content":false,"_jetpack_memberships_contains_paid_content":false,"footnotes":""},"categories":[35,25],"tags":[29799,29798,413],"class_list":["post-120713","post","type-post","status-publish","format-standard","has-post-thumbnail","hentry","category-nacionales","category-portada","tag-197-iniciativas","tag-legislatura-ordinaria","tag-senado"],"jetpack_featured_media_url":"https:\/\/lasprimeras.com.do\/wp-content\/uploads\/2026\/01\/IMG-20260127-WA0141.jpg","jetpack-related-posts":[{"id":74167,"url":"https:\/\/lasprimeras.com.do\/index.php\/2024\/01\/19\/senado-aprobo-173-iniciativas-legislativas-en-la-segunda-legislatura-ordinaria-del-2023\/","url_meta":{"origin":120713,"position":0},"title":"Senado aprob\u00f3 173 iniciativas legislativas en la segunda legislatura ordinaria del 2023","author":"Nelson Feliz","date":"19 de enero de 2024","format":false,"excerpt":"Por Martin Restituyo Durante la segunda legislatura ordinaria el Senado de la Rep\u00fablica aprob\u00f3 173 iniciativas legislativas, entre estas proyectos de leyes, resoluciones, ratificaci\u00f3n de nombramientos diplom\u00e1ticos, acuerdos y convenios internacionales. La segunda legislatura se realiz\u00f3 dentro del per\u00edodo constitucional del 16 de agosto hasta el 13 de enero del\u2026","rel":"","context":"En \u00abNACIONALES\u00bb","block_context":{"text":"NACIONALES","link":"https:\/\/lasprimeras.com.do\/index.php\/category\/nacionales\/"},"img":{"alt_text":"Senadores","src":"https:\/\/i0.wp.com\/lasprimeras.com.do\/wp-content\/uploads\/2024\/01\/Senadores.jpg?resize=350%2C200&ssl=1","width":350,"height":200,"srcset":"https:\/\/i0.wp.com\/lasprimeras.com.do\/wp-content\/uploads\/2024\/01\/Senadores.jpg?resize=350%2C200&ssl=1 1x, https:\/\/i0.wp.com\/lasprimeras.com.do\/wp-content\/uploads\/2024\/01\/Senadores.jpg?resize=525%2C300&ssl=1 1.5x, https:\/\/i0.wp.com\/lasprimeras.com.do\/wp-content\/uploads\/2024\/01\/Senadores.jpg?resize=700%2C400&ssl=1 2x"},"classes":[]},{"id":87791,"url":"https:\/\/lasprimeras.com.do\/index.php\/2024\/08\/16\/senado-deja-iniciados-trabajos-segunda-legislatura-ordinaria\/","url_meta":{"origin":120713,"position":1},"title":"Senado deja iniciados trabajos segunda legislatura ordinaria","author":"Nelson Feliz","date":"16 de agosto de 2024","format":false,"excerpt":"El Senado de la Rep\u00fablica dej\u00f3 conformado su Bufete Directivo para el per\u00edodo legislativo 2024-2025, y dio apertura a los trabajos de la Segunda Legislatura Ordinaria del a\u00f1o, al conmemorarse el 161 aniversario de la Restauraci\u00f3n de la Rep\u00fablica. El nuevo Bufete Directivo del Senado est\u00e1 integrado por los senadores\u2026","rel":"","context":"En \u00abNACIONALES\u00bb","block_context":{"text":"NACIONALES","link":"https:\/\/lasprimeras.com.do\/index.php\/category\/nacionales\/"},"img":{"alt_text":"Ricardo de los Santos","src":"https:\/\/i0.wp.com\/lasprimeras.com.do\/wp-content\/uploads\/2024\/08\/Ricardo-de-los-Santos-8.jpg?resize=350%2C200&ssl=1","width":350,"height":200,"srcset":"https:\/\/i0.wp.com\/lasprimeras.com.do\/wp-content\/uploads\/2024\/08\/Ricardo-de-los-Santos-8.jpg?resize=350%2C200&ssl=1 1x, https:\/\/i0.wp.com\/lasprimeras.com.do\/wp-content\/uploads\/2024\/08\/Ricardo-de-los-Santos-8.jpg?resize=525%2C300&ssl=1 1.5x"},"classes":[]},{"id":123226,"url":"https:\/\/lasprimeras.com.do\/index.php\/2026\/02\/27\/senado-inicia-primera-legislatura-ordinaria-de-2026\/","url_meta":{"origin":120713,"position":2},"title":"Senado inicia Primera Legislatura Ordinaria de 2026","author":"Nelson Feliz","date":"27 de febrero de 2026","format":false,"excerpt":"Al dejar abiertos los trabajos legislativos en el 182 aniversario de la Independencia Nacional, el presidente del Senado, Ricardo de los Santos, calific\u00f3 como hist\u00f3rico el rendimiento de la pasada legislatura, expresando su satisfacci\u00f3n por el alto desempe\u00f1o alcanzado durante su gesti\u00f3n al frente de la C\u00e1mara Alta. Destac\u00f3 que\u2026","rel":"","context":"En \u00abPOLITICA\u00bb","block_context":{"text":"POLITICA","link":"https:\/\/lasprimeras.com.do\/index.php\/category\/politica\/"},"img":{"alt_text":"Senado inicia Primera Legislatura Ordinaria de 2026","src":"https:\/\/i0.wp.com\/lasprimeras.com.do\/wp-content\/uploads\/2026\/02\/Senado-inicia-Primera-Legislatura-Ordinaria-de-2026-1.jpg?resize=350%2C200&ssl=1","width":350,"height":200,"srcset":"https:\/\/i0.wp.com\/lasprimeras.com.do\/wp-content\/uploads\/2026\/02\/Senado-inicia-Primera-Legislatura-Ordinaria-de-2026-1.jpg?resize=350%2C200&ssl=1 1x, https:\/\/i0.wp.com\/lasprimeras.com.do\/wp-content\/uploads\/2026\/02\/Senado-inicia-Primera-Legislatura-Ordinaria-de-2026-1.jpg?resize=525%2C300&ssl=1 1.5x, https:\/\/i0.wp.com\/lasprimeras.com.do\/wp-content\/uploads\/2026\/02\/Senado-inicia-Primera-Legislatura-Ordinaria-de-2026-1.jpg?resize=700%2C400&ssl=1 2x"},"classes":[]},{"id":94717,"url":"https:\/\/lasprimeras.com.do\/index.php\/2025\/03\/04\/camara-alta-trabajara-para-aprobar-modificacion-al-codigo-penal\/","url_meta":{"origin":120713,"position":3},"title":"C\u00e1mara Alta trabajar\u00e1 para aprobar modificaci\u00f3n al C\u00f3digo Penal","author":"Nelson Feliz","date":"4 de marzo de 2025","format":false,"excerpt":"Durante su participaci\u00f3n en el programa Despierta con CDN, el presidente del Senado asegur\u00f3 que el poder legislativo tiene esa deuda con el pa\u00eds. Por Elvis Castro Hern\u00e1ndez El presidente del Senado, Ricardo de los Santos, destac\u00f3 el proyecto de modificaci\u00f3n al C\u00f3digo Penal dominicano, como la pieza legislativa macro\u2026","rel":"","context":"En \u00abNACIONALES\u00bb","block_context":{"text":"NACIONALES","link":"https:\/\/lasprimeras.com.do\/index.php\/category\/nacionales\/"},"img":{"alt_text":"Ricardo de los Santos","src":"https:\/\/i0.wp.com\/lasprimeras.com.do\/wp-content\/uploads\/2025\/03\/Ricardo-de-los-Santos2.jpg?resize=350%2C200&ssl=1","width":350,"height":200,"srcset":"https:\/\/i0.wp.com\/lasprimeras.com.do\/wp-content\/uploads\/2025\/03\/Ricardo-de-los-Santos2.jpg?resize=350%2C200&ssl=1 1x, https:\/\/i0.wp.com\/lasprimeras.com.do\/wp-content\/uploads\/2025\/03\/Ricardo-de-los-Santos2.jpg?resize=525%2C300&ssl=1 1.5x, https:\/\/i0.wp.com\/lasprimeras.com.do\/wp-content\/uploads\/2025\/03\/Ricardo-de-los-Santos2.jpg?resize=700%2C400&ssl=1 2x"},"classes":[]},{"id":112974,"url":"https:\/\/lasprimeras.com.do\/index.php\/2025\/10\/29\/senado-aprobo-en-segunda-lectura-las-modificaciones-al-codigo-procesal-penal\/","url_meta":{"origin":120713,"position":4},"title":"Senado aprob\u00f3 en segunda lectura las modificaciones al C\u00f3digo Procesal Penal","author":"Nelson Feliz","date":"29 de octubre de 2025","format":false,"excerpt":"Las reformas de esta normativa responden a la necesidad de modernizaci\u00f3n de la justicia, en procura de mayor celeridad, transparencia y eficiencia de los procesos, con el fin de garantizar derechos fundamentales del proceso judicial. Por: Adalgisa S\u00e1nchez El Senado de la Rep\u00fablica aprob\u00f3 a unanimidad en segunda lectura con\u2026","rel":"","context":"En \u00abNACIONALES\u00bb","block_context":{"text":"NACIONALES","link":"https:\/\/lasprimeras.com.do\/index.php\/category\/nacionales\/"},"img":{"alt_text":"","src":"https:\/\/i0.wp.com\/lasprimeras.com.do\/wp-content\/uploads\/2025\/10\/Ricardo-de-los-Santos-4.jpg?resize=350%2C200&ssl=1","width":350,"height":200,"srcset":"https:\/\/i0.wp.com\/lasprimeras.com.do\/wp-content\/uploads\/2025\/10\/Ricardo-de-los-Santos-4.jpg?resize=350%2C200&ssl=1 1x, https:\/\/i0.wp.com\/lasprimeras.com.do\/wp-content\/uploads\/2025\/10\/Ricardo-de-los-Santos-4.jpg?resize=525%2C300&ssl=1 1.5x, https:\/\/i0.wp.com\/lasprimeras.com.do\/wp-content\/uploads\/2025\/10\/Ricardo-de-los-Santos-4.jpg?resize=700%2C400&ssl=1 2x"},"classes":[]},{"id":87143,"url":"https:\/\/lasprimeras.com.do\/index.php\/2024\/08\/07\/presidente-del-senado-presenta-informe-correspondiente-al-periodo-legislativo-2023-2024\/","url_meta":{"origin":120713,"position":5},"title":"Presidente del Senado presenta informe correspondiente al per\u00edodo legislativo 2023 -2024","author":"Nelson Feliz","date":"7 de agosto de 2024","format":false,"excerpt":"Ricardo de los Santos destaca aprobaci\u00f3n de 325 iniciativas legislativas. Por Martin Restituyo El presidente del Senado Ricardo de los Santos, al presentar su informe de gesti\u00f3n dijo que el Pleno aprob\u00f3 325 iniciativas legislativas, de las cuales 45 fueron promulgadas por el Poder Ejecutivo, durante el per\u00edodo legislativo agosto\u2026","rel":"","context":"En \u00abNACIONALES\u00bb","block_context":{"text":"NACIONALES","link":"https:\/\/lasprimeras.com.do\/index.php\/category\/nacionales\/"},"img":{"alt_text":"Ricardo de los Santos","src":"https:\/\/i0.wp.com\/lasprimeras.com.do\/wp-content\/uploads\/2024\/08\/Ricardo-de-los-Santos-1.jpg?resize=350%2C200&ssl=1","width":350,"height":200,"srcset":"https:\/\/i0.wp.com\/lasprimeras.com.do\/wp-content\/uploads\/2024\/08\/Ricardo-de-los-Santos-1.jpg?resize=350%2C200&ssl=1 1x, https:\/\/i0.wp.com\/lasprimeras.com.do\/wp-content\/uploads\/2024\/08\/Ricardo-de-los-Santos-1.jpg?resize=525%2C300&ssl=1 1.5x"},"classes":[]}],"jetpack_sharing_enabled":true,"_links":{"self":[{"href":"https:\/\/lasprimeras.com.do\/index.php\/wp-json\/wp\/v2\/posts\/120713","targetHints":{"allow":["GET"]}}],"collection":[{"href":"https:\/\/lasprimeras.com.do\/index.php\/wp-json\/wp\/v2\/posts"}],"about":[{"href":"https:\/\/lasprimeras.com.do\/index.php\/wp-json\/wp\/v2\/types\/post"}],"author":[{"embeddable":true,"href":"https:\/\/lasprimeras.com.do\/index.php\/wp-json\/wp\/v2\/users\/10"}],"replies":[{"embeddable":true,"href":"https:\/\/lasprimeras.com.do\/index.php\/wp-json\/wp\/v2\/comments?post=120713"}],"version-history":[{"count":1,"href":"https:\/\/lasprimeras.com.do\/index.php\/wp-json\/wp\/v2\/posts\/120713\/revisions"}],"predecessor-version":[{"id":120715,"href":"https:\/\/lasprimeras.com.do\/index.php\/wp-json\/wp\/v2\/posts\/120713\/revisions\/120715"}],"wp:featuredmedia":[{"embeddable":true,"href":"https:\/\/lasprimeras.com.do\/index.php\/wp-json\/wp\/v2\/media\/120714"}],"wp:attachment":[{"href":"https:\/\/lasprimeras.com.do\/index.php\/wp-json\/wp\/v2\/media?parent=120713"}],"wp:term":[{"taxonomy":"category","embeddable":true,"href":"https:\/\/lasprimeras.com.do\/index.php\/wp-json\/wp\/v2\/categories?post=120713"},{"taxonomy":"post_tag","embeddable":true,"href":"https:\/\/lasprimeras.com.do\/index.php\/wp-json\/wp\/v2\/tags?post=120713"}],"curies":[{"name":"wp","href":"https:\/\/api.w.org\/{rel}","templated":true}]}}