{"id":120749,"date":"2026-01-27T17:44:28","date_gmt":"2026-01-27T21:44:28","guid":{"rendered":"https:\/\/lasprimeras.com.do\/?p=120749"},"modified":"2026-01-27T17:44:29","modified_gmt":"2026-01-27T21:44:29","slug":"turismo-en-cuba-se-desploma-sin-el-petroleo-de-venezuela-y-con-crecientes-tensiones-con-eeuu","status":"publish","type":"post","link":"https:\/\/lasprimeras.com.do\/index.php\/2026\/01\/27\/turismo-en-cuba-se-desploma-sin-el-petroleo-de-venezuela-y-con-crecientes-tensiones-con-eeuu\/","title":{"rendered":"Turismo en Cuba se desploma sin el petr\u00f3leo de Venezuela y con crecientes tensiones con EEUU"},"content":{"rendered":"\n<p>POR D\u00c1NICA COTO<\/p>\n\n\n\n<p>LA HABANA (AP) \u2014 Es casi mediod\u00eda en La Habana cuando un pu\u00f1ado de turistas baja de un peque\u00f1o autob\u00fas amarillo y corre hacia una fila de relucientes autos cl\u00e1sicos, con sus c\u00e1maras en mano.<\/p>\n\n\n\n<p>Cerca de all\u00ed, bajo la sombra de un almendro de playa, un grupo de conductores se pone r\u00e1pidamente de pie, algunos esperando su primer cliente del d\u00eda.<\/p>\n\n\n\n<p>Pero los turistas se toman un par de selfies r\u00e1pidas frente a los autos de colores brillantes, que van desde un Pontiac de 1950 hasta un Buick de 1960 y se alejan.<\/p>\n\n\n\n<p>\u201cEsto est\u00e1 cr\u00edtico\u201d, afirm\u00f3 Reymundo Aldama, quien conduce un Ford Fairlane convertible rosa chicle de 1957. \u201cEstamos esperando que vengan, que venga trabajo\u201d.<\/p>\n\n\n\n<p>El turismo en Cuba cae en picada, en un momento en que la isla necesita desesperadamente esos ingresos.<\/p>\n\n\n\n<p>El n\u00famero de visitantes ha disminuido m\u00e1s de la mitad desde 2018.<\/p>\n\n\n\n<p>Durante casi dos d\u00e9cadas, un flujo constante de viajeros provoc\u00f3 un auge en el turismo, solo para que la pandemia de COVID-19 y los severos apagones provocaran su decadencia, junto con un aumento de las sanciones de Estados Unidos.<\/p>\n\n\n\n<p>Ahora, los cubanos cuya subsistencia depende del turismo son algunos de los que m\u00e1s sufren mientras la isla se prepara para lo que, seg\u00fan los expertos, podr\u00eda ser una crisis econ\u00f3mica catastr\u00f3fica tras la interrupci\u00f3n en los env\u00edos de petr\u00f3leo desde Venezuela despu\u00e9s del ataque de Estados Unidos al pa\u00eds sudamericano y el arresto de su presidente.<\/p>\n\n\n\n<p>La situaci\u00f3n ya es acuciante para Rosbel Figueredo Ricardo, de 30 a\u00f1os, quien vende un popular platillo callejero cubano conocido como \u201cchivirico\u201d, tiras delgadas de harina frita espolvoreadas con az\u00facar.<\/p>\n\n\n\n<p>Sol\u00eda cargar 150 bolsas de chivirico cada ma\u00f1ana en una bandeja de pl\u00e1stico que equilibra en su hombro y, para la tarde, ya hab\u00eda vendido todas.<\/p>\n\n\n\n<p>Actualmente, solo carga 50 bolsas diarias, trabaja desde el amanecer hasta la noche y a veces no vende ni una sola bolsa.<\/p>\n\n\n\n<p>\u201cYo soy t\u00e9cnico medio mec\u00e1nico industrial. Y m\u00edreme aqu\u00ed\u201d, expres\u00f3.<\/p>\n\n\n\n<p>Figueredo tiene una pareja y tres hijos, con un cuarto en camino, y est\u00e1 preocupado.<\/p>\n\n\n\n<p>\u201cEsto es el diario, esto se vive para comer\u201d, manifest\u00f3.<\/p>\n\n\n\n<p>Una tarde reciente, al no encontrar turistas cerca del famoso malec\u00f3n de La Habana, camin\u00f3 hacia la embajada de Espa\u00f1a, con la esperanza de que algunos de los muchos cubanos que hacen fila diariamente buscando una visa para salir de la isla le compren.<\/p>\n\n\n\n<p>\u201cUna ca\u00edda brusca\u201d<\/p>\n\n\n\n<p>Durante d\u00e9cadas, el turismo le gener\u00f3 a Cuba hasta 3.000 millones de d\u00f3lares al a\u00f1o.<\/p>\n\n\n\n<p>Los visitantes llenaban los restaurantes, se aglomeraban a lo largo del malec\u00f3n de La Habana y se reun\u00edan en imponentes monumentos y edificios estatales.<\/p>\n\n\n\n<p>El flujo constante de viajeros impuls\u00f3 el empleo y llev\u00f3 a abrir cientos de peque\u00f1os negocios, incluidos hostales y restaurantes.<\/p>\n\n\n\n<p>Hoy en d\u00eda, el malec\u00f3n est\u00e1 salpicado principalmente de parejas cubanas o pescadores que esperan atrapar su pr\u00f3xima comida.<\/p>\n\n\n\n<p>Cerca de all\u00ed, los manteles de los restaurantes vac\u00edos junto al mar ondean al viento mientras los empleados sostienen men\u00fas y exploran el horizonte en busca de clientes que nunca llegan.<\/p>\n\n\n\n<p>Alrededor de 2,3 millones de turistas visitaron Cuba de enero a noviembre de 2025, significativamente menos que los 4,8 millones en 2018 y los 4,2 millones en 2019, antes de la pandemia.<\/p>\n\n\n\n<p>Algunos cubanos temen que las crecientes tensiones entre Estados Unidos y Cuba, los cortes en el suministro de agua y electricidad y las grandes pilas de basura en populares \u00e1reas tur\u00edsticas hayan ahuyentado a los visitantes.<\/p>\n\n\n\n<p>La dr\u00e1stica ca\u00edda en el n\u00famero de turistas es especialmente grave porque las sanciones de Estados Unidos privaron a Cuba de casi 8.000 millones de d\u00f3lares en ingresos de marzo de 2024 a febrero de 2025, una p\u00e9rdida casi 50% mayor en comparaci\u00f3n con el per\u00edodo anterior, seg\u00fan estad\u00edsticas del gobierno.<\/p>\n\n\n\n<p>Una tarde reciente, solo tres personas abordaron un autob\u00fas tur\u00edstico de dos pisos conducido por Gaspar Biart.<\/p>\n\n\n\n<p>Ha conducido durante 16 a\u00f1os y record\u00f3 con una peque\u00f1a sonrisa lo llenos que sol\u00edan estar los autobuses.<\/p>\n\n\n\n<p>\u201cEl cambio es inmenso\u201d, dijo, se\u00f1alando que las sanciones impuestas por el presidente de Estados Unidos, Donald Trump, han cerrado las puertas de Cuba. \u201cNo nos deja ni respirar\u201d.<\/p>\n\n\n\n<p>Cuando el turismo estaba en auge y el petr\u00f3leo flu\u00eda, ocho autobuses tur\u00edsticos de dos pisos hac\u00edan tres viajes al d\u00eda por La Habana. Ahora, solo hay cuatro, y la mayor\u00eda est\u00e1n casi vac\u00edos, dijo Biart.<\/p>\n\n\n\n<p>\u201cHace falta que venga el cliente\u201d, expres\u00f3. \u201cEso lo deseamos todos los cubanos\u2026 El turismo en un motor impulsor de la econom\u00eda de un pa\u00eds\u201d.<\/p>\n\n\n\n<p>Sol\u00edan formarse largas filas cerca de los autos cl\u00e1sicos en espera de pasajeros. Hab\u00eda tanta demanda que a veces los turistas ten\u00edan que tomar cualquier auto disponible, no el modelo y marca que prefer\u00edan.<\/p>\n\n\n\n<p>Aldama, quien conduce un auto cl\u00e1sico, record\u00f3 c\u00f3mo a veces trabajaba hasta las nueve de la noche. Actualmente, tiene suerte si lleva a uno o dos turistas a dar una vuelta en un d\u00eda.<\/p>\n\n\n\n<p>Culpa a Trump, quien en junio de 2019 prohibi\u00f3 que los cruceros visitaran Cuba, una de las formas m\u00e1s populares de viajar a la isla.<\/p>\n\n\n\n<p>Eso llev\u00f3 a lo que Aldama describi\u00f3 como \u201cuna ca\u00edda brusca\u201d en el n\u00famero de turistas que, seg\u00fan \u00e9l, ha empeorado en los \u00faltimos seis meses.<\/p>\n\n\n\n<p>Sol\u00eda cobrar 50 d\u00f3lares por un recorrido por la capital. Ahora, dada la falta de demanda, ha bajado su precio a 25 d\u00f3lares, e incluso a 20 si un turista insiste en regatear.<\/p>\n\n\n\n<p>\u201cEl d\u00eda que no haya combustible, paramos los carros y a buscar otro trabajo\u201d, dijo Aldama. \u201cNo queda de otra\u201d.<\/p>\n\n\n\n<p>\u201cLocura pol\u00edtica\u201d<\/p>\n\n\n\n<p>En una reciente tarde soleada, Vincent Seigi de Rusia se relajaba en un banco de madera y miraba el mar azul profundo y el imponente Castillo del Morro de Cuba, construido durante la era colonial.<\/p>\n\n\n\n<p>Raspaba la pulpa blanca de varios cocos junto con dos amigos.<\/p>\n\n\n\n<p>Solo llevaba dos d\u00edas en Cuba.<\/p>\n\n\n\n<p>\u201cEsperaba que fuera un poco ca\u00f3tico, tal vez no tan amigable para los turistas debido a la complicada situaci\u00f3n econ\u00f3mica\u201d, coment\u00f3. \u201cEs como si el tiempo estuviera un poco detenido aqu\u00ed\u201d.<\/p>\n\n\n\n<p>Seigi dijo que no le preocupaban los apagones cr\u00f3nicos ni la abundante basura, pero coment\u00f3 que era extra\u00f1o no tener conexi\u00f3n m\u00f3vil.<\/p>\n\n\n\n<p>Le preocupaba que lo que ve\u00eda en Cuba pudiera suceder pronto en Rusia.<\/p>\n\n\n\n<p>\u201cLa pol\u00edtica no es genial, por decirlo suavemente\u201d, expres\u00f3. \u201cYa tenemos muchas sanciones debido a la locura pol\u00edtica\u201d.<\/p>\n\n\n\n<p>Dado que Venezuela, el aliado pol\u00edtico y econ\u00f3mico m\u00e1s fuerte de Cuba, se ha desvanecido por ahora, algunos se preguntan si China o Rusia intervendr\u00e1n.<\/p>\n\n\n\n<p>\u201cCreo que nuestro pa\u00eds ahora solo puede proporcionar ayuda ret\u00f3rica\u201d, dijo, como hacer declaraciones de que Estados Unidos es malo para Cuba. Agreg\u00f3 que no cree que Rusia tenga recursos para ofrecer y que ya tiene dificultades para ganar la guerra contra Ucrania.<\/p>\n\n\n\n<p>Seigi afirm\u00f3 que sent\u00eda que algunos cubanos estaban desesperados por ganar dinero de los turistas, y que algunos vend\u00edan puros caros afirmando que proven\u00edan de un festival patrocinado por el expresidente Ra\u00fal Castro. \u201cTanta gente pobre, lamentablemente\u201d, dijo.<\/p>\n\n\n\n<p>Mientras tanto, la turista brasile\u00f1a Gloraci Passos de Carvalho, maestra de profesi\u00f3n, coment\u00f3 que siempre hab\u00eda tenido curiosidad por el sistema pol\u00edtico y educativo de Cuba y no se dej\u00f3 intimidar por la creciente crisis de la isla ni por las actuales tensiones con Estados Unidos.<\/p>\n\n\n\n<p>Dijo que le impresion\u00f3 la atm\u00f3sfera acogedora de Cuba, su arquitectura, pero, sobre todo, su resiliencia.<\/p>\n\n\n\n<p>\u201cEs una lecci\u00f3n para la gente, sobrevivir con menos\u201d, expres\u00f3. \u201cEn Brasil lo llamamos hacer limonada con los limones\u2026 As\u00ed que lo veo en ese sentido, lo veo de manera positiva.\u201d<\/p>\n","protected":false},"excerpt":{"rendered":"<p>POR D\u00c1NICA COTO LA HABANA (AP) \u2014 Es casi mediod\u00eda en La Habana cuando un pu\u00f1ado de turistas baja de un peque\u00f1o autob\u00fas amarillo y corre hacia una fila de&hellip;<\/p>\n","protected":false},"author":10,"featured_media":120750,"comment_status":"open","ping_status":"open","sticky":false,"template":"","format":"standard","meta":{"content-type":"","jetpack_post_was_ever_published":false,"_jetpack_newsletter_access":"","_jetpack_dont_email_post_to_subs":false,"_jetpack_newsletter_tier_id":0,"_jetpack_memberships_contains_paywalled_content":false,"_jetpack_memberships_contains_paid_content":false,"footnotes":""},"categories":[16289],"tags":[26116,979,3056,5223,29818,420],"class_list":["post-120749","post","type-post","status-publish","format-standard","has-post-thumbnail","hentry","category-internacionales","tag-crecientes","tag-eeuu","tag-petroleo","tag-tensiones","tag-turismo-en-cuba-se-desploma","tag-venezuela"],"jetpack_featured_media_url":"https:\/\/lasprimeras.com.do\/wp-content\/uploads\/2026\/01\/Turismo.jpg","jetpack-related-posts":[{"id":122025,"url":"https:\/\/lasprimeras.com.do\/index.php\/2026\/02\/12\/llega-a-cuba-ayuda-humanitaria-mexicana-en-medio-de-bloqueo-energetico-de-eeuu\/","url_meta":{"origin":120749,"position":0},"title":"Llega a Cuba ayuda humanitaria mexicana en medio de bloqueo energ\u00e9tico de EEUU","author":"Nelson Feliz","date":"12 de febrero de 2026","format":false,"excerpt":"POR ANDREA RODR\u00cdGUEZ LA HABANA (AP) \u2014 Dos buques de la Armada de M\u00e9xico cargados con ayuda humanitaria atracaron en Cuba el jueves, mientras un cerco energ\u00e9tico de Estados Unidos profundiza la crisis de la isla. Los barcos llegaron al puerto de La Habana al amanecer, dos semanas despu\u00e9s de\u2026","rel":"","context":"En \u00abINTERNACIONALES\u00bb","block_context":{"text":"INTERNACIONALES","link":"https:\/\/lasprimeras.com.do\/index.php\/category\/sin-categoria\/internacionales\/"},"img":{"alt_text":"ayuda humanitaria","src":"https:\/\/i0.wp.com\/lasprimeras.com.do\/wp-content\/uploads\/2026\/02\/ayuda-humanitaria.jpg?resize=350%2C200&ssl=1","width":350,"height":200,"srcset":"https:\/\/i0.wp.com\/lasprimeras.com.do\/wp-content\/uploads\/2026\/02\/ayuda-humanitaria.jpg?resize=350%2C200&ssl=1 1x, https:\/\/i0.wp.com\/lasprimeras.com.do\/wp-content\/uploads\/2026\/02\/ayuda-humanitaria.jpg?resize=525%2C300&ssl=1 1.5x, https:\/\/i0.wp.com\/lasprimeras.com.do\/wp-content\/uploads\/2026\/02\/ayuda-humanitaria.jpg?resize=700%2C400&ssl=1 2x"},"classes":[]},{"id":128449,"url":"https:\/\/lasprimeras.com.do\/index.php\/2026\/04\/23\/de-la-belleza-al-transporte-la-falta-de-agua-y-luz-obliga-a-los-cubanos-a-cambiar-sus-rutinas\/","url_meta":{"origin":120749,"position":1},"title":"De la belleza al transporte, la falta de agua y luz obliga a los cubanos a cambiar sus rutinas","author":"Nelson Feliz","date":"23 de abril de 2026","format":false,"excerpt":"POR D\u00c1NICA COTO LA HABANA, Cuba (AP) \u2014 Eduvirgen Zamora se esconde las manos por verg\u00fcenza estos d\u00edas. Tiene las u\u00f1as comidas hasta la carne, excepto las de los pulgares, que lucen garras de unos 2,5 cent\u00edmetros cubiertas de elegantes remolinos plateados. Incapaz de pagar un nuevo juego de u\u00f1as\u2026","rel":"","context":"En \u00abINTERNACIONALES\u00bb","block_context":{"text":"INTERNACIONALES","link":"https:\/\/lasprimeras.com.do\/index.php\/category\/sin-categoria\/internacionales\/"},"img":{"alt_text":"","src":"https:\/\/i0.wp.com\/lasprimeras.com.do\/wp-content\/uploads\/2026\/04\/cubanos.jpg?resize=350%2C200&ssl=1","width":350,"height":200,"srcset":"https:\/\/i0.wp.com\/lasprimeras.com.do\/wp-content\/uploads\/2026\/04\/cubanos.jpg?resize=350%2C200&ssl=1 1x, https:\/\/i0.wp.com\/lasprimeras.com.do\/wp-content\/uploads\/2026\/04\/cubanos.jpg?resize=525%2C300&ssl=1 1.5x, https:\/\/i0.wp.com\/lasprimeras.com.do\/wp-content\/uploads\/2026\/04\/cubanos.jpg?resize=700%2C400&ssl=1 2x"},"classes":[]},{"id":119019,"url":"https:\/\/lasprimeras.com.do\/index.php\/2026\/01\/05\/cuba-rinde-tributo-a-oficiales-muertos-en-ataque-a-venezuela\/","url_meta":{"origin":120749,"position":2},"title":"Cuba rinde tributo a oficiales muertos en ataque a Venezuela","author":"Nelson Feliz","date":"5 de enero de 2026","format":false,"excerpt":"Surgen preguntas sobre impacto futuro POR ANDREA RODRIGUEZ LA HABANA (AP) \u2014 Cuba baj\u00f3 a media asta sus banderas el lunes para rendir homenaje a 32 de sus oficiales muertos en el ataque estadounidense contra Venezuela en el que se captur\u00f3 al mandatario Nicol\u00e1s Maduro, al tiempo en que surg\u00edan\u2026","rel":"","context":"En \u00abINTERNACIONALES\u00bb","block_context":{"text":"INTERNACIONALES","link":"https:\/\/lasprimeras.com.do\/index.php\/category\/sin-categoria\/internacionales\/"},"img":{"alt_text":"Cuba rinde tributo a oficiales muertos en ataque a Venezuela","src":"https:\/\/i0.wp.com\/lasprimeras.com.do\/wp-content\/uploads\/2026\/01\/Cuba-rinde-tributo-a-oficiales-muertos-en-ataque-a-Venezuela.jpg?resize=350%2C200&ssl=1","width":350,"height":200,"srcset":"https:\/\/i0.wp.com\/lasprimeras.com.do\/wp-content\/uploads\/2026\/01\/Cuba-rinde-tributo-a-oficiales-muertos-en-ataque-a-Venezuela.jpg?resize=350%2C200&ssl=1 1x, https:\/\/i0.wp.com\/lasprimeras.com.do\/wp-content\/uploads\/2026\/01\/Cuba-rinde-tributo-a-oficiales-muertos-en-ataque-a-Venezuela.jpg?resize=525%2C300&ssl=1 1.5x, https:\/\/i0.wp.com\/lasprimeras.com.do\/wp-content\/uploads\/2026\/01\/Cuba-rinde-tributo-a-oficiales-muertos-en-ataque-a-Venezuela.jpg?resize=700%2C400&ssl=1 2x"},"classes":[]},{"id":108764,"url":"https:\/\/lasprimeras.com.do\/index.php\/2025\/09\/10\/la-red-electrica-de-cuba-colapsa-en-un-apagon-nacional\/","url_meta":{"origin":120749,"position":3},"title":"La red el\u00e9ctrica de Cuba colapsa en un apag\u00f3n nacional","author":"Nelson Feliz","date":"10 de septiembre de 2025","format":false,"excerpt":"LA HABANA, (Reuters) - La red el\u00e9ctrica nacional de Cuba colaps\u00f3 por cuarta vez en menos de un a\u00f1o el mi\u00e9rcoles por la ma\u00f1ana, causando un apag\u00f3n en todo el pa\u00eds, dijeron las autoridades. \u201cSe ha producido una desconexi\u00f3n total del Sistema El\u00e9ctrico\u201d, informaron el Ministerio de Energ\u00eda y la\u2026","rel":"","context":"En \u00abINTERNACIONALES\u00bb","block_context":{"text":"INTERNACIONALES","link":"https:\/\/lasprimeras.com.do\/index.php\/category\/sin-categoria\/internacionales\/"},"img":{"alt_text":"","src":"https:\/\/i0.wp.com\/lasprimeras.com.do\/wp-content\/uploads\/2025\/09\/APAGON-1.jpg?resize=350%2C200&ssl=1","width":350,"height":200,"srcset":"https:\/\/i0.wp.com\/lasprimeras.com.do\/wp-content\/uploads\/2025\/09\/APAGON-1.jpg?resize=350%2C200&ssl=1 1x, https:\/\/i0.wp.com\/lasprimeras.com.do\/wp-content\/uploads\/2025\/09\/APAGON-1.jpg?resize=525%2C300&ssl=1 1.5x"},"classes":[]},{"id":126490,"url":"https:\/\/lasprimeras.com.do\/index.php\/2026\/04\/02\/rusia-anuncia-que-enviara-segundo-barco-con-petroleo-a-cuba\/","url_meta":{"origin":120749,"position":4},"title":"Rusia anuncia que enviar\u00e1 segundo barco con petr\u00f3leo a Cuba","author":"Nelson Feliz","date":"2 de abril de 2026","format":false,"excerpt":"MOSC\u00da (AP) \u2014 Rusia enviar\u00e1 un segundo barco con petr\u00f3leo a Cuba, anunci\u00f3 el jueves el ministro de Energ\u00eda ruso Sergei Tsivilyov, citando el bloqueo energ\u00e9tico en curso de la isla y reiterando la solidaridad de Mosc\u00fa con la atribulada naci\u00f3n caribe\u00f1a. El anuncio se produce apenas dos d\u00edas despu\u00e9s\u2026","rel":"","context":"En \u00abINTERNACIONALES\u00bb","block_context":{"text":"INTERNACIONALES","link":"https:\/\/lasprimeras.com.do\/index.php\/category\/sin-categoria\/internacionales\/"},"img":{"alt_text":"","src":"https:\/\/i0.wp.com\/lasprimeras.com.do\/wp-content\/uploads\/2026\/04\/PETROLEO.jpg?resize=350%2C200&ssl=1","width":350,"height":200,"srcset":"https:\/\/i0.wp.com\/lasprimeras.com.do\/wp-content\/uploads\/2026\/04\/PETROLEO.jpg?resize=350%2C200&ssl=1 1x, https:\/\/i0.wp.com\/lasprimeras.com.do\/wp-content\/uploads\/2026\/04\/PETROLEO.jpg?resize=525%2C300&ssl=1 1.5x, https:\/\/i0.wp.com\/lasprimeras.com.do\/wp-content\/uploads\/2026\/04\/PETROLEO.jpg?resize=700%2C400&ssl=1 2x"},"classes":[]},{"id":124871,"url":"https:\/\/lasprimeras.com.do\/index.php\/2026\/03\/17\/trump-y-rubio-piden-un-nuevo-gobierno-en-cuba-en-medio-de-una-profunda-crisis-economica-en-la-isla\/","url_meta":{"origin":120749,"position":5},"title":"Trump y Rubio piden un nuevo gobierno en Cuba en medio de una profunda crisis econ\u00f3mica en la isla","author":"Nelson Feliz","date":"17 de marzo de 2026","format":false,"excerpt":"POR MILEXSY DUR\u00c1N LA HABANA (AP) \u2014 El presidente estadounidense Donald Trump prometi\u00f3 el martes acciones inminentes contra el gobierno de Cuba, en momentos en que sus medidas profundizan cada vez m\u00e1s la crisis en la isla. Un d\u00eda despu\u00e9s de que las sanciones de Trump contra Venezuela \u2014incluido un\u2026","rel":"","context":"En \u00abINTERNACIONALES\u00bb","block_context":{"text":"INTERNACIONALES","link":"https:\/\/lasprimeras.com.do\/index.php\/category\/sin-categoria\/internacionales\/"},"img":{"alt_text":"","src":"https:\/\/i0.wp.com\/lasprimeras.com.do\/wp-content\/uploads\/2026\/03\/CUBA-1.jpg?resize=350%2C200&ssl=1","width":350,"height":200,"srcset":"https:\/\/i0.wp.com\/lasprimeras.com.do\/wp-content\/uploads\/2026\/03\/CUBA-1.jpg?resize=350%2C200&ssl=1 1x, https:\/\/i0.wp.com\/lasprimeras.com.do\/wp-content\/uploads\/2026\/03\/CUBA-1.jpg?resize=525%2C300&ssl=1 1.5x, https:\/\/i0.wp.com\/lasprimeras.com.do\/wp-content\/uploads\/2026\/03\/CUBA-1.jpg?resize=700%2C400&ssl=1 2x"},"classes":[]}],"jetpack_sharing_enabled":true,"_links":{"self":[{"href":"https:\/\/lasprimeras.com.do\/index.php\/wp-json\/wp\/v2\/posts\/120749","targetHints":{"allow":["GET"]}}],"collection":[{"href":"https:\/\/lasprimeras.com.do\/index.php\/wp-json\/wp\/v2\/posts"}],"about":[{"href":"https:\/\/lasprimeras.com.do\/index.php\/wp-json\/wp\/v2\/types\/post"}],"author":[{"embeddable":true,"href":"https:\/\/lasprimeras.com.do\/index.php\/wp-json\/wp\/v2\/users\/10"}],"replies":[{"embeddable":true,"href":"https:\/\/lasprimeras.com.do\/index.php\/wp-json\/wp\/v2\/comments?post=120749"}],"version-history":[{"count":1,"href":"https:\/\/lasprimeras.com.do\/index.php\/wp-json\/wp\/v2\/posts\/120749\/revisions"}],"predecessor-version":[{"id":120751,"href":"https:\/\/lasprimeras.com.do\/index.php\/wp-json\/wp\/v2\/posts\/120749\/revisions\/120751"}],"wp:featuredmedia":[{"embeddable":true,"href":"https:\/\/lasprimeras.com.do\/index.php\/wp-json\/wp\/v2\/media\/120750"}],"wp:attachment":[{"href":"https:\/\/lasprimeras.com.do\/index.php\/wp-json\/wp\/v2\/media?parent=120749"}],"wp:term":[{"taxonomy":"category","embeddable":true,"href":"https:\/\/lasprimeras.com.do\/index.php\/wp-json\/wp\/v2\/categories?post=120749"},{"taxonomy":"post_tag","embeddable":true,"href":"https:\/\/lasprimeras.com.do\/index.php\/wp-json\/wp\/v2\/tags?post=120749"}],"curies":[{"name":"wp","href":"https:\/\/api.w.org\/{rel}","templated":true}]}}