{"id":120758,"date":"2026-01-27T18:08:22","date_gmt":"2026-01-27T22:08:22","guid":{"rendered":"https:\/\/lasprimeras.com.do\/?p=120758"},"modified":"2026-01-27T18:08:24","modified_gmt":"2026-01-27T22:08:24","slug":"abinader-juramenta-comision-de-veeduria-para-supervisar-obras-deportivas","status":"publish","type":"post","link":"https:\/\/lasprimeras.com.do\/index.php\/2026\/01\/27\/abinader-juramenta-comision-de-veeduria-para-supervisar-obras-deportivas\/","title":{"rendered":"Abinader juramenta comisi\u00f3n de veedur\u00eda para supervisar obras deportivas"},"content":{"rendered":"\n<p>Kekvin Cruz dijo que esta comisi\u00f3n responde a una instrucci\u00f3n directa del presidente Abinader, quien dispuso que los RD$2,000 millones recuperados de la corrupci\u00f3n fueran invertidos en infraestructuras deportivas<\/p>\n\n\n\n<p>El presidente Luis Abinader, jurament\u00f3 este lunes la comisi\u00f3n de veedur\u00eda que tendr\u00e1 a su cargo supervisar las obras de infraestructura deportiva que ser\u00e1n ejecutadas con fondos por m\u00e1s de RD$2 mil millones provenientes de recursos recuperados de actos de corrupci\u00f3n, como parte del compromiso del Gobierno con la transparencia y la correcta administraci\u00f3n de los recursos p\u00fablicos.<\/p>\n\n\n\n<p>La comisi\u00f3n de veedur\u00eda est\u00e1 integrada por el doctor Jos\u00e9 Joaqu\u00edn Puello, expresidente del Comit\u00e9 Ol\u00edmpico Dominicano; el doctor Milton Ray Guevara, ex presidente del Tribunal Constitucional; el arzobispo de Santiago y presidente del Episcopado Dominicano, monse\u00f1or H\u00e9ctor Rafael Rodr\u00edguez Rodr\u00edguez; y los comunicadores Luisin Mej\u00eda, presidente de Centro Caribe Sport y miembro del Comit\u00e9 Ol\u00edmpico Internacional y Persio Maldonado, referente de la \u00e9tica y la moral en la comunicaci\u00f3n dominicana.<\/p>\n\n\n<div class=\"wp-block-image\">\n<figure class=\"alignleft size-full is-resized\"><img decoding=\"async\" width=\"900\" height=\"600\" src=\"https:\/\/lasprimeras.com.do\/wp-content\/uploads\/2026\/01\/Luis-Abinader-3.jpg\" alt=\"\" class=\"wp-image-120760\" style=\"aspect-ratio:1.5000151016339969;width:445px;height:auto\" srcset=\"https:\/\/lasprimeras.com.do\/wp-content\/uploads\/2026\/01\/Luis-Abinader-3.jpg 900w, https:\/\/lasprimeras.com.do\/wp-content\/uploads\/2026\/01\/Luis-Abinader-3-300x200.jpg 300w, https:\/\/lasprimeras.com.do\/wp-content\/uploads\/2026\/01\/Luis-Abinader-3-768x512.jpg 768w\" sizes=\"(max-width: 900px) 100vw, 900px\" \/><\/figure>\n<\/div>\n\n\n<p><strong>Presidente Abinader<\/strong><\/p>\n\n\n\n<p>Durante el acto, el mandatario destac\u00f3 la importancia de la veedur\u00eda ciudadana en este proceso, al considerar que su acompa\u00f1amiento garantiza los m\u00e1s altos niveles de transparencia, rendici\u00f3n de cuentas y supervisi\u00f3n en cada una de las etapas de ejecuci\u00f3n de las obras.<\/p>\n\n\n\n<p>El jefe de Estado agradeci\u00f3 de manera especial a los integrantes de la comisi\u00f3n por aceptar esta responsabilidad, al tiempo que subray\u00f3 que su solvencia moral, trayectoria y formaci\u00f3n profesional constituyen una garant\u00eda para el uso adecuado de los fondos p\u00fablicos destinados a estas inversiones.<\/p>\n\n\n\n<p>Asimismo, Abinader inform\u00f3 que, tras varios meses de trabajo t\u00e9cnico, dise\u00f1os y elaboraci\u00f3n de los t\u00e9rminos de referencia, este mismo d\u00eda ser\u00e1n publicadas las licitaciones correspondientes a las obras, conforme a lo indicado por la Direcci\u00f3n de Planificaci\u00f3n y el Ministerio de Deportes, las cuales se desarrollar\u00e1n bajo la supervisi\u00f3n directa de la comisi\u00f3n juramentada.<\/p>\n\n\n\n<p><strong>Obras a ejecutar<\/strong><\/p>\n\n\n\n<p>Entre las obras que ser\u00e1n ejecutadas con estos fondos figuran el remozamiento total del Centro Ol\u00edmpico de San Pedro de Macor\u00eds; la reconstrucci\u00f3n del polideportivo de San Juan de la Maguana; la construcci\u00f3n de 23 techados multiuso en igual n\u00famero de municipios que a\u00fan no cuentan con este tipo de infraestructura; y la rehabilitaci\u00f3n integral del Centro Ol\u00edmpico de La Vega, incluyendo la piscina ol\u00edmpica, la pista de atletismo, la construcci\u00f3n de una nueva arena y otras instalaciones deportivas.<\/p>\n\n\n<div class=\"wp-block-image\">\n<figure class=\"alignright size-full is-resized\"><img decoding=\"async\" width=\"900\" height=\"600\" src=\"https:\/\/lasprimeras.com.do\/wp-content\/uploads\/2026\/01\/Luis-Abinader-4.jpg\" alt=\"\" class=\"wp-image-120761\" style=\"aspect-ratio:1.5000151016339969;width:391px;height:auto\" srcset=\"https:\/\/lasprimeras.com.do\/wp-content\/uploads\/2026\/01\/Luis-Abinader-4.jpg 900w, https:\/\/lasprimeras.com.do\/wp-content\/uploads\/2026\/01\/Luis-Abinader-4-300x200.jpg 300w, https:\/\/lasprimeras.com.do\/wp-content\/uploads\/2026\/01\/Luis-Abinader-4-768x512.jpg 768w\" sizes=\"(max-width: 900px) 100vw, 900px\" \/><\/figure>\n<\/div>\n\n\n<p><strong>Ministro de Deportes<\/strong><\/p>\n\n\n\n<p>De su lado, el ministro de Deportes y Recreaci\u00f3n, Kelvin Cruz, explic\u00f3 que la conformaci\u00f3n de esta comisi\u00f3n responde a una instrucci\u00f3n directa del presidente Abinader, quien dispuso que los RD$2,000 millones recuperados de la corrupci\u00f3n fueran invertidos en infraestructuras deportivas, bajo el acompa\u00f1amiento de una veedur\u00eda integrada por personalidades de reconocida \u00e9tica y credibilidad.<\/p>\n\n\n\n<p>El ministro Cruz resalt\u00f3 que estas inversiones permitir\u00e1n cerrar una brecha hist\u00f3rica en materia de infraestructura deportiva, al tiempo que impactar\u00e1n positivamente a la juventud, la ni\u00f1ez y a las comunidades, ya que los techados y polideportivos tambi\u00e9n funcionan como centros de integraci\u00f3n social, cultural y comunitaria.<\/p>\n","protected":false},"excerpt":{"rendered":"<p>Kekvin Cruz dijo que esta comisi\u00f3n responde a una instrucci\u00f3n directa del presidente Abinader, quien dispuso que los RD$2,000 millones recuperados de la corrupci\u00f3n fueran invertidos en infraestructuras deportivas El&hellip;<\/p>\n","protected":false},"author":10,"featured_media":120759,"comment_status":"open","ping_status":"open","sticky":false,"template":"","format":"standard","meta":{"content-type":"","jetpack_post_was_ever_published":false,"_jetpack_newsletter_access":"","_jetpack_dont_email_post_to_subs":false,"_jetpack_newsletter_tier_id":0,"_jetpack_memberships_contains_paywalled_content":false,"_jetpack_memberships_contains_paid_content":false,"footnotes":""},"categories":[630,25],"tags":[20425,1841,29822,268,67,9006,29823,896,11624],"class_list":["post-120758","post","type-post","status-publish","format-standard","has-post-thumbnail","hentry","category-deportes","category-portada","tag-comision-de-veeduria","tag-corrupcion","tag-financiadas","tag-juramenta","tag-luis-abinader","tag-obras-deportivas","tag-recuperados","tag-recursos","tag-supervisar"],"jetpack_featured_media_url":"https:\/\/lasprimeras.com.do\/wp-content\/uploads\/2026\/01\/Luis-Abinader-2-1.jpg","jetpack-related-posts":[{"id":55127,"url":"https:\/\/lasprimeras.com.do\/index.php\/2023\/07\/18\/caasd-conforma-comite-de-veeduria-para-la-entrega-de-apartamentos-en-guajimia\/","url_meta":{"origin":120758,"position":0},"title":"CAASD conforma &#8220;Comit\u00e9 de Veedur\u00eda&#8221; para la entrega de apartamentos en Guajim\u00eda","author":"Nelson Feliz","date":"18 de julio de 2023","format":false,"excerpt":"El director general de la Corporaci\u00f3n del Acueducto y Alcantarillado de Santo Domingo, (CAASD), Felipe Suberv\u00ed (Fellito), dej\u00f3 establecido el Comit\u00e9 de Veedores para la entrega de los apartamentos construidos para la reubicaci\u00f3n de las familias impactadas con el saneamiento pluvial y sanitario de 5.4 kil\u00f3metros de la ca\u00f1ada Guajim\u00eda.\u2026","rel":"","context":"En \u00abNACIONALES\u00bb","block_context":{"text":"NACIONALES","link":"https:\/\/lasprimeras.com.do\/index.php\/category\/nacionales\/"},"img":{"alt_text":"Monse\u00f1or Faustino Cruz, Ing. Felipe Suberv\u00ed (Fellito), Dir. CAASD y Jos\u00e9 Andujar, alcalde SDO","src":"https:\/\/i0.wp.com\/lasprimeras.com.do\/wp-content\/uploads\/2023\/07\/Monsenor-Faustino-Cruz-Ing.-Felipe-Subervi-Fellito-Dir.-CAASD-y-Jose-Andujar-alcalde-SDO.jpg?resize=350%2C200&ssl=1","width":350,"height":200,"srcset":"https:\/\/i0.wp.com\/lasprimeras.com.do\/wp-content\/uploads\/2023\/07\/Monsenor-Faustino-Cruz-Ing.-Felipe-Subervi-Fellito-Dir.-CAASD-y-Jose-Andujar-alcalde-SDO.jpg?resize=350%2C200&ssl=1 1x, https:\/\/i0.wp.com\/lasprimeras.com.do\/wp-content\/uploads\/2023\/07\/Monsenor-Faustino-Cruz-Ing.-Felipe-Subervi-Fellito-Dir.-CAASD-y-Jose-Andujar-alcalde-SDO.jpg?resize=525%2C300&ssl=1 1.5x, https:\/\/i0.wp.com\/lasprimeras.com.do\/wp-content\/uploads\/2023\/07\/Monsenor-Faustino-Cruz-Ing.-Felipe-Subervi-Fellito-Dir.-CAASD-y-Jose-Andujar-alcalde-SDO.jpg?resize=700%2C400&ssl=1 2x"},"classes":[]},{"id":100728,"url":"https:\/\/lasprimeras.com.do\/index.php\/2025\/06\/11\/intrant-y-dgcp-presentan-comision-de-veeduria-para-licitacion-del-sistema-de-licencias-de-conducir\/","url_meta":{"origin":120758,"position":1},"title":"INTRANT y DGCP presentan Comisi\u00f3n de Veedur\u00eda para Licitaci\u00f3n del Sistema de Licencias de Conducir","author":"Nelson Feliz","date":"11 de junio de 2025","format":false,"excerpt":"El Instituto Nacional de Tr\u00e1nsito y Transporte Terrestre (Intrant), junto a la Direcci\u00f3n General de Contrataciones P\u00fablicas (DGCP), dej\u00f3 formalmente instalada la Comisi\u00f3n de Veedur\u00eda de la Sociedad Civil, que tendr\u00e1 la responsabilidad de supervisar de forma activa y transparente el proceso de licitaci\u00f3n p\u00fablica nacional INTRANT-CCC-LPN-2025-0001. Este proceso corresponde\u2026","rel":"","context":"En \u00abECONOM\u00cdA\u00bb","block_context":{"text":"ECONOM\u00cdA","link":"https:\/\/lasprimeras.com.do\/index.php\/category\/economia\/"},"img":{"alt_text":"","src":"https:\/\/i0.wp.com\/lasprimeras.com.do\/wp-content\/uploads\/2025\/06\/Carlos-Pimentel.jpg?resize=350%2C200&ssl=1","width":350,"height":200,"srcset":"https:\/\/i0.wp.com\/lasprimeras.com.do\/wp-content\/uploads\/2025\/06\/Carlos-Pimentel.jpg?resize=350%2C200&ssl=1 1x, https:\/\/i0.wp.com\/lasprimeras.com.do\/wp-content\/uploads\/2025\/06\/Carlos-Pimentel.jpg?resize=525%2C300&ssl=1 1.5x, https:\/\/i0.wp.com\/lasprimeras.com.do\/wp-content\/uploads\/2025\/06\/Carlos-Pimentel.jpg?resize=700%2C400&ssl=1 2x"},"classes":[]},{"id":111545,"url":"https:\/\/lasprimeras.com.do\/index.php\/2025\/10\/10\/ex-diputada-exterior-valora-inversion-millonaria-hara-abinader-en-infraestructuras-deportivas\/","url_meta":{"origin":120758,"position":2},"title":"Ex diputada exterior valora inversi\u00f3n millonaria har\u00e1 Abinader en infraestructuras deportivas","author":"Nelson Feliz","date":"10 de octubre de 2025","format":false,"excerpt":"Por Ram\u00f3n Mercedes NUEVA YORK.- La exdiputada del exterior por el Partido Revolucionario Moderno (PRM), Servia Iris Familia, valor\u00f3 de trascendental lo dispuesto por el presidente Luis Abinader de invertir dos mil millones de pesos para la construcci\u00f3n y rehabilitaci\u00f3n de 25 polideportivos y centros deportivos en todo el territorio\u2026","rel":"","context":"En \u00abLA VOZ DE LA DIASPORA\u00bb","block_context":{"text":"LA VOZ DE LA DIASPORA","link":"https:\/\/lasprimeras.com.do\/index.php\/category\/la-voz-de-la-diaspora\/"},"img":{"alt_text":"","src":"https:\/\/i0.wp.com\/lasprimeras.com.do\/wp-content\/uploads\/2025\/10\/Servia-Iris-Familia.jpg?resize=350%2C200&ssl=1","width":350,"height":200,"srcset":"https:\/\/i0.wp.com\/lasprimeras.com.do\/wp-content\/uploads\/2025\/10\/Servia-Iris-Familia.jpg?resize=350%2C200&ssl=1 1x, https:\/\/i0.wp.com\/lasprimeras.com.do\/wp-content\/uploads\/2025\/10\/Servia-Iris-Familia.jpg?resize=525%2C300&ssl=1 1.5x"},"classes":[]},{"id":122034,"url":"https:\/\/lasprimeras.com.do\/index.php\/2026\/02\/12\/presidente-abinader-destina-rd2500-millones-para-correcciones-de-infraestructuras\/","url_meta":{"origin":120758,"position":3},"title":"Presidente Abinader destina RD$2,500 millones para correcciones de infraestructuras","author":"Nelson Feliz","date":"12 de febrero de 2026","format":false,"excerpt":"El presidente Luis Abinader recibi\u00f3 este jueves el informe sobre los principales avances y logros alcanzados por la Comisi\u00f3n de Supervisi\u00f3n de Infraestructuras P\u00fablicas ante el Cambio Clim\u00e1tico en la ejecuci\u00f3n de proyectos orientados a fortalecer la resiliencia de las infraestructuras del pa\u00eds frente a los efectos del cambio clim\u00e1tico,\u2026","rel":"","context":"En \u00abECONOM\u00cdA\u00bb","block_context":{"text":"ECONOM\u00cdA","link":"https:\/\/lasprimeras.com.do\/index.php\/category\/economia\/"},"img":{"alt_text":"Luis Abinader","src":"https:\/\/i0.wp.com\/lasprimeras.com.do\/wp-content\/uploads\/2026\/02\/Luis-Abinader-3.jpg?resize=350%2C200&ssl=1","width":350,"height":200,"srcset":"https:\/\/i0.wp.com\/lasprimeras.com.do\/wp-content\/uploads\/2026\/02\/Luis-Abinader-3.jpg?resize=350%2C200&ssl=1 1x, https:\/\/i0.wp.com\/lasprimeras.com.do\/wp-content\/uploads\/2026\/02\/Luis-Abinader-3.jpg?resize=525%2C300&ssl=1 1.5x, https:\/\/i0.wp.com\/lasprimeras.com.do\/wp-content\/uploads\/2026\/02\/Luis-Abinader-3.jpg?resize=700%2C400&ssl=1 2x"},"classes":[]},{"id":103460,"url":"https:\/\/lasprimeras.com.do\/index.php\/2025\/07\/15\/abinader-inaugurara-obras-deportivas-y-supervisara-en-de-santiago-este-miercoles\/","url_meta":{"origin":120758,"position":4},"title":"Abinader inaugurar\u00e1 obras deportivas y supervisar\u00e1 en de Santiago este mi\u00e9rcoles","author":"Nelson Feliz","date":"15 de julio de 2025","format":false,"excerpt":"El presidente Luis Abinader agotar\u00e1 este mi\u00e9rcoles una agenda de actividades en distintos sectores de la provincia de Santiago, que abarcan la inauguraci\u00f3n de obras deportivas, supervisi\u00f3n de infraestructura de obras, jornadas de inclusi\u00f3n social y encuentros con sectores industriales. La agenda del mandatario est\u00e1 programada para iniciar a las\u2026","rel":"","context":"En \u00abNACIONALES\u00bb","block_context":{"text":"NACIONALES","link":"https:\/\/lasprimeras.com.do\/index.php\/category\/nacionales\/"},"img":{"alt_text":"","src":"https:\/\/i0.wp.com\/lasprimeras.com.do\/wp-content\/uploads\/2025\/07\/anina-1.jpg?resize=350%2C200&ssl=1","width":350,"height":200,"srcset":"https:\/\/i0.wp.com\/lasprimeras.com.do\/wp-content\/uploads\/2025\/07\/anina-1.jpg?resize=350%2C200&ssl=1 1x, https:\/\/i0.wp.com\/lasprimeras.com.do\/wp-content\/uploads\/2025\/07\/anina-1.jpg?resize=525%2C300&ssl=1 1.5x, https:\/\/i0.wp.com\/lasprimeras.com.do\/wp-content\/uploads\/2025\/07\/anina-1.jpg?resize=700%2C400&ssl=1 2x"},"classes":[]},{"id":86483,"url":"https:\/\/lasprimeras.com.do\/index.php\/2024\/07\/26\/senado-recibe-de-pe-contrato-52-inmuebles-distribuidos-en-19-provincias\/","url_meta":{"origin":120758,"position":5},"title":"Senado recibe de PE contrato 52 inmuebles distribuidos en 19 provincias","author":"Nelson Feliz","date":"26 de julio de 2024","format":false,"excerpt":"El Senado de la Rep\u00fablica recibi\u00f3 del Poder Ejecutivo un contrato de traspaso de terrenos improductivos para fideicomiso p\u00fablico, que en la primera etapa son 52 inmuebles distribuidos en 19 provincias. La propuesta del Fondo de Desarrollo de Infraestructuras lo recibi\u00f3 el presidente del Senado, Ricardo de los Santos, del\u2026","rel":"","context":"En \u00abECONOM\u00cdA\u00bb","block_context":{"text":"ECONOM\u00cdA","link":"https:\/\/lasprimeras.com.do\/index.php\/category\/economia\/"},"img":{"alt_text":"","src":"https:\/\/i0.wp.com\/lasprimeras.com.do\/wp-content\/uploads\/2024\/07\/Joel-Santos-1.jpg?resize=350%2C200&ssl=1","width":350,"height":200,"srcset":"https:\/\/i0.wp.com\/lasprimeras.com.do\/wp-content\/uploads\/2024\/07\/Joel-Santos-1.jpg?resize=350%2C200&ssl=1 1x, https:\/\/i0.wp.com\/lasprimeras.com.do\/wp-content\/uploads\/2024\/07\/Joel-Santos-1.jpg?resize=525%2C300&ssl=1 1.5x, https:\/\/i0.wp.com\/lasprimeras.com.do\/wp-content\/uploads\/2024\/07\/Joel-Santos-1.jpg?resize=700%2C400&ssl=1 2x"},"classes":[]}],"jetpack_sharing_enabled":true,"_links":{"self":[{"href":"https:\/\/lasprimeras.com.do\/index.php\/wp-json\/wp\/v2\/posts\/120758","targetHints":{"allow":["GET"]}}],"collection":[{"href":"https:\/\/lasprimeras.com.do\/index.php\/wp-json\/wp\/v2\/posts"}],"about":[{"href":"https:\/\/lasprimeras.com.do\/index.php\/wp-json\/wp\/v2\/types\/post"}],"author":[{"embeddable":true,"href":"https:\/\/lasprimeras.com.do\/index.php\/wp-json\/wp\/v2\/users\/10"}],"replies":[{"embeddable":true,"href":"https:\/\/lasprimeras.com.do\/index.php\/wp-json\/wp\/v2\/comments?post=120758"}],"version-history":[{"count":1,"href":"https:\/\/lasprimeras.com.do\/index.php\/wp-json\/wp\/v2\/posts\/120758\/revisions"}],"predecessor-version":[{"id":120762,"href":"https:\/\/lasprimeras.com.do\/index.php\/wp-json\/wp\/v2\/posts\/120758\/revisions\/120762"}],"wp:featuredmedia":[{"embeddable":true,"href":"https:\/\/lasprimeras.com.do\/index.php\/wp-json\/wp\/v2\/media\/120759"}],"wp:attachment":[{"href":"https:\/\/lasprimeras.com.do\/index.php\/wp-json\/wp\/v2\/media?parent=120758"}],"wp:term":[{"taxonomy":"category","embeddable":true,"href":"https:\/\/lasprimeras.com.do\/index.php\/wp-json\/wp\/v2\/categories?post=120758"},{"taxonomy":"post_tag","embeddable":true,"href":"https:\/\/lasprimeras.com.do\/index.php\/wp-json\/wp\/v2\/tags?post=120758"}],"curies":[{"name":"wp","href":"https:\/\/api.w.org\/{rel}","templated":true}]}}