{"id":120771,"date":"2026-01-27T18:38:13","date_gmt":"2026-01-27T22:38:13","guid":{"rendered":"https:\/\/lasprimeras.com.do\/?p=120771"},"modified":"2026-01-27T20:46:47","modified_gmt":"2026-01-28T00:46:47","slug":"teodoro-pondera-nueva-ley-para-las-compras-y-contrataciones-publicas","status":"publish","type":"post","link":"https:\/\/lasprimeras.com.do\/index.php\/2026\/01\/27\/teodoro-pondera-nueva-ley-para-las-compras-y-contrataciones-publicas\/","title":{"rendered":"Teodoro pondera nueva Ley para las compras y contrataciones p\u00fablicas"},"content":{"rendered":"\n<p>El ex presidente del Colegio Dominicano de Ingenieros, Arquitectos y Agrimensores (CODIA), Teodoro Tejada valor\u00f3 la entrada en vigencia de la ley 47-25 sobre contrataciones p\u00fablicas, que el mansatario Luis Abinader promulg\u00f3 el 28 de julio del pasado a\u00f1o, porque establecer\u00e1 un nuevo marco regulatorio en los procesos de licitaci\u00f3n de obras y contrataciones p\u00fablicas.<\/p>\n\n\n\n<p>Tejada se\u00f1al\u00f3 que, como bien la estimara el presidente Abinader, este nuevo orden jur\u00eddico es inclusivo, participativo, toma en cuenta a las mipymes y a las mujeres; y castiga con c\u00e1rcel a los funcionarios que incurran en su violaci\u00f3n.<\/p>\n\n\n\n<p>Sin embargo, advierte que de nada vale que el Presidente de la Rep\u00fablica promulgue y pondere esta ley, que cuenta con 248 art\u00edculos, cuando la Ley 340-06 ten\u00eda s\u00f3lo 30 art\u00edculos, y que tiene aspecto que garantizan la sostenibilidad en el manejo de los recursos del Estado; y que el titular de la Direcci\u00f3n General de Contrataciones P\u00fablicas vuelva a incurrir en la emisi\u00f3n de circulares odiosas, excluyentes, abusivas y vectores de corrupci\u00f3n.<\/p>\n\n\n\n<p>\u201cCon la entrada en vigencia de la Ley 47-25 perece la circular de la Direcci\u00f3n General de Contrataciones P\u00fablicas, 44-PNP-2023-0011, la misma en su art\u00edculo 7 numeral 1 y 2 establec\u00eda requisitos financieros excesivos para un proceso de licitaci\u00f3n p\u00fablica, incluyendo como un 15% para mipymes y un 30% para persona f\u00edsica o jur\u00eddica\u201d, precis\u00f3 el profesional de la construcci\u00f3n.<\/p>\n\n\n\n<p>Subray\u00f3 que la circular antes citada queda derogada, porque est\u00e1 sustentada conforme al art\u00edculo 8 numeral 3 de la Ley 340-06 que perime, porque el art\u00edculo 245 del nuevo r\u00e9gimen la deja sin efecto al igual que a su decreto de aplicaci\u00f3n; la Ley 449-06 y la 416-23.<\/p>\n\n\n\n<p>Tejada adelant\u00f3 que despu\u00e9s de esta contribuci\u00f3n que hace el presidente Abinader a la transparencia en los procesos p\u00fablicos, no permitir\u00e1 que la Direcci\u00f3n General de Contrataciones P\u00fablicas vuelva a incurrir en circulares tan excluyente, que cercena la participaci\u00f3n de m\u00e1s de un 95% de los proveedores del estado en licitaciones p\u00fablicas.<\/p>\n\n\n\n<p>Finalmente, el tambi\u00e9n empresario de la construcci\u00f3n felicit\u00f3 al presidente Abinader por promover esta nueva ley, que impone transparencia democr\u00e1tica, y sobretodo participativa y plural en las contrataciones p\u00fablicas.<\/p>\n","protected":false},"excerpt":{"rendered":"<p>El ex presidente del Colegio Dominicano de Ingenieros, Arquitectos y Agrimensores (CODIA), Teodoro Tejada valor\u00f3 la entrada en vigencia de la ley 47-25 sobre contrataciones p\u00fablicas, que el mansatario Luis&hellip;<\/p>\n","protected":false},"author":10,"featured_media":119158,"comment_status":"open","ping_status":"open","sticky":false,"template":"","format":"standard","meta":{"content-type":"","jetpack_post_was_ever_published":false,"_jetpack_newsletter_access":"","_jetpack_dont_email_post_to_subs":false,"_jetpack_newsletter_tier_id":0,"_jetpack_memberships_contains_paywalled_content":false,"_jetpack_memberships_contains_paid_content":false,"footnotes":""},"categories":[39,25],"tags":[2390,2218,3586,1947,4059],"class_list":["post-120771","post","type-post","status-publish","format-standard","has-post-thumbnail","hentry","category-economia","category-portada","tag-compras","tag-contrataciones","tag-nueva-ley","tag-publicas","tag-teodoro-tejada"],"jetpack_featured_media_url":"https:\/\/lasprimeras.com.do\/wp-content\/uploads\/2026\/01\/Teodoro-Tejada.jpg","jetpack-related-posts":[{"id":116599,"url":"https:\/\/lasprimeras.com.do\/index.php\/2025\/12\/02\/tejada-defiende-constitucionalidad-de-aplicar-ley-83-24-a-obras-estatales\/","url_meta":{"origin":120771,"position":0},"title":"Tejada defiende constitucionalidad de aplicar Ley 83-24 a obras estatales","author":"Nelson Feliz","date":"2 de diciembre de 2025","format":false,"excerpt":"El ex presidente del Colegio de Ingenieros, Arquitectos y Agrimensores (CODIA) ingeniero Teodoro Tejada consider\u00f3 que es constitucional aplicar la Ley 83-24 a todas las obras estatales, cuyos presupuestos est\u00e1n afectados por el \"nudo legal\" heredado de administraciones anteriores, a los fines de que se puedan modificar los contratos de\u2026","rel":"","context":"En \u00abNACIONALES\u00bb","block_context":{"text":"NACIONALES","link":"https:\/\/lasprimeras.com.do\/index.php\/category\/nacionales\/"},"img":{"alt_text":"","src":"https:\/\/i0.wp.com\/lasprimeras.com.do\/wp-content\/uploads\/2024\/11\/Teodoro-Tejada.jpg?resize=350%2C200&ssl=1","width":350,"height":200,"srcset":"https:\/\/i0.wp.com\/lasprimeras.com.do\/wp-content\/uploads\/2024\/11\/Teodoro-Tejada.jpg?resize=350%2C200&ssl=1 1x, https:\/\/i0.wp.com\/lasprimeras.com.do\/wp-content\/uploads\/2024\/11\/Teodoro-Tejada.jpg?resize=525%2C300&ssl=1 1.5x"},"classes":[]},{"id":117253,"url":"https:\/\/lasprimeras.com.do\/index.php\/2025\/12\/09\/tejada-denuncia-obstruccion-a-la-libre-competencia-en-licitaciones-publicas\/","url_meta":{"origin":120771,"position":1},"title":"Tejada denuncia obstrucci\u00f3n a la libre competencia en licitaciones p\u00fablicas","author":"Nelson Feliz","date":"9 de diciembre de 2025","format":false,"excerpt":"El ex presidente del Colegio de Ingenieros, Arquitectos y Agrimensores (CODIA), ingeniero Teodoro Tejada denunci\u00f3 que las entidades gubernamentales del sector construcci\u00f3n est\u00e1n utilizando la circular DGCP44-PNP-2023-0011 emitida por la Direcci\u00f3n General de Contrataciones P\u00fablicas (DGCP) en el 2003, como una barrera que, obstaculizar la participaci\u00f3n de oferentes en las\u2026","rel":"","context":"En \u00abNACIONALES\u00bb","block_context":{"text":"NACIONALES","link":"https:\/\/lasprimeras.com.do\/index.php\/category\/nacionales\/"},"img":{"alt_text":"","src":"https:\/\/i0.wp.com\/lasprimeras.com.do\/wp-content\/uploads\/2025\/01\/Teodoro-Tejada.jpg?resize=350%2C200&ssl=1","width":350,"height":200,"srcset":"https:\/\/i0.wp.com\/lasprimeras.com.do\/wp-content\/uploads\/2025\/01\/Teodoro-Tejada.jpg?resize=350%2C200&ssl=1 1x, https:\/\/i0.wp.com\/lasprimeras.com.do\/wp-content\/uploads\/2025\/01\/Teodoro-Tejada.jpg?resize=525%2C300&ssl=1 1.5x, https:\/\/i0.wp.com\/lasprimeras.com.do\/wp-content\/uploads\/2025\/01\/Teodoro-Tejada.jpg?resize=700%2C400&ssl=1 2x"},"classes":[]},{"id":100077,"url":"https:\/\/lasprimeras.com.do\/index.php\/2025\/06\/01\/teodoro-tejada-denuncia-cientos-de-escuelas-quedaran-abandonadas-por-falta-de-codigo-snip\/","url_meta":{"origin":120771,"position":2},"title":"Teodoro Tejada denuncia cientos de escuelas quedar\u00e1n abandonadas por falta de C\u00f3digo SNIP","author":"Nelson Feliz","date":"1 de junio de 2025","format":false,"excerpt":"El expresidente del Colegio Dominicano de Ingenieros, Arquitectos y Agrimensores (Codia), ingeniero contratista, Teodoro Tejada critic\u00f3 que el Ministerio de Econom\u00eda, Planificaci\u00f3n y Desarrollo -MEPYD- haya dejado fuera del presupuesto para este a\u00f1o 2025 m\u00e1s de 240 escuelas en distintos puntos del pa\u00eds, que ya tienen una ejecuci\u00f3n de m\u00e1s\u2026","rel":"","context":"En \u00abNACIONALES\u00bb","block_context":{"text":"NACIONALES","link":"https:\/\/lasprimeras.com.do\/index.php\/category\/nacionales\/"},"img":{"alt_text":"","src":"https:\/\/i0.wp.com\/lasprimeras.com.do\/wp-content\/uploads\/2025\/01\/Teodoro-Tejada.jpg?resize=350%2C200&ssl=1","width":350,"height":200,"srcset":"https:\/\/i0.wp.com\/lasprimeras.com.do\/wp-content\/uploads\/2025\/01\/Teodoro-Tejada.jpg?resize=350%2C200&ssl=1 1x, https:\/\/i0.wp.com\/lasprimeras.com.do\/wp-content\/uploads\/2025\/01\/Teodoro-Tejada.jpg?resize=525%2C300&ssl=1 1.5x, https:\/\/i0.wp.com\/lasprimeras.com.do\/wp-content\/uploads\/2025\/01\/Teodoro-Tejada.jpg?resize=700%2C400&ssl=1 2x"},"classes":[]},{"id":98199,"url":"https:\/\/lasprimeras.com.do\/index.php\/2025\/05\/03\/tejada-estima-innovaciones-en-contraloria-garantiza-transparencia-a-contratistas-sector-construccion\/","url_meta":{"origin":120771,"position":3},"title":"Tejada estima innovaciones en Contralor\u00eda garantiza transparencia a contratistas sector construcci\u00f3n","author":"Nelson Feliz","date":"3 de mayo de 2025","format":false,"excerpt":"El ex presidente del Colegio Dominicano de Ingenieros, Arquitectos y Agrimensores -CODIA-, Ing. Teodoro Tejada estim\u00f3 que las modernas herramientas implementadas en la Contralor\u00eda General Rep\u00fablica para garantizar la transparencia, rigurosidad y el debido proceso en el proceso de fiscalizaci\u00f3n de los fondos p\u00fablicos, han representado un paso de avance\u2026","rel":"","context":"En \u00abECONOM\u00cdA\u00bb","block_context":{"text":"ECONOM\u00cdA","link":"https:\/\/lasprimeras.com.do\/index.php\/category\/economia\/"},"img":{"alt_text":"Teodoro Tejada","src":"https:\/\/i0.wp.com\/lasprimeras.com.do\/wp-content\/uploads\/2024\/08\/Teodoro-Tejada.jpg?resize=350%2C200&ssl=1","width":350,"height":200,"srcset":"https:\/\/i0.wp.com\/lasprimeras.com.do\/wp-content\/uploads\/2024\/08\/Teodoro-Tejada.jpg?resize=350%2C200&ssl=1 1x, https:\/\/i0.wp.com\/lasprimeras.com.do\/wp-content\/uploads\/2024\/08\/Teodoro-Tejada.jpg?resize=525%2C300&ssl=1 1.5x, https:\/\/i0.wp.com\/lasprimeras.com.do\/wp-content\/uploads\/2024\/08\/Teodoro-Tejada.jpg?resize=700%2C400&ssl=1 2x"},"classes":[]},{"id":101383,"url":"https:\/\/lasprimeras.com.do\/index.php\/2025\/06\/20\/tejada-estima-positivo-programa-24-7-para-terminar-1100-aulas-y-contrarrestar-deficit-en-proximo-ano-escolar\/","url_meta":{"origin":120771,"position":4},"title":"Tejada estima \u201cpositivo\u201d Programa 24\/7 para terminar 1,100 aulas y contrarrestar d\u00e9ficit en pr\u00f3ximo a\u00f1o escolar","author":"Nelson Feliz","date":"20 de junio de 2025","format":false,"excerpt":"El expresidente del Colegio Dominicano de Ingenieros, Arquitectos y Agrimensores (Codia) ingeniero Teodoro Tejada calific\u00f3 de \u201cpositivo\u201d el Programa 24\/7 que desarrolla la Direcci\u00f3n de Infraestructura Escolar (DIE) a los fines de concluir mil 100 aulas para contrarrestar el d\u00e9ficit en los planteles p\u00fablicos ante el inicio del a\u00f1o escolar\u2026","rel":"","context":"En \u00abECONOM\u00cdA\u00bb","block_context":{"text":"ECONOM\u00cdA","link":"https:\/\/lasprimeras.com.do\/index.php\/category\/economia\/"},"img":{"alt_text":"Teodoro Tejada","src":"https:\/\/i0.wp.com\/lasprimeras.com.do\/wp-content\/uploads\/2024\/01\/Teodoro-Tejada.jpg?resize=350%2C200&ssl=1","width":350,"height":200,"srcset":"https:\/\/i0.wp.com\/lasprimeras.com.do\/wp-content\/uploads\/2024\/01\/Teodoro-Tejada.jpg?resize=350%2C200&ssl=1 1x, https:\/\/i0.wp.com\/lasprimeras.com.do\/wp-content\/uploads\/2024\/01\/Teodoro-Tejada.jpg?resize=525%2C300&ssl=1 1.5x, https:\/\/i0.wp.com\/lasprimeras.com.do\/wp-content\/uploads\/2024\/01\/Teodoro-Tejada.jpg?resize=700%2C400&ssl=1 2x"},"classes":[]},{"id":113596,"url":"https:\/\/lasprimeras.com.do\/index.php\/2025\/11\/04\/tejada-respalda-declaratoria-emergencia-en-14-provincias\/","url_meta":{"origin":120771,"position":5},"title":"Tejada respalda declaratoria emergencia en 14 provincias","author":"Nelson Feliz","date":"4 de noviembre de 2025","format":false,"excerpt":"El ex presidente del Colegio de Ingenieros, Arquitectos y Agrimensores (CODIA) ingeniero Teodoro Tejada expres\u00f3 su respaldo a los Decretos 626-25 y 627-25 emitidos por el presidente Luis Abinader, que declaran la emergencia en 14 provincias y otras localidades del pa\u00eds, debido a los graves desastres naturales causados por la\u2026","rel":"","context":"En \u00abNACIONALES\u00bb","block_context":{"text":"NACIONALES","link":"https:\/\/lasprimeras.com.do\/index.php\/category\/nacionales\/"},"img":{"alt_text":"Teodoro Tejada","src":"https:\/\/i0.wp.com\/lasprimeras.com.do\/wp-content\/uploads\/2024\/10\/Teodoro-Tejada.jpg?resize=350%2C200&ssl=1","width":350,"height":200,"srcset":"https:\/\/i0.wp.com\/lasprimeras.com.do\/wp-content\/uploads\/2024\/10\/Teodoro-Tejada.jpg?resize=350%2C200&ssl=1 1x, https:\/\/i0.wp.com\/lasprimeras.com.do\/wp-content\/uploads\/2024\/10\/Teodoro-Tejada.jpg?resize=525%2C300&ssl=1 1.5x, https:\/\/i0.wp.com\/lasprimeras.com.do\/wp-content\/uploads\/2024\/10\/Teodoro-Tejada.jpg?resize=700%2C400&ssl=1 2x"},"classes":[]}],"jetpack_sharing_enabled":true,"_links":{"self":[{"href":"https:\/\/lasprimeras.com.do\/index.php\/wp-json\/wp\/v2\/posts\/120771","targetHints":{"allow":["GET"]}}],"collection":[{"href":"https:\/\/lasprimeras.com.do\/index.php\/wp-json\/wp\/v2\/posts"}],"about":[{"href":"https:\/\/lasprimeras.com.do\/index.php\/wp-json\/wp\/v2\/types\/post"}],"author":[{"embeddable":true,"href":"https:\/\/lasprimeras.com.do\/index.php\/wp-json\/wp\/v2\/users\/10"}],"replies":[{"embeddable":true,"href":"https:\/\/lasprimeras.com.do\/index.php\/wp-json\/wp\/v2\/comments?post=120771"}],"version-history":[{"count":1,"href":"https:\/\/lasprimeras.com.do\/index.php\/wp-json\/wp\/v2\/posts\/120771\/revisions"}],"predecessor-version":[{"id":120772,"href":"https:\/\/lasprimeras.com.do\/index.php\/wp-json\/wp\/v2\/posts\/120771\/revisions\/120772"}],"wp:featuredmedia":[{"embeddable":true,"href":"https:\/\/lasprimeras.com.do\/index.php\/wp-json\/wp\/v2\/media\/119158"}],"wp:attachment":[{"href":"https:\/\/lasprimeras.com.do\/index.php\/wp-json\/wp\/v2\/media?parent=120771"}],"wp:term":[{"taxonomy":"category","embeddable":true,"href":"https:\/\/lasprimeras.com.do\/index.php\/wp-json\/wp\/v2\/categories?post=120771"},{"taxonomy":"post_tag","embeddable":true,"href":"https:\/\/lasprimeras.com.do\/index.php\/wp-json\/wp\/v2\/tags?post=120771"}],"curies":[{"name":"wp","href":"https:\/\/api.w.org\/{rel}","templated":true}]}}