{"id":120782,"date":"2026-01-27T19:31:17","date_gmt":"2026-01-27T23:31:17","guid":{"rendered":"https:\/\/lasprimeras.com.do\/?p=120782"},"modified":"2026-01-27T20:45:58","modified_gmt":"2026-01-28T00:45:58","slug":"mescyt-exhorta-a-universidades-asumir-con-mayor-rigor-la-formacion-docente","status":"publish","type":"post","link":"https:\/\/lasprimeras.com.do\/index.php\/2026\/01\/27\/mescyt-exhorta-a-universidades-asumir-con-mayor-rigor-la-formacion-docente\/","title":{"rendered":"MESCyT exhorta a universidades asumir con mayor rigor la formaci\u00f3n docente"},"content":{"rendered":"\n<p><strong>\u201cLa formaci\u00f3n que reciben los maestros comienza en la universidad. Si esa formaci\u00f3n no es s\u00f3lida, el sistema educativo seguir\u00e1 arrastrando debilidades\u201d, afirm\u00f3.<\/strong><\/p>\n\n\n\n<p>El Ministerio de Educaci\u00f3n Superior, Ciencia y Tecnolog\u00eda (MESCyT) exhort\u00f3 este martes a las universidades del pa\u00eds a revisar con mayor profundidad el rigor acad\u00e9mico con el que est\u00e1n formando a los futuros docentes, especialmente en el nivel de Educaci\u00f3n Inicial.<\/p>\n\n\n\n<p>En un contexto marcado por los persistentes cuestionamientos a la calidad del sistema educativo dominicano, la viceministra de Educaci\u00f3n Superior del MESCyT, Carmen Evarista Mat\u00edas, encabez\u00f3 la apertura del taller \u201cEstrategias de Acompa\u00f1amiento y Asesoramiento en la Educaci\u00f3n Superior en Rep\u00fablica Dominicana\u201d.<\/p>\n\n\n\n<p>Durante su intervenci\u00f3n, la funcionaria subray\u00f3 que las debilidades detectadas en los distintos niveles del sistema educativo no pueden desvincularse de la formaci\u00f3n inicial que reciben los maestros en las aulas universitarias.<\/p>\n\n\n\n<p>Evarista Mat\u00edas cuestion\u00f3 de manera directa la percepci\u00f3n social de que las universidades no est\u00e1n preparando adecuadamente a los docentes, una cr\u00edtica que \u2014seg\u00fan afirm\u00f3\u2014 debe ser asumida con responsabilidad por las instituciones de educaci\u00f3n superior.<\/p>\n\n\n\n<p>\u201cNo se trata solo de se\u00f1alar al sistema escolar, sino de revisar c\u00f3mo se est\u00e1n formando los maestros desde el inicio de su carrera profesional\u201d, enfatiz\u00f3.<\/p>\n\n\n\n<p>Desde esta perspectiva, explic\u00f3 que el MESCyT siguiendo las directrices del ministro Franklin Garc\u00eda Ferm\u00edn, procura elevar los est\u00e1ndares de calidad en la formaci\u00f3n de los docentes no solo mediante normativas, sino a trav\u00e9s de un proceso de acompa\u00f1amiento institucional que permita a las universidades identificar y corregir debilidades estructurales en sus programas de Educaci\u00f3n.<\/p>\n\n\n\n<p>Uno de los ejes centrales de este proceso es la aplicaci\u00f3n estricta de la Normativa 01-23, que establece evaluaciones obligatorias para el ingreso a la carrera docente, a trav\u00e9s de las pruebas POMA, exigida por Ley 139-01, y PASE, como instrumento espec\u00edfico para medir las competencias de quienes aspiran a formarse como maestros.<\/p>\n\n\n\n<p>En este esfuerzo, el MESCyT trabaja en coordinaci\u00f3n con la Universidad Cat\u00f3lica de Chile, a trav\u00e9s de su Centro de Medici\u00f3n (MIDE), cuyas evaluaciones han sido valoradas como un paso necesario para elevar el perfil acad\u00e9mico de los estudiantes de Educaci\u00f3n.<\/p>\n\n\n\n<p>Asimismo, la viceministra destac\u00f3 el redise\u00f1o de los planes de estudio de los niveles Inicial, Primario y Secundario, realizado con el acompa\u00f1amiento de expertos de la Universidad de Barcelona, entre ellos los doctores Jos\u00e9 Luis Medina, Francisco Imbern\u00f3n y Gabriel Herv\u00e1s, como una respuesta directa a las demandas de mayor pertinencia y calidad en la formaci\u00f3n docente.<\/p>\n\n\n\n<p>El encuentro acad\u00e9mico es coordinado adem\u00e1s por el Ministerio de Educaci\u00f3n MINERD, la Organicaci\u00f3n de Estados Iberoamericanos OEI y el MESCyT.<\/p>\n\n\n\n<p>Evarista Mat\u00edas record\u00f3 que durante el a\u00f1o 2024 se complet\u00f3 la fase de dise\u00f1o curricular y que el pa\u00eds se encuentra actualmente en la etapa de implementaci\u00f3n, un proceso que \u2014advirti\u00f3\u2014 requerir\u00e1 seguimiento, evaluaci\u00f3n continua y un compromiso real por parte de las universidades.<\/p>\n\n\n\n<p>\u201cEl desaf\u00edo no es solo cumplir con la normativa, sino garantizar que los maestros egresen con las competencias pedag\u00f3gicas, \u00e9ticas y profesionales que exige la sociedad dominicana\u201d, concluy\u00f3.<\/p>\n","protected":false},"excerpt":{"rendered":"<p>\u201cLa formaci\u00f3n que reciben los maestros comienza en la universidad. Si esa formaci\u00f3n no es s\u00f3lida, el sistema educativo seguir\u00e1 arrastrando debilidades\u201d, afirm\u00f3. El Ministerio de Educaci\u00f3n Superior, Ciencia y&hellip;<\/p>\n","protected":false},"author":10,"featured_media":120204,"comment_status":"open","ping_status":"open","sticky":false,"template":"","format":"standard","meta":{"content-type":"","jetpack_post_was_ever_published":false,"_jetpack_newsletter_access":"","_jetpack_dont_email_post_to_subs":false,"_jetpack_newsletter_tier_id":0,"_jetpack_memberships_contains_paywalled_content":false,"_jetpack_memberships_contains_paid_content":false,"footnotes":""},"categories":[35,25],"tags":[2718,862,1736,4721],"class_list":["post-120782","post","type-post","status-publish","format-standard","has-post-thumbnail","hentry","category-nacionales","category-portada","tag-docente","tag-formacion","tag-mescyt","tag-universidades"],"jetpack_featured_media_url":"https:\/\/lasprimeras.com.do\/wp-content\/uploads\/2026\/01\/MESCYT.jpg","jetpack-related-posts":[{"id":117973,"url":"https:\/\/lasprimeras.com.do\/index.php\/2025\/12\/18\/mescyt-firma-acuerdo-para-formacion-docente-en-colombia\/","url_meta":{"origin":120782,"position":0},"title":"MESCyT firma acuerdo para formaci\u00f3n docente en Colombia","author":"Nelson Feliz","date":"18 de diciembre de 2025","format":false,"excerpt":"El Ministerio de Educaci\u00f3n Superior, Ciencia y Tecnolog\u00eda (MESCyT) y la Universidad Cooperativa de Colombia firmaron un convenio de cooperaci\u00f3n acad\u00e9mica que permitir\u00e1 fortalecer la formaci\u00f3n, capacitaci\u00f3n y actualizaci\u00f3n de docentes dominicanos, con \u00e9nfasis en el nivel medio del sistema educativo. El acuerdo fue rubricado por el ministro del MESCyT,\u2026","rel":"","context":"En \u00abNACIONALES\u00bb","block_context":{"text":"NACIONALES","link":"https:\/\/lasprimeras.com.do\/index.php\/category\/nacionales\/"},"img":{"alt_text":"MESCyT","src":"https:\/\/i0.wp.com\/lasprimeras.com.do\/wp-content\/uploads\/2025\/12\/MESCyT-1.jpg?resize=350%2C200&ssl=1","width":350,"height":200,"srcset":"https:\/\/i0.wp.com\/lasprimeras.com.do\/wp-content\/uploads\/2025\/12\/MESCyT-1.jpg?resize=350%2C200&ssl=1 1x, https:\/\/i0.wp.com\/lasprimeras.com.do\/wp-content\/uploads\/2025\/12\/MESCyT-1.jpg?resize=525%2C300&ssl=1 1.5x, https:\/\/i0.wp.com\/lasprimeras.com.do\/wp-content\/uploads\/2025\/12\/MESCyT-1.jpg?resize=700%2C400&ssl=1 2x"},"classes":[]},{"id":122218,"url":"https:\/\/lasprimeras.com.do\/index.php\/2026\/02\/15\/ministro-del-mescyt-sostiene-encuentro-con-rectores-de-59-universidades-del-pais\/","url_meta":{"origin":120782,"position":1},"title":"Ministro del MESCyT sostiene encuentro con rectores de 59 universidades del pa\u00eds","author":"Nelson Feliz","date":"15 de febrero de 2026","format":false,"excerpt":"\u201cLa educaci\u00f3n dominicana debe responder de manera directa a la din\u00e1mica del empleo y al desarrollo econ\u00f3mico nacional\u201d. El ministro de Educaci\u00f3n Superior, Ciencia y Tecnolog\u00eda (MESCyT), Rafael Santos Bad\u00eda, sostuvo el primer encuentro oficial con rectores de 59 universidades e institutos de educaci\u00f3n superior y t\u00e9cnica del pa\u00eds, con\u2026","rel":"","context":"En \u00abNACIONALES\u00bb","block_context":{"text":"NACIONALES","link":"https:\/\/lasprimeras.com.do\/index.php\/category\/nacionales\/"},"img":{"alt_text":"Rafael Santos Bad\u00eda","src":"https:\/\/i0.wp.com\/lasprimeras.com.do\/wp-content\/uploads\/2026\/02\/Rafael-Santos-Badia.jpg?resize=350%2C200&ssl=1","width":350,"height":200,"srcset":"https:\/\/i0.wp.com\/lasprimeras.com.do\/wp-content\/uploads\/2026\/02\/Rafael-Santos-Badia.jpg?resize=350%2C200&ssl=1 1x, https:\/\/i0.wp.com\/lasprimeras.com.do\/wp-content\/uploads\/2026\/02\/Rafael-Santos-Badia.jpg?resize=525%2C300&ssl=1 1.5x, https:\/\/i0.wp.com\/lasprimeras.com.do\/wp-content\/uploads\/2026\/02\/Rafael-Santos-Badia.jpg?resize=700%2C400&ssl=1 2x"},"classes":[]},{"id":55982,"url":"https:\/\/lasprimeras.com.do\/index.php\/2023\/07\/27\/mescyt-entrega-2-mil-certificados-de-titulos-a-igual-numero-de-docentes-y-estudiantes\/","url_meta":{"origin":120782,"position":2},"title":"Mescyt entrega 2 mil certificados de t\u00edtulos a igual n\u00famero de docentes y estudiantes","author":"Nelson Feliz","date":"27 de julio de 2023","format":false,"excerpt":"En el acto, encabezado por la vicepresidenta Raquel Pe\u00f1a, y el ministro Franklin Garc\u00eda Ferm\u00edn, se entregaron 2 mil tablets a los participantes en la jornada de capacitaci\u00f3n tecnol\u00f3gica. El Ministerio de Educaci\u00f3n Superior, Ciencia y Tecnolog\u00eda (Mescyt) entreg\u00f3 2 mil certificados a igual n\u00famero de docentes y estudiantes de\u2026","rel":"","context":"En \u00abNACIONALES\u00bb","block_context":{"text":"NACIONALES","link":"https:\/\/lasprimeras.com.do\/index.php\/category\/nacionales\/"},"img":{"alt_text":"MESCYT","src":"https:\/\/i0.wp.com\/lasprimeras.com.do\/wp-content\/uploads\/2023\/07\/MESCYT.jpg?resize=350%2C200&ssl=1","width":350,"height":200,"srcset":"https:\/\/i0.wp.com\/lasprimeras.com.do\/wp-content\/uploads\/2023\/07\/MESCYT.jpg?resize=350%2C200&ssl=1 1x, https:\/\/i0.wp.com\/lasprimeras.com.do\/wp-content\/uploads\/2023\/07\/MESCYT.jpg?resize=525%2C300&ssl=1 1.5x, https:\/\/i0.wp.com\/lasprimeras.com.do\/wp-content\/uploads\/2023\/07\/MESCYT.jpg?resize=700%2C400&ssl=1 2x"},"classes":[]},{"id":111487,"url":"https:\/\/lasprimeras.com.do\/index.php\/2025\/10\/09\/mescyt-otorga-117-becas-nacionales-a-estudiantes-de-utesur-en-azua\/","url_meta":{"origin":120782,"position":3},"title":"Mescyt otorga 117 becas nacionales a estudiantes de Utesur en Azua","author":"Nelson Feliz","date":"9 de octubre de 2025","format":false,"excerpt":"Ministro Franklin Garc\u00eda Ferm\u00edn afirma que el conocimiento es la llave que abre la puerta del futuro y mejora la calidad de vida de los dominicanos. El Ministerio de Educaci\u00f3n Superior, Ciencia y Tecnolog\u00eda (Mescyt) entreg\u00f3 117 certificados de becas nacionales a igual n\u00famero de estudiantes meritorios de la Universidad\u2026","rel":"","context":"En \u00abNACIONALES\u00bb","block_context":{"text":"NACIONALES","link":"https:\/\/lasprimeras.com.do\/index.php\/category\/nacionales\/"},"img":{"alt_text":"","src":"https:\/\/i0.wp.com\/lasprimeras.com.do\/wp-content\/uploads\/2025\/10\/Franklin-Garcia-Fermin.jpg?resize=350%2C200&ssl=1","width":350,"height":200,"srcset":"https:\/\/i0.wp.com\/lasprimeras.com.do\/wp-content\/uploads\/2025\/10\/Franklin-Garcia-Fermin.jpg?resize=350%2C200&ssl=1 1x, https:\/\/i0.wp.com\/lasprimeras.com.do\/wp-content\/uploads\/2025\/10\/Franklin-Garcia-Fermin.jpg?resize=525%2C300&ssl=1 1.5x, https:\/\/i0.wp.com\/lasprimeras.com.do\/wp-content\/uploads\/2025\/10\/Franklin-Garcia-Fermin.jpg?resize=700%2C400&ssl=1 2x"},"classes":[]},{"id":103424,"url":"https:\/\/lasprimeras.com.do\/index.php\/2025\/07\/15\/mescyt-impulsa-alianza-global-con-huawei-mas-innovacion-para-las-universidades-dominicanas\/","url_meta":{"origin":120782,"position":4},"title":"MESCyT impulsa alianza global con Huawei: m\u00e1s innovaci\u00f3n para las universidades dominicanas","author":"Nelson Feliz","date":"15 de julio de 2025","format":false,"excerpt":"Educaci\u00f3n dominicana se conecta con Huawei y China para transformar el futuro. RD Afianza alianza con Huawei para llevar la educaci\u00f3n superior al futuro digital. Shenzhen, China \u2013. Una delegaci\u00f3n oficial de alto nivel de la Rep\u00fablica Dominicana, encabezada por el ministro de Educaci\u00f3n Superior, Ciencia y Tecnolog\u00eda (MESCyT), doctor\u2026","rel":"","context":"En \u00abNACIONALES\u00bb","block_context":{"text":"NACIONALES","link":"https:\/\/lasprimeras.com.do\/index.php\/category\/nacionales\/"},"img":{"alt_text":"","src":"https:\/\/i0.wp.com\/lasprimeras.com.do\/wp-content\/uploads\/2025\/07\/MESCyT.jpg?resize=350%2C200&ssl=1","width":350,"height":200,"srcset":"https:\/\/i0.wp.com\/lasprimeras.com.do\/wp-content\/uploads\/2025\/07\/MESCyT.jpg?resize=350%2C200&ssl=1 1x, https:\/\/i0.wp.com\/lasprimeras.com.do\/wp-content\/uploads\/2025\/07\/MESCyT.jpg?resize=525%2C300&ssl=1 1.5x, https:\/\/i0.wp.com\/lasprimeras.com.do\/wp-content\/uploads\/2025\/07\/MESCyT.jpg?resize=700%2C400&ssl=1 2x"},"classes":[]},{"id":67449,"url":"https:\/\/lasprimeras.com.do\/index.php\/2023\/11\/15\/mescyt-entrega-certificados-a-70-estudiantes-emprendedores\/","url_meta":{"origin":120782,"position":5},"title":"MESCYT entrega certificados a 70 estudiantes emprendedores","author":"Nelson Feliz","date":"15 de noviembre de 2023","format":false,"excerpt":"Por Martin Restituyo El Ministerio de Educaci\u00f3n, Ciencia y Tecnolog\u00eda (MESCYT), a trav\u00e9s del \u00e1rea de emprendimiento, entreg\u00f3 70 certificaciones a estudiante y docentes del Instituto T\u00e9cnico Superior Oscus San Valero y la Universidad de Psicolog\u00eda Industrial Dominicana (UPID), que cursaron talleres en Marketing Digital y Negociaciones de Financiamiento para\u2026","rel":"","context":"En \u00abNACIONALES\u00bb","block_context":{"text":"NACIONALES","link":"https:\/\/lasprimeras.com.do\/index.php\/category\/nacionales\/"},"img":{"alt_text":"Franklin Garc\u00eda Ferm\u00edn","src":"https:\/\/i0.wp.com\/lasprimeras.com.do\/wp-content\/uploads\/2023\/11\/Franklin-Garcia-Fermin.jpg?resize=350%2C200&ssl=1","width":350,"height":200,"srcset":"https:\/\/i0.wp.com\/lasprimeras.com.do\/wp-content\/uploads\/2023\/11\/Franklin-Garcia-Fermin.jpg?resize=350%2C200&ssl=1 1x, https:\/\/i0.wp.com\/lasprimeras.com.do\/wp-content\/uploads\/2023\/11\/Franklin-Garcia-Fermin.jpg?resize=525%2C300&ssl=1 1.5x, https:\/\/i0.wp.com\/lasprimeras.com.do\/wp-content\/uploads\/2023\/11\/Franklin-Garcia-Fermin.jpg?resize=700%2C400&ssl=1 2x"},"classes":[]}],"jetpack_sharing_enabled":true,"_links":{"self":[{"href":"https:\/\/lasprimeras.com.do\/index.php\/wp-json\/wp\/v2\/posts\/120782","targetHints":{"allow":["GET"]}}],"collection":[{"href":"https:\/\/lasprimeras.com.do\/index.php\/wp-json\/wp\/v2\/posts"}],"about":[{"href":"https:\/\/lasprimeras.com.do\/index.php\/wp-json\/wp\/v2\/types\/post"}],"author":[{"embeddable":true,"href":"https:\/\/lasprimeras.com.do\/index.php\/wp-json\/wp\/v2\/users\/10"}],"replies":[{"embeddable":true,"href":"https:\/\/lasprimeras.com.do\/index.php\/wp-json\/wp\/v2\/comments?post=120782"}],"version-history":[{"count":1,"href":"https:\/\/lasprimeras.com.do\/index.php\/wp-json\/wp\/v2\/posts\/120782\/revisions"}],"predecessor-version":[{"id":120783,"href":"https:\/\/lasprimeras.com.do\/index.php\/wp-json\/wp\/v2\/posts\/120782\/revisions\/120783"}],"wp:featuredmedia":[{"embeddable":true,"href":"https:\/\/lasprimeras.com.do\/index.php\/wp-json\/wp\/v2\/media\/120204"}],"wp:attachment":[{"href":"https:\/\/lasprimeras.com.do\/index.php\/wp-json\/wp\/v2\/media?parent=120782"}],"wp:term":[{"taxonomy":"category","embeddable":true,"href":"https:\/\/lasprimeras.com.do\/index.php\/wp-json\/wp\/v2\/categories?post=120782"},{"taxonomy":"post_tag","embeddable":true,"href":"https:\/\/lasprimeras.com.do\/index.php\/wp-json\/wp\/v2\/tags?post=120782"}],"curies":[{"name":"wp","href":"https:\/\/api.w.org\/{rel}","templated":true}]}}