{"id":120969,"date":"2026-01-29T20:00:30","date_gmt":"2026-01-30T00:00:30","guid":{"rendered":"https:\/\/lasprimeras.com.do\/?p=120969"},"modified":"2026-01-29T20:00:32","modified_gmt":"2026-01-30T00:00:32","slug":"gobierno-financia-300-becas-universitarias","status":"publish","type":"post","link":"https:\/\/lasprimeras.com.do\/index.php\/2026\/01\/29\/gobierno-financia-300-becas-universitarias\/","title":{"rendered":"Gobierno financia 300 becas universitarias"},"content":{"rendered":"\n<p><strong>Presidencia de la Rep\u00fablica fortalece el desarrollo del sur profundo con acuerdo para financiar 300 becas universitarias.<\/strong><\/p>\n\n\n\n<p>El ministro administrativo de la Presidencia, Andr\u00e9s Bautista y el rector de la Universidad Cat\u00f3lica Tecnol\u00f3gica de Barahona (UCATEBA), reverendo padre Marco Antonio P\u00e9rez P\u00e9rez, firmaron este jueves un acuerdo para el financiamiento de 300 becas acad\u00e9micas para t\u00e9cnico superior, licenciaturas y maestr\u00edas.<\/p>\n\n\n\n<p>Durante el acto celebrado en el Palacio Nacional, el ministro Bautista, en representaci\u00f3n del presidente Luis Abinader, destac\u00f3 que esta iniciativa forma parte del compromiso del Presidente de democratizar el acceso a la educaci\u00f3n superior, reducir las brechas territoriales y fortalecer el capital humano como eje fundamental del desarrollo nacional.<\/p>\n\n\n<div class=\"wp-block-image\">\n<figure class=\"alignleft size-full is-resized\"><img decoding=\"async\" width=\"900\" height=\"600\" src=\"https:\/\/lasprimeras.com.do\/wp-content\/uploads\/2026\/01\/gob-3.jpg\" alt=\"\" class=\"wp-image-120971\" style=\"aspect-ratio:1.5000151016339969;width:400px;height:auto\" srcset=\"https:\/\/lasprimeras.com.do\/wp-content\/uploads\/2026\/01\/gob-3.jpg 900w, https:\/\/lasprimeras.com.do\/wp-content\/uploads\/2026\/01\/gob-3-300x200.jpg 300w, https:\/\/lasprimeras.com.do\/wp-content\/uploads\/2026\/01\/gob-3-768x512.jpg 768w\" sizes=\"(max-width: 900px) 100vw, 900px\" \/><\/figure>\n<\/div>\n\n\n<p>\u201cEste acuerdo se inscribe plenamente en la visi\u00f3n del presidente Luis Abinader, orientada a impulsar pol\u00edticas p\u00fablicas inclusivas, que fortalezcan las capacidades locales, promuevan la movilidad social y contribuyan al desarrollo integral de territorios hist\u00f3ricamente postergados, pero con un enorme potencial humano y productivo\u201d, expres\u00f3 Bautista.<\/p>\n\n\n\n<p>Por su parte, el rector reverendo padre Marco Antonio P\u00e9rez P\u00e9rez, asumi\u00f3 la responsabilidad acad\u00e9mica y formativa, asegurando la calidad de la ense\u00f1anza, el acompa\u00f1amiento estudiantil y la evaluaci\u00f3n continua del desempe\u00f1o de los beneficiarios, consolidando as\u00ed una alianza basada en la corresponsabilidad institucional.<\/p>\n\n\n\n<p>En este contexto, el Ministerio Administrativo de la Presidencia (MAPRE), en coordinaci\u00f3n con la Universidad Cat\u00f3lica Tecnol\u00f3gica de Barahona (UCATEBA), asumir\u00e1 un rol activo en la supervisi\u00f3n y seguimiento del programa de becas, garantizando una gesti\u00f3n transparente, eficiente y orientada a resultados, de modo que cada beca otorgada responda efectivamente a los objetivos sociales y educativos para los cuales ha sido concebida.<\/p>\n","protected":false},"excerpt":{"rendered":"<p>Presidencia de la Rep\u00fablica fortalece el desarrollo del sur profundo con acuerdo para financiar 300 becas universitarias. El ministro administrativo de la Presidencia, Andr\u00e9s Bautista y el rector de la&hellip;<\/p>\n","protected":false},"author":10,"featured_media":120970,"comment_status":"open","ping_status":"open","sticky":false,"template":"","format":"standard","meta":{"content-type":"","jetpack_post_was_ever_published":false,"_jetpack_newsletter_access":"","_jetpack_dont_email_post_to_subs":false,"_jetpack_newsletter_tier_id":0,"_jetpack_memberships_contains_paywalled_content":false,"_jetpack_memberships_contains_paid_content":false,"footnotes":""},"categories":[35],"tags":[29881,2877,12470,171,29882],"class_list":["post-120969","post","type-post","status-publish","format-standard","has-post-thumbnail","hentry","category-nacionales","tag-academicas","tag-becas","tag-financia","tag-gobierno","tag-universitarias"],"jetpack_featured_media_url":"https:\/\/lasprimeras.com.do\/wp-content\/uploads\/2026\/01\/gob.jpg","jetpack-related-posts":[{"id":121748,"url":"https:\/\/lasprimeras.com.do\/index.php\/2026\/02\/09\/mescyt-y-ayuntamiento-de-santiago-articulan-esfuerzos-para-fortalecer-la-educacion-superior\/","url_meta":{"origin":120969,"position":0},"title":"Mescyt y Ayuntamiento de Santiago articulan esfuerzos para fortalecer la educaci\u00f3n superior","author":"Nelson Feliz","date":"9 de febrero de 2026","format":false,"excerpt":"Plantearon ideas que amplien el acceso a la formaci\u00f3n profesional El ministro de Educaci\u00f3n Superior, Ciencia y Tecnolog\u00eda (Mescyt), Franklin Garc\u00eda Ferm\u00edn, trat\u00f3 con el alcalde de Santiago de los Caballeros, Jos\u00e9 Ulises Rodr\u00edguez, estrategias tendientes al fortalecimiento de la educaci\u00f3n superior en esa provincia del norte del pa\u00eds. Durante\u2026","rel":"","context":"En \u00abNACIONALES\u00bb","block_context":{"text":"NACIONALES","link":"https:\/\/lasprimeras.com.do\/index.php\/category\/nacionales\/"},"img":{"alt_text":"","src":"https:\/\/i0.wp.com\/lasprimeras.com.do\/wp-content\/uploads\/2026\/02\/Fermin.jpg?resize=350%2C200&ssl=1","width":350,"height":200,"srcset":"https:\/\/i0.wp.com\/lasprimeras.com.do\/wp-content\/uploads\/2026\/02\/Fermin.jpg?resize=350%2C200&ssl=1 1x, https:\/\/i0.wp.com\/lasprimeras.com.do\/wp-content\/uploads\/2026\/02\/Fermin.jpg?resize=525%2C300&ssl=1 1.5x, https:\/\/i0.wp.com\/lasprimeras.com.do\/wp-content\/uploads\/2026\/02\/Fermin.jpg?resize=700%2C400&ssl=1 2x"},"classes":[]},{"id":119556,"url":"https:\/\/lasprimeras.com.do\/index.php\/2026\/01\/14\/garcia-fermin-exhorta-universidades-fortalecer-investigacion-y-resalta-impacto-de-las-becas-internacionales\/","url_meta":{"origin":120969,"position":1},"title":"Garc\u00eda Ferm\u00edn exhorta universidades fortalecer investigaci\u00f3n y resalta impacto de las becas internacionales*","author":"Nelson Feliz","date":"14 de enero de 2026","format":false,"excerpt":"El ministro de Educaci\u00f3n Superior, Ciencia y Tecnolog\u00eda (MESCyT), doctor Franklin Garc\u00eda Ferm\u00edn, exhort\u00f3 a las universidades de Rep\u00fablica Dominicana a fortalecer y desarrollar programas de investigaci\u00f3n, al tiempo que resalt\u00f3 el valor humano y social del programa de becas internacionales impulsado por el Gobierno dominicano. Durante su intervenci\u00f3n, el\u2026","rel":"","context":"En \u00abNACIONALES\u00bb","block_context":{"text":"NACIONALES","link":"https:\/\/lasprimeras.com.do\/index.php\/category\/nacionales\/"},"img":{"alt_text":"","src":"https:\/\/i0.wp.com\/lasprimeras.com.do\/wp-content\/uploads\/2026\/01\/IMG-20260113-WA0624.jpg?resize=350%2C200&ssl=1","width":350,"height":200,"srcset":"https:\/\/i0.wp.com\/lasprimeras.com.do\/wp-content\/uploads\/2026\/01\/IMG-20260113-WA0624.jpg?resize=350%2C200&ssl=1 1x, https:\/\/i0.wp.com\/lasprimeras.com.do\/wp-content\/uploads\/2026\/01\/IMG-20260113-WA0624.jpg?resize=525%2C300&ssl=1 1.5x, https:\/\/i0.wp.com\/lasprimeras.com.do\/wp-content\/uploads\/2026\/01\/IMG-20260113-WA0624.jpg?resize=700%2C400&ssl=1 2x, https:\/\/i0.wp.com\/lasprimeras.com.do\/wp-content\/uploads\/2026\/01\/IMG-20260113-WA0624.jpg?resize=1050%2C600&ssl=1 3x, https:\/\/i0.wp.com\/lasprimeras.com.do\/wp-content\/uploads\/2026\/01\/IMG-20260113-WA0624.jpg?resize=1400%2C800&ssl=1 4x"},"classes":[]},{"id":118429,"url":"https:\/\/lasprimeras.com.do\/index.php\/2025\/12\/28\/franklin-garcia-fermin-pasa-balance-a-su-gestion-de-cinco-anos-como-ministro-de-mescyt\/","url_meta":{"origin":120969,"position":2},"title":"Franklin Garc\u00eda Ferm\u00edn pasa balance a su gesti\u00f3n de cinco a\u00f1os como Ministro de MESCyT","author":"Nelson Feliz","date":"28 de diciembre de 2025","format":false,"excerpt":"Becas entregadas por el MESCyT abarcaron provincias y sectores vulnerables. La gesti\u00f3n que abarca cinco a\u00f1os democratiz\u00f3 las becas e impuls\u00f3 la inclusi\u00f3n social, se produjo en un contexto de transformaci\u00f3n institucional. Desde agosto de 2020, bajo la gesti\u00f3n del presidente Luis Abinader, el Ministerio de Educaci\u00f3n Superior, Ciencia y\u2026","rel":"","context":"En \u00abNACIONALES\u00bb","block_context":{"text":"NACIONALES","link":"https:\/\/lasprimeras.com.do\/index.php\/category\/nacionales\/"},"img":{"alt_text":"MESCyT","src":"https:\/\/i0.wp.com\/lasprimeras.com.do\/wp-content\/uploads\/2025\/12\/MESCyT.jpg?resize=350%2C200&ssl=1","width":350,"height":200,"srcset":"https:\/\/i0.wp.com\/lasprimeras.com.do\/wp-content\/uploads\/2025\/12\/MESCyT.jpg?resize=350%2C200&ssl=1 1x, https:\/\/i0.wp.com\/lasprimeras.com.do\/wp-content\/uploads\/2025\/12\/MESCyT.jpg?resize=525%2C300&ssl=1 1.5x, https:\/\/i0.wp.com\/lasprimeras.com.do\/wp-content\/uploads\/2025\/12\/MESCyT.jpg?resize=700%2C400&ssl=1 2x"},"classes":[]},{"id":119887,"url":"https:\/\/lasprimeras.com.do\/index.php\/2026\/01\/18\/reconoce-gerencia-de-garcia-fermin-por-el-fortalecimiento-de-la-educacion-superior\/","url_meta":{"origin":120969,"position":3},"title":"Reconoce gerencia de Garc\u00eda Ferm\u00edn por el fortalecimiento de la educaci\u00f3n superior","author":"Nelson Feliz","date":"18 de enero de 2026","format":false,"excerpt":"El reconocimiento destaca los avances en becas, investigaci\u00f3n, calidad acad\u00e9mica y cooperaci\u00f3n interinstitucional. La Universidad Nacional para la Defensa \u201cGeneral Juan Pablo Duarte y D\u00edez\u201d (UNADE) otorg\u00f3 una placa de reconocimiento al ministro de Educaci\u00f3n Superior, Ciencia y Tecnolog\u00eda (MESCyT), doctor Franklin Garc\u00eda Ferm\u00edn, en m\u00e9rito a su gesti\u00f3n estrat\u00e9gica\u2026","rel":"","context":"En \u00abNACIONALES\u00bb","block_context":{"text":"NACIONALES","link":"https:\/\/lasprimeras.com.do\/index.php\/category\/nacionales\/"},"img":{"alt_text":"UNADE","src":"https:\/\/i0.wp.com\/lasprimeras.com.do\/wp-content\/uploads\/2026\/01\/UNADE-1.jpg?resize=350%2C200&ssl=1","width":350,"height":200,"srcset":"https:\/\/i0.wp.com\/lasprimeras.com.do\/wp-content\/uploads\/2026\/01\/UNADE-1.jpg?resize=350%2C200&ssl=1 1x, https:\/\/i0.wp.com\/lasprimeras.com.do\/wp-content\/uploads\/2026\/01\/UNADE-1.jpg?resize=525%2C300&ssl=1 1.5x, https:\/\/i0.wp.com\/lasprimeras.com.do\/wp-content\/uploads\/2026\/01\/UNADE-1.jpg?resize=700%2C400&ssl=1 2x"},"classes":[]},{"id":122871,"url":"https:\/\/lasprimeras.com.do\/index.php\/2026\/02\/23\/mescyt-invita-a-la-juventud-a-convocatoria-de-becas-nacionales-2026-en-areas-stem-y-steam\/","url_meta":{"origin":120969,"position":4},"title":"MESCyT invita a la juventud a convocatoria de Becas Nacionales 2026 en \u00e1reas STEM y STEAM","author":"Nelson Feliz","date":"23 de febrero de 2026","format":false,"excerpt":"Oferta de becas est\u00e1 abierta desde este 23 de febrero al 8 de marzo y prioriza las \u00e1reas de Ciencia, Tecnolog\u00eda, Ingenier\u00eda, Matem\u00e1ticas y Artes a trav\u00e9s del programa \u201cBeca tu Futuro\u201d. El ministro de Educaci\u00f3n Superior, Ciencia y Tecnolog\u00eda (MESCyT), Rafael Evaristo Santos Bad\u00eda, encabez\u00f3 este lunes el acto\u2026","rel":"","context":"En \u00abNACIONALES\u00bb","block_context":{"text":"NACIONALES","link":"https:\/\/lasprimeras.com.do\/index.php\/category\/nacionales\/"},"img":{"alt_text":"","src":"https:\/\/i0.wp.com\/lasprimeras.com.do\/wp-content\/uploads\/2026\/02\/IMG-20260223-WA0494.jpg?resize=350%2C200&ssl=1","width":350,"height":200,"srcset":"https:\/\/i0.wp.com\/lasprimeras.com.do\/wp-content\/uploads\/2026\/02\/IMG-20260223-WA0494.jpg?resize=350%2C200&ssl=1 1x, https:\/\/i0.wp.com\/lasprimeras.com.do\/wp-content\/uploads\/2026\/02\/IMG-20260223-WA0494.jpg?resize=525%2C300&ssl=1 1.5x, https:\/\/i0.wp.com\/lasprimeras.com.do\/wp-content\/uploads\/2026\/02\/IMG-20260223-WA0494.jpg?resize=700%2C400&ssl=1 2x, https:\/\/i0.wp.com\/lasprimeras.com.do\/wp-content\/uploads\/2026\/02\/IMG-20260223-WA0494.jpg?resize=1050%2C600&ssl=1 3x, https:\/\/i0.wp.com\/lasprimeras.com.do\/wp-content\/uploads\/2026\/02\/IMG-20260223-WA0494.jpg?resize=1400%2C800&ssl=1 4x"},"classes":[]},{"id":119800,"url":"https:\/\/lasprimeras.com.do\/index.php\/2026\/01\/17\/abinader-impulsa-a-estudiantes-de-neiba-a-aprovechar-las-becas-que-ofrece-el-gobierno-para-su-formacion-universitaria\/","url_meta":{"origin":120969,"position":5},"title":"Abinader impulsa a estudiantes de Neiba a aprovechar las becas que ofrece el gobierno para su formaci\u00f3n universitaria","author":"Nelson Feliz","date":"17 de enero de 2026","format":false,"excerpt":"Tambi\u00e9n sostiene mesa de trabajo con productores de uva locales de la provincia. El presidente Luis Abinader llam\u00f3 este s\u00e1bado a los j\u00f3venes estudiantes de esta provincia a acceder a la plataforma de becas del Ministerio de Educaci\u00f3n Superior, Ciencia y Tecnolog\u00eda (MESCYT), destacando que estas oportunidades acad\u00e9micas representan una\u2026","rel":"","context":"En \u00abNACIONALES\u00bb","block_context":{"text":"NACIONALES","link":"https:\/\/lasprimeras.com.do\/index.php\/category\/nacionales\/"},"img":{"alt_text":"","src":"https:\/\/i0.wp.com\/lasprimeras.com.do\/wp-content\/uploads\/2026\/01\/Luis-Abinader-1.jpg?resize=350%2C200&ssl=1","width":350,"height":200,"srcset":"https:\/\/i0.wp.com\/lasprimeras.com.do\/wp-content\/uploads\/2026\/01\/Luis-Abinader-1.jpg?resize=350%2C200&ssl=1 1x, https:\/\/i0.wp.com\/lasprimeras.com.do\/wp-content\/uploads\/2026\/01\/Luis-Abinader-1.jpg?resize=525%2C300&ssl=1 1.5x, https:\/\/i0.wp.com\/lasprimeras.com.do\/wp-content\/uploads\/2026\/01\/Luis-Abinader-1.jpg?resize=700%2C400&ssl=1 2x"},"classes":[]}],"jetpack_sharing_enabled":true,"_links":{"self":[{"href":"https:\/\/lasprimeras.com.do\/index.php\/wp-json\/wp\/v2\/posts\/120969","targetHints":{"allow":["GET"]}}],"collection":[{"href":"https:\/\/lasprimeras.com.do\/index.php\/wp-json\/wp\/v2\/posts"}],"about":[{"href":"https:\/\/lasprimeras.com.do\/index.php\/wp-json\/wp\/v2\/types\/post"}],"author":[{"embeddable":true,"href":"https:\/\/lasprimeras.com.do\/index.php\/wp-json\/wp\/v2\/users\/10"}],"replies":[{"embeddable":true,"href":"https:\/\/lasprimeras.com.do\/index.php\/wp-json\/wp\/v2\/comments?post=120969"}],"version-history":[{"count":1,"href":"https:\/\/lasprimeras.com.do\/index.php\/wp-json\/wp\/v2\/posts\/120969\/revisions"}],"predecessor-version":[{"id":120972,"href":"https:\/\/lasprimeras.com.do\/index.php\/wp-json\/wp\/v2\/posts\/120969\/revisions\/120972"}],"wp:featuredmedia":[{"embeddable":true,"href":"https:\/\/lasprimeras.com.do\/index.php\/wp-json\/wp\/v2\/media\/120970"}],"wp:attachment":[{"href":"https:\/\/lasprimeras.com.do\/index.php\/wp-json\/wp\/v2\/media?parent=120969"}],"wp:term":[{"taxonomy":"category","embeddable":true,"href":"https:\/\/lasprimeras.com.do\/index.php\/wp-json\/wp\/v2\/categories?post=120969"},{"taxonomy":"post_tag","embeddable":true,"href":"https:\/\/lasprimeras.com.do\/index.php\/wp-json\/wp\/v2\/tags?post=120969"}],"curies":[{"name":"wp","href":"https:\/\/api.w.org\/{rel}","templated":true}]}}