{"id":120994,"date":"2026-01-29T21:01:18","date_gmt":"2026-01-30T01:01:18","guid":{"rendered":"https:\/\/lasprimeras.com.do\/?p=120994"},"modified":"2026-01-29T21:01:20","modified_gmt":"2026-01-30T01:01:20","slug":"richard-medina-la-reduccion-de-la-evasion-fiscal-debe-ser-un-reto-del-gobierno","status":"publish","type":"post","link":"https:\/\/lasprimeras.com.do\/index.php\/2026\/01\/29\/richard-medina-la-reduccion-de-la-evasion-fiscal-debe-ser-un-reto-del-gobierno\/","title":{"rendered":"Richard Medina: La reducci\u00f3n de la evasi\u00f3n fiscal debe ser un reto del Gobierno"},"content":{"rendered":"\n<p><strong>Economista Richard Medina, miembro del Comit\u00e9 Pol\u00edtico del PLD, advierte que no se debe cargar con m\u00e1s impuestos a quienes ya contribuyen.<\/strong><\/p>\n\n\n\n<p>El economista Richard Medina considera como uno los principales retos de la actual administraci\u00f3n la no creaci\u00f3n de nuevos impuestos, sino dedicar los esfuerzos a reducir la evasi\u00f3n fiscal, la cual estim\u00f3 entre 40 % y 60 %.<\/p>\n\n\n\n<p>Explic\u00f3 en su intervenci\u00f3n en el programa El Sol de la Ma\u00f1ana que estas estimaciones se basan en estudios peri\u00f3dicos del Ministerio de Hacienda y en an\u00e1lisis m\u00e1s recientes del Fondo Monetario Internacional, los cuales coinciden en la existencia de una brecha persistente entre lo que deber\u00eda recaudarse y lo que efectivamente entra al fisco.<\/p>\n\n\n\n<p>\u201cNo se debe seguir cargando a quienes ya contribuyen; no se debe cazar en el zool\u00f3gico\u201d, expres\u00f3 el economista y miembro del Comit\u00e9 Pol\u00edtico del Partido de la Liberaci\u00f3n Dominicana.<\/p>\n\n\n\n<p>En opini\u00f3n de Richard Medina existe un amplio margen para aumentar los ingresos del Estado sin afectar a los contribuyentes formales, siempre que se fortalezca la eficiencia recaudatoria y se ataque directamente la evasi\u00f3n.<\/p>\n\n\n\n<p>Considera que insistir en cargar m\u00e1s impuestos a quienes ya cumplen resulta contraproducente y socialmente injusto.<\/p>\n\n\n\n<p>Sobre este tema el ex presidente de la Rep\u00fablica, Danilo Medina, cuestion\u00f3 la intenci\u00f3n del gobierno de impulsar una reforma fiscal en medio de esc\u00e1ndalos de corrupci\u00f3n y mala administraci\u00f3n.<\/p>\n\n\n\n<p>\u201cEste gobierno no tiene calidad moral para imponer una reforma fiscal cuando convierte el dinero del Estado en gasto corriente y protege la evasi\u00f3n\u201d, afirm\u00f3 el exmandatario en declaraciones el pasado fin de semana.<\/p>\n","protected":false},"excerpt":{"rendered":"<p>Richard Medina<\/p>\n","protected":false},"author":10,"featured_media":120995,"comment_status":"open","ping_status":"open","sticky":false,"template":"","format":"standard","meta":{"content-type":"","jetpack_post_was_ever_published":false,"_jetpack_newsletter_access":"","_jetpack_dont_email_post_to_subs":false,"_jetpack_newsletter_tier_id":0,"_jetpack_memberships_contains_paywalled_content":false,"_jetpack_memberships_contains_paid_content":false,"footnotes":""},"categories":[39,25],"tags":[29889,171,3178,10915,7825],"class_list":["post-120994","post","type-post","status-publish","format-standard","has-post-thumbnail","hentry","category-economia","category-portada","tag-evasion-fiscal","tag-gobierno","tag-reduccion","tag-reto-2","tag-richard-medina"],"jetpack_featured_media_url":"https:\/\/lasprimeras.com.do\/wp-content\/uploads\/2026\/01\/Richard-Medina-1.jpg","jetpack-related-posts":[{"id":91002,"url":"https:\/\/lasprimeras.com.do\/index.php\/2024\/11\/05\/richard-medina-el-presupuesto-del-proximo-ano-presenta-un-deficit-fiscal-de-3-del-pib\/","url_meta":{"origin":120994,"position":0},"title":"Richard Medina: \u201cEl Presupuesto del pr\u00f3ximo a\u00f1o, presenta un d\u00e9ficit fiscal de 3% del PIB\u201d","author":"Nelson Feliz","date":"5 de noviembre de 2024","format":false,"excerpt":"En el proyecto de Presupuesto General del Estado para el pr\u00f3ximo a\u00f1o 2025 se redujo el gasto de capital (inversi\u00f3n p\u00fablica) en RD$20,000 millones, hasta 2.3% del PIB, la cifra m\u00e1s baja desde 1990. \u201cLa reducci\u00f3n de la inversi\u00f3n se debe a que el Gobierno necesitaba acomodar el aumento de\u2026","rel":"","context":"En \u00abECONOM\u00cdA\u00bb","block_context":{"text":"ECONOM\u00cdA","link":"https:\/\/lasprimeras.com.do\/index.php\/category\/economia\/"},"img":{"alt_text":"","src":"https:\/\/i0.wp.com\/lasprimeras.com.do\/wp-content\/uploads\/2024\/11\/Richard-M.jpg?resize=350%2C200&ssl=1","width":350,"height":200,"srcset":"https:\/\/i0.wp.com\/lasprimeras.com.do\/wp-content\/uploads\/2024\/11\/Richard-M.jpg?resize=350%2C200&ssl=1 1x, https:\/\/i0.wp.com\/lasprimeras.com.do\/wp-content\/uploads\/2024\/11\/Richard-M.jpg?resize=525%2C300&ssl=1 1.5x"},"classes":[]},{"id":90135,"url":"https:\/\/lasprimeras.com.do\/index.php\/2024\/10\/13\/economista-richard-medina-dice-reforma-fiscal-atenta-contra-la-clase-media\/","url_meta":{"origin":120994,"position":1},"title":"Economista Richard Medina dice Reforma fiscal atenta contra la clase media","author":"Nelson Feliz","date":"13 de octubre de 2024","format":false,"excerpt":"Con el aumento de los impuestos la clase media estar\u00e1 desprotegida y sin recibir servicios p\u00fablicos de calidad. El economista y miembro del Comit\u00e9 Central del Partido de la Liberaci\u00f3n Dominicana (PLD) Richard Medina, valid\u00f3 la posici\u00f3n de su Partido, que el pasado martes explic\u00f3 que la reforma fiscal, enviada\u2026","rel":"","context":"En \u00abECONOM\u00cdA\u00bb","block_context":{"text":"ECONOM\u00cdA","link":"https:\/\/lasprimeras.com.do\/index.php\/category\/economia\/"},"img":{"alt_text":"","src":"https:\/\/i0.wp.com\/lasprimeras.com.do\/wp-content\/uploads\/2024\/10\/Richard-Medina.jpg?resize=350%2C200&ssl=1","width":350,"height":200,"srcset":"https:\/\/i0.wp.com\/lasprimeras.com.do\/wp-content\/uploads\/2024\/10\/Richard-Medina.jpg?resize=350%2C200&ssl=1 1x, https:\/\/i0.wp.com\/lasprimeras.com.do\/wp-content\/uploads\/2024\/10\/Richard-Medina.jpg?resize=525%2C300&ssl=1 1.5x, https:\/\/i0.wp.com\/lasprimeras.com.do\/wp-content\/uploads\/2024\/10\/Richard-Medina.jpg?resize=700%2C400&ssl=1 2x"},"classes":[]},{"id":97229,"url":"https:\/\/lasprimeras.com.do\/index.php\/2025\/04\/15\/gobierno-reduce-inversion-en-areas-vitales-condena-el-crecimiento-economico-del-pais\/","url_meta":{"origin":120994,"position":2},"title":"Gobierno reduce inversi\u00f3n en \u00e1reas vitales, condena el crecimiento econ\u00f3mico del pa\u00eds","author":"Nelson Feliz","date":"15 de abril de 2025","format":false,"excerpt":"Ricardo Medina; \u201cTenemos una factura de inter\u00e9s que crece sin control, y en este a\u00f1o ser\u00e1 casi igual al gasto en educaci\u00f3n. El economista Richard Medina, miembro del Comit\u00e9 Central del Partido de la Liberaci\u00f3n Dominicana (PLD), advirti\u00f3 que el gobierno pretende desviar la atenci\u00f3n del proceso de desaceleraci\u00f3n sostenida\u2026","rel":"","context":"En \u00abECONOM\u00cdA\u00bb","block_context":{"text":"ECONOM\u00cdA","link":"https:\/\/lasprimeras.com.do\/index.php\/category\/economia\/"},"img":{"alt_text":"Richard Medina","src":"https:\/\/i0.wp.com\/lasprimeras.com.do\/wp-content\/uploads\/2025\/04\/Richard-Medina.jpg?resize=350%2C200&ssl=1","width":350,"height":200,"srcset":"https:\/\/i0.wp.com\/lasprimeras.com.do\/wp-content\/uploads\/2025\/04\/Richard-Medina.jpg?resize=350%2C200&ssl=1 1x, https:\/\/i0.wp.com\/lasprimeras.com.do\/wp-content\/uploads\/2025\/04\/Richard-Medina.jpg?resize=525%2C300&ssl=1 1.5x, https:\/\/i0.wp.com\/lasprimeras.com.do\/wp-content\/uploads\/2025\/04\/Richard-Medina.jpg?resize=700%2C400&ssl=1 2x"},"classes":[]},{"id":108390,"url":"https:\/\/lasprimeras.com.do\/index.php\/2025\/09\/05\/richard-medina-existen-unos-rd51000-millones-disponibles-en-excedentes-financieros\/","url_meta":{"origin":120994,"position":3},"title":"Richard Medina: Existen unos RD$51,000 millones disponibles en excedentes financieros","author":"Nelson Feliz","date":"5 de septiembre de 2025","format":false,"excerpt":"El economista del CP del PLD, considera dif\u00edcil que se alcance la meta oficial de 3% de crecimiento en 2025. El miembro del Comit\u00e9 Pol\u00edtico del Partido de la Liberaci\u00f3n Dominicana (PLD), economista Richard Medina, advirti\u00f3 que la misi\u00f3n del Fondo Monetario Internacional (FMI) que eval\u00faa el Art\u00edculo IV en\u2026","rel":"","context":"En \u00abECONOM\u00cdA\u00bb","block_context":{"text":"ECONOM\u00cdA","link":"https:\/\/lasprimeras.com.do\/index.php\/category\/economia\/"},"img":{"alt_text":"","src":"https:\/\/i0.wp.com\/lasprimeras.com.do\/wp-content\/uploads\/2025\/09\/Richard-Medina.jpg?resize=350%2C200&ssl=1","width":350,"height":200,"srcset":"https:\/\/i0.wp.com\/lasprimeras.com.do\/wp-content\/uploads\/2025\/09\/Richard-Medina.jpg?resize=350%2C200&ssl=1 1x, https:\/\/i0.wp.com\/lasprimeras.com.do\/wp-content\/uploads\/2025\/09\/Richard-Medina.jpg?resize=525%2C300&ssl=1 1.5x"},"classes":[]},{"id":119168,"url":"https:\/\/lasprimeras.com.do\/index.php\/2026\/01\/07\/richard-medina-bajo-gasto-de-capital-es-limitante-para-el-crecimiento-economico\/","url_meta":{"origin":120994,"position":4},"title":"Richard Medina: Bajo gasto de capital es limitante para el crecimiento econ\u00f3mico","author":"Nelson Feliz","date":"7 de enero de 2026","format":false,"excerpt":"Richard Medina","rel":"","context":"En \u00abECONOM\u00cdA\u00bb","block_context":{"text":"ECONOM\u00cdA","link":"https:\/\/lasprimeras.com.do\/index.php\/category\/economia\/"},"img":{"alt_text":"Richard Medina","src":"https:\/\/i0.wp.com\/lasprimeras.com.do\/wp-content\/uploads\/2026\/01\/Richard-Medina.jpg?resize=350%2C200&ssl=1","width":350,"height":200,"srcset":"https:\/\/i0.wp.com\/lasprimeras.com.do\/wp-content\/uploads\/2026\/01\/Richard-Medina.jpg?resize=350%2C200&ssl=1 1x, https:\/\/i0.wp.com\/lasprimeras.com.do\/wp-content\/uploads\/2026\/01\/Richard-Medina.jpg?resize=525%2C300&ssl=1 1.5x, https:\/\/i0.wp.com\/lasprimeras.com.do\/wp-content\/uploads\/2026\/01\/Richard-Medina.jpg?resize=700%2C400&ssl=1 2x"},"classes":[]},{"id":117423,"url":"https:\/\/lasprimeras.com.do\/index.php\/2025\/12\/10\/richard-medina-preve-crecimiento-economico-dificil-en-rd-en-el-primer-trimestre-de-2026\/","url_meta":{"origin":120994,"position":5},"title":"Richard Medina prev\u00e9 crecimiento econ\u00f3mico dif\u00edcil en RD en el primer trimestre de 2026","author":"Nelson Feliz","date":"10 de diciembre de 2025","format":false,"excerpt":"El economista Richard Medina, miembro del Comit\u00e9 Pol\u00edtico del Partido de la Liberaci\u00f3n Dominicana (PLD) prev\u00e9 un crecimiento econ\u00f3mico dif\u00edcil para el primer trimestre del pr\u00f3ximo a\u00f1o 2026 en Rep\u00fablica Dominicana (PLD). Medina al intervenir en el programa El Sol de la Ma\u00f1ana reiter\u00f3 que el ritmo de crecimiento no\u2026","rel":"","context":"En \u00abECONOM\u00cdA\u00bb","block_context":{"text":"ECONOM\u00cdA","link":"https:\/\/lasprimeras.com.do\/index.php\/category\/economia\/"},"img":{"alt_text":"Richard Medina","src":"https:\/\/i0.wp.com\/lasprimeras.com.do\/wp-content\/uploads\/2025\/04\/Richard-Medina.jpg?resize=350%2C200&ssl=1","width":350,"height":200,"srcset":"https:\/\/i0.wp.com\/lasprimeras.com.do\/wp-content\/uploads\/2025\/04\/Richard-Medina.jpg?resize=350%2C200&ssl=1 1x, https:\/\/i0.wp.com\/lasprimeras.com.do\/wp-content\/uploads\/2025\/04\/Richard-Medina.jpg?resize=525%2C300&ssl=1 1.5x, https:\/\/i0.wp.com\/lasprimeras.com.do\/wp-content\/uploads\/2025\/04\/Richard-Medina.jpg?resize=700%2C400&ssl=1 2x"},"classes":[]}],"jetpack_sharing_enabled":true,"_links":{"self":[{"href":"https:\/\/lasprimeras.com.do\/index.php\/wp-json\/wp\/v2\/posts\/120994","targetHints":{"allow":["GET"]}}],"collection":[{"href":"https:\/\/lasprimeras.com.do\/index.php\/wp-json\/wp\/v2\/posts"}],"about":[{"href":"https:\/\/lasprimeras.com.do\/index.php\/wp-json\/wp\/v2\/types\/post"}],"author":[{"embeddable":true,"href":"https:\/\/lasprimeras.com.do\/index.php\/wp-json\/wp\/v2\/users\/10"}],"replies":[{"embeddable":true,"href":"https:\/\/lasprimeras.com.do\/index.php\/wp-json\/wp\/v2\/comments?post=120994"}],"version-history":[{"count":1,"href":"https:\/\/lasprimeras.com.do\/index.php\/wp-json\/wp\/v2\/posts\/120994\/revisions"}],"predecessor-version":[{"id":120996,"href":"https:\/\/lasprimeras.com.do\/index.php\/wp-json\/wp\/v2\/posts\/120994\/revisions\/120996"}],"wp:featuredmedia":[{"embeddable":true,"href":"https:\/\/lasprimeras.com.do\/index.php\/wp-json\/wp\/v2\/media\/120995"}],"wp:attachment":[{"href":"https:\/\/lasprimeras.com.do\/index.php\/wp-json\/wp\/v2\/media?parent=120994"}],"wp:term":[{"taxonomy":"category","embeddable":true,"href":"https:\/\/lasprimeras.com.do\/index.php\/wp-json\/wp\/v2\/categories?post=120994"},{"taxonomy":"post_tag","embeddable":true,"href":"https:\/\/lasprimeras.com.do\/index.php\/wp-json\/wp\/v2\/tags?post=120994"}],"curies":[{"name":"wp","href":"https:\/\/api.w.org\/{rel}","templated":true}]}}