{"id":120997,"date":"2026-01-30T06:00:00","date_gmt":"2026-01-30T10:00:00","guid":{"rendered":"https:\/\/lasprimeras.com.do\/?p=120997"},"modified":"2026-01-29T21:43:27","modified_gmt":"2026-01-30T01:43:27","slug":"copa-airlines-consolida-su-presencia-en-rd-con-el-reinicio-de-operaciones-a-santiago","status":"publish","type":"post","link":"https:\/\/lasprimeras.com.do\/index.php\/2026\/01\/30\/copa-airlines-consolida-su-presencia-en-rd-con-el-reinicio-de-operaciones-a-santiago\/","title":{"rendered":"Copa Airlines consolida su presencia en RD con el reinicio de operaciones a Santiago"},"content":{"rendered":"\n<p><strong>Los vuelos entre Panam\u00e1 y Santiago de los Caballeros operan con tres frecuencias semanales, los lunes, mi\u00e9rcoles y s\u00e1bados, conectando el Aeropuerto Internacional de Tocumen con el Aeropuerto Internacional del Cibao.<\/strong><\/p>\n\n\n\n<p>Copa Airlines (NYSE: CPA), subsidiaria de Copa Holdings, S. A. y miembro de la red global de aerol\u00edneas Star Alliance, consolida su presencia en la Rep\u00fablica Dominicana con el reinicio de operaciones hacia y desde la ciudad de Santiago de los Caballeros, fortaleciendo la conectividad a\u00e9rea del norte del pa\u00eds.<\/p>\n\n\n\n<p>Con esta operaci\u00f3n, la aerol\u00ednea ampl\u00eda las opciones de viaje desde el Cibao hacia el Norte, Centro, Suram\u00e9rica, a trav\u00e9s de su Hub de las Am\u00e9ricas\u00ae, ubicado en el Aeropuerto Internacional de Tocumen, en Ciudad de Panam\u00e1, facilitando los viajes de negocios, el intercambio comercial y la movilidad de la di\u00e1spora dominicana.<\/p>\n\n\n<div class=\"wp-block-image\">\n<figure class=\"alignleft size-full is-resized\"><img decoding=\"async\" width=\"900\" height=\"611\" src=\"https:\/\/lasprimeras.com.do\/wp-content\/uploads\/2026\/01\/Foto-principal-Gral.-Enmanuel-Souffront-Teofilo-Gomez-Jose-Clase-Ulises-Rodriguez-ibelca-Vasquez-Paola-Pla.jpg\" alt=\"\" class=\"wp-image-120999\" style=\"aspect-ratio:1.4730098469569344;width:355px;height:auto\" srcset=\"https:\/\/lasprimeras.com.do\/wp-content\/uploads\/2026\/01\/Foto-principal-Gral.-Enmanuel-Souffront-Teofilo-Gomez-Jose-Clase-Ulises-Rodriguez-ibelca-Vasquez-Paola-Pla.jpg 900w, https:\/\/lasprimeras.com.do\/wp-content\/uploads\/2026\/01\/Foto-principal-Gral.-Enmanuel-Souffront-Teofilo-Gomez-Jose-Clase-Ulises-Rodriguez-ibelca-Vasquez-Paola-Pla-300x204.jpg 300w, https:\/\/lasprimeras.com.do\/wp-content\/uploads\/2026\/01\/Foto-principal-Gral.-Enmanuel-Souffront-Teofilo-Gomez-Jose-Clase-Ulises-Rodriguez-ibelca-Vasquez-Paola-Pla-768x521.jpg 768w\" sizes=\"(max-width: 900px) 100vw, 900px\" \/><\/figure>\n<\/div>\n\n\n<p>El vicepresidente del Consejo de Administraci\u00f3n del Aeropuerto Internacional del Cibao, Jos\u00e9 Clase, resalt\u00f3 la importancia del vuelo de Copa Airlines desde Santiago, el cual permite la conexi\u00f3n con Centroam\u00e9rica y Sudam\u00e9rica, as\u00ed como con otros destinos como M\u00e9xico.<\/p>\n\n\n\n<p>Asimismo, Clase destac\u00f3 que esta alianza con Copa Airlines reafirma el compromiso del Aeropuerto Internacional del Cibao de ofrecer a sus pasajeros nuevas y mejores opciones de conectividad.<\/p>\n\n\n<div class=\"wp-block-image\">\n<figure class=\"alignright size-full is-resized\"><img decoding=\"async\" width=\"900\" height=\"725\" src=\"https:\/\/lasprimeras.com.do\/wp-content\/uploads\/2026\/01\/Apoyo-1-10.jpg\" alt=\"\" class=\"wp-image-121000\" style=\"aspect-ratio:1.2413827580173469;width:411px;height:auto\" srcset=\"https:\/\/lasprimeras.com.do\/wp-content\/uploads\/2026\/01\/Apoyo-1-10.jpg 900w, https:\/\/lasprimeras.com.do\/wp-content\/uploads\/2026\/01\/Apoyo-1-10-300x242.jpg 300w, https:\/\/lasprimeras.com.do\/wp-content\/uploads\/2026\/01\/Apoyo-1-10-768x619.jpg 768w\" sizes=\"(max-width: 900px) 100vw, 900px\" \/><\/figure>\n<\/div>\n\n\n<p>De su lado, la gerente general de Copa Airlines en la Rep\u00fablica Dominicana, Ibelca V\u00e1squez, destac\u00f3 que \u201cla reincorporaci\u00f3n de Santiago a nuestra red fortalece de manera significativa la conectividad del Cibao con los principales mercados del continente, facilitando los viajes de negocios, el comercio y los v\u00ednculos con la di\u00e1spora dominicana.<\/p>\n\n\n\n<p>Para Copa Airlines, este avance reafirma nuestro compromiso de largo plazo con el pa\u00eds y con el desarrollo de sus regiones.\u201d<\/p>\n\n\n\n<p>A partir del 15 de enero de 2026, con tres frecuencias semanales los lunes, jueves y s\u00e1bados.<\/p>\n\n\n\n<p>El vuelo CM480 partir\u00e1 de Panam\u00e1 a las 11:26 a.m. (hora local), llegando al Aeropuerto Internacional del Cibao a las 2:56 p.m. (hora local).<\/p>\n\n\n\n<p>El vuelo CM483 retornar\u00e1 los mismos d\u00edas a las 3:51 p.m., aterrizando en Panam\u00e1 a las 5:43 p.m. (hora local).<\/p>\n\n\n\n<figure class=\"wp-block-image size-full\"><img decoding=\"async\" width=\"900\" height=\"667\" src=\"https:\/\/lasprimeras.com.do\/wp-content\/uploads\/2026\/01\/Apoyo-2-4.jpg\" alt=\"\" class=\"wp-image-121001\" srcset=\"https:\/\/lasprimeras.com.do\/wp-content\/uploads\/2026\/01\/Apoyo-2-4.jpg 900w, https:\/\/lasprimeras.com.do\/wp-content\/uploads\/2026\/01\/Apoyo-2-4-300x222.jpg 300w, https:\/\/lasprimeras.com.do\/wp-content\/uploads\/2026\/01\/Apoyo-2-4-768x569.jpg 768w\" sizes=\"(max-width: 900px) 100vw, 900px\" \/><\/figure>\n\n\n\n<p>Santiago es reconocida como uno de los principales polos econ\u00f3micos y productivos de la Rep\u00fablica Dominicana, con una s\u00f3lida base industrial, comercial y de zonas francas.<\/p>\n\n\n\n<p>La incorporaci\u00f3n de esta ciudad a la red de Copa Airlines contribuye a mejorar la competitividad de la regi\u00f3n, facilitando su integraci\u00f3n con los principales mercados del continente.<\/p>\n\n\n\n<p>Con esta operaci\u00f3n, Copa Airlines conecta a la Rep\u00fablica Dominicana con cuatro destinos \u2014Punta Cana, Santo Domingo, Puerto Plata y Santiago \u2014 como parte de su red de m\u00e1s de 85 destinos en 32 pa\u00edses de Centro, Sur y Norteam\u00e9rica, as\u00ed como del Caribe.<\/p>\n\n\n\n<p>Para m\u00e1s informaci\u00f3n sobre horarios, reservas y destinos, visite www.copa.com o consulte en oficinas de venta, centro de atenci\u00f3n de llamadas o su agencia de viajes.<\/p>\n","protected":false},"excerpt":{"rendered":"<p>Los vuelos entre Panam\u00e1 y Santiago de los Caballeros operan con tres frecuencias semanales, los lunes, mi\u00e9rcoles y s\u00e1bados, conectando el Aeropuerto Internacional de Tocumen con el Aeropuerto Internacional del&hellip;<\/p>\n","protected":false},"author":10,"featured_media":120998,"comment_status":"open","ping_status":"open","sticky":false,"template":"","format":"standard","meta":{"content-type":"","jetpack_post_was_ever_published":false,"_jetpack_newsletter_access":"","_jetpack_dont_email_post_to_subs":false,"_jetpack_newsletter_tier_id":0,"_jetpack_memberships_contains_paywalled_content":false,"_jetpack_memberships_contains_paid_content":false,"footnotes":""},"categories":[35,25],"tags":[29890,612,127,1049],"class_list":["post-120997","post","type-post","status-publish","format-standard","has-post-thumbnail","hentry","category-nacionales","category-portada","tag-copa-airlines","tag-operaciones","tag-rd","tag-santiago"],"jetpack_featured_media_url":"https:\/\/lasprimeras.com.do\/wp-content\/uploads\/2026\/01\/Apoyo-3-1.jpg","jetpack-related-posts":[{"id":121422,"url":"https:\/\/lasprimeras.com.do\/index.php\/2026\/02\/04\/copa-airlines-celebra-su-regreso-a-santiago\/","url_meta":{"origin":120997,"position":0},"title":"Copa Airlines celebra su regreso a Santiago","author":"Nelson Feliz","date":"4 de febrero de 2026","format":false,"excerpt":"Copa Airlines, subsidiaria de Copa Holdings, S. A. y miembro de la red global de aerol\u00edneas Star Alliance, celebr\u00f3 el reinicio de sus vuelos hacia y desde Santiago de los Caballeros con un encuentro que reuni\u00f3 a representantes del sector empresarial, aliados estrat\u00e9gicos, medios de comunicaci\u00f3n y l\u00edderes locales, en\u2026","rel":"","context":"En \u00abNACIONALES\u00bb","block_context":{"text":"NACIONALES","link":"https:\/\/lasprimeras.com.do\/index.php\/category\/nacionales\/"},"img":{"alt_text":"","src":"https:\/\/i0.wp.com\/lasprimeras.com.do\/wp-content\/uploads\/2026\/02\/Foto-principal-.jpg?resize=350%2C200&ssl=1","width":350,"height":200,"srcset":"https:\/\/i0.wp.com\/lasprimeras.com.do\/wp-content\/uploads\/2026\/02\/Foto-principal-.jpg?resize=350%2C200&ssl=1 1x, https:\/\/i0.wp.com\/lasprimeras.com.do\/wp-content\/uploads\/2026\/02\/Foto-principal-.jpg?resize=525%2C300&ssl=1 1.5x, https:\/\/i0.wp.com\/lasprimeras.com.do\/wp-content\/uploads\/2026\/02\/Foto-principal-.jpg?resize=700%2C400&ssl=1 2x"},"classes":[]},{"id":90487,"url":"https:\/\/lasprimeras.com.do\/index.php\/2024\/10\/22\/copa-y-panama-lanzan-una-gran-alianza-para-atraer-300-000-turistas-de-ee-uu-y-suramerica\/","url_meta":{"origin":120997,"position":1},"title":"Copa y Panam\u00e1 lanzan una gran alianza para atraer 300.000 turistas de EE.UU. y Suram\u00e9rica","author":"Nelson Feliz","date":"22 de octubre de 2024","format":false,"excerpt":"Ciudad de Panam\u00e1, (EFE).- La aerol\u00ednea Copa Airlines y el Fondo de Promoci\u00f3n Tur\u00edstica de Panam\u00e1 (Promtur) lanzaron este martes una millonaria alianza para impulsar el turismo en ese pa\u00eds al reforzar el programa \u201cStopover\u201d de la aerol\u00ednea, enfocado en atraer 300.000 visitantes de Estados Unidos y pa\u00edses de Suram\u00e9rica.\u2026","rel":"","context":"En \u00abTURISMO\u00bb","block_context":{"text":"TURISMO","link":"https:\/\/lasprimeras.com.do\/index.php\/category\/turismo\/"},"img":{"alt_text":"","src":"https:\/\/i0.wp.com\/lasprimeras.com.do\/wp-content\/uploads\/2024\/10\/Marco-Ocando.jpg?resize=350%2C200&ssl=1","width":350,"height":200,"srcset":"https:\/\/i0.wp.com\/lasprimeras.com.do\/wp-content\/uploads\/2024\/10\/Marco-Ocando.jpg?resize=350%2C200&ssl=1 1x, https:\/\/i0.wp.com\/lasprimeras.com.do\/wp-content\/uploads\/2024\/10\/Marco-Ocando.jpg?resize=525%2C300&ssl=1 1.5x"},"classes":[]},{"id":58307,"url":"https:\/\/lasprimeras.com.do\/index.php\/2023\/08\/22\/seis-vuelos-cancelados-y-uno-retrasado-por-el-paso-de-tormenta-franklin-sobre-rd\/","url_meta":{"origin":120997,"position":2},"title":"Seis vuelos cancelados y uno retrasado por el paso de tormenta Franklin sobre RD","author":"Nelson Feliz","date":"22 de agosto de 2023","format":false,"excerpt":"El Aeropuerto Internacional de Las Am\u00e9ricas Jos\u00e9 Francisco Pe\u00f1a G\u00f3mez (AILA), inform\u00f3 este martes que sus operaciones se est\u00e1n desarrollando sin novedad y que sus vuelos para el d\u00eda de hoy se mantienen sin variaci\u00f3n, excepto por tres vuelos programados para esta noche: dos a la ciudad de Panam\u00e1 y\u2026","rel":"","context":"En \u00abNACIONALES\u00bb","block_context":{"text":"NACIONALES","link":"https:\/\/lasprimeras.com.do\/index.php\/category\/nacionales\/"},"img":{"alt_text":"Aereopuerto Aila","src":"https:\/\/i0.wp.com\/lasprimeras.com.do\/wp-content\/uploads\/2023\/07\/Aereopuerto-Aila.jpg?resize=350%2C200&ssl=1","width":350,"height":200,"srcset":"https:\/\/i0.wp.com\/lasprimeras.com.do\/wp-content\/uploads\/2023\/07\/Aereopuerto-Aila.jpg?resize=350%2C200&ssl=1 1x, https:\/\/i0.wp.com\/lasprimeras.com.do\/wp-content\/uploads\/2023\/07\/Aereopuerto-Aila.jpg?resize=525%2C300&ssl=1 1.5x, https:\/\/i0.wp.com\/lasprimeras.com.do\/wp-content\/uploads\/2023\/07\/Aereopuerto-Aila.jpg?resize=700%2C400&ssl=1 2x"},"classes":[]},{"id":86532,"url":"https:\/\/lasprimeras.com.do\/index.php\/2024\/07\/26\/sobrevenden-vuelo-y-dejan-varados-en-guatemala-a-comitiva-viajaba-con-ministro-diaz-morfa\/","url_meta":{"origin":120997,"position":3},"title":"Sobrevenden vuelo y dejan varados en Guatemala a comitiva viajaba con Ministro D\u00edaz Morfa","author":"Nelson Feliz","date":"26 de julio de 2024","format":false,"excerpt":"Por Martin Restituyo Tres Oficiales de las Fuerzas Armadas dominicanas que viajaban con el ministro de Defensa teniente general Carlos Luciano D\u00edaz Morfa, para participar en la reuni\u00f3n de ministros de Defensa del Consejo Superior de la Conferencia de las Fuerzas Armadas Centroamericanas (CFAC), se quedaron varados en el Aeropuerto\u2026","rel":"","context":"En \u00abNACIONALES\u00bb","block_context":{"text":"NACIONALES","link":"https:\/\/lasprimeras.com.do\/index.php\/category\/nacionales\/"},"img":{"alt_text":"Carlos Luciano D\u00edaz Morfa","src":"https:\/\/i0.wp.com\/lasprimeras.com.do\/wp-content\/uploads\/2024\/07\/Carlos-L.-Diaz-Morfa.jpg?resize=350%2C200&ssl=1","width":350,"height":200,"srcset":"https:\/\/i0.wp.com\/lasprimeras.com.do\/wp-content\/uploads\/2024\/07\/Carlos-L.-Diaz-Morfa.jpg?resize=350%2C200&ssl=1 1x, https:\/\/i0.wp.com\/lasprimeras.com.do\/wp-content\/uploads\/2024\/07\/Carlos-L.-Diaz-Morfa.jpg?resize=525%2C300&ssl=1 1.5x, https:\/\/i0.wp.com\/lasprimeras.com.do\/wp-content\/uploads\/2024\/07\/Carlos-L.-Diaz-Morfa.jpg?resize=700%2C400&ssl=1 2x"},"classes":[]},{"id":109736,"url":"https:\/\/lasprimeras.com.do\/index.php\/2025\/09\/21\/tras-9-horas-de-falla-el-aila-restablece-en-un-100-la-energia-electrica\/","url_meta":{"origin":120997,"position":4},"title":"Tras 9 horas de falla, el AILA restablece en un 100 % la energ\u00eda el\u00e9ctrica","author":"Nelson Feliz","date":"21 de septiembre de 2025","format":false,"excerpt":"M\u00e1s de 30 vuelos resultaron afectados a lo largo del d\u00eda con desv\u00edos, cancelaciones y retrasos. A las 6:05 de la tarde fue restablecida en su totalidad la energ\u00eda el\u00e9ctrica en el Aeropuerto Internacional de las Am\u00e9ricas (AILA) Jos\u00e9 Francisco Pe\u00f1a G\u00f3mez, luego de la falla que le afect\u00f3 por\u2026","rel":"","context":"En \u00abNACIONALES\u00bb","block_context":{"text":"NACIONALES","link":"https:\/\/lasprimeras.com.do\/index.php\/category\/nacionales\/"},"img":{"alt_text":"","src":"https:\/\/i0.wp.com\/lasprimeras.com.do\/wp-content\/uploads\/2025\/09\/aila.jpg?resize=350%2C200&ssl=1","width":350,"height":200,"srcset":"https:\/\/i0.wp.com\/lasprimeras.com.do\/wp-content\/uploads\/2025\/09\/aila.jpg?resize=350%2C200&ssl=1 1x, https:\/\/i0.wp.com\/lasprimeras.com.do\/wp-content\/uploads\/2025\/09\/aila.jpg?resize=525%2C300&ssl=1 1.5x, https:\/\/i0.wp.com\/lasprimeras.com.do\/wp-content\/uploads\/2025\/09\/aila.jpg?resize=700%2C400&ssl=1 2x"},"classes":[]},{"id":120650,"url":"https:\/\/lasprimeras.com.do\/index.php\/2026\/01\/26\/al-menos-89-vuelos-cancelados-entre-ee-uu-y-rd-por-tormenta-invernal\/","url_meta":{"origin":120997,"position":5},"title":"Al menos 89 vuelos cancelados entre EE. UU. y RD por tormenta invernal","author":"Nelson Feliz","date":"26 de enero de 2026","format":false,"excerpt":"Aeropuertos dominicanos comienzan a normalizar operaciones tras cancelaciones masivas de vuelos. Un total de 89 vuelos entre Estados Unidos y la Rep\u00fablica Dominicana fueron cancelados este lunes debido a las condiciones clim\u00e1ticas generadas por una tormenta invernal que afecta desde el pasado viernes a varios estados del pa\u00eds norteamericano y\u2026","rel":"","context":"En \u00abNACIONALES\u00bb","block_context":{"text":"NACIONALES","link":"https:\/\/lasprimeras.com.do\/index.php\/category\/nacionales\/"},"img":{"alt_text":"Aeropuerto Internacional Boston Logan, bajo una tormenta de nieve","src":"https:\/\/i0.wp.com\/lasprimeras.com.do\/wp-content\/uploads\/2026\/01\/Aeropuerto-Internacional-Boston-Logan-bajo-una-tormenta-de-nieve.jpg?resize=350%2C200&ssl=1","width":350,"height":200,"srcset":"https:\/\/i0.wp.com\/lasprimeras.com.do\/wp-content\/uploads\/2026\/01\/Aeropuerto-Internacional-Boston-Logan-bajo-una-tormenta-de-nieve.jpg?resize=350%2C200&ssl=1 1x, https:\/\/i0.wp.com\/lasprimeras.com.do\/wp-content\/uploads\/2026\/01\/Aeropuerto-Internacional-Boston-Logan-bajo-una-tormenta-de-nieve.jpg?resize=525%2C300&ssl=1 1.5x, https:\/\/i0.wp.com\/lasprimeras.com.do\/wp-content\/uploads\/2026\/01\/Aeropuerto-Internacional-Boston-Logan-bajo-una-tormenta-de-nieve.jpg?resize=700%2C400&ssl=1 2x"},"classes":[]}],"jetpack_sharing_enabled":true,"_links":{"self":[{"href":"https:\/\/lasprimeras.com.do\/index.php\/wp-json\/wp\/v2\/posts\/120997","targetHints":{"allow":["GET"]}}],"collection":[{"href":"https:\/\/lasprimeras.com.do\/index.php\/wp-json\/wp\/v2\/posts"}],"about":[{"href":"https:\/\/lasprimeras.com.do\/index.php\/wp-json\/wp\/v2\/types\/post"}],"author":[{"embeddable":true,"href":"https:\/\/lasprimeras.com.do\/index.php\/wp-json\/wp\/v2\/users\/10"}],"replies":[{"embeddable":true,"href":"https:\/\/lasprimeras.com.do\/index.php\/wp-json\/wp\/v2\/comments?post=120997"}],"version-history":[{"count":1,"href":"https:\/\/lasprimeras.com.do\/index.php\/wp-json\/wp\/v2\/posts\/120997\/revisions"}],"predecessor-version":[{"id":121002,"href":"https:\/\/lasprimeras.com.do\/index.php\/wp-json\/wp\/v2\/posts\/120997\/revisions\/121002"}],"wp:featuredmedia":[{"embeddable":true,"href":"https:\/\/lasprimeras.com.do\/index.php\/wp-json\/wp\/v2\/media\/120998"}],"wp:attachment":[{"href":"https:\/\/lasprimeras.com.do\/index.php\/wp-json\/wp\/v2\/media?parent=120997"}],"wp:term":[{"taxonomy":"category","embeddable":true,"href":"https:\/\/lasprimeras.com.do\/index.php\/wp-json\/wp\/v2\/categories?post=120997"},{"taxonomy":"post_tag","embeddable":true,"href":"https:\/\/lasprimeras.com.do\/index.php\/wp-json\/wp\/v2\/tags?post=120997"}],"curies":[{"name":"wp","href":"https:\/\/api.w.org\/{rel}","templated":true}]}}