{"id":121021,"date":"2026-01-30T08:52:34","date_gmt":"2026-01-30T12:52:34","guid":{"rendered":"https:\/\/lasprimeras.com.do\/?p=121021"},"modified":"2026-01-30T08:52:36","modified_gmt":"2026-01-30T12:52:36","slug":"fp-senasa-acumula-deuda-de-rd10-mil-millones-morosidad-se-disparo-de-1-a-44","status":"publish","type":"post","link":"https:\/\/lasprimeras.com.do\/index.php\/2026\/01\/30\/fp-senasa-acumula-deuda-de-rd10-mil-millones-morosidad-se-disparo-de-1-a-44\/","title":{"rendered":"FP: SENASA acumula deuda de RD$10 mil millones; morosidad se dispar\u00f3 de 1% a 44%*"},"content":{"rendered":"\n<p>_Ram\u00f3n Alvarado presenta balance 2025 y advierte colapso del sistema de salud por crisis financiera, precariedad hospitalaria y abandono de la atenci\u00f3n primaria._<\/p>\n\n\n\n<p>El partido Fuerza del Pueblo (FP) denunci\u00f3 este jueves que el Seguro Nacional de Salud (SENASA) atraviesa una profunda crisis financiera y gerencial, evidenciada en una deuda acumulada cercana a los RD$10 mil millones con prestadores privados y una morosidad que se dispar\u00f3 de menos de 1% a 44%, situaci\u00f3n que pone en riesgo la sostenibilidad del sistema de salud dominicano y la continuidad de los servicios a la poblaci\u00f3n.<\/p>\n\n\n\n<p>La denuncia fue hecha por el doctor Ram\u00f3n Alvarado, titular de la Secretar\u00eda de Salud de la Fuerza del Pueblo, durante una rueda de prensa en la que present\u00f3 una s\u00edntesis del balance del sistema de salud correspondiente al a\u00f1o 2025, el cual defini\u00f3 como \u201cuno de los a\u00f1os m\u00e1s catastr\u00f3ficos para el sistema sanitario dominicano\u201d.<\/p>\n\n\n\n<p>Al presentar el documento, Alvarado advirti\u00f3 que \u201cla situaci\u00f3n del SENASA constituye un acontecimiento sin precedentes en la historia sanitaria nacional\u201d y se\u00f1al\u00f3 que esta crisis ha generado \u201climitaciones severas en la autorizaci\u00f3n de servicios, medicamentos, insumos, estudios diagn\u00f3sticos y procedimientos\u201d.<\/p>\n\n\n\n<p>El texto sostiene que esta situaci\u00f3n ha provocado un aumento del d\u00e9ficit financiero en los hospitales p\u00fablicos y ha colocado \u201cen amenaza de quiebra a numerosos prestadores privados\u201d.<\/p>\n\n\n\n<p>Asimismo, record\u00f3 que el actual gobierno recibi\u00f3 este indicador de morosidad \u201cen menos de un uno por ciento\u201d, lo que, a su juicio, evidencia un deterioro acelerado bajo la actual gesti\u00f3n gubernamental.<\/p>\n\n\n\n<p>Durante su exposici\u00f3n, el dirigente pol\u00edtico sostuvo que este colapso ocurre en un contexto m\u00e1s amplio de abandono del sistema p\u00fablico de salud.<\/p>\n\n\n\n<p>En el documento se afirma que los gobiernos del PRM se han caracterizado por \u201cfalta de planes, improvisaci\u00f3n, bajo financiamiento, abandono de programas y desplome de los hospitales y los servicios de atenci\u00f3n primaria\u201d.<\/p>\n\n\n\n<p>En cuanto a la infraestructura hospitalaria, Alvarado cit\u00f3 estudios que revelan que \u201c60 centros de salud de segundo y tercer nivel presentan serios da\u00f1os en sus estructuras f\u00edsicas\u201d.<\/p>\n\n\n\n<p>El texto advierte adem\u00e1s que \u201cel 92% no posee ambulancia para trasladar a los pacientes\u201d y que \u201cel 80% de los directores hospitalarios consultados admitieron deficiencias en el suministro de medicamentos e insumos\u201d, lo que compromete seriamente la capacidad de respuesta de los centros de salud.<\/p>\n\n\n\n<p>El documento presentado en la rueda de prensa se\u00f1ala que \u201ccomo si esto fuera poco, el comportamiento del actual gobierno resulta altamente preocupante por la irresponsabilidad de inaugurar y entregar establecimientos en proceso de remodelaci\u00f3n como si estuvieran terminados\u201d, cuando en realidad \u201cse encuentran incompletos por la falta de personal, equipos, materiales e insumos de salud requeridos\u201d.<\/p>\n\n\n\n<p>M\u00e1s grave a\u00fan, advierte el texto, es \u201cla falta de una correcta supervisi\u00f3n de ingenier\u00eda, lo que ha provocado desprendimientos estructurales que ponen en riesgo la seguridad de pacientes, personal y visitantes\u201d.<\/p>\n\n\n\n<p>Como ejemplos concretos, Alvarado cit\u00f3 el Hospital Salvador B. Gautier, cuya situaci\u00f3n se caracteriza por \u201cfalta de higiene, hacinamiento, desorganizaci\u00f3n y pacientes graves que permanecen d\u00edas, semanas y hasta meses en el \u00e1rea de emergencia esperando una cama de internamiento\u201d.<\/p>\n\n\n\n<p>Tambi\u00e9n mencion\u00f3 el Hospital Padre Billini, del cual se afirma que \u201ctras m\u00e1s de siete a\u00f1os de remozamiento, este gobierno no ha sido capaz de concluirlo y entregarlo\u201d, obligando a m\u00e9dicos y pacientes a recibir atenci\u00f3n en condiciones precarias.<\/p>\n\n\n\n<p>El balance incluye adem\u00e1s hospitales regionales como el Luis L. Bogaert, de Valverde Mao, donde \u00e1reas como cirug\u00eda, traumatolog\u00eda y di\u00e1lisis \u201cpermanecen cerradas desde hace m\u00e1s de cuatro a\u00f1os\u201d; el Ram\u00f3n Mat\u00edas Mella, de Dajab\u00f3n, descrito como \u201cal borde del colapso\u201d; as\u00ed como centros de salud en Nagua, Loma de Cabrera y Restauraci\u00f3n, que operan con severas limitaciones de personal y equipos, o mantienen cerradas \u00e1reas de internamiento.<\/p>\n\n\n\n<p>Asimismo, el galeno cit\u00f3 casos similares en centros sanitarios como el Hospital Jos\u00e9 Francisco Pe\u00f1a G\u00f3mez, el Hospital Ram\u00f3n Villalona, de Loma de Cabrera; el hospital de Restauraci\u00f3n, con \u00e1reas de internamiento cerradas; el Hospital Yapour Hedec y el Hospital Luis Bonilla Castillo, de Matancita, todos afectados por carencias estructurales, d\u00e9ficit de personal y falta de equipos diagn\u00f3sticos.<\/p>\n\n\n\n<p>En materia de mortalidad, el documento cita datos oficiales del Ministerio de Salud P\u00fablica que reportan \u201c177 muertes maternas por cada 100 mil nacidos vivos en 2025\u201d, cifra que, advierte el texto, aleja al pa\u00eds de la meta de los Objetivos de Desarrollo Sostenible, que establece un m\u00e1ximo de 70 muertes por cada 100 mil nacidos vivos.<\/p>\n\n\n\n<p>Sobre la atenci\u00f3n primaria, Alvarado indic\u00f3 que \u201cel primer nivel de atenci\u00f3n, puerta de entrada del sistema de salud, se encuentra en condiciones deplorables\u201d.<\/p>\n\n\n\n<p>Entre los datos destacados figuran que \u201cel 59% de las UNAP est\u00e1 dirigido por pasantes, solo el 5% por m\u00e9dicos de familia\u201d y que \u201cel 67% no cumple con los criterios exigidos del sistema de informaci\u00f3n\u201d.<\/p>\n\n\n\n<p>El texto subraya adem\u00e1s que \u201cel gasto de bolsillo en salud supera el 40%, mientras la inversi\u00f3n p\u00fablica apenas alcanza el 2.8% del PIB\u201d.<\/p>\n\n\n\n<p>Al cierre de la presentaci\u00f3n, el titular de la Secretar\u00eda de Salud de la Fuerza del Pueblo afirm\u00f3 que \u201cel a\u00f1o 2025 result\u00f3 ser desastroso para el sistema de salud dominicano\u201d, atribuyendo esta situaci\u00f3n a \u201cun gobierno incapaz, indolente e inhumano, que genera bajas expectativas y alta desconfianza en la poblaci\u00f3n\u201d.<\/p>\n","protected":false},"excerpt":{"rendered":"<p>_Ram\u00f3n Alvarado presenta balance 2025 y advierte colapso del sistema de salud por crisis financiera, precariedad hospitalaria y abandono de la atenci\u00f3n primaria._ El partido Fuerza del Pueblo (FP) denunci\u00f3&hellip;<\/p>\n","protected":false},"author":10,"featured_media":121022,"comment_status":"open","ping_status":"open","sticky":false,"template":"","format":"standard","meta":{"content-type":"","jetpack_post_was_ever_published":false,"_jetpack_newsletter_access":"","_jetpack_dont_email_post_to_subs":false,"_jetpack_newsletter_tier_id":0,"_jetpack_memberships_contains_paywalled_content":false,"_jetpack_memberships_contains_paid_content":false,"footnotes":""},"categories":[16559,25],"tags":[2064,79,24202,580],"class_list":["post-121021","post","type-post","status-publish","format-standard","has-post-thumbnail","hentry","category-politica","category-portada","tag-deuda","tag-fp","tag-morosidad","tag-senasa"],"jetpack_featured_media_url":"https:\/\/lasprimeras.com.do\/wp-content\/uploads\/2026\/01\/IMG-20260129-WA0679-scaled.jpg","jetpack-related-posts":[{"id":101799,"url":"https:\/\/lasprimeras.com.do\/index.php\/2025\/06\/26\/fp-alerta-sobre-crisis-financiera-en-senasa-la-salud-de-millones-esta-en-riesgo\/","url_meta":{"origin":121021,"position":0},"title":"FP alerta sobre crisis financiera en SeNaSa: \u201cLa salud de millones est\u00e1 en riesgo\u201d","author":"Nelson Feliz","date":"26 de junio de 2025","format":false,"excerpt":"Los secretarios de Salud y Seguridad Social del partido Fuerza del Pueblo (FP) advirtieron este mi\u00e9rcoles sobre una profunda crisis financiera y de gobernanza que afecta al Seguro Nacional de Salud (SeNaSa), poniendo en riesgo a millones de afiliados de la entidad estatal. En una rueda de prensa conjunta celebrada\u2026","rel":"","context":"En \u00abPORTADA\u00bb","block_context":{"text":"PORTADA","link":"https:\/\/lasprimeras.com.do\/index.php\/category\/portada\/"},"img":{"alt_text":"Fuerza del Pueblo","src":"https:\/\/i0.wp.com\/lasprimeras.com.do\/wp-content\/uploads\/2023\/08\/Fuerza-del-Pueblo-2.jpg?resize=350%2C200&ssl=1","width":350,"height":200,"srcset":"https:\/\/i0.wp.com\/lasprimeras.com.do\/wp-content\/uploads\/2023\/08\/Fuerza-del-Pueblo-2.jpg?resize=350%2C200&ssl=1 1x, https:\/\/i0.wp.com\/lasprimeras.com.do\/wp-content\/uploads\/2023\/08\/Fuerza-del-Pueblo-2.jpg?resize=525%2C300&ssl=1 1.5x, https:\/\/i0.wp.com\/lasprimeras.com.do\/wp-content\/uploads\/2023\/08\/Fuerza-del-Pueblo-2.jpg?resize=700%2C400&ssl=1 2x"},"classes":[]},{"id":101952,"url":"https:\/\/lasprimeras.com.do\/index.php\/2025\/06\/29\/senasa-al-borde-de-la-quiebra-por-crisis-financiera-y-gerencial\/","url_meta":{"origin":121021,"position":1},"title":"SENASA al borde de la quiebra por crisis financiera y gerencial","author":"Nelson Feliz","date":"29 de junio de 2025","format":false,"excerpt":"Por Arturo Taveras El gobierno ha inoculado un virus malicioso llamado ''Seguro Larimar, lanzado como un dardo venenoso para enfrentar y deslegitimar a Salud Dominicana, un modelo exitoso y con mas de 15 a\u00f1os en el mercado, concebido por el joven empresario Johan Rosario, para la di\u00e1spora dominicana, en Estados\u2026","rel":"","context":"En \u00abPORTADA\u00bb","block_context":{"text":"PORTADA","link":"https:\/\/lasprimeras.com.do\/index.php\/category\/portada\/"},"img":{"alt_text":"","src":"https:\/\/i0.wp.com\/lasprimeras.com.do\/wp-content\/uploads\/2025\/02\/SeNaSa.jpg?resize=350%2C200&ssl=1","width":350,"height":200,"srcset":"https:\/\/i0.wp.com\/lasprimeras.com.do\/wp-content\/uploads\/2025\/02\/SeNaSa.jpg?resize=350%2C200&ssl=1 1x, https:\/\/i0.wp.com\/lasprimeras.com.do\/wp-content\/uploads\/2025\/02\/SeNaSa.jpg?resize=525%2C300&ssl=1 1.5x, https:\/\/i0.wp.com\/lasprimeras.com.do\/wp-content\/uploads\/2025\/02\/SeNaSa.jpg?resize=700%2C400&ssl=1 2x"},"classes":[]},{"id":102357,"url":"https:\/\/lasprimeras.com.do\/index.php\/2025\/07\/03\/fuerza-del-pueblo-pide-senasa-sea-auditada-e-intervenida\/","url_meta":{"origin":121021,"position":2},"title":"Fuerza del Pueblo pide Senasa sea auditada e intervenida","author":"Nelson Feliz","date":"3 de julio de 2025","format":false,"excerpt":"El secretario de Seguridad de la Fuerza del Pueblo (FP), Fernando Caama\u00f1o, pidi\u00f3 este jueves, durante una entrevista en el programa Matutino Su Mundo, que se realice una auditor\u00eda a la cartera de afiliados del r\u00e9gimen subsidiado de la ARS Senasa, debido a la supuesta crisis financiera que atraviesa esta\u2026","rel":"","context":"En \u00abPOLITICA\u00bb","block_context":{"text":"POLITICA","link":"https:\/\/lasprimeras.com.do\/index.php\/category\/politica\/"},"img":{"alt_text":"Fernando Caama\u00f1o","src":"https:\/\/i0.wp.com\/lasprimeras.com.do\/wp-content\/uploads\/2025\/07\/Fernando-Caamano.jpg?resize=350%2C200&ssl=1","width":350,"height":200,"srcset":"https:\/\/i0.wp.com\/lasprimeras.com.do\/wp-content\/uploads\/2025\/07\/Fernando-Caamano.jpg?resize=350%2C200&ssl=1 1x, https:\/\/i0.wp.com\/lasprimeras.com.do\/wp-content\/uploads\/2025\/07\/Fernando-Caamano.jpg?resize=525%2C300&ssl=1 1.5x"},"classes":[]},{"id":117142,"url":"https:\/\/lasprimeras.com.do\/index.php\/2025\/12\/08\/bautista-rojas-gomez-denuncia-crisis-en-senasa-y-el-sector-salud\/","url_meta":{"origin":121021,"position":3},"title":"Bautista Rojas G\u00f3mez denuncia crisis en SENASA y el sector salud","author":"Nelson Feliz","date":"8 de diciembre de 2025","format":false,"excerpt":"Advierte sobre alto costo del cerdo navide\u00f1o y posible movilizaci\u00f3n popular El prominente dirigente pol\u00edtico y secretario de Organizaci\u00f3n de la Fuerza del Pueblo (FP), Dr. Bautista Rojas G\u00f3mez, ha lanzado fuertes acusaciones contra la administraci\u00f3n del presidente Luis Abinader, centrando sus cr\u00edticas en la gesti\u00f3n de la Seguro Nacional\u2026","rel":"","context":"En \u00abPOLITICA\u00bb","block_context":{"text":"POLITICA","link":"https:\/\/lasprimeras.com.do\/index.php\/category\/politica\/"},"img":{"alt_text":"Bautista Rojas G\u00f3mez","src":"https:\/\/i0.wp.com\/lasprimeras.com.do\/wp-content\/uploads\/2025\/12\/Bautista-Rojas-Gomez.jpg?resize=350%2C200&ssl=1","width":350,"height":200,"srcset":"https:\/\/i0.wp.com\/lasprimeras.com.do\/wp-content\/uploads\/2025\/12\/Bautista-Rojas-Gomez.jpg?resize=350%2C200&ssl=1 1x, https:\/\/i0.wp.com\/lasprimeras.com.do\/wp-content\/uploads\/2025\/12\/Bautista-Rojas-Gomez.jpg?resize=525%2C300&ssl=1 1.5x, https:\/\/i0.wp.com\/lasprimeras.com.do\/wp-content\/uploads\/2025\/12\/Bautista-Rojas-Gomez.jpg?resize=700%2C400&ssl=1 2x, https:\/\/i0.wp.com\/lasprimeras.com.do\/wp-content\/uploads\/2025\/12\/Bautista-Rojas-Gomez.jpg?resize=1050%2C600&ssl=1 3x"},"classes":[]},{"id":102775,"url":"https:\/\/lasprimeras.com.do\/index.php\/2025\/07\/08\/las-propuestas-del-pld-para-solucionar-crisis-del-senasa\/","url_meta":{"origin":121021,"position":4},"title":"Las propuestas del PLD para solucionar crisis del SENASA","author":"Nelson Feliz","date":"8 de julio de 2025","format":false,"excerpt":"Es preocupante el progresivo deterioro del Seguro Nacional de Salud (SeNaSa). El Partido de la Liberaci\u00f3n Dominicana (PLD) manifest\u00f3 su profunda preocupaci\u00f3n por el progresivo deterioro del Seguro Nacional de Salud (SeNaSa), entidad que por m\u00e1s de dos d\u00e9cadas fue el principal garante del aseguramiento p\u00fablico en salud y un\u2026","rel":"","context":"En \u00abPOLITICA\u00bb","block_context":{"text":"POLITICA","link":"https:\/\/lasprimeras.com.do\/index.php\/category\/politica\/"},"img":{"alt_text":"","src":"https:\/\/i0.wp.com\/lasprimeras.com.do\/wp-content\/uploads\/2025\/07\/Altagracia-Guzman-Marcelino.jpg?resize=350%2C200&ssl=1","width":350,"height":200,"srcset":"https:\/\/i0.wp.com\/lasprimeras.com.do\/wp-content\/uploads\/2025\/07\/Altagracia-Guzman-Marcelino.jpg?resize=350%2C200&ssl=1 1x, https:\/\/i0.wp.com\/lasprimeras.com.do\/wp-content\/uploads\/2025\/07\/Altagracia-Guzman-Marcelino.jpg?resize=525%2C300&ssl=1 1.5x, https:\/\/i0.wp.com\/lasprimeras.com.do\/wp-content\/uploads\/2025\/07\/Altagracia-Guzman-Marcelino.jpg?resize=700%2C400&ssl=1 2x"},"classes":[]},{"id":117089,"url":"https:\/\/lasprimeras.com.do\/index.php\/2025\/12\/07\/fernando-caamano-fp-reclama-que-caso-senasa-llegue-hasta-las-ultimas-consecuencias\/","url_meta":{"origin":121021,"position":5},"title":"Fernando Caama\u00f1o: FP reclama que caso Senasa llegue &#8220;hasta las \u00faltimas consecuencias&#8221;","author":"Nelson Feliz","date":"7 de diciembre de 2025","format":false,"excerpt":"El partido Fuerza del Pueblo (FP) exigi\u00f3 este domingo que el caso del \"desfalco millonario\" sea investigado hasta las \u00faltimas consecuencias por la Procuradur\u00eda General de la Rep\u00fablica y asegur\u00f3 que las primeras denuncias de irregularidades en la entidad fueron realizadas por esa organizaci\u00f3n desde 2021. La posici\u00f3n fue expresada\u2026","rel":"","context":"En \u00abPOLITICA\u00bb","block_context":{"text":"POLITICA","link":"https:\/\/lasprimeras.com.do\/index.php\/category\/politica\/"},"img":{"alt_text":"Fernando Caama\u00f1o","src":"https:\/\/i0.wp.com\/lasprimeras.com.do\/wp-content\/uploads\/2025\/07\/Fernando-Caamano.jpg?resize=350%2C200&ssl=1","width":350,"height":200,"srcset":"https:\/\/i0.wp.com\/lasprimeras.com.do\/wp-content\/uploads\/2025\/07\/Fernando-Caamano.jpg?resize=350%2C200&ssl=1 1x, https:\/\/i0.wp.com\/lasprimeras.com.do\/wp-content\/uploads\/2025\/07\/Fernando-Caamano.jpg?resize=525%2C300&ssl=1 1.5x"},"classes":[]}],"jetpack_sharing_enabled":true,"_links":{"self":[{"href":"https:\/\/lasprimeras.com.do\/index.php\/wp-json\/wp\/v2\/posts\/121021","targetHints":{"allow":["GET"]}}],"collection":[{"href":"https:\/\/lasprimeras.com.do\/index.php\/wp-json\/wp\/v2\/posts"}],"about":[{"href":"https:\/\/lasprimeras.com.do\/index.php\/wp-json\/wp\/v2\/types\/post"}],"author":[{"embeddable":true,"href":"https:\/\/lasprimeras.com.do\/index.php\/wp-json\/wp\/v2\/users\/10"}],"replies":[{"embeddable":true,"href":"https:\/\/lasprimeras.com.do\/index.php\/wp-json\/wp\/v2\/comments?post=121021"}],"version-history":[{"count":1,"href":"https:\/\/lasprimeras.com.do\/index.php\/wp-json\/wp\/v2\/posts\/121021\/revisions"}],"predecessor-version":[{"id":121023,"href":"https:\/\/lasprimeras.com.do\/index.php\/wp-json\/wp\/v2\/posts\/121021\/revisions\/121023"}],"wp:featuredmedia":[{"embeddable":true,"href":"https:\/\/lasprimeras.com.do\/index.php\/wp-json\/wp\/v2\/media\/121022"}],"wp:attachment":[{"href":"https:\/\/lasprimeras.com.do\/index.php\/wp-json\/wp\/v2\/media?parent=121021"}],"wp:term":[{"taxonomy":"category","embeddable":true,"href":"https:\/\/lasprimeras.com.do\/index.php\/wp-json\/wp\/v2\/categories?post=121021"},{"taxonomy":"post_tag","embeddable":true,"href":"https:\/\/lasprimeras.com.do\/index.php\/wp-json\/wp\/v2\/tags?post=121021"}],"curies":[{"name":"wp","href":"https:\/\/api.w.org\/{rel}","templated":true}]}}