{"id":121079,"date":"2026-01-31T20:55:23","date_gmt":"2026-02-01T00:55:23","guid":{"rendered":"https:\/\/lasprimeras.com.do\/?p=121079"},"modified":"2026-01-31T20:55:26","modified_gmt":"2026-02-01T00:55:26","slug":"presidente-abinader-entrega-200-apartamentos-en-sdo-financiados-por-banreservas","status":"publish","type":"post","link":"https:\/\/lasprimeras.com.do\/index.php\/2026\/01\/31\/presidente-abinader-entrega-200-apartamentos-en-sdo-financiados-por-banreservas\/","title":{"rendered":"Presidente Abinader entrega 200 apartamentos en SDO financiados por Banreservas"},"content":{"rendered":"\n<p><strong>La entidad financiera dispuso de una tasa de 8%, fija a siete a\u00f1os, para los adquirientes<\/strong><\/p>\n\n\n\n<p>El presidente Luis Abinader entreg\u00f3 este s\u00e1bado 200 apartamentos del proyecto Lolita II, en el sector de Manoguayabo, Santo Domingo Oeste, como parte del programa Mi Vivienda a familias, cuyas adquisiciones fueron financiadas por el Banco de Reservas.<\/p>\n\n\n\n<p>Alieska D\u00edaz, vicepresidente ejecutiva senior Administrativa, quien habl\u00f3 en representaci\u00f3n del presidente ejecutivo de Banreservas, doctor Leonardo Aguilera, dijo que los nuevos propietarios han recibido una tasa de inter\u00e9s de 8%, fija a siete a\u00f1os, adem\u00e1s de las mayores facilidades del mercado inmobiliario para que logren su sue\u00f1o de tener un techo propio.<\/p>\n\n\n\n<figure class=\"wp-block-image size-full\"><img decoding=\"async\" width=\"900\" height=\"506\" src=\"https:\/\/lasprimeras.com.do\/wp-content\/uploads\/2026\/01\/Residencial-Lolita-II.jpg\" alt=\"\" class=\"wp-image-121081\" srcset=\"https:\/\/lasprimeras.com.do\/wp-content\/uploads\/2026\/01\/Residencial-Lolita-II.jpg 900w, https:\/\/lasprimeras.com.do\/wp-content\/uploads\/2026\/01\/Residencial-Lolita-II-300x169.jpg 300w, https:\/\/lasprimeras.com.do\/wp-content\/uploads\/2026\/01\/Residencial-Lolita-II-768x432.jpg 768w\" sizes=\"(max-width: 900px) 100vw, 900px\" \/><\/figure>\n\n\n\n<p>\u201cSe\u00f1or presidente, desde que usted dispuso la creaci\u00f3n del programa Mi Vivienda, Banreservas ha financiado m\u00e1s de 11,000 viviendas en diferentes localidades del pa\u00eds por m\u00e1s de RD$18,000 millones\u201d, expres\u00f3 la ejecutiva bancaria.<\/p>\n\n\n\n<p>Destac\u00f3 que la entrega de estos apartamentos representa para las familias adquirientes el inicio de una nueva etapa en sus vidas marcada por la tranquilidad que proporciona un techo propio.<\/p>\n\n\n\n<p>A lo que a\u00f1adi\u00f3 que \u201clos apartamentos que reciben hoy les dar\u00e1n la garant\u00eda que nadie tocar\u00e1 a su puerta para el cobro de un alquiler ni presentarles un desalojo\u201d.<\/p>\n\n\n\n<p>Al resaltar la visionaria gesti\u00f3n del presidente Abinader, D\u00edaz puntualiz\u00f3 que estas soluciones habitacionales construidas con amor siembran la dignidad de las personas en cada varilla, en cada block para edificar la esperanza de humildes ciudadanos que trabajan para tener una casa propia.<\/p>\n\n\n\n<p>Expres\u00f3 que la instituci\u00f3n financiera, en alianza estrat\u00e9gica con el Ministerio de Vivienda y Edificaciones y el sector privado, ha canalizado financiamientos superiores a los RD$2,000 millones para la construcci\u00f3n del proyecto Lolita II que consta de unas 340 unidades de apartamentos en total, adem\u00e1s de c\u00f3modas amenidades para el disfruten de las familias beneficiados.<\/p>\n\n\n\n<p>A la ceremonia de entrega de estos apartamentos asistieron tambi\u00e9n Claudio Espinal, viceministro de Construcci\u00f3n del Mived; autoridades municipales, civiles y legislativas, as\u00ed como empresarios y ejecutivos de Banreservas.<\/p>\n","protected":false},"excerpt":{"rendered":"<p>La entidad financiera dispuso de una tasa de 8%, fija a siete a\u00f1os, para los adquirientes El presidente Luis Abinader entreg\u00f3 este s\u00e1bado 200 apartamentos del proyecto Lolita II, en&hellip;<\/p>\n","protected":false},"author":10,"featured_media":121080,"comment_status":"open","ping_status":"open","sticky":false,"template":"","format":"standard","meta":{"content-type":"","jetpack_post_was_ever_published":false,"_jetpack_newsletter_access":"","_jetpack_dont_email_post_to_subs":false,"_jetpack_newsletter_tier_id":0,"_jetpack_memberships_contains_paywalled_content":false,"_jetpack_memberships_contains_paid_content":false,"footnotes":""},"categories":[39,25],"tags":[3879,726,29910,67,4821,860],"class_list":["post-121079","post","type-post","status-publish","format-standard","has-post-thumbnail","hentry","category-economia","category-portada","tag-apartamentos","tag-banreservas","tag-financiados","tag-luis-abinader","tag-manoguayabo","tag-santo-domingo-oeste"],"jetpack_featured_media_url":"https:\/\/lasprimeras.com.do\/wp-content\/uploads\/2026\/01\/Residencial-Lolita-II-2.jpg","jetpack-related-posts":[{"id":128071,"url":"https:\/\/lasprimeras.com.do\/index.php\/2026\/04\/19\/banreservas-financia-144-apartamentos-entregados-por-el-presidente-abinader-en-laderas-del-este\/","url_meta":{"origin":121079,"position":0},"title":"Banreservas financia 144 apartamentos entregados por el presidente Abinader en Laderas del Este","author":"Nelson Feliz","date":"19 de abril de 2026","format":false,"excerpt":"El presidente ejecutivo del Banco de Reservas, doctor Leonardo Aguilera, destaca financiamiento superior a RD$330 millones, con tasa fija de 8% a siete a\u00f1os El Banco de Reservas financi\u00f3 la adquisici\u00f3n de 144 apartamentos correspondientes a la primera etapa del Residencial Laderas del Este, en el municipio de Guerra, los\u2026","rel":"","context":"En \u00abECONOM\u00cdA\u00bb","block_context":{"text":"ECONOM\u00cdA","link":"https:\/\/lasprimeras.com.do\/index.php\/category\/economia\/"},"img":{"alt_text":"","src":"https:\/\/i0.wp.com\/lasprimeras.com.do\/wp-content\/uploads\/2026\/04\/Leonardo-Aguilera.jpg?resize=350%2C200&ssl=1","width":350,"height":200,"srcset":"https:\/\/i0.wp.com\/lasprimeras.com.do\/wp-content\/uploads\/2026\/04\/Leonardo-Aguilera.jpg?resize=350%2C200&ssl=1 1x, https:\/\/i0.wp.com\/lasprimeras.com.do\/wp-content\/uploads\/2026\/04\/Leonardo-Aguilera.jpg?resize=525%2C300&ssl=1 1.5x, https:\/\/i0.wp.com\/lasprimeras.com.do\/wp-content\/uploads\/2026\/04\/Leonardo-Aguilera.jpg?resize=700%2C400&ssl=1 2x"},"classes":[]},{"id":111779,"url":"https:\/\/lasprimeras.com.do\/index.php\/2025\/10\/13\/banreservas-financia-488-apartamentos-en-ciudad-real-ecologica-de-santo-domingo-este\/","url_meta":{"origin":121079,"position":1},"title":"Banreservas financia 488 apartamentos en Ciudad Real Ecol\u00f3gica de Santo Domingo Este","author":"Nelson Feliz","date":"13 de octubre de 2025","format":false,"excerpt":"Aguilera puntualiza que la entidad bancaria ha dispuesto apoyo financiero para el levantamiento del proyecto que superan los RD$1,300 millones El Banco de Reservas financi\u00f3 la adquisici\u00f3n de 488 apartamentos del proyecto Ciudad Real Ecol\u00f3gica, en Santo Domingo Este, que construye el Ministerio de Vivienda y Edificaciones (MIVED), a trav\u00e9s\u2026","rel":"","context":"En \u00abECONOM\u00cdA\u00bb","block_context":{"text":"ECONOM\u00cdA","link":"https:\/\/lasprimeras.com.do\/index.php\/category\/economia\/"},"img":{"alt_text":"","src":"https:\/\/i0.wp.com\/lasprimeras.com.do\/wp-content\/uploads\/2025\/10\/aguilera-1.jpg?resize=350%2C200&ssl=1","width":350,"height":200,"srcset":"https:\/\/i0.wp.com\/lasprimeras.com.do\/wp-content\/uploads\/2025\/10\/aguilera-1.jpg?resize=350%2C200&ssl=1 1x, https:\/\/i0.wp.com\/lasprimeras.com.do\/wp-content\/uploads\/2025\/10\/aguilera-1.jpg?resize=525%2C300&ssl=1 1.5x, https:\/\/i0.wp.com\/lasprimeras.com.do\/wp-content\/uploads\/2025\/10\/aguilera-1.jpg?resize=700%2C400&ssl=1 2x"},"classes":[]},{"id":118106,"url":"https:\/\/lasprimeras.com.do\/index.php\/2025\/12\/22\/con-aportes-fiduciarios-de-rd6000-millones-presidente-abinader-inaugura-proyecto-habitacional-hato-del-yaque\/","url_meta":{"origin":121079,"position":2},"title":"Con aportes fiduciarios de RD$6,000 millones presidente Abinader inaugura proyecto habitacional Hato del Yaque","author":"Nelson Feliz","date":"22 de diciembre de 2025","format":false,"excerpt":"El presidente Luis Abinader y el doctor Leonardo Aguilera, presidente ejecutivo de Banreservas, entregan llaves a familias beneficiadas del proyecto Hato del Yaque, en Santiago, con la presencia del ministro de Vivienda y Edificaciones, Carlos Bonilla; el director de Inapa, Wellinton Arnaud; y autoridades de la provincia.","rel":"","context":"En \u00abECONOM\u00cdA\u00bb","block_context":{"text":"ECONOM\u00cdA","link":"https:\/\/lasprimeras.com.do\/index.php\/category\/economia\/"},"img":{"alt_text":"El presidente Luis Abinader y el doctor Leonardo Aguilera, presidente ejecutivo de Banreservas, entregan llaves a familias beneficiadas del proyecto Hato del Yaque, en Santiago, con la presencia del ministro de Vivienda y Edificaciones, Carlos Bonilla; el director de Inapa, Wellinton Arnaud; y autoridades de la provincia.","src":"https:\/\/i0.wp.com\/lasprimeras.com.do\/wp-content\/uploads\/2025\/12\/Leonardo-Aguilera.jpg?resize=350%2C200&ssl=1","width":350,"height":200,"srcset":"https:\/\/i0.wp.com\/lasprimeras.com.do\/wp-content\/uploads\/2025\/12\/Leonardo-Aguilera.jpg?resize=350%2C200&ssl=1 1x, https:\/\/i0.wp.com\/lasprimeras.com.do\/wp-content\/uploads\/2025\/12\/Leonardo-Aguilera.jpg?resize=525%2C300&ssl=1 1.5x, https:\/\/i0.wp.com\/lasprimeras.com.do\/wp-content\/uploads\/2025\/12\/Leonardo-Aguilera.jpg?resize=700%2C400&ssl=1 2x"},"classes":[]},{"id":108943,"url":"https:\/\/lasprimeras.com.do\/index.php\/2025\/09\/11\/aguilera-anuncia-que-banreservas-dispone-de-rd7000-millones-para-financiar-a-sectores-productivos-con-tasas-especiales\/","url_meta":{"origin":121079,"position":3},"title":"Banreservas financiara sectores productivos con tasas especiales","author":"Nelson Feliz","date":"11 de septiembre de 2025","format":false,"excerpt":"El presidente ejecutivo del Banco de Reservas, doctor Leonardo Aguilera, anunci\u00f3 que la instituci\u00f3n dispone de RD$7,000 millones para financiar a los sectores productivos nacionales con tasas especiales, con el prop\u00f3sito de promover la inversi\u00f3n y el desarrollo en todo el pa\u00eds. Al hacer el anuncio en un encuentro empresarial\u2026","rel":"","context":"En \u00abECONOM\u00cdA\u00bb","block_context":{"text":"ECONOM\u00cdA","link":"https:\/\/lasprimeras.com.do\/index.php\/category\/economia\/"},"img":{"alt_text":"","src":"https:\/\/i0.wp.com\/lasprimeras.com.do\/wp-content\/uploads\/2025\/09\/Leonardo-Aguilera-1.jpg?resize=350%2C200&ssl=1","width":350,"height":200,"srcset":"https:\/\/i0.wp.com\/lasprimeras.com.do\/wp-content\/uploads\/2025\/09\/Leonardo-Aguilera-1.jpg?resize=350%2C200&ssl=1 1x, https:\/\/i0.wp.com\/lasprimeras.com.do\/wp-content\/uploads\/2025\/09\/Leonardo-Aguilera-1.jpg?resize=525%2C300&ssl=1 1.5x, https:\/\/i0.wp.com\/lasprimeras.com.do\/wp-content\/uploads\/2025\/09\/Leonardo-Aguilera-1.jpg?resize=700%2C400&ssl=1 2x"},"classes":[]},{"id":123755,"url":"https:\/\/lasprimeras.com.do\/index.php\/2026\/03\/04\/banreservas-lanza-%c2%a8expo-pymes-2026%c2%a8-con-tasas-desde-10-25-aguilera-reafirma-compromiso-con-las-mipymes\/","url_meta":{"origin":121079,"position":4},"title":"Banreservas lanza \u00a8Expo Pymes 2026\u00a8 con tasas desde 10.25%; Aguilera reafirma compromiso con las mipymes","author":"Nelson Feliz","date":"4 de marzo de 2026","format":false,"excerpt":"Las pymes interesadas pueden escribir a la asistente virtual Alma, por WhatsApp 809-960-2110, o ingresar al portal expopymes.banreservas.com https:\/\/youtu.be\/Kx58pGxHvv4 El Banco de Reservas lanz\u00f3 su Expo Pymes 2026, que estar\u00e1 vigente del 5 de marzo al 30 de abril, con tasas de financiamiento desde 10.25%, fijas a seis meses, y\u2026","rel":"","context":"En \u00abECONOM\u00cdA\u00bb","block_context":{"text":"ECONOM\u00cdA","link":"https:\/\/lasprimeras.com.do\/index.php\/category\/economia\/"},"img":{"alt_text":"El presidente ejecutivo de Banreservas, doctor Leonardo Aguilera; y el ministro del MICM, Eduardo Sanz Lovat\u00f3n, encabezan el lanzamiento de Expo Pymes Banreservas 2026. Les acompa\u00f1an directivos de la entidad fnanciera.","src":"https:\/\/i0.wp.com\/lasprimeras.com.do\/wp-content\/uploads\/2026\/03\/El-presidente-ejecutivo-de-Banreservas-doctor-Leonardo-Aguilera.jpg?resize=350%2C200&ssl=1","width":350,"height":200,"srcset":"https:\/\/i0.wp.com\/lasprimeras.com.do\/wp-content\/uploads\/2026\/03\/El-presidente-ejecutivo-de-Banreservas-doctor-Leonardo-Aguilera.jpg?resize=350%2C200&ssl=1 1x, https:\/\/i0.wp.com\/lasprimeras.com.do\/wp-content\/uploads\/2026\/03\/El-presidente-ejecutivo-de-Banreservas-doctor-Leonardo-Aguilera.jpg?resize=525%2C300&ssl=1 1.5x, https:\/\/i0.wp.com\/lasprimeras.com.do\/wp-content\/uploads\/2026\/03\/El-presidente-ejecutivo-de-Banreservas-doctor-Leonardo-Aguilera.jpg?resize=700%2C400&ssl=1 2x"},"classes":[]},{"id":125077,"url":"https:\/\/lasprimeras.com.do\/index.php\/2026\/03\/19\/alta-asistencia-de-dominicanos-a-feria-inmobiliaria-banreservas-en-el-alto-manhattan\/","url_meta":{"origin":121079,"position":5},"title":"Alta asistencia de dominicanos a Feria Inmobiliaria Banreservas en Manhattan","author":"Nelson Feliz","date":"19 de marzo de 2026","format":false,"excerpt":"https:\/\/www.youtube.com\/watch?v=sH7fTxeOAIU Por Ram\u00f3n Mercedes NUEVA YORK.- Cerca de dos mil dominicanos residentes en esta ciudad, as\u00ed como en Nueva Jersey, Connecticut y Pensilvania, asistieron este mi\u00e9rcoles a la inauguraci\u00f3n de la Tercera Feria Inmobiliaria Banreservas, celebrada Radio Hotel, en el Alto Manhattan. Los asistentes manifestaron que acudieron motivados por las\u2026","rel":"","context":"En \u00abECONOM\u00cdA\u00bb","block_context":{"text":"ECONOM\u00cdA","link":"https:\/\/lasprimeras.com.do\/index.php\/category\/economia\/"},"img":{"alt_text":"","src":"https:\/\/i0.wp.com\/lasprimeras.com.do\/wp-content\/uploads\/2026\/03\/IMG-20260319-WA0050.jpg?resize=350%2C200&ssl=1","width":350,"height":200},"classes":[]}],"jetpack_sharing_enabled":true,"_links":{"self":[{"href":"https:\/\/lasprimeras.com.do\/index.php\/wp-json\/wp\/v2\/posts\/121079","targetHints":{"allow":["GET"]}}],"collection":[{"href":"https:\/\/lasprimeras.com.do\/index.php\/wp-json\/wp\/v2\/posts"}],"about":[{"href":"https:\/\/lasprimeras.com.do\/index.php\/wp-json\/wp\/v2\/types\/post"}],"author":[{"embeddable":true,"href":"https:\/\/lasprimeras.com.do\/index.php\/wp-json\/wp\/v2\/users\/10"}],"replies":[{"embeddable":true,"href":"https:\/\/lasprimeras.com.do\/index.php\/wp-json\/wp\/v2\/comments?post=121079"}],"version-history":[{"count":1,"href":"https:\/\/lasprimeras.com.do\/index.php\/wp-json\/wp\/v2\/posts\/121079\/revisions"}],"predecessor-version":[{"id":121082,"href":"https:\/\/lasprimeras.com.do\/index.php\/wp-json\/wp\/v2\/posts\/121079\/revisions\/121082"}],"wp:featuredmedia":[{"embeddable":true,"href":"https:\/\/lasprimeras.com.do\/index.php\/wp-json\/wp\/v2\/media\/121080"}],"wp:attachment":[{"href":"https:\/\/lasprimeras.com.do\/index.php\/wp-json\/wp\/v2\/media?parent=121079"}],"wp:term":[{"taxonomy":"category","embeddable":true,"href":"https:\/\/lasprimeras.com.do\/index.php\/wp-json\/wp\/v2\/categories?post=121079"},{"taxonomy":"post_tag","embeddable":true,"href":"https:\/\/lasprimeras.com.do\/index.php\/wp-json\/wp\/v2\/tags?post=121079"}],"curies":[{"name":"wp","href":"https:\/\/api.w.org\/{rel}","templated":true}]}}