{"id":121099,"date":"2026-01-31T21:45:34","date_gmt":"2026-02-01T01:45:34","guid":{"rendered":"https:\/\/lasprimeras.com.do\/?p=121099"},"modified":"2026-01-31T21:45:35","modified_gmt":"2026-02-01T01:45:35","slug":"concejo-de-regidores-del-dn-reconoce-a-jovenes-en-el-dia-nacional-de-la-juventud","status":"publish","type":"post","link":"https:\/\/lasprimeras.com.do\/index.php\/2026\/01\/31\/concejo-de-regidores-del-dn-reconoce-a-jovenes-en-el-dia-nacional-de-la-juventud\/","title":{"rendered":"Concejo de Regidores del DN reconoce a j\u00f3venes en el D\u00eda Nacional de la Juventud"},"content":{"rendered":"\n<p>El Concejo de Regidores del Ayuntamiento del Distrito Nacional (ADN) reconoci\u00f3 a 28 j\u00f3venes destacados por su liderazgo, compromiso social y aportes al desarrollo del pa\u00eds, en el marco del D\u00eda Nacional de la Juventud que se celebra este 31 de enero.<\/p>\n\n\n\n<p>Los j\u00f3venes fueron propuestos por los regidores de las distintas circunscripciones del Distrito Nacional, y su exaltaci\u00f3n fue acogida mediante la Resoluci\u00f3n No. 2-2026, aprobada en sesi\u00f3n ordinaria del Concejo.<\/p>\n\n\n\n<p>El acto se realiz\u00f3 en la sala Emilio Rodr\u00edguez Demorizi y fue encabezado por el presidente del Concejo, Yovany Moya, junto al vicepresidente Yunior Castillo, el vicealcalde Estarlin Alc\u00e1ntara, la presidenta de la Comisi\u00f3n de Cultura, Mar\u00eda Laura B\u00e1ez, la secretaria general del ADN, Elisabeth Mateo y la secretaria del Concejo, Betsy C\u00e9spedes.<\/p>\n\n\n\n<p>Durante la actividad, Moya exhort\u00f3 a los j\u00f3venes a continuar siendo referente positivo en sus comunidades y a seguir trabajando por el desarrollo y bienestar del pa\u00eds, destacando que la juventud dominicana es un pilar fundamental para la construcci\u00f3n de una sociedad m\u00e1s justa y solidaria.<\/p>\n","protected":false},"excerpt":{"rendered":"<p>El Concejo de Regidores del Ayuntamiento del Distrito Nacional (ADN) reconoci\u00f3 a 28 j\u00f3venes destacados por su liderazgo, compromiso social y aportes al desarrollo del pa\u00eds, en el marco del&hellip;<\/p>\n","protected":false},"author":10,"featured_media":121100,"comment_status":"open","ping_status":"open","sticky":false,"template":"","format":"standard","meta":{"content-type":"","jetpack_post_was_ever_published":false,"_jetpack_newsletter_access":"","_jetpack_dont_email_post_to_subs":false,"_jetpack_newsletter_tier_id":0,"_jetpack_memberships_contains_paywalled_content":false,"_jetpack_memberships_contains_paid_content":false,"footnotes":""},"categories":[35],"tags":[21465,29918,2162,3899],"class_list":["post-121099","post","type-post","status-publish","format-standard","has-post-thumbnail","hentry","category-nacionales","tag-concejo-de-regidores","tag-dia-nacional-de-la-juventud","tag-dn","tag-jovenes"],"jetpack_featured_media_url":"https:\/\/lasprimeras.com.do\/wp-content\/uploads\/2026\/01\/regidores-1.jpg","jetpack-related-posts":[{"id":128148,"url":"https:\/\/lasprimeras.com.do\/index.php\/2026\/04\/20\/concejo-de-regidores-dn-impulsa-participacion-juvenil-con-programa-regidor-por-un-dia\/","url_meta":{"origin":121099,"position":0},"title":"Concejo de Regidores DN impulsa participaci\u00f3n juvenil con programa \u201cRegidor por un D\u00eda\u201d","author":"Nelson Feliz","date":"20 de abril de 2026","format":false,"excerpt":"Estudiantes de ISFODOSU participan en el programa guiado por el regidor Yovany Moya, presidente del Concejo El Concejo de Regidores del Ayuntamiento del Distrito Nacional recibi\u00f3 a estudiantes del Instituto Superior de Formaci\u00f3n Docente Salom\u00e9 Ure\u00f1a (ISFODOSU), quienes participaron en el programa \u201cRegidor por un D\u00eda\u201d, una iniciativa orientada a\u2026","rel":"","context":"En \u00abNACIONALES\u00bb","block_context":{"text":"NACIONALES","link":"https:\/\/lasprimeras.com.do\/index.php\/category\/nacionales\/"},"img":{"alt_text":"","src":"https:\/\/i0.wp.com\/lasprimeras.com.do\/wp-content\/uploads\/2026\/04\/IMG-20260420-WA0186.jpg?resize=350%2C200&ssl=1","width":350,"height":200,"srcset":"https:\/\/i0.wp.com\/lasprimeras.com.do\/wp-content\/uploads\/2026\/04\/IMG-20260420-WA0186.jpg?resize=350%2C200&ssl=1 1x, https:\/\/i0.wp.com\/lasprimeras.com.do\/wp-content\/uploads\/2026\/04\/IMG-20260420-WA0186.jpg?resize=525%2C300&ssl=1 1.5x, https:\/\/i0.wp.com\/lasprimeras.com.do\/wp-content\/uploads\/2026\/04\/IMG-20260420-WA0186.jpg?resize=700%2C400&ssl=1 2x, https:\/\/i0.wp.com\/lasprimeras.com.do\/wp-content\/uploads\/2026\/04\/IMG-20260420-WA0186.jpg?resize=1050%2C600&ssl=1 3x, https:\/\/i0.wp.com\/lasprimeras.com.do\/wp-content\/uploads\/2026\/04\/IMG-20260420-WA0186.jpg?resize=1400%2C800&ssl=1 4x"},"classes":[]},{"id":126995,"url":"https:\/\/lasprimeras.com.do\/index.php\/2026\/04\/07\/regidores-del-dn-declaran-el-8-de-abril-como-dia-de-duelo-municipal\/","url_meta":{"origin":121099,"position":1},"title":"Regidores del DN declaran el 8 de abril como &#8220;D\u00eda de Duelo Municipal&#8221;","author":"Nelson Feliz","date":"7 de abril de 2026","format":false,"excerpt":"Lo hicieron para honrar la memoria de los fallecidos en la tragedia del Jet Set. El Concejo de Regidores del Ayuntamiento del Distrito Nacional aprob\u00f3 este martes una ordenanza que declara el 8 de abril como D\u00eda de Duelo Municipal, acogiendo una solicitud realizada por la alcaldesa Carolina Mej\u00eda. La\u2026","rel":"","context":"En \u00abNACIONALES\u00bb","block_context":{"text":"NACIONALES","link":"https:\/\/lasprimeras.com.do\/index.php\/category\/nacionales\/"},"img":{"alt_text":"Regidores del DN","src":"https:\/\/i0.wp.com\/lasprimeras.com.do\/wp-content\/uploads\/2026\/04\/Regidores-del-DN.jpg?resize=350%2C200&ssl=1","width":350,"height":200,"srcset":"https:\/\/i0.wp.com\/lasprimeras.com.do\/wp-content\/uploads\/2026\/04\/Regidores-del-DN.jpg?resize=350%2C200&ssl=1 1x, https:\/\/i0.wp.com\/lasprimeras.com.do\/wp-content\/uploads\/2026\/04\/Regidores-del-DN.jpg?resize=525%2C300&ssl=1 1.5x, https:\/\/i0.wp.com\/lasprimeras.com.do\/wp-content\/uploads\/2026\/04\/Regidores-del-DN.jpg?resize=700%2C400&ssl=1 2x"},"classes":[]},{"id":124014,"url":"https:\/\/lasprimeras.com.do\/index.php\/2026\/03\/07\/alcaldia-y-regidores-del-dn-rinden-tributo-a-33-mujeres-ejemplares\/","url_meta":{"origin":121099,"position":2},"title":"Alcald\u00eda y Regidores del DN rinden tributo a 33 mujeres ejemplares","author":"Nelson Feliz","date":"7 de marzo de 2026","format":false,"excerpt":"En el marco de la celebraci\u00f3n del D\u00eda Internacional de la Mujer, este 8 de marzo, la Alcald\u00eda del Distrito Nacional y el Concejo de Regidores reconocieron a 33 mujeres como \u201cHero\u00ednas de la Cotidianidad\u201d, por sus aportes al desarrollo de sus comunidades. La exaltaci\u00f3n, realizada este viernes en el\u2026","rel":"","context":"En \u00abPOLITICA\u00bb","block_context":{"text":"POLITICA","link":"https:\/\/lasprimeras.com.do\/index.php\/category\/politica\/"},"img":{"alt_text":"","src":"https:\/\/i0.wp.com\/lasprimeras.com.do\/wp-content\/uploads\/2026\/03\/mujeres.jpg?resize=350%2C200&ssl=1","width":350,"height":200,"srcset":"https:\/\/i0.wp.com\/lasprimeras.com.do\/wp-content\/uploads\/2026\/03\/mujeres.jpg?resize=350%2C200&ssl=1 1x, https:\/\/i0.wp.com\/lasprimeras.com.do\/wp-content\/uploads\/2026\/03\/mujeres.jpg?resize=525%2C300&ssl=1 1.5x, https:\/\/i0.wp.com\/lasprimeras.com.do\/wp-content\/uploads\/2026\/03\/mujeres.jpg?resize=700%2C400&ssl=1 2x"},"classes":[]},{"id":97680,"url":"https:\/\/lasprimeras.com.do\/index.php\/2025\/04\/24\/regidores-adn-reeligen-a-yovany-moya-como-presidente-del-concejo\/","url_meta":{"origin":121099,"position":3},"title":"Regidores ADN reeligen a Yovany Moya como presidente del Concejo","author":"Nelson Feliz","date":"24 de abril de 2025","format":false,"excerpt":"Los regidores del Distrito Nacional reeligieron este jueves a Yovany Moya como presidente del Concejo, quien de inmediato anunci\u00f3 la revisi\u00f3n del reglamento interno que data de 1963. Moya fue escogido por votaci\u00f3n un\u00e1nime del pleno, tras conocer la propuesta presentada por la regidora Leonor Lantigua (PRM). En su nuevo\u2026","rel":"","context":"En \u00abPOLITICA\u00bb","block_context":{"text":"POLITICA","link":"https:\/\/lasprimeras.com.do\/index.php\/category\/politica\/"},"img":{"alt_text":"Yovany Moya","src":"https:\/\/i0.wp.com\/lasprimeras.com.do\/wp-content\/uploads\/2025\/04\/Yovany-Moya.jpg?resize=350%2C200&ssl=1","width":350,"height":200,"srcset":"https:\/\/i0.wp.com\/lasprimeras.com.do\/wp-content\/uploads\/2025\/04\/Yovany-Moya.jpg?resize=350%2C200&ssl=1 1x, https:\/\/i0.wp.com\/lasprimeras.com.do\/wp-content\/uploads\/2025\/04\/Yovany-Moya.jpg?resize=525%2C300&ssl=1 1.5x, https:\/\/i0.wp.com\/lasprimeras.com.do\/wp-content\/uploads\/2025\/04\/Yovany-Moya.jpg?resize=700%2C400&ssl=1 2x"},"classes":[]},{"id":128590,"url":"https:\/\/lasprimeras.com.do\/index.php\/2026\/04\/24\/giancarlos-vega-asume-presidencia-concejo-de-regidores-adn\/","url_meta":{"origin":121099,"position":4},"title":"Giancarlos Vega asume presidencia Concejo de Regidores ADN","author":"Nelson Feliz","date":"24 de abril de 2026","format":false,"excerpt":"Llama a trabajar por una ciudad m\u00e1s ordenada, justa y planificada El regidor Giancarlos Vega fue electo como nuevo presidente del Concejo de Regidores del Distrito Nacional para el per\u00edodo 2026-2027, durante una sesi\u00f3n extraordinaria en la que exhort\u00f3 a sus colegas a trabajar de manera conjunta por una ciudad\u2026","rel":"","context":"En \u00abPOLITICA\u00bb","block_context":{"text":"POLITICA","link":"https:\/\/lasprimeras.com.do\/index.php\/category\/politica\/"},"img":{"alt_text":"Giancarlos Vega","src":"https:\/\/i0.wp.com\/lasprimeras.com.do\/wp-content\/uploads\/2026\/04\/Giancarlos-Vega.jpg?resize=350%2C200&ssl=1","width":350,"height":200,"srcset":"https:\/\/i0.wp.com\/lasprimeras.com.do\/wp-content\/uploads\/2026\/04\/Giancarlos-Vega.jpg?resize=350%2C200&ssl=1 1x, https:\/\/i0.wp.com\/lasprimeras.com.do\/wp-content\/uploads\/2026\/04\/Giancarlos-Vega.jpg?resize=525%2C300&ssl=1 1.5x, https:\/\/i0.wp.com\/lasprimeras.com.do\/wp-content\/uploads\/2026\/04\/Giancarlos-Vega.jpg?resize=700%2C400&ssl=1 2x"},"classes":[]},{"id":81742,"url":"https:\/\/lasprimeras.com.do\/index.php\/2024\/04\/24\/presidente-consejo-regidores-adn-promete-consolidar-funciones-de-ese-organismo\/","url_meta":{"origin":121099,"position":5},"title":"Presidente Consejo Regidores ADN promete consolidar funciones de ese organismo","author":"BIMARY DE JES\u00daS Matos","date":"24 de abril de 2024","format":false,"excerpt":"Santo Domingo, RD. -El nuevo presidente del Consejo de Regidores del Ayuntamiento del Distrito Nacional, Yovany Moya Mej\u00eda, prometi\u00f3 consolidar ese \u00f3rgano de control municipal a fin de fortalecerlo como instituci\u00f3n y transparentar sus funciones. \u201cA partir de este momento asumo la presidencia de este Concejo de Regidores consciente de\u2026","rel":"","context":"En \u00abNACIONALES\u00bb","block_context":{"text":"NACIONALES","link":"https:\/\/lasprimeras.com.do\/index.php\/category\/nacionales\/"},"img":{"alt_text":"","src":"https:\/\/i0.wp.com\/lasprimeras.com.do\/wp-content\/uploads\/2024\/04\/IMG-20240424-WA0030.jpg?resize=350%2C200&ssl=1","width":350,"height":200,"srcset":"https:\/\/i0.wp.com\/lasprimeras.com.do\/wp-content\/uploads\/2024\/04\/IMG-20240424-WA0030.jpg?resize=350%2C200&ssl=1 1x, https:\/\/i0.wp.com\/lasprimeras.com.do\/wp-content\/uploads\/2024\/04\/IMG-20240424-WA0030.jpg?resize=525%2C300&ssl=1 1.5x, https:\/\/i0.wp.com\/lasprimeras.com.do\/wp-content\/uploads\/2024\/04\/IMG-20240424-WA0030.jpg?resize=700%2C400&ssl=1 2x, https:\/\/i0.wp.com\/lasprimeras.com.do\/wp-content\/uploads\/2024\/04\/IMG-20240424-WA0030.jpg?resize=1050%2C600&ssl=1 3x"},"classes":[]}],"jetpack_sharing_enabled":true,"_links":{"self":[{"href":"https:\/\/lasprimeras.com.do\/index.php\/wp-json\/wp\/v2\/posts\/121099","targetHints":{"allow":["GET"]}}],"collection":[{"href":"https:\/\/lasprimeras.com.do\/index.php\/wp-json\/wp\/v2\/posts"}],"about":[{"href":"https:\/\/lasprimeras.com.do\/index.php\/wp-json\/wp\/v2\/types\/post"}],"author":[{"embeddable":true,"href":"https:\/\/lasprimeras.com.do\/index.php\/wp-json\/wp\/v2\/users\/10"}],"replies":[{"embeddable":true,"href":"https:\/\/lasprimeras.com.do\/index.php\/wp-json\/wp\/v2\/comments?post=121099"}],"version-history":[{"count":1,"href":"https:\/\/lasprimeras.com.do\/index.php\/wp-json\/wp\/v2\/posts\/121099\/revisions"}],"predecessor-version":[{"id":121101,"href":"https:\/\/lasprimeras.com.do\/index.php\/wp-json\/wp\/v2\/posts\/121099\/revisions\/121101"}],"wp:featuredmedia":[{"embeddable":true,"href":"https:\/\/lasprimeras.com.do\/index.php\/wp-json\/wp\/v2\/media\/121100"}],"wp:attachment":[{"href":"https:\/\/lasprimeras.com.do\/index.php\/wp-json\/wp\/v2\/media?parent=121099"}],"wp:term":[{"taxonomy":"category","embeddable":true,"href":"https:\/\/lasprimeras.com.do\/index.php\/wp-json\/wp\/v2\/categories?post=121099"},{"taxonomy":"post_tag","embeddable":true,"href":"https:\/\/lasprimeras.com.do\/index.php\/wp-json\/wp\/v2\/tags?post=121099"}],"curies":[{"name":"wp","href":"https:\/\/api.w.org\/{rel}","templated":true}]}}