{"id":121145,"date":"2026-02-01T15:36:26","date_gmt":"2026-02-01T19:36:26","guid":{"rendered":"https:\/\/lasprimeras.com.do\/?p=121145"},"modified":"2026-02-01T15:36:29","modified_gmt":"2026-02-01T19:36:29","slug":"congreso-nacional-rinde-tributo-y-da-ultimo-adios-al-expresidente-de-la-camara-alta-ing-ramon-alburquerque","status":"publish","type":"post","link":"https:\/\/lasprimeras.com.do\/index.php\/2026\/02\/01\/congreso-nacional-rinde-tributo-y-da-ultimo-adios-al-expresidente-de-la-camara-alta-ing-ramon-alburquerque\/","title":{"rendered":"Congreso Nacional rinde tributo y da \u00faltimo adi\u00f3s al expresidente de la C\u00e1mara Alta Ing. Ram\u00f3n Alburquerque"},"content":{"rendered":"\n<p><strong>Ricardo de los Santos record\u00f3 los aportes al desarrollo del pa\u00eds y el paso por la presidencia del Senado de Ram\u00f3n Alburquerque.<\/strong><\/p>\n\n\n\n<p>Por Israel Figueroa<\/p>\n\n\n\n<p>El Congreso Nacional rindi\u00f3 homenaje este domingo al ex presidente del Senado de la Rep\u00fablica, Ingeniero Ram\u00f3n Alburquerque, en un solemne acto desarrollado en el Sal\u00f3n de la Asamblea Nacional y en el que se reconocieron sus aportes a la institucionalidad y al fortalecimiento de los valores democr\u00e1ticos de la Rep\u00fablica Dominicana.<\/p>\n\n\n\n<p>Ricardo de los Santos, presidente del Senado, quien encabez\u00f3 los honores, reconoci\u00f3 los aportes del fenecido l\u00edder pol\u00edtico, \u201cDesde esta sede del primer poder del Estado, recordamos su paso firme por la presidencia del Senado, etapa en la que honr\u00f3 la institucionalidad, defendi\u00f3 la dignidad del Congreso y contribuy\u00f3 a elevar el nivel del debate legislativo\u201d.<\/p>\n\n\n<div class=\"wp-block-image\">\n<figure class=\"alignleft size-full is-resized\"><img decoding=\"async\" width=\"900\" height=\"599\" src=\"https:\/\/lasprimeras.com.do\/wp-content\/uploads\/2026\/02\/RICARDO-SOLO.jpg\" alt=\"\" class=\"wp-image-121147\" style=\"aspect-ratio:1.5025833550161691;width:369px;height:auto\" srcset=\"https:\/\/lasprimeras.com.do\/wp-content\/uploads\/2026\/02\/RICARDO-SOLO.jpg 900w, https:\/\/lasprimeras.com.do\/wp-content\/uploads\/2026\/02\/RICARDO-SOLO-300x200.jpg 300w, https:\/\/lasprimeras.com.do\/wp-content\/uploads\/2026\/02\/RICARDO-SOLO-768x511.jpg 768w\" sizes=\"(max-width: 900px) 100vw, 900px\" \/><\/figure>\n<\/div>\n\n\n<p>En su discurso, De los Santos enumer\u00f3 algunas de las m\u00e1s de 100 leyes presentadas por Alburquerque durante su paso por el Senado entre las que destac\u00f3: la Ley de Seguridad Social, Ley sobre Hidrocarburos, Ley que crea la Zona Especial de Desarrollo Fronterizo, Ley General de Electricidad, la Ley General de Medio Ambiente y Recursos Naturales y la Ley que crea la Secretar\u00eda de Estado de la Mujer.<\/p>\n\n\n\n<p>Tambi\u00e9n la Ley que regula el Mercado de Valores en la Rep\u00fablica Dominicana, Ley que crea la Secretar\u00eda de Estado de Cultura, Ley sobre Derecho de Autor, Ley que designa el Aeropuerto Internacional de las Am\u00e9ricas con el nombre de Jos\u00e9 Francisco Pe\u00f1a G\u00f3mez, Ley General de Telecomunicaciones, entre otras importantes iniciativas que han ayudado al desarrollo integral del pa\u00eds.<\/p>\n\n\n<div class=\"wp-block-image\">\n<figure class=\"alignright size-full is-resized\"><img decoding=\"async\" width=\"900\" height=\"599\" src=\"https:\/\/lasprimeras.com.do\/wp-content\/uploads\/2026\/02\/SENADORES.jpg\" alt=\"\" class=\"wp-image-121148\" style=\"aspect-ratio:1.502544285878257;width:351px;height:auto\" srcset=\"https:\/\/lasprimeras.com.do\/wp-content\/uploads\/2026\/02\/SENADORES.jpg 900w, https:\/\/lasprimeras.com.do\/wp-content\/uploads\/2026\/02\/SENADORES-300x200.jpg 300w, https:\/\/lasprimeras.com.do\/wp-content\/uploads\/2026\/02\/SENADORES-768x511.jpg 768w\" sizes=\"(max-width: 900px) 100vw, 900px\" \/><\/figure>\n<\/div>\n\n\n<p>Ante congresistas de las dos c\u00e1maras legislativas, dirigentes pol\u00edticos de diferentes partidos y visiblemente afectado por la perdida, el presidente del Senado, Ricardo de los Santos afirm\u00f3 que hablar del ingeniero Albuquerque es sin\u00f3nimo de inteligencia l\u00facida, de formaci\u00f3n rigurosa y de vocaci\u00f3n permanente por el conocimiento; y que el principal consuelo para quienes lo conocieron es saber que vivir\u00e1 siempre en la historia nacional y en la memoria agradecida de su pueblo.<\/p>\n\n\n\n<p>\u201cSu extraordinario curr\u00edculo fue construido desde las aulas, desde los libros, laboratorios, bibliotecas; desde la experiencia, la reflexi\u00f3n cr\u00edtica y el compromiso con los grandes temas nacionales e internacionales\u201d, indic\u00f3 Ricardo de los Santos al evocar que entend\u00eda la pol\u00edtica como un ejercicio de aportes al bien com\u00fan.<\/p>\n\n\n\n<p>Lo defini\u00f3 como un hombre de car\u00e1cter, de convicciones claras, de ideas visionarias, de esp\u00edritu inquebrantable y de una independencia intelectual que lo distingui\u00f3 a\u00fan en momentos complejos.<\/p>\n\n\n\n<p>De los Santos anunci\u00f3 que el Sal\u00f3n VIP de la C\u00e1mara Alta, en el que se reciben a dignatarios y personalidades distinguidas, llevar\u00e1 el nombre del fallecido dirigente pol\u00edtico.<\/p>\n\n\n\n<p><strong>Alburquerque: un hombre grande fuera y dentro de la casa<\/strong><\/p>\n\n\n\n<p>Su hija M\u00f3nica, al hablar en nombre de do\u00f1a Hortensia Rodr\u00edguez hoy viuda Alburquerque y de sus hermanos Ram\u00f3n, \u00c1mbar y Patricia, resalt\u00f3 que su padre fue un hombre grandioso y humilde.<\/p>\n\n\n\n<p>Lo defini\u00f3 como un hombre cuya grandeza no solo era reconocido \u00b4por los de afuera\u00b4 sino por los de su casa, al mostrarse siempre presente para los suyos.<br>\u201cMi padre fue grandioso porque fue un hombre siempre humilde que nunca se separ\u00f3 de sus ra\u00edces\u201d afirm\u00f3.<\/p>\n\n\n<div class=\"wp-block-image\">\n<figure class=\"alignleft size-full is-resized\"><img decoding=\"async\" width=\"900\" height=\"599\" src=\"https:\/\/lasprimeras.com.do\/wp-content\/uploads\/2026\/02\/FENETRO.jpg\" alt=\"\" class=\"wp-image-121149\" style=\"aspect-ratio:1.502544285878257;width:372px;height:auto\" srcset=\"https:\/\/lasprimeras.com.do\/wp-content\/uploads\/2026\/02\/FENETRO.jpg 900w, https:\/\/lasprimeras.com.do\/wp-content\/uploads\/2026\/02\/FENETRO-300x200.jpg 300w, https:\/\/lasprimeras.com.do\/wp-content\/uploads\/2026\/02\/FENETRO-768x511.jpg 768w\" sizes=\"(max-width: 900px) 100vw, 900px\" \/><\/figure>\n<\/div>\n\n\n<p><strong>Honras f\u00fanebres<\/strong><\/p>\n\n\n\n<p>Los restos mortales de Ram\u00f3n Alburquerque fueron recibidos por una comisi\u00f3n mixta de congresistas en la explanada del Congreso Nacional y le acompa\u00f1aron hasta el Sal\u00f3n de la Asamblea Nacional donde le esperaban familiares, dirigentes pol\u00edticos y miembros del Senado de la Rep\u00fablica y la C\u00e1mara de Diputados.<\/p>\n\n\n\n<p>Ram\u00f3n Alburquerque ocup\u00f3 la presidencia del Senado en tres periodos, consolid\u00e1ndose como un parlamentario de referencia por su manejo del debate pol\u00edtico y su conocimiento de la Constituci\u00f3n y las leyes. Represent\u00f3 con orgullo a su provincia natal, Monte Plata.<\/p>\n\n\n\n<p>Las honras f\u00fanebres en el Congreso Nacional fueron encabezadas, adem\u00e1s de Ricardo de los Santos por la vicepresidenta de la C\u00e1mara de Diputados, Dharuelly D\u00b4Aza, en representaci\u00f3n del presidente de la C\u00e1mara de Diputados, Alfredo Pacheco, quienes a su vez encabezaron la primera guardia de honor.<\/p>\n\n\n\n<p>Estuvieron presentes el ex presidente del Senado de la Rep\u00fablica; Jes\u00fas V\u00e1squez; el ministro de la Presidencia, Jos\u00e9 Ignacio Paliza; la ex vicepresidenta de la Rep\u00fablica, Milagros Ortiz Bosch, as\u00ed como legisladores, excongresistas y funcionarios del Gobierno.<\/p>\n","protected":false},"excerpt":{"rendered":"<p>Ricardo de los Santos record\u00f3 los aportes al desarrollo del pa\u00eds y el paso por la presidencia del Senado de Ram\u00f3n Alburquerque. Por Israel Figueroa El Congreso Nacional rindi\u00f3 homenaje&hellip;<\/p>\n","protected":false},"author":10,"featured_media":121146,"comment_status":"open","ping_status":"open","sticky":false,"template":"","format":"standard","meta":{"content-type":"","jetpack_post_was_ever_published":false,"_jetpack_newsletter_access":"","_jetpack_dont_email_post_to_subs":false,"_jetpack_newsletter_tier_id":0,"_jetpack_memberships_contains_paywalled_content":false,"_jetpack_memberships_contains_paid_content":false,"footnotes":""},"categories":[35,25],"tags":[6088,442,29948,4698,2844,29947],"class_list":["post-121145","post","type-post","status-publish","format-standard","has-post-thumbnail","hentry","category-nacionales","category-portada","tag-camara-alta","tag-congreso-nacional","tag-da-ultimo-adios","tag-expresidente","tag-ramon-alburquerque","tag-rinde-tributo"],"jetpack_featured_media_url":"https:\/\/lasprimeras.com.do\/wp-content\/uploads\/2026\/02\/RICARDO-DE-LOS-SANTOS.jpg","jetpack-related-posts":[{"id":121151,"url":"https:\/\/lasprimeras.com.do\/index.php\/2026\/01\/30\/senado-de-la-republica-rendira-honores-a-ramon-alburquerque-ramirez-este-domingo-en-la-asamblea-nacional\/","url_meta":{"origin":121145,"position":0},"title":"Senado de la Rep\u00fablica rendir\u00e1 honores a Ram\u00f3n Alburquerque Ram\u00edrez este domingo en la Asamblea Nacional","author":"Nelson Feliz","date":"30 de enero de 2026","format":false,"excerpt":"El Senado de la Rep\u00fablica informa que el pr\u00f3ximo domingo 1 de febrero, a las 10:00 A.M., se llevar\u00e1n a cabo las honras f\u00fanebres oficiales en memoria del ingeniero Ram\u00f3n Alburquerque Ram\u00edrez, expresidente de este \u00f3rgano legislativo. El acto solemne tendr\u00e1 lugar en el Sal\u00f3n de la Asamblea Nacional, donde\u2026","rel":"","context":"En \u00abNACIONALES\u00bb","block_context":{"text":"NACIONALES","link":"https:\/\/lasprimeras.com.do\/index.php\/category\/nacionales\/"},"img":{"alt_text":"","src":"https:\/\/i0.wp.com\/lasprimeras.com.do\/wp-content\/uploads\/2026\/02\/WhatsApp-Image-2026-01-30-at-1.37.11-PM.jpeg?resize=350%2C200&ssl=1","width":350,"height":200,"srcset":"https:\/\/i0.wp.com\/lasprimeras.com.do\/wp-content\/uploads\/2026\/02\/WhatsApp-Image-2026-01-30-at-1.37.11-PM.jpeg?resize=350%2C200&ssl=1 1x, https:\/\/i0.wp.com\/lasprimeras.com.do\/wp-content\/uploads\/2026\/02\/WhatsApp-Image-2026-01-30-at-1.37.11-PM.jpeg?resize=525%2C300&ssl=1 1.5x"},"classes":[]},{"id":121060,"url":"https:\/\/lasprimeras.com.do\/index.php\/2026\/01\/31\/comision-del-pld-en-velatorio-de-ramon-albuquerque\/","url_meta":{"origin":121145,"position":1},"title":"Comisi\u00f3n del PLD en velatorio de Ram\u00f3n Albuquerque","author":"Nelson Feliz","date":"31 de enero de 2026","format":false,"excerpt":"Comisi\u00f3n del PLD asiste al velatorio del ex Presidente del Senado Ram\u00f3n Alburquerque. Presentan sus condolencias a familiares y al PRM. El Partido de la Liberaci\u00f3n Dominicana (PLD) hizo acto de presencia en el velatorio del expresidente del Senado de la Rep\u00fablica, Ram\u00f3n Alburquerque, en la funeraria Jard\u00edn Memorial, localizada\u2026","rel":"","context":"En \u00abPOLITICA\u00bb","block_context":{"text":"POLITICA","link":"https:\/\/lasprimeras.com.do\/index.php\/category\/politica\/"},"img":{"alt_text":"VELATORIO","src":"https:\/\/i0.wp.com\/lasprimeras.com.do\/wp-content\/uploads\/2026\/01\/COMISION-EN-VELATORIO-DE-RA.jpg?resize=350%2C200&ssl=1","width":350,"height":200,"srcset":"https:\/\/i0.wp.com\/lasprimeras.com.do\/wp-content\/uploads\/2026\/01\/COMISION-EN-VELATORIO-DE-RA.jpg?resize=350%2C200&ssl=1 1x, https:\/\/i0.wp.com\/lasprimeras.com.do\/wp-content\/uploads\/2026\/01\/COMISION-EN-VELATORIO-DE-RA.jpg?resize=525%2C300&ssl=1 1.5x, https:\/\/i0.wp.com\/lasprimeras.com.do\/wp-content\/uploads\/2026\/01\/COMISION-EN-VELATORIO-DE-RA.jpg?resize=700%2C400&ssl=1 2x"},"classes":[]},{"id":116386,"url":"https:\/\/lasprimeras.com.do\/index.php\/2025\/12\/01\/ramon-alburquerque-permanece-estable-en-hospital-medical-center-del-alto-manhattan\/","url_meta":{"origin":121145,"position":2},"title":"Ram\u00f3n Alburquerque permanece estable en Hospital Medical Center del Alto Manhattan","author":"Nelson Feliz","date":"1 de diciembre de 2025","format":false,"excerpt":"Por Ram\u00f3n Mercedes NUEVA YORK.- Una fuente de la seccional del Partido Revolucionario Moderno (PRM-NY), pidiendo reserva de su entidad, informa que el ingeniero Ram\u00f3n Alburquerque, de 76 a\u00f1os y con c\u00e1ncer en el h\u00edgado, se encuentra estable y en evaluaci\u00f3n desde hace varios d\u00edas en The Herbert Irving Comprehensive\u2026","rel":"","context":"En \u00abLA VOZ DE LA DIASPORA\u00bb","block_context":{"text":"LA VOZ DE LA DIASPORA","link":"https:\/\/lasprimeras.com.do\/index.php\/category\/la-voz-de-la-diaspora\/"},"img":{"alt_text":"","src":"https:\/\/i0.wp.com\/lasprimeras.com.do\/wp-content\/uploads\/2025\/12\/Ramon-Alburquerque-1.jpeg?resize=350%2C200&ssl=1","width":350,"height":200,"srcset":"https:\/\/i0.wp.com\/lasprimeras.com.do\/wp-content\/uploads\/2025\/12\/Ramon-Alburquerque-1.jpeg?resize=350%2C200&ssl=1 1x, https:\/\/i0.wp.com\/lasprimeras.com.do\/wp-content\/uploads\/2025\/12\/Ramon-Alburquerque-1.jpeg?resize=525%2C300&ssl=1 1.5x"},"classes":[]},{"id":121096,"url":"https:\/\/lasprimeras.com.do\/index.php\/2026\/01\/30\/el-pri-envia-condolencias-por-la-muerte-de-ramon-alburquerque\/","url_meta":{"origin":121145,"position":3},"title":"El PRI env\u00eda condolencias por la muerte de Ram\u00f3n Alburquerque","author":"Nelson Feliz","date":"30 de enero de 2026","format":false,"excerpt":"El Partido Revolucionario Independiente (PRI) expres\u00f3 hoy sus condolencias por la muerte del expresidente del Senado de la Rep\u00fablica, ingeniero Ram\u00f3n Alburquerque, a quien defini\u00f3 como unas de las figuras pol\u00edticas m\u00e1s regias y coherente de la historia dominicana reciente. Alburquerque, alto dirigente del partido Revolucionario Moderno (PRM), muri\u00f3 esta\u2026","rel":"","context":"En \u00abPOLITICA\u00bb","block_context":{"text":"POLITICA","link":"https:\/\/lasprimeras.com.do\/index.php\/category\/politica\/"},"img":{"alt_text":"","src":"https:\/\/i0.wp.com\/lasprimeras.com.do\/wp-content\/uploads\/2026\/01\/TRAJANO-SANTANA.jpg?resize=350%2C200&ssl=1","width":350,"height":200,"srcset":"https:\/\/i0.wp.com\/lasprimeras.com.do\/wp-content\/uploads\/2026\/01\/TRAJANO-SANTANA.jpg?resize=350%2C200&ssl=1 1x, https:\/\/i0.wp.com\/lasprimeras.com.do\/wp-content\/uploads\/2026\/01\/TRAJANO-SANTANA.jpg?resize=525%2C300&ssl=1 1.5x"},"classes":[]},{"id":121047,"url":"https:\/\/lasprimeras.com.do\/index.php\/2026\/01\/30\/entren-to-fallecio-el-dirigente-politico-ramon-albuquerque\/","url_meta":{"origin":121145,"position":4},"title":"Entren to: falleci\u00f3 el dirigente pol\u00edtico Ram\u00f3n Albuquerque","author":"Nelson Feliz","date":"30 de enero de 2026","format":false,"excerpt":"Falleci\u00f3 el ingeniero Ram\u00f3n Alburquerque Ram\u00edrez, figura de la vida p\u00fablica dominicana, inform\u00f3 este jueves su hija, M\u00f3nica Alburquerque, a trav\u00e9s de una publicaci\u00f3n en redes sociales. \u201cHoy, con el coraz\u00f3n en las manos, despedimos a nuestro amado padre, el Ing. Ram\u00f3n Alburquerque Ram\u00edrez, honrados de ser sus hijos\u201d, expres\u00f3.\u2026","rel":"","context":"En \u00abNACIONALES\u00bb","block_context":{"text":"NACIONALES","link":"https:\/\/lasprimeras.com.do\/index.php\/category\/nacionales\/"},"img":{"alt_text":"Ram\u00f3n Alburquerque","src":"https:\/\/i0.wp.com\/lasprimeras.com.do\/wp-content\/uploads\/2023\/10\/Ramon-Alburquerque.jpg?resize=350%2C200&ssl=1","width":350,"height":200,"srcset":"https:\/\/i0.wp.com\/lasprimeras.com.do\/wp-content\/uploads\/2023\/10\/Ramon-Alburquerque.jpg?resize=350%2C200&ssl=1 1x, https:\/\/i0.wp.com\/lasprimeras.com.do\/wp-content\/uploads\/2023\/10\/Ramon-Alburquerque.jpg?resize=525%2C300&ssl=1 1.5x, https:\/\/i0.wp.com\/lasprimeras.com.do\/wp-content\/uploads\/2023\/10\/Ramon-Alburquerque.jpg?resize=700%2C400&ssl=1 2x"},"classes":[]},{"id":121177,"url":"https:\/\/lasprimeras.com.do\/index.php\/2026\/02\/01\/ramon-alburquerque-el-nino-resiliente-que-aprendio-ingles-y-frances-antes-que-el-espanol\/","url_meta":{"origin":121145,"position":5},"title":"Ram\u00f3n Alburquerque: el ni\u00f1o resiliente que aprendi\u00f3 ingl\u00e9s y franc\u00e9s antes que el espa\u00f1ol","author":"Nelson Feliz","date":"1 de febrero de 2026","format":false,"excerpt":"Ram\u00f3n Alburquerque","rel":"","context":"En \u00abNACIONALES\u00bb","block_context":{"text":"NACIONALES","link":"https:\/\/lasprimeras.com.do\/index.php\/category\/nacionales\/"},"img":{"alt_text":"","src":"https:\/\/i0.wp.com\/lasprimeras.com.do\/wp-content\/uploads\/2025\/12\/Ramon-Alburquerque.jpeg?resize=350%2C200&ssl=1","width":350,"height":200},"classes":[]}],"jetpack_sharing_enabled":true,"_links":{"self":[{"href":"https:\/\/lasprimeras.com.do\/index.php\/wp-json\/wp\/v2\/posts\/121145","targetHints":{"allow":["GET"]}}],"collection":[{"href":"https:\/\/lasprimeras.com.do\/index.php\/wp-json\/wp\/v2\/posts"}],"about":[{"href":"https:\/\/lasprimeras.com.do\/index.php\/wp-json\/wp\/v2\/types\/post"}],"author":[{"embeddable":true,"href":"https:\/\/lasprimeras.com.do\/index.php\/wp-json\/wp\/v2\/users\/10"}],"replies":[{"embeddable":true,"href":"https:\/\/lasprimeras.com.do\/index.php\/wp-json\/wp\/v2\/comments?post=121145"}],"version-history":[{"count":1,"href":"https:\/\/lasprimeras.com.do\/index.php\/wp-json\/wp\/v2\/posts\/121145\/revisions"}],"predecessor-version":[{"id":121150,"href":"https:\/\/lasprimeras.com.do\/index.php\/wp-json\/wp\/v2\/posts\/121145\/revisions\/121150"}],"wp:featuredmedia":[{"embeddable":true,"href":"https:\/\/lasprimeras.com.do\/index.php\/wp-json\/wp\/v2\/media\/121146"}],"wp:attachment":[{"href":"https:\/\/lasprimeras.com.do\/index.php\/wp-json\/wp\/v2\/media?parent=121145"}],"wp:term":[{"taxonomy":"category","embeddable":true,"href":"https:\/\/lasprimeras.com.do\/index.php\/wp-json\/wp\/v2\/categories?post=121145"},{"taxonomy":"post_tag","embeddable":true,"href":"https:\/\/lasprimeras.com.do\/index.php\/wp-json\/wp\/v2\/tags?post=121145"}],"curies":[{"name":"wp","href":"https:\/\/api.w.org\/{rel}","templated":true}]}}