{"id":121156,"date":"2026-02-01T16:06:01","date_gmt":"2026-02-01T20:06:01","guid":{"rendered":"https:\/\/lasprimeras.com.do\/?p=121156"},"modified":"2026-02-01T16:06:03","modified_gmt":"2026-02-01T20:06:03","slug":"danilo-medina-el-pld-esta-abierta-a-construir-alianzas-politicas-de-cara-a-las-elecciones-de-2028","status":"publish","type":"post","link":"https:\/\/lasprimeras.com.do\/index.php\/2026\/02\/01\/danilo-medina-el-pld-esta-abierta-a-construir-alianzas-politicas-de-cara-a-las-elecciones-de-2028\/","title":{"rendered":"Danilo Medina: &#8220;El PLD est\u00e1 abierta a construir alianzas pol\u00edticas de cara a las elecciones de 2028&#8221;"},"content":{"rendered":"\n<p>El expresidente de la Rep\u00fablica y presidente del Partido de la Liberaci\u00f3n Dominicana (PLD), Danilo Medina, asegur\u00f3 que la organizaci\u00f3n est\u00e1 abierta a construir alianzas pol\u00edticas de cara a las elecciones de 2028, pero dej\u00f3 claro que cualquier proyecto de coalici\u00f3n deber\u00e1 girar en torno al PLD como fuerza principal.<\/p>\n\n\n\n<p>\u201cTodo el que quiera alianza es con nosotros, que se al\u00eden. Bienvenido\u201d, expres\u00f3 Medina al encabezar una multitudinaria asamblea de miembros y dirigentes del partido en el multiuso de Villa Mella, en el municipio Santo Domingo Norte.<\/p>\n\n\n\n<p>Durante su intervenci\u00f3n, el l\u00edder pelede\u00edsta inform\u00f3 que el partido avanza en la elaboraci\u00f3n de un protocolo interno para escoger a su aspirante presidencial, en un proceso que busca organizar y reducir el n\u00famero de precandidatos mediante la definici\u00f3n del perfil que la organizaci\u00f3n desea para su pr\u00f3xima candidatura.<\/p>\n\n\n\n<p>Ante una multitud que aclamaba su discurso, el dos veces expresidente anunci\u00f3 que el Comit\u00e9 Pol\u00edtico se reunir\u00e1 el d\u00eda 12 para construir la agenda del Comit\u00e9 Central, organismo que sesionar\u00e1 el d\u00eda 22 y tendr\u00e1 la responsabilidad de decidir oficialmente qui\u00e9nes ser\u00e1n reconocidos como aspirantes.<\/p>\n\n\n\n<p>Posteriormente, el PLD fijar\u00e1 la fecha de una consulta interna para seleccionar al representante definitivo, respetando los plazos establecidos por la ley electoral.<\/p>\n\n\n\n<p>Medina afirm\u00f3 que el partido ha recorrido todo el pa\u00eds y ha encontrado una ciudadan\u00eda a la espera de su reorganizaci\u00f3n pol\u00edtica.<\/p>\n\n\n\n<p>Asimismo, sostuvo que existe un creciente descontento con la gesti\u00f3n del gobierno actual, reflejado \u2014seg\u00fan dijo\u2014 en la reacci\u00f3n de la poblaci\u00f3n en redes sociales. \u201cSolo basta ver las redes sociales\u2026 el PRM va pa\u2019 fuera\u201d, manifest\u00f3.<\/p>\n\n\n\n<p>El presidente del PLD asegur\u00f3 que el partido est\u00e1 preparado para retomar el poder en 2028 si su militancia se mantiene activa y organizada en cada comunidad.<\/p>\n\n\n\n<p>Afirm\u00f3 que la poblaci\u00f3n reconoce los avances logrados durante sus gestiones de gobierno, citando la reducci\u00f3n de la pobreza, la construcci\u00f3n de viviendas, la ampliaci\u00f3n de la jornada escolar extendida, la cobertura de salud y programas sociales que beneficiaron a millones de dominicanos.<\/p>\n","protected":false},"excerpt":{"rendered":"<p>El expresidente de la Rep\u00fablica y presidente del Partido de la Liberaci\u00f3n Dominicana (PLD), Danilo Medina, asegur\u00f3 que la organizaci\u00f3n est\u00e1 abierta a construir alianzas pol\u00edticas de cara a las&hellip;<\/p>\n","protected":false},"author":10,"featured_media":96093,"comment_status":"open","ping_status":"open","sticky":false,"template":"","format":"standard","meta":{"content-type":"","jetpack_post_was_ever_published":false,"_jetpack_newsletter_access":"","_jetpack_dont_email_post_to_subs":false,"_jetpack_newsletter_tier_id":0,"_jetpack_memberships_contains_paywalled_content":false,"_jetpack_memberships_contains_paid_content":false,"footnotes":""},"categories":[16559,25],"tags":[2810,29950,1929,501,21179,269],"class_list":["post-121156","post","type-post","status-publish","format-standard","has-post-thumbnail","hentry","category-politica","category-portada","tag-abierta","tag-alianzas-politicas","tag-construir","tag-danilo-medina","tag-elecciones-de-2028","tag-pld"],"jetpack_featured_media_url":"https:\/\/lasprimeras.com.do\/wp-content\/uploads\/2025\/03\/Danilo_Medina-removebg-preview.png","jetpack-related-posts":[{"id":121875,"url":"https:\/\/lasprimeras.com.do\/index.php\/2026\/02\/11\/victor-terrero-respalda-postura-de-danilo-medina-sobre-alianzas-el-voto-del-pld-es-solo-para-la-boleta-morada\/","url_meta":{"origin":121156,"position":0},"title":"V\u00edctor Terrero respalda postura de Danilo Medina sobre alianzas: &#8220;El voto del PLD es solo para la boleta morada&#8221;","author":"Nelson Feliz","date":"11 de febrero de 2026","format":false,"excerpt":"El miembro del Comit\u00e9 Central del Partido de la Liberaci\u00f3n Dominicana (PLD), doctor V\u00edctor Manuel Terrero, manifest\u00f3 su total respaldo a las recientes declaraciones del presidente de la organizaci\u00f3n, Danilo Medina, respecto a la estrategia electoral de cara a los pr\u00f3ximos comicios. Terrero enfatiz\u00f3 que la militancia se mantiene firme\u2026","rel":"","context":"En \u00abPOLITICA\u00bb","block_context":{"text":"POLITICA","link":"https:\/\/lasprimeras.com.do\/index.php\/category\/politica\/"},"img":{"alt_text":"V\u00edctor Terrero","src":"https:\/\/i0.wp.com\/lasprimeras.com.do\/wp-content\/uploads\/2023\/07\/Victor-Terrero.jpeg?resize=350%2C200&ssl=1","width":350,"height":200,"srcset":"https:\/\/i0.wp.com\/lasprimeras.com.do\/wp-content\/uploads\/2023\/07\/Victor-Terrero.jpeg?resize=350%2C200&ssl=1 1x, https:\/\/i0.wp.com\/lasprimeras.com.do\/wp-content\/uploads\/2023\/07\/Victor-Terrero.jpeg?resize=525%2C300&ssl=1 1.5x, https:\/\/i0.wp.com\/lasprimeras.com.do\/wp-content\/uploads\/2023\/07\/Victor-Terrero.jpeg?resize=700%2C400&ssl=1 2x"},"classes":[]},{"id":123695,"url":"https:\/\/lasprimeras.com.do\/index.php\/2026\/03\/04\/danilo-medina-juramenta-en-el-pld-dirigentes-renunciantes-del-pcr\/","url_meta":{"origin":121156,"position":1},"title":"Danilo Medina juramenta en el PLD dirigentes renunciantes del PCR","author":"Nelson Feliz","date":"4 de marzo de 2026","format":false,"excerpt":"Estructura nacional del Partido C\u00edvico Renovador se jurament\u00f3 en el PLD. El dirigente pol\u00edtico Nicol\u00e1s Concepci\u00f3n, hasta el pasado martes vicepresidente del Partido C\u00edvico Renovador (PCR), se jurament\u00f3 en el Partido de la Liberaci\u00f3n Dominicana, junto a su estructura de trabajo. El ingreso de Concepci\u00f3n a las filas del PLD\u2026","rel":"","context":"En \u00abPOLITICA\u00bb","block_context":{"text":"POLITICA","link":"https:\/\/lasprimeras.com.do\/index.php\/category\/politica\/"},"img":{"alt_text":"","src":"https:\/\/i0.wp.com\/lasprimeras.com.do\/wp-content\/uploads\/2026\/03\/WhatsApp-Image-2026-03-04-at-12.23.07-PM-1.jpeg?resize=350%2C200&ssl=1","width":350,"height":200,"srcset":"https:\/\/i0.wp.com\/lasprimeras.com.do\/wp-content\/uploads\/2026\/03\/WhatsApp-Image-2026-03-04-at-12.23.07-PM-1.jpeg?resize=350%2C200&ssl=1 1x, https:\/\/i0.wp.com\/lasprimeras.com.do\/wp-content\/uploads\/2026\/03\/WhatsApp-Image-2026-03-04-at-12.23.07-PM-1.jpeg?resize=525%2C300&ssl=1 1.5x, https:\/\/i0.wp.com\/lasprimeras.com.do\/wp-content\/uploads\/2026\/03\/WhatsApp-Image-2026-03-04-at-12.23.07-PM-1.jpeg?resize=700%2C400&ssl=1 2x, https:\/\/i0.wp.com\/lasprimeras.com.do\/wp-content\/uploads\/2026\/03\/WhatsApp-Image-2026-03-04-at-12.23.07-PM-1.jpeg?resize=1050%2C600&ssl=1 3x"},"classes":[]},{"id":122155,"url":"https:\/\/lasprimeras.com.do\/index.php\/2026\/02\/14\/barahona-preparada-para-gran-asamblea-del-pld-alli\/","url_meta":{"origin":121156,"position":2},"title":"Barahona preparada para Gran Asamblea del PLD all\u00ed","author":"Nelson Feliz","date":"14 de febrero de 2026","format":false,"excerpt":"Danilo Medina y Johnny Pujols","rel":"","context":"En \u00abPOLITICA\u00bb","block_context":{"text":"POLITICA","link":"https:\/\/lasprimeras.com.do\/index.php\/category\/politica\/"},"img":{"alt_text":"Danilo Medina y Johnny Pujols","src":"https:\/\/i0.wp.com\/lasprimeras.com.do\/wp-content\/uploads\/2026\/02\/Danilo-Medina-y-Johnny-Pujols.jpg?resize=350%2C200&ssl=1","width":350,"height":200,"srcset":"https:\/\/i0.wp.com\/lasprimeras.com.do\/wp-content\/uploads\/2026\/02\/Danilo-Medina-y-Johnny-Pujols.jpg?resize=350%2C200&ssl=1 1x, https:\/\/i0.wp.com\/lasprimeras.com.do\/wp-content\/uploads\/2026\/02\/Danilo-Medina-y-Johnny-Pujols.jpg?resize=525%2C300&ssl=1 1.5x, https:\/\/i0.wp.com\/lasprimeras.com.do\/wp-content\/uploads\/2026\/02\/Danilo-Medina-y-Johnny-Pujols.jpg?resize=700%2C400&ssl=1 2x"},"classes":[]},{"id":114697,"url":"https:\/\/lasprimeras.com.do\/index.php\/2025\/11\/16\/danilo-medina-arremete-contra-gestion-del-gobierno\/","url_meta":{"origin":121156,"position":3},"title":"Danilo Medina arremete contra gesti\u00f3n del Gobierno","author":"Nelson Feliz","date":"16 de noviembre de 2025","format":false,"excerpt":"El expresidente de la Rep\u00fablica y presidente del Partido de la Liberaci\u00f3n Dominicana (PLD), Danilo Medina, encabez\u00f3 una asamblea de miembros y dirigentes de la organizaci\u00f3n opositora, donde jurament\u00f3 a m\u00e1s de 300 nuevos simpatizantes que, a partir de la fecha, engrosan las filas del partido. Durante el encuentro, Medina\u2026","rel":"","context":"En \u00abPOLITICA\u00bb","block_context":{"text":"POLITICA","link":"https:\/\/lasprimeras.com.do\/index.php\/category\/politica\/"},"img":{"alt_text":"","src":"https:\/\/i0.wp.com\/lasprimeras.com.do\/wp-content\/uploads\/2025\/09\/danilo-medina-1.jpg?resize=350%2C200&ssl=1","width":350,"height":200,"srcset":"https:\/\/i0.wp.com\/lasprimeras.com.do\/wp-content\/uploads\/2025\/09\/danilo-medina-1.jpg?resize=350%2C200&ssl=1 1x, https:\/\/i0.wp.com\/lasprimeras.com.do\/wp-content\/uploads\/2025\/09\/danilo-medina-1.jpg?resize=525%2C300&ssl=1 1.5x, https:\/\/i0.wp.com\/lasprimeras.com.do\/wp-content\/uploads\/2025\/09\/danilo-medina-1.jpg?resize=700%2C400&ssl=1 2x"},"classes":[]},{"id":103176,"url":"https:\/\/lasprimeras.com.do\/index.php\/2025\/07\/13\/danilo-medina-en-puerto-plata-si-ellos-saben-hacer-oposicion-que-se-quiten-y-nos-dejen-gobernar\/","url_meta":{"origin":121156,"position":4},"title":"Danilo Medina en Puerto Plata: \u201cSi ellos saben hacer oposici\u00f3n, que se quiten y nos dejen gobernar\u201d","author":"Nelson Feliz","date":"13 de julio de 2025","format":false,"excerpt":"El expresidente de la Rep\u00fablica y presidente del Partido de la Liberaci\u00f3n Dominicana (PLD), Danilo Medina, afirm\u00f3 que esa organizaci\u00f3n pol\u00edtica ya compite por el primer lugar en la preferencia del electorado nacional, al tiempo que record\u00f3 que fue el \u00fanico partido que, durante su gesti\u00f3n, cumpli\u00f3 m\u00e1s de lo\u2026","rel":"","context":"En \u00abPOLITICA\u00bb","block_context":{"text":"POLITICA","link":"https:\/\/lasprimeras.com.do\/index.php\/category\/politica\/"},"img":{"alt_text":"","src":"https:\/\/i0.wp.com\/lasprimeras.com.do\/wp-content\/uploads\/2025\/07\/Danilo-Medina.jpg-1.jpg?resize=350%2C200&ssl=1","width":350,"height":200,"srcset":"https:\/\/i0.wp.com\/lasprimeras.com.do\/wp-content\/uploads\/2025\/07\/Danilo-Medina.jpg-1.jpg?resize=350%2C200&ssl=1 1x, https:\/\/i0.wp.com\/lasprimeras.com.do\/wp-content\/uploads\/2025\/07\/Danilo-Medina.jpg-1.jpg?resize=525%2C300&ssl=1 1.5x, https:\/\/i0.wp.com\/lasprimeras.com.do\/wp-content\/uploads\/2025\/07\/Danilo-Medina.jpg-1.jpg?resize=700%2C400&ssl=1 2x"},"classes":[]},{"id":106648,"url":"https:\/\/lasprimeras.com.do\/index.php\/2025\/08\/17\/danilo-medina-no-hay-punto-de-comparacion-entre-la-gestion-de-abinader-y-la-del-pld\/","url_meta":{"origin":121156,"position":5},"title":"Danilo Medina: \u201cNo hay punto de comparaci\u00f3n entre la gesti\u00f3n de Abinader y la del PLD\u201d","author":"Nelson Feliz","date":"17 de agosto de 2025","format":false,"excerpt":"Los apagones se deben al descuido del gobierno, porque no siguieron el plan indicador que dej\u00f3 el PLD para seguir construyendo plantas para suplir la demanda adicional que surge cada a\u00f1o, afirm\u00f3 Danilo Medina. El expresidente de la Rep\u00fablica y actual presidente del Partido de la Liberaci\u00f3n Dominicana (PLD), Danilo\u2026","rel":"","context":"En \u00abPOLITICA\u00bb","block_context":{"text":"POLITICA","link":"https:\/\/lasprimeras.com.do\/index.php\/category\/politica\/"},"img":{"alt_text":"","src":"https:\/\/i0.wp.com\/lasprimeras.com.do\/wp-content\/uploads\/2025\/08\/Danilo-V.1.jpg?resize=350%2C200&ssl=1","width":350,"height":200,"srcset":"https:\/\/i0.wp.com\/lasprimeras.com.do\/wp-content\/uploads\/2025\/08\/Danilo-V.1.jpg?resize=350%2C200&ssl=1 1x, https:\/\/i0.wp.com\/lasprimeras.com.do\/wp-content\/uploads\/2025\/08\/Danilo-V.1.jpg?resize=525%2C300&ssl=1 1.5x, https:\/\/i0.wp.com\/lasprimeras.com.do\/wp-content\/uploads\/2025\/08\/Danilo-V.1.jpg?resize=700%2C400&ssl=1 2x"},"classes":[]}],"jetpack_sharing_enabled":true,"_links":{"self":[{"href":"https:\/\/lasprimeras.com.do\/index.php\/wp-json\/wp\/v2\/posts\/121156","targetHints":{"allow":["GET"]}}],"collection":[{"href":"https:\/\/lasprimeras.com.do\/index.php\/wp-json\/wp\/v2\/posts"}],"about":[{"href":"https:\/\/lasprimeras.com.do\/index.php\/wp-json\/wp\/v2\/types\/post"}],"author":[{"embeddable":true,"href":"https:\/\/lasprimeras.com.do\/index.php\/wp-json\/wp\/v2\/users\/10"}],"replies":[{"embeddable":true,"href":"https:\/\/lasprimeras.com.do\/index.php\/wp-json\/wp\/v2\/comments?post=121156"}],"version-history":[{"count":1,"href":"https:\/\/lasprimeras.com.do\/index.php\/wp-json\/wp\/v2\/posts\/121156\/revisions"}],"predecessor-version":[{"id":121157,"href":"https:\/\/lasprimeras.com.do\/index.php\/wp-json\/wp\/v2\/posts\/121156\/revisions\/121157"}],"wp:featuredmedia":[{"embeddable":true,"href":"https:\/\/lasprimeras.com.do\/index.php\/wp-json\/wp\/v2\/media\/96093"}],"wp:attachment":[{"href":"https:\/\/lasprimeras.com.do\/index.php\/wp-json\/wp\/v2\/media?parent=121156"}],"wp:term":[{"taxonomy":"category","embeddable":true,"href":"https:\/\/lasprimeras.com.do\/index.php\/wp-json\/wp\/v2\/categories?post=121156"},{"taxonomy":"post_tag","embeddable":true,"href":"https:\/\/lasprimeras.com.do\/index.php\/wp-json\/wp\/v2\/tags?post=121156"}],"curies":[{"name":"wp","href":"https:\/\/api.w.org\/{rel}","templated":true}]}}