{"id":121182,"date":"2026-02-01T11:03:00","date_gmt":"2026-02-01T15:03:00","guid":{"rendered":"https:\/\/lasprimeras.com.do\/?p=121182"},"modified":"2026-02-01T19:07:29","modified_gmt":"2026-02-01T23:07:29","slug":"abinader-viaja-este-domingo-a-dubai-para-participar-en-cumbre-mundial-de-gobiernos","status":"publish","type":"post","link":"https:\/\/lasprimeras.com.do\/index.php\/2026\/02\/01\/abinader-viaja-este-domingo-a-dubai-para-participar-en-cumbre-mundial-de-gobiernos\/","title":{"rendered":"Abinader viaja este domingo a Dub\u00e1i para participar en Cumbre Mundial de Gobiernos"},"content":{"rendered":"\n<p><strong>El mandatario dominicano participar\u00e1 con cientos de gobernantes de distintos pa\u00edses del mundo, empresarios e inversionistas.<\/strong><\/p>\n\n\n\n<p>El presidente de la Rep\u00fablica, Luis Abinader, viajar\u00e1 este domingo a Dub\u00e1i, Emiratos \u00c1rabes Unidos, donde participar\u00e1 en la Cumbre Mundial de Gobiernos 2026 (World Governments Summit \u2013 WGS), un evento anual de alto nivel que re\u00fane a l\u00edderes mundiales, funcionarios, expertos y sector privado para debatir sobre el futuro, innovaci\u00f3n tecnol\u00f3gica, pol\u00edticas p\u00fablicas y sostenibilidad.<\/p>\n\n\n\n<p>Asimismo, Abinader durante la cumbre sostendr\u00e1 encuentros bilaterales con presidentes suramericanos y con representantes dominicanos.<\/p>\n\n\n\n<p>La Cumbre Mundial de Gobiernos, que se celebra desde 2013, es una plataforma clave donde convergen l\u00edderes de opini\u00f3n y formuladores de pol\u00edticas para discutir problemas y oportunidades que enfrenta la humanidad y se realizar\u00e1 del 3 al 5 de febrero bajo el lema \u201cDando forma al futuro de los gobiernos\u201d.<\/p>\n\n\n\n<p>El presidente Abinader se unir\u00e1 a otros l\u00edderes mundiales para discutir temas como la prosperidad econ\u00f3mica y oportunidades emergentes.<\/p>\n\n\n\n<p>La participaci\u00f3n del mandatario dominicano es una clara se\u00f1al del compromiso del gobierno con la cooperaci\u00f3n internacional y el desarrollo sostenible.<\/p>\n\n\n\n<p>El evento tiene como objetivo forjar soluciones para los desaf\u00edos globales venideros, enfoc\u00e1ndose en futurismo, innovaci\u00f3n, tecnolog\u00eda, gobernanza y cooperaci\u00f3n internacional.<\/p>\n\n\n\n<p>La Organizaci\u00f3n de la Cumbre Mundial de Gobiernos, a trav\u00e9s de sus eventos, di\u00e1logos y otras iniciativas, se centra en aprovechar la innovaci\u00f3n y la tecnolog\u00eda para resolver los desaf\u00edos universales que enfrenta la humanidad.<\/p>\n","protected":false},"excerpt":{"rendered":"<p>El mandatario dominicano participar\u00e1 con cientos de gobernantes de distintos pa\u00edses del mundo, empresarios e inversionistas. El presidente de la Rep\u00fablica, Luis Abinader, viajar\u00e1 este domingo a Dub\u00e1i, Emiratos \u00c1rabes&hellip;<\/p>\n","protected":false},"author":10,"featured_media":54873,"comment_status":"open","ping_status":"open","sticky":false,"template":"","format":"standard","meta":{"content-type":"","jetpack_post_was_ever_published":false,"_jetpack_newsletter_access":"","_jetpack_dont_email_post_to_subs":false,"_jetpack_newsletter_tier_id":0,"_jetpack_memberships_contains_paywalled_content":false,"_jetpack_memberships_contains_paid_content":false,"footnotes":""},"categories":[35,25],"tags":[29966,29965,2498,67,279],"class_list":["post-121182","post","type-post","status-publish","format-standard","has-post-thumbnail","hentry","category-nacionales","category-portada","tag-cumbre-mundial-de-gobiernos","tag-dubai","tag-este-domingo","tag-luis-abinader","tag-viaja"],"jetpack_featured_media_url":"https:\/\/lasprimeras.com.do\/wp-content\/uploads\/2023\/07\/Luis-Abinader-viaja.jpg","jetpack-related-posts":[{"id":121275,"url":"https:\/\/lasprimeras.com.do\/index.php\/2026\/02\/02\/abinader-llega-a-dubai-para-participar-en-la-cumbre-mundial-de-gobiernos-junto-a-lideres\/","url_meta":{"origin":121182,"position":0},"title":"Abinader llega a Dub\u00e1i para participar en la Cumbre Mundial de Gobiernos junto a l\u00edderes","author":"Nelson Feliz","date":"2 de febrero de 2026","format":false,"excerpt":"Dub\u00e1i, Emiratos \u00c1rabes Unidos.\u2013 El presidente de la Rep\u00fablica Dominicana, Luis Abinader, lleg\u00f3 a Dub\u00e1i, Emiratos \u00c1rabes Unidos (EUA), para participar en la Cumbre Mundial de Gobiernos 2026 (World Governments Summit \u2013 WGS), un foro que re\u00fane a cientos de gobernantes de distintos pa\u00edses del mundo, as\u00ed como a empresarios\u2026","rel":"","context":"En \u00abNACIONALES\u00bb","block_context":{"text":"NACIONALES","link":"https:\/\/lasprimeras.com.do\/index.php\/category\/nacionales\/"},"img":{"alt_text":"","src":"https:\/\/i0.wp.com\/lasprimeras.com.do\/wp-content\/uploads\/2026\/02\/Luis-Abinade.jpg?resize=350%2C200&ssl=1","width":350,"height":200,"srcset":"https:\/\/i0.wp.com\/lasprimeras.com.do\/wp-content\/uploads\/2026\/02\/Luis-Abinade.jpg?resize=350%2C200&ssl=1 1x, https:\/\/i0.wp.com\/lasprimeras.com.do\/wp-content\/uploads\/2026\/02\/Luis-Abinade.jpg?resize=525%2C300&ssl=1 1.5x, https:\/\/i0.wp.com\/lasprimeras.com.do\/wp-content\/uploads\/2026\/02\/Luis-Abinade.jpg?resize=700%2C400&ssl=1 2x"},"classes":[]},{"id":121272,"url":"https:\/\/lasprimeras.com.do\/index.php\/2026\/02\/02\/rd-consolida-su-posicionamiento-economica-como-referente-regional-en-la-cumbre-mundial-de-gobiernos-2026\/","url_meta":{"origin":121182,"position":1},"title":"RD consolida su posicionamiento econ\u00f3mica como referente regional en la Cumbre Mundial de Gobiernos 2026","author":"Nelson Feliz","date":"2 de febrero de 2026","format":false,"excerpt":"Emiratos Arabes","rel":"","context":"En \u00abECONOM\u00cdA\u00bb","block_context":{"text":"ECONOM\u00cdA","link":"https:\/\/lasprimeras.com.do\/index.php\/category\/economia\/"},"img":{"alt_text":"","src":"https:\/\/i0.wp.com\/lasprimeras.com.do\/wp-content\/uploads\/2026\/02\/Emiratos-Arabes.jpg?resize=350%2C200&ssl=1","width":350,"height":200,"srcset":"https:\/\/i0.wp.com\/lasprimeras.com.do\/wp-content\/uploads\/2026\/02\/Emiratos-Arabes.jpg?resize=350%2C200&ssl=1 1x, https:\/\/i0.wp.com\/lasprimeras.com.do\/wp-content\/uploads\/2026\/02\/Emiratos-Arabes.jpg?resize=525%2C300&ssl=1 1.5x, https:\/\/i0.wp.com\/lasprimeras.com.do\/wp-content\/uploads\/2026\/02\/Emiratos-Arabes.jpg?resize=700%2C400&ssl=1 2x"},"classes":[]},{"id":84883,"url":"https:\/\/lasprimeras.com.do\/index.php\/2024\/06\/16\/abinader-regresa-de-su-viaje-a-suiza-donde-participo-en-la-cumbre-por-la-paz-en-ucrania\/","url_meta":{"origin":121182,"position":2},"title":"Abinader regresa de su viaje a Suiza donde particip\u00f3 en la Cumbre por La Paz en Ucrania","author":"Nelson Feliz","date":"16 de junio de 2024","format":false,"excerpt":"En el evento, el mandatario habl\u00f3 de los efectos de la guerra en la econom\u00eda. El presidente Luis Abinader regres\u00f3 al pa\u00eds la noche de este domingo de su viaje a Lucerna, Suiza donde particip\u00f3 en la Cumbre por la Paz en Ucrania. El mandatario arrib\u00f3 a las 10:37 de\u2026","rel":"","context":"En \u00abNACIONALES\u00bb","block_context":{"text":"NACIONALES","link":"https:\/\/lasprimeras.com.do\/index.php\/category\/nacionales\/"},"img":{"alt_text":"","src":"https:\/\/i0.wp.com\/lasprimeras.com.do\/wp-content\/uploads\/2023\/06\/Luis-Abinader-regresa-SICA.jpg?resize=350%2C200&ssl=1","width":350,"height":200,"srcset":"https:\/\/i0.wp.com\/lasprimeras.com.do\/wp-content\/uploads\/2023\/06\/Luis-Abinader-regresa-SICA.jpg?resize=350%2C200&ssl=1 1x, https:\/\/i0.wp.com\/lasprimeras.com.do\/wp-content\/uploads\/2023\/06\/Luis-Abinader-regresa-SICA.jpg?resize=525%2C300&ssl=1 1.5x, https:\/\/i0.wp.com\/lasprimeras.com.do\/wp-content\/uploads\/2023\/06\/Luis-Abinader-regresa-SICA.jpg?resize=700%2C400&ssl=1 2x"},"classes":[]},{"id":98279,"url":"https:\/\/lasprimeras.com.do\/index.php\/2025\/05\/06\/vice-presidenta-raquel-pena-asiste-acto-inaugural-xxii-cumbre-mundial-de-comunicacion-politica\/","url_meta":{"origin":121182,"position":3},"title":"Vice presidenta Raquel Pe\u00f1a asiste acto inaugural XXII Cumbre Mundial de Comunicaci\u00f3n Pol\u00edtica","author":"Nelson Feliz","date":"6 de mayo de 2025","format":false,"excerpt":"ALACOP entrega reconocimiento a la vicepresidenta. La XXII Cumbre Mundial de Comunicaci\u00f3n Pol\u00edtica, fue inaugurada este lunes 5 de mayo con la presencia de la vicepresidenta de la Rep\u00fablica, Raquel Pe\u00f1a, quien recibi\u00f3 un reconocimiento de la Asociaci\u00f3n de Consultores Latinoamericanos,ALACOP, su ppresidenta Nidia Paulino Valdez. \u201cCumbre CP y Alacop\u2026","rel":"","context":"En \u00abNACIONALES\u00bb","block_context":{"text":"NACIONALES","link":"https:\/\/lasprimeras.com.do\/index.php\/category\/nacionales\/"},"img":{"alt_text":"Raquel Pe\u00f1a","src":"https:\/\/i0.wp.com\/lasprimeras.com.do\/wp-content\/uploads\/2025\/05\/Raquel-Pena-1-1.jpg?resize=350%2C200&ssl=1","width":350,"height":200,"srcset":"https:\/\/i0.wp.com\/lasprimeras.com.do\/wp-content\/uploads\/2025\/05\/Raquel-Pena-1-1.jpg?resize=350%2C200&ssl=1 1x, https:\/\/i0.wp.com\/lasprimeras.com.do\/wp-content\/uploads\/2025\/05\/Raquel-Pena-1-1.jpg?resize=525%2C300&ssl=1 1.5x, https:\/\/i0.wp.com\/lasprimeras.com.do\/wp-content\/uploads\/2025\/05\/Raquel-Pena-1-1.jpg?resize=700%2C400&ssl=1 2x"},"classes":[]},{"id":123906,"url":"https:\/\/lasprimeras.com.do\/index.php\/2026\/03\/06\/abinader-en-miami-agenda-para-la-cumbre-convocada-por-trump-este-sabado\/","url_meta":{"origin":121182,"position":4},"title":"Abinader en Miami: Agenda para la cumbre convocada por Trump este s\u00e1bado","author":"Nelson Feliz","date":"6 de marzo de 2026","format":false,"excerpt":"Director de Prensa del presidente detalla agenda de Abinader en cumbre de alto nivel convocada por Donald Trump en Miami para este s\u00e1bado Miami. \u2013 El director de Prensa del presidente, Alberto Caminero, inform\u00f3 este viernes sobre la agenda que desarrollar\u00e1 el presidente Luis Abinader durante la cumbre de alto\u2026","rel":"","context":"En \u00abNACIONALES\u00bb","block_context":{"text":"NACIONALES","link":"https:\/\/lasprimeras.com.do\/index.php\/category\/nacionales\/"},"img":{"alt_text":"Alberto Caminero,","src":"https:\/\/i0.wp.com\/lasprimeras.com.do\/wp-content\/uploads\/2026\/03\/Alberto-Caminero-1.jpg?resize=350%2C200&ssl=1","width":350,"height":200,"srcset":"https:\/\/i0.wp.com\/lasprimeras.com.do\/wp-content\/uploads\/2026\/03\/Alberto-Caminero-1.jpg?resize=350%2C200&ssl=1 1x, https:\/\/i0.wp.com\/lasprimeras.com.do\/wp-content\/uploads\/2026\/03\/Alberto-Caminero-1.jpg?resize=525%2C300&ssl=1 1.5x, https:\/\/i0.wp.com\/lasprimeras.com.do\/wp-content\/uploads\/2026\/03\/Alberto-Caminero-1.jpg?resize=700%2C400&ssl=1 2x"},"classes":[]},{"id":68821,"url":"https:\/\/lasprimeras.com.do\/index.php\/2023\/11\/28\/oms-pide-salud-se-debata-en-cumbre-cambio-climatico\/","url_meta":{"origin":121182,"position":5},"title":"OMS pide salud se debata en cumbre cambio clim\u00e1tico","author":"BIMARY DE JES\u00daS Matos","date":"28 de noviembre de 2023","format":false,"excerpt":"Ginebra. A dos d\u00edas de que comience en Dub\u00e1i la cumbre anual para la lucha contra el cambio clim\u00e1tico (COP28), la Organizaci\u00f3n Mundial de la Salud (OMS) pidi\u00f3 que la salud de la humanidad, en riesgo por ese calentamiento global, est\u00e9 en el centro de los debates que tendr\u00e1n lugar\u2026","rel":"","context":"En \u00abSin categor\u00eda\u00bb","block_context":{"text":"Sin categor\u00eda","link":"https:\/\/lasprimeras.com.do\/index.php\/category\/sin-categoria\/"},"img":{"alt_text":"","src":"","width":0,"height":0},"classes":[]}],"jetpack_sharing_enabled":true,"_links":{"self":[{"href":"https:\/\/lasprimeras.com.do\/index.php\/wp-json\/wp\/v2\/posts\/121182","targetHints":{"allow":["GET"]}}],"collection":[{"href":"https:\/\/lasprimeras.com.do\/index.php\/wp-json\/wp\/v2\/posts"}],"about":[{"href":"https:\/\/lasprimeras.com.do\/index.php\/wp-json\/wp\/v2\/types\/post"}],"author":[{"embeddable":true,"href":"https:\/\/lasprimeras.com.do\/index.php\/wp-json\/wp\/v2\/users\/10"}],"replies":[{"embeddable":true,"href":"https:\/\/lasprimeras.com.do\/index.php\/wp-json\/wp\/v2\/comments?post=121182"}],"version-history":[{"count":1,"href":"https:\/\/lasprimeras.com.do\/index.php\/wp-json\/wp\/v2\/posts\/121182\/revisions"}],"predecessor-version":[{"id":121183,"href":"https:\/\/lasprimeras.com.do\/index.php\/wp-json\/wp\/v2\/posts\/121182\/revisions\/121183"}],"wp:featuredmedia":[{"embeddable":true,"href":"https:\/\/lasprimeras.com.do\/index.php\/wp-json\/wp\/v2\/media\/54873"}],"wp:attachment":[{"href":"https:\/\/lasprimeras.com.do\/index.php\/wp-json\/wp\/v2\/media?parent=121182"}],"wp:term":[{"taxonomy":"category","embeddable":true,"href":"https:\/\/lasprimeras.com.do\/index.php\/wp-json\/wp\/v2\/categories?post=121182"},{"taxonomy":"post_tag","embeddable":true,"href":"https:\/\/lasprimeras.com.do\/index.php\/wp-json\/wp\/v2\/tags?post=121182"}],"curies":[{"name":"wp","href":"https:\/\/api.w.org\/{rel}","templated":true}]}}