{"id":121184,"date":"2026-02-01T19:14:02","date_gmt":"2026-02-01T23:14:02","guid":{"rendered":"https:\/\/lasprimeras.com.do\/?p=121184"},"modified":"2026-02-01T19:14:04","modified_gmt":"2026-02-01T23:14:04","slug":"abinader-designa-a-cesar-enmanuel-cerda-minaya-como-director-general-de-coramon","status":"publish","type":"post","link":"https:\/\/lasprimeras.com.do\/index.php\/2026\/02\/01\/abinader-designa-a-cesar-enmanuel-cerda-minaya-como-director-general-de-coramon\/","title":{"rendered":"Abinader designa a C\u00e9sar Enmanuel Cerda Minaya como director general de CORAMON"},"content":{"rendered":"\n<p>El presidente Luis Abinader, mediante el Decreto n\u00fam. 66-26, design\u00f3 C\u00e9sar Enmanuel Cerda Minaya como director general de la Corporaci\u00f3n del Acueducto y Alcantarillado de Monse\u00f1or Nouel (CORAMON).<\/p>\n\n\n\n<p>En el mismo decreto, el mandatario derog\u00f3 el art\u00edculo 4 del Decreto n\u00fam. 514-20, del 29 de septiembre de 2020, y dispuso que la medida sea remitida a las instituciones correspondientes para su conocimiento y ejecuci\u00f3n.<\/p>\n","protected":false},"excerpt":{"rendered":"<p>El presidente Luis Abinader, mediante el Decreto n\u00fam. 66-26, design\u00f3 C\u00e9sar Enmanuel Cerda Minaya como director general de la Corporaci\u00f3n del Acueducto y Alcantarillado de Monse\u00f1or Nouel (CORAMON). En el&hellip;<\/p>\n","protected":false},"author":10,"featured_media":121084,"comment_status":"open","ping_status":"open","sticky":false,"template":"","format":"standard","meta":{"content-type":"","jetpack_post_was_ever_published":false,"_jetpack_newsletter_access":"","_jetpack_dont_email_post_to_subs":false,"_jetpack_newsletter_tier_id":0,"_jetpack_memberships_contains_paywalled_content":false,"_jetpack_memberships_contains_paid_content":false,"footnotes":""},"categories":[35,25],"tags":[29967],"class_list":["post-121184","post","type-post","status-publish","format-standard","has-post-thumbnail","hentry","category-nacionales","category-portada","tag-cesar-enmanuel-cerda-minaya"],"jetpack_featured_media_url":"https:\/\/lasprimeras.com.do\/wp-content\/uploads\/2026\/01\/presidencia.jpg","jetpack-related-posts":[{"id":122482,"url":"https:\/\/lasprimeras.com.do\/index.php\/2026\/02\/18\/abinader-asciende-a-andres-modesto-cruz-cruz-y-lo-designa-como-nuevo-director-general-de-la-pn\/","url_meta":{"origin":121184,"position":0},"title":"Abinader asciende a Andr\u00e9s Modesto Cruz Cruz y lo designa como nuevo director general de la PN","author":"Nelson Feliz","date":"18 de febrero de 2026","format":false,"excerpt":"El mayor general Ram\u00f3n Antonio Guzm\u00e1n Peralta fue colocado en honrosa situaci\u00f3n de retiro. El presidente de la Rep\u00fablica, Luis Abinader, dispuso el ascenso del general Andr\u00e9s Modesto Cruz Cruz, (PN), al rango de mayor general y su designaci\u00f3n como nuevo director general de la Polic\u00eda Nacional, mediante el Decreto\u2026","rel":"","context":"En \u00abNACIONALES\u00bb","block_context":{"text":"NACIONALES","link":"https:\/\/lasprimeras.com.do\/index.php\/category\/nacionales\/"},"img":{"alt_text":"Andr\u00e9s Modesto Cruz","src":"https:\/\/i0.wp.com\/lasprimeras.com.do\/wp-content\/uploads\/2026\/02\/Andres-Modesto-Cruz.jpg?resize=350%2C200&ssl=1","width":350,"height":200,"srcset":"https:\/\/i0.wp.com\/lasprimeras.com.do\/wp-content\/uploads\/2026\/02\/Andres-Modesto-Cruz.jpg?resize=350%2C200&ssl=1 1x, https:\/\/i0.wp.com\/lasprimeras.com.do\/wp-content\/uploads\/2026\/02\/Andres-Modesto-Cruz.jpg?resize=525%2C300&ssl=1 1.5x, https:\/\/i0.wp.com\/lasprimeras.com.do\/wp-content\/uploads\/2026\/02\/Andres-Modesto-Cruz.jpg?resize=700%2C400&ssl=1 2x"},"classes":[]},{"id":123340,"url":"https:\/\/lasprimeras.com.do\/index.php\/2026\/02\/27\/abinader-designa-nuevo-subdirector-e-inspector-general-de-la-pn-y-dispone-ascensos-y-retiros\/","url_meta":{"origin":121184,"position":1},"title":"Abinader designa nuevo subdirector e inspector general de la PN y dispone ascensos y retiros","author":"Nelson Feliz","date":"27 de febrero de 2026","format":false,"excerpt":"El presidente de la Rep\u00fablica, Luis Abinader, emiti\u00f3 el Decreto n\u00fam. 133-26 mediante el cual designa al general Esteban Figuereo Garc\u00eda como subdirector general de la Polic\u00eda Nacional y al general Ernesto Rafael Rodr\u00edguez Garc\u00eda como inspector general de la instituci\u00f3n, adem\u00e1s de disponer ascensos, retiros y nuevas designaciones en\u2026","rel":"","context":"En \u00abNACIONALES\u00bb","block_context":{"text":"NACIONALES","link":"https:\/\/lasprimeras.com.do\/index.php\/category\/nacionales\/"},"img":{"alt_text":"","src":"https:\/\/i0.wp.com\/lasprimeras.com.do\/wp-content\/uploads\/2025\/10\/Palacio-Nacional.jpg?resize=350%2C200&ssl=1","width":350,"height":200,"srcset":"https:\/\/i0.wp.com\/lasprimeras.com.do\/wp-content\/uploads\/2025\/10\/Palacio-Nacional.jpg?resize=350%2C200&ssl=1 1x, https:\/\/i0.wp.com\/lasprimeras.com.do\/wp-content\/uploads\/2025\/10\/Palacio-Nacional.jpg?resize=525%2C300&ssl=1 1.5x, https:\/\/i0.wp.com\/lasprimeras.com.do\/wp-content\/uploads\/2025\/10\/Palacio-Nacional.jpg?resize=700%2C400&ssl=1 2x"},"classes":[]},{"id":78724,"url":"https:\/\/lasprimeras.com.do\/index.php\/2024\/03\/19\/abinader-emite-decreto-156-24-que-designa-nuevos-miembros-de-incabide\/","url_meta":{"origin":121184,"position":2},"title":"Abinader emite decreto 156-24 que designa nuevos miembros de INCABIDE","author":"Nelson Feliz","date":"19 de marzo de 2024","format":false,"excerpt":"El presidente de la Rep\u00fablica, Luis Abinader, emiti\u00f3 el Decreto n\u00fam. 156-24 que designa a Jes\u00fas Castro Marte y Julio Miguel \u00c1ngel Casta\u00f1os Guzm\u00e1n, miembros del Consejo Directivo del Instituto Nacional de Custodia y Administraci\u00f3n de Bienes Incautados, Decomisados y en Extinci\u00f3n de Dominio (INCABIDE). Este Consejo Directivo fue creado\u2026","rel":"","context":"En \u00abNACIONALES\u00bb","block_context":{"text":"NACIONALES","link":"https:\/\/lasprimeras.com.do\/index.php\/category\/nacionales\/"},"img":{"alt_text":"Gobierno dominicano","src":"https:\/\/i0.wp.com\/lasprimeras.com.do\/wp-content\/uploads\/2023\/08\/Palacio.jpg?resize=350%2C200&ssl=1","width":350,"height":200,"srcset":"https:\/\/i0.wp.com\/lasprimeras.com.do\/wp-content\/uploads\/2023\/08\/Palacio.jpg?resize=350%2C200&ssl=1 1x, https:\/\/i0.wp.com\/lasprimeras.com.do\/wp-content\/uploads\/2023\/08\/Palacio.jpg?resize=525%2C300&ssl=1 1.5x, https:\/\/i0.wp.com\/lasprimeras.com.do\/wp-content\/uploads\/2023\/08\/Palacio.jpg?resize=700%2C400&ssl=1 2x"},"classes":[]},{"id":119201,"url":"https:\/\/lasprimeras.com.do\/index.php\/2026\/01\/08\/presidente-abinader-designa-a-julio-landron-como-director-del-servicio-nacional-de-salud\/","url_meta":{"origin":121184,"position":3},"title":"Presidente Abinader designa a Julio Landr\u00f3n como director del Servicio Nacional de Salud","author":"Nelson Feliz","date":"8 de enero de 2026","format":false,"excerpt":"Julio C\u00e9sar Landr\u00f3n","rel":"","context":"En \u00abSin categor\u00eda\u00bb","block_context":{"text":"Sin categor\u00eda","link":"https:\/\/lasprimeras.com.do\/index.php\/category\/sin-categoria\/"},"img":{"alt_text":"Julio C\u00e9sar Landr\u00f3n","src":"https:\/\/i0.wp.com\/lasprimeras.com.do\/wp-content\/uploads\/2026\/01\/Julio-Cesar-Landron.jpg?resize=350%2C200&ssl=1","width":350,"height":200,"srcset":"https:\/\/i0.wp.com\/lasprimeras.com.do\/wp-content\/uploads\/2026\/01\/Julio-Cesar-Landron.jpg?resize=350%2C200&ssl=1 1x, https:\/\/i0.wp.com\/lasprimeras.com.do\/wp-content\/uploads\/2026\/01\/Julio-Cesar-Landron.jpg?resize=525%2C300&ssl=1 1.5x, https:\/\/i0.wp.com\/lasprimeras.com.do\/wp-content\/uploads\/2026\/01\/Julio-Cesar-Landron.jpg?resize=700%2C400&ssl=1 2x"},"classes":[]},{"id":119239,"url":"https:\/\/lasprimeras.com.do\/index.php\/2026\/01\/08\/decreto-6-26-presidente-designa-a-julio-landron-como-director-del-servicio-nacional-de-salud\/","url_meta":{"origin":121184,"position":4},"title":"Decreto 6-26: Presidente designa a Julio Landr\u00f3n como director del Servicio Nacional de Salud","author":"Nelson Feliz","date":"8 de enero de 2026","format":false,"excerpt":"Julio Landr\u00f3n","rel":"","context":"En \u00abNACIONALES\u00bb","block_context":{"text":"NACIONALES","link":"https:\/\/lasprimeras.com.do\/index.php\/category\/nacionales\/"},"img":{"alt_text":"Julio Landr\u00f3n","src":"https:\/\/i0.wp.com\/lasprimeras.com.do\/wp-content\/uploads\/2026\/01\/Julio-Landron-1.jpg?resize=350%2C200&ssl=1","width":350,"height":200,"srcset":"https:\/\/i0.wp.com\/lasprimeras.com.do\/wp-content\/uploads\/2026\/01\/Julio-Landron-1.jpg?resize=350%2C200&ssl=1 1x, https:\/\/i0.wp.com\/lasprimeras.com.do\/wp-content\/uploads\/2026\/01\/Julio-Landron-1.jpg?resize=525%2C300&ssl=1 1.5x, https:\/\/i0.wp.com\/lasprimeras.com.do\/wp-content\/uploads\/2026\/01\/Julio-Landron-1.jpg?resize=700%2C400&ssl=1 2x"},"classes":[]},{"id":84560,"url":"https:\/\/lasprimeras.com.do\/index.php\/2024\/06\/10\/abinader-designa-a-lorenzo-david-ramirez-uribe-como-director-general-de-pasaportes\/","url_meta":{"origin":121184,"position":5},"title":"Abinader designa a Lorenzo David Ram\u00edrez Uribe como director general de Pasaportes","author":"Nelson Feliz","date":"10 de junio de 2024","format":false,"excerpt":"El presidente emiti\u00f3 el decreto 314-24 donde designa a Lorenzo David Ram\u00edrez director general de Pasaportes y Digna Reynoso queda designada como directora ejecutiva del Consejo Nacional de Gesti\u00f3n Presidencial. Por Martin Restituyo El presidente Luis Abinader emiti\u00f3 el decreto 314-24, mediante el cual designa a Lorenzo David Ram\u00edrez Uribe\u2026","rel":"","context":"En \u00abNACIONALES\u00bb","block_context":{"text":"NACIONALES","link":"https:\/\/lasprimeras.com.do\/index.php\/category\/nacionales\/"},"img":{"alt_text":"Lorenzo David Ram\u00edrez Uribe y Digna Reynoso","src":"https:\/\/i0.wp.com\/lasprimeras.com.do\/wp-content\/uploads\/2024\/06\/Lorenzo-David-Ramirez-Uribe-y-Digna-Reynoso.jpg?resize=350%2C200&ssl=1","width":350,"height":200,"srcset":"https:\/\/i0.wp.com\/lasprimeras.com.do\/wp-content\/uploads\/2024\/06\/Lorenzo-David-Ramirez-Uribe-y-Digna-Reynoso.jpg?resize=350%2C200&ssl=1 1x, https:\/\/i0.wp.com\/lasprimeras.com.do\/wp-content\/uploads\/2024\/06\/Lorenzo-David-Ramirez-Uribe-y-Digna-Reynoso.jpg?resize=525%2C300&ssl=1 1.5x, https:\/\/i0.wp.com\/lasprimeras.com.do\/wp-content\/uploads\/2024\/06\/Lorenzo-David-Ramirez-Uribe-y-Digna-Reynoso.jpg?resize=700%2C400&ssl=1 2x"},"classes":[]}],"jetpack_sharing_enabled":true,"_links":{"self":[{"href":"https:\/\/lasprimeras.com.do\/index.php\/wp-json\/wp\/v2\/posts\/121184","targetHints":{"allow":["GET"]}}],"collection":[{"href":"https:\/\/lasprimeras.com.do\/index.php\/wp-json\/wp\/v2\/posts"}],"about":[{"href":"https:\/\/lasprimeras.com.do\/index.php\/wp-json\/wp\/v2\/types\/post"}],"author":[{"embeddable":true,"href":"https:\/\/lasprimeras.com.do\/index.php\/wp-json\/wp\/v2\/users\/10"}],"replies":[{"embeddable":true,"href":"https:\/\/lasprimeras.com.do\/index.php\/wp-json\/wp\/v2\/comments?post=121184"}],"version-history":[{"count":1,"href":"https:\/\/lasprimeras.com.do\/index.php\/wp-json\/wp\/v2\/posts\/121184\/revisions"}],"predecessor-version":[{"id":121185,"href":"https:\/\/lasprimeras.com.do\/index.php\/wp-json\/wp\/v2\/posts\/121184\/revisions\/121185"}],"wp:featuredmedia":[{"embeddable":true,"href":"https:\/\/lasprimeras.com.do\/index.php\/wp-json\/wp\/v2\/media\/121084"}],"wp:attachment":[{"href":"https:\/\/lasprimeras.com.do\/index.php\/wp-json\/wp\/v2\/media?parent=121184"}],"wp:term":[{"taxonomy":"category","embeddable":true,"href":"https:\/\/lasprimeras.com.do\/index.php\/wp-json\/wp\/v2\/categories?post=121184"},{"taxonomy":"post_tag","embeddable":true,"href":"https:\/\/lasprimeras.com.do\/index.php\/wp-json\/wp\/v2\/tags?post=121184"}],"curies":[{"name":"wp","href":"https:\/\/api.w.org\/{rel}","templated":true}]}}