{"id":123059,"date":"2026-02-25T09:31:41","date_gmt":"2026-02-25T13:31:41","guid":{"rendered":"https:\/\/lasprimeras.com.do\/?p=123059"},"modified":"2026-02-25T09:31:44","modified_gmt":"2026-02-25T13:31:44","slug":"denuncian-penetracion-haitiana-en-carnavales-de-la-zona-este-de-rd","status":"publish","type":"post","link":"https:\/\/lasprimeras.com.do\/index.php\/2026\/02\/25\/denuncian-penetracion-haitiana-en-carnavales-de-la-zona-este-de-rd\/","title":{"rendered":"Denuncian penetraci\u00f3n haitiana en carnavales de la zona Este de RD"},"content":{"rendered":"\n<p>El presidente de la Uni\u00f3n Dem\u00f3crata Cristiana \u2013UDC-, Luis Acosta Moreta, Luis \u201cEl Gallo\u201d denunci\u00f3 hoy que los carnavales de la zona oriental del pa\u00eds destacan motivos y religiosidad haitianos, en franca violaci\u00f3n de las tradiciones dominicanas.<\/p>\n\n\n\n<p>Al mismo tiempo pidi\u00f3 que se proh\u00edban los desfiles haitianos del gaga, que podr\u00edan traer fricciones con los dominicanos durante la Semana Santa.<\/p>\n\n\n\n<p>Enfatiz\u00f3 que los carnavales de La Romana e Higuey parecen ser fiestas haitianas, por los motivos centrales que se representan en los desfiles.<\/p>\n\n\n\n<p>Record\u00f3 que los carnavales dominicanos, en todo el pa\u00eds, deben ser para destacar las ra\u00edces culturales, religiosas y nacionales de los dominicanos, y no para difundir mensajes indebidos.<\/p>\n\n\n\n<p>Apunt\u00f3 que la pr\u00e1ctica de estas facetas haitianas de los carnavales viene de lejos, en violaci\u00f3n de las costumbres de los dominicanos, por lo que la conducta y la exposici\u00f3n deben de ser controlados de inmediato.<\/p>\n\n\n\n<figure class=\"wp-block-image size-full\"><img decoding=\"async\" width=\"900\" height=\"600\" src=\"https:\/\/lasprimeras.com.do\/wp-content\/uploads\/2026\/02\/1003536956.jpg\" alt=\"\" class=\"wp-image-123061\" srcset=\"https:\/\/lasprimeras.com.do\/wp-content\/uploads\/2026\/02\/1003536956.jpg 900w, https:\/\/lasprimeras.com.do\/wp-content\/uploads\/2026\/02\/1003536956-300x200.jpg 300w, https:\/\/lasprimeras.com.do\/wp-content\/uploads\/2026\/02\/1003536956-768x512.jpg 768w\" sizes=\"(max-width: 900px) 100vw, 900px\" \/><\/figure>\n\n\n\n<p>A\u00f1adi\u00f3 que en la zona Este del pa\u00eds hay una rica historia cultural y folkl\u00f3rica, por lo que no es necesario caer en reminiscencias africanas, ligadas con la santer\u00eda de los haitianos<\/p>\n\n\n\n<p>Destac\u00f3 que la situaci\u00f3n es preocupante porque en la zona tur\u00edstica del Este del pa\u00eds se le da mayor prioridad a los temas haitianos que a los dominicanos, y pasa tambi\u00e9n con el ritmo nacional, el merengue.<\/p>\n\n\n\n<p>Asever\u00f3 que en los principales hoteles tur\u00edsticos de la zona oriental se presenta como dominicano un merengue que tiene acordes de la m\u00fasica haitiana, lo que ha llevado a hu\u00e9spedes y clientes a tener que protestar.<\/p>\n\n\n\n<p>Asimismo, las pinturas que se exhiben y venden no tienen motivos e im\u00e1genes dominicanas, sino de Hait\u00ed, en desmedro de nuestra flora y fauna.<\/p>\n\n\n\n<p>Luis \u201cEl Gallo\u201d tambi\u00e9n pidi\u00f3 que se proh\u00edban las fiestas de gaga, con motivo de la pr\u00f3xima Semana Santa. Indic\u00f3 que tomando en cuenta la situaci\u00f3n de los migrantes haitianos en el pa\u00eds, lo m\u00e1s conveniente es evitar esas manifestaciones religiosas, para evitar choques.<\/p>\n\n\n\n<p>Lament\u00f3 que todav\u00eda persistan zonas arrabalizadas en La Romana e Higuey por haitianos, los que deben ser desalojados de esos tugurios y si est\u00e1n indocumentados, ser deportados en el acto a Hait\u00ed.<\/p>\n\n\n\n<p>Dijo que la mayor\u00eda de esos indocumentados venden su fuerza de trabajo en muchas fincas y plantaciones de ca\u00f1a de la zona Este del pa\u00eds, por lo que se amerita una acci\u00f3n de las autoridades para corregir la situaci\u00f3n.<\/p>\n\n\n\n<figure class=\"wp-block-video\"><\/figure>\n\n\n\n<figure class=\"wp-block-video\"><\/figure>\n\n\n\n<figure class=\"wp-block-video\"><\/figure>\n\n\n\n<figure class=\"wp-block-video\"><\/figure>\n\n\n\n<figure class=\"wp-block-video\"><\/figure>\n","protected":false},"excerpt":{"rendered":"<p>El presidente de la Uni\u00f3n Dem\u00f3crata Cristiana \u2013UDC-, Luis Acosta Moreta, Luis \u201cEl Gallo\u201d denunci\u00f3 hoy que los carnavales de la zona oriental del pa\u00eds destacan motivos y religiosidad haitianos,&hellip;<\/p>\n","protected":false},"author":10,"featured_media":123060,"comment_status":"open","ping_status":"open","sticky":false,"template":"","format":"standard","meta":{"content-type":"","jetpack_post_was_ever_published":false,"_jetpack_newsletter_access":"","_jetpack_dont_email_post_to_subs":false,"_jetpack_newsletter_tier_id":0,"_jetpack_memberships_contains_paywalled_content":false,"_jetpack_memberships_contains_paid_content":false,"footnotes":""},"categories":[16559],"tags":[9838,2234],"class_list":["post-123059","post","type-post","status-publish","format-standard","has-post-thumbnail","hentry","category-politica","tag-carnaval","tag-udc"],"jetpack_featured_media_url":"https:\/\/lasprimeras.com.do\/wp-content\/uploads\/2026\/02\/IMG-20260224-WA1381.jpg","jetpack-related-posts":[{"id":122969,"url":"https:\/\/lasprimeras.com.do\/index.php\/2026\/02\/24\/udc-pide-al-presidente-que-asuma-el-carnaval-de-la-zona-colonial-olvidado-por-el-ayuntamiento\/","url_meta":{"origin":123059,"position":0},"title":"UDC pide al presidente que asuma el Carnaval de la Zona Colonial, olvidado por el Ayuntamiento","author":"Nelson Feliz","date":"24 de febrero de 2026","format":false,"excerpt":"El presidente de la Uni\u00f3n Dem\u00f3crata Cristiana \u2013UDC-, Luis Acosta Moreta, Luis \u201cEl Gallo\u201d, pidi\u00f3 hoy al mandatario Luis Abinader que asuma la realiza..... ci\u00f3n del carnaval de la Zona Colonial, el m\u00e1s de viejo de las Am\u00e9ricas, y olvidado por el ayuntamiento del Distrito Nacional y los ministerios de\u2026","rel":"","context":"En \u00abPOLITICA\u00bb","block_context":{"text":"POLITICA","link":"https:\/\/lasprimeras.com.do\/index.php\/category\/politica\/"},"img":{"alt_text":"","src":"https:\/\/i0.wp.com\/lasprimeras.com.do\/wp-content\/uploads\/2026\/02\/IMG-20260224-WA0290.jpg?resize=350%2C200&ssl=1","width":350,"height":200,"srcset":"https:\/\/i0.wp.com\/lasprimeras.com.do\/wp-content\/uploads\/2026\/02\/IMG-20260224-WA0290.jpg?resize=350%2C200&ssl=1 1x, https:\/\/i0.wp.com\/lasprimeras.com.do\/wp-content\/uploads\/2026\/02\/IMG-20260224-WA0290.jpg?resize=525%2C300&ssl=1 1.5x, https:\/\/i0.wp.com\/lasprimeras.com.do\/wp-content\/uploads\/2026\/02\/IMG-20260224-WA0290.jpg?resize=700%2C400&ssl=1 2x, https:\/\/i0.wp.com\/lasprimeras.com.do\/wp-content\/uploads\/2026\/02\/IMG-20260224-WA0290.jpg?resize=1050%2C600&ssl=1 3x"},"classes":[]},{"id":94418,"url":"https:\/\/lasprimeras.com.do\/index.php\/2025\/02\/28\/luis-el-gallo-denuncia-cultura-y-ayuntamiento-rehusan-ayudar-al-desfile-de-carnaval-de-la-zona-colonial\/","url_meta":{"origin":123059,"position":1},"title":"Luis \u201cEl Gallo\u201d denuncia Cultura y Ayuntamiento reh\u00fasan ayudar al desfile de carnaval de la Zona Colonial","author":"Nelson Feliz","date":"28 de febrero de 2025","format":false,"excerpt":"El presidente de la Uni\u00f3n Dem\u00f3crata Cristiana \u2013UDC- Luis Acosta Moreta Luis \u201cEl Gallo\u201d, consider\u00f3 que es una obligaci\u00f3n de todos luchar por preservar las tradiciones y las costumbres de los dominicanos. Acosta Moreta, resalt\u00f3 que las instituciones gubernamentales como el Ministerio de Turismo Ayuntamientos, del Distrito Nacional y el\u2026","rel":"","context":"En \u00abPOLITICA\u00bb","block_context":{"text":"POLITICA","link":"https:\/\/lasprimeras.com.do\/index.php\/category\/politica\/"},"img":{"alt_text":"Luis Acosta Moreta","src":"https:\/\/i0.wp.com\/lasprimeras.com.do\/wp-content\/uploads\/2025\/02\/Luis-Acosta-Moreta.jpg?resize=350%2C200&ssl=1","width":350,"height":200,"srcset":"https:\/\/i0.wp.com\/lasprimeras.com.do\/wp-content\/uploads\/2025\/02\/Luis-Acosta-Moreta.jpg?resize=350%2C200&ssl=1 1x, https:\/\/i0.wp.com\/lasprimeras.com.do\/wp-content\/uploads\/2025\/02\/Luis-Acosta-Moreta.jpg?resize=525%2C300&ssl=1 1.5x"},"classes":[]},{"id":94527,"url":"https:\/\/lasprimeras.com.do\/index.php\/2025\/03\/02\/presidente-luis-abinader-rescata-carnaval-de-la-zona-colonial\/","url_meta":{"origin":123059,"position":2},"title":"Presidente Luis Abinader rescata Carnaval de la Zona Colonial","author":"Nelson Feliz","date":"2 de marzo de 2025","format":false,"excerpt":"Como cada a\u00f1o, Luis Acosta Moreta, conocido como Luis \"El Gallo\", presidente del Partido Uni\u00f3n Dem\u00f3crata Cristiana (UDC), en conjunto con la Mesa Redonda Panamericana Ciudad Colonial, celebraron el tradicional desfile de carnaval, que cont\u00f3 con la participaci\u00f3n de diversas comparsas. La Ciudad Primada de Am\u00e9rica se visti\u00f3 de colores\u2026","rel":"","context":"En \u00abPOLITICA\u00bb","block_context":{"text":"POLITICA","link":"https:\/\/lasprimeras.com.do\/index.php\/category\/politica\/"},"img":{"alt_text":"Luis Acosta Moreta","src":"https:\/\/i0.wp.com\/lasprimeras.com.do\/wp-content\/uploads\/2025\/03\/Luis-Acosta-Moreta-1.jpg?resize=350%2C200&ssl=1","width":350,"height":200,"srcset":"https:\/\/i0.wp.com\/lasprimeras.com.do\/wp-content\/uploads\/2025\/03\/Luis-Acosta-Moreta-1.jpg?resize=350%2C200&ssl=1 1x, https:\/\/i0.wp.com\/lasprimeras.com.do\/wp-content\/uploads\/2025\/03\/Luis-Acosta-Moreta-1.jpg?resize=525%2C300&ssl=1 1.5x, https:\/\/i0.wp.com\/lasprimeras.com.do\/wp-content\/uploads\/2025\/03\/Luis-Acosta-Moreta-1.jpg?resize=700%2C400&ssl=1 2x"},"classes":[]},{"id":125249,"url":"https:\/\/lasprimeras.com.do\/index.php\/2026\/03\/20\/regidor-exige-a-betty-geronimo-explicar-fin-del-carnaval\/","url_meta":{"origin":123059,"position":3},"title":"Regidor exige a Betty Ger\u00f3nimo explicar fin del carnaval","author":"Nelson Feliz","date":"20 de marzo de 2026","format":false,"excerpt":"El concejal de la Fuerza del Pueblo solicita transparencia y plantea compensaci\u00f3n para carnavaleros afectados por la cancelaci\u00f3n del evento cultural en Santo Domingo Norte. Durante una sesi\u00f3n extraordinaria del Concejo de Regidores del Ayuntamiento de Santo Domingo Norte (ASDN), el regidor de la Fuerza del Pueblo, Ram\u00f3n Altagracia, inst\u00f3\u2026","rel":"","context":"En \u00abPOLITICA\u00bb","block_context":{"text":"POLITICA","link":"https:\/\/lasprimeras.com.do\/index.php\/category\/politica\/"},"img":{"alt_text":"Ram\u00f3n Altagracia","src":"https:\/\/i0.wp.com\/lasprimeras.com.do\/wp-content\/uploads\/2026\/03\/Ramon-Altagracia.jpg?resize=350%2C200&ssl=1","width":350,"height":200,"srcset":"https:\/\/i0.wp.com\/lasprimeras.com.do\/wp-content\/uploads\/2026\/03\/Ramon-Altagracia.jpg?resize=350%2C200&ssl=1 1x, https:\/\/i0.wp.com\/lasprimeras.com.do\/wp-content\/uploads\/2026\/03\/Ramon-Altagracia.jpg?resize=525%2C300&ssl=1 1.5x"},"classes":[]},{"id":95965,"url":"https:\/\/lasprimeras.com.do\/index.php\/2025\/03\/23\/este-domingo-el-carnaval-dominicano-se-aduena-de-los-corazones-de-los-dominicanos\/","url_meta":{"origin":123059,"position":4},"title":"Este domingo; el Carnaval Dominicano se adue\u00f1a de los corazones de los dominicanos","author":"Nelson Feliz","date":"23 de marzo de 2025","format":false,"excerpt":"El ambiente estuvo marcado por un intenso calor y un sol radiante que acompa\u00f1\u00f3 todo el recorrido. Shaddai Eves El color, la m\u00fasica y la tradici\u00f3n se apoderaron de los corazones de cientos de dominicanos que se dieron cita en la avenida George Washington, en el Malec\u00f3n de Santo Domingo,\u2026","rel":"","context":"En \u00abENTRETENIMIENTO\u00bb","block_context":{"text":"ENTRETENIMIENTO","link":"https:\/\/lasprimeras.com.do\/index.php\/category\/entretenimiento\/"},"img":{"alt_text":"","src":"https:\/\/i0.wp.com\/lasprimeras.com.do\/wp-content\/uploads\/2025\/03\/roba.jpeg?resize=350%2C200&ssl=1","width":350,"height":200,"srcset":"https:\/\/i0.wp.com\/lasprimeras.com.do\/wp-content\/uploads\/2025\/03\/roba.jpeg?resize=350%2C200&ssl=1 1x, https:\/\/i0.wp.com\/lasprimeras.com.do\/wp-content\/uploads\/2025\/03\/roba.jpeg?resize=525%2C300&ssl=1 1.5x, https:\/\/i0.wp.com\/lasprimeras.com.do\/wp-content\/uploads\/2025\/03\/roba.jpeg?resize=700%2C400&ssl=1 2x"},"classes":[]},{"id":124467,"url":"https:\/\/lasprimeras.com.do\/index.php\/2026\/03\/12\/documental-dominicano-diablos-cojuelos-reconocido-en-cannes\/","url_meta":{"origin":123059,"position":5},"title":"Documental dominicano \u201cDiablos Cojuelos\u201d reconocido en Cannes","author":"Nelson Feliz","date":"12 de marzo de 2026","format":false,"excerpt":"El documental dominicano \"Diablos Cojuelos: El Coraz\u00f3n de La Vega\", dirigido por Denny Feliz y F\u00e9lix Limardo, obtuvo el premio Best Director Documentary Feature en el World Film Festival de Cannes, reconocimiento que coloca al tradicional carnaval vegano en uno de los escenarios cinematogr\u00e1ficos m\u00e1s prestigiosos del mundo. La producci\u00f3n\u2026","rel":"","context":"En \u00abENTRETENIMIENTO\u00bb","block_context":{"text":"ENTRETENIMIENTO","link":"https:\/\/lasprimeras.com.do\/index.php\/category\/entretenimiento\/"},"img":{"alt_text":"Diablos Cojuelos","src":"https:\/\/i0.wp.com\/lasprimeras.com.do\/wp-content\/uploads\/2026\/03\/Diablos-Cojuelos.jpg?resize=350%2C200&ssl=1","width":350,"height":200,"srcset":"https:\/\/i0.wp.com\/lasprimeras.com.do\/wp-content\/uploads\/2026\/03\/Diablos-Cojuelos.jpg?resize=350%2C200&ssl=1 1x, https:\/\/i0.wp.com\/lasprimeras.com.do\/wp-content\/uploads\/2026\/03\/Diablos-Cojuelos.jpg?resize=525%2C300&ssl=1 1.5x, https:\/\/i0.wp.com\/lasprimeras.com.do\/wp-content\/uploads\/2026\/03\/Diablos-Cojuelos.jpg?resize=700%2C400&ssl=1 2x"},"classes":[]}],"jetpack_sharing_enabled":true,"_links":{"self":[{"href":"https:\/\/lasprimeras.com.do\/index.php\/wp-json\/wp\/v2\/posts\/123059","targetHints":{"allow":["GET"]}}],"collection":[{"href":"https:\/\/lasprimeras.com.do\/index.php\/wp-json\/wp\/v2\/posts"}],"about":[{"href":"https:\/\/lasprimeras.com.do\/index.php\/wp-json\/wp\/v2\/types\/post"}],"author":[{"embeddable":true,"href":"https:\/\/lasprimeras.com.do\/index.php\/wp-json\/wp\/v2\/users\/10"}],"replies":[{"embeddable":true,"href":"https:\/\/lasprimeras.com.do\/index.php\/wp-json\/wp\/v2\/comments?post=123059"}],"version-history":[{"count":1,"href":"https:\/\/lasprimeras.com.do\/index.php\/wp-json\/wp\/v2\/posts\/123059\/revisions"}],"predecessor-version":[{"id":123062,"href":"https:\/\/lasprimeras.com.do\/index.php\/wp-json\/wp\/v2\/posts\/123059\/revisions\/123062"}],"wp:featuredmedia":[{"embeddable":true,"href":"https:\/\/lasprimeras.com.do\/index.php\/wp-json\/wp\/v2\/media\/123060"}],"wp:attachment":[{"href":"https:\/\/lasprimeras.com.do\/index.php\/wp-json\/wp\/v2\/media?parent=123059"}],"wp:term":[{"taxonomy":"category","embeddable":true,"href":"https:\/\/lasprimeras.com.do\/index.php\/wp-json\/wp\/v2\/categories?post=123059"},{"taxonomy":"post_tag","embeddable":true,"href":"https:\/\/lasprimeras.com.do\/index.php\/wp-json\/wp\/v2\/tags?post=123059"}],"curies":[{"name":"wp","href":"https:\/\/api.w.org\/{rel}","templated":true}]}}