{"id":123121,"date":"2026-02-26T00:03:05","date_gmt":"2026-02-26T04:03:05","guid":{"rendered":"https:\/\/lasprimeras.com.do\/?p=123121"},"modified":"2026-02-26T00:03:06","modified_gmt":"2026-02-26T04:03:06","slug":"danilo-lamenta-la-ocurrencia-de-dos-apagones-generales-en-tres-meses-video","status":"publish","type":"post","link":"https:\/\/lasprimeras.com.do\/index.php\/2026\/02\/26\/danilo-lamenta-la-ocurrencia-de-dos-apagones-generales-en-tres-meses-video\/","title":{"rendered":"Danilo lamenta la ocurrencia de dos apagones generales en tres meses | Video"},"content":{"rendered":"\n<p><strong>El presidente del PLD se muestra esperanzado de los inconvenientes que han generado los Blackout puedan corregirse, porque representan una mala imagen para el pa\u00eds<\/strong><\/p>\n\n\n\n<p>El ex presidente de la Rep\u00fablica, Danilo Medina, presidente del Partido de la Liberaci\u00f3n Dominicana (PLD), al lamentar la ocurrencia de dos apagones generales en el pa\u00eds en menos de tres meses, se mostr\u00f3 esperanzado de que el Gobierno pueda superar esa situaci\u00f3n, que le genera una mala imagen a Rep\u00fablica Dominicana.<\/p>\n\n\n\n<p>\u201cOjal\u00e1 que esa situaci\u00f3n se pueda resolver y que no se produzcan apagones tan continuos\u201d, respondi\u00f3 Danilo Medina a los periodistas que le abordaron la ma\u00f1ana de este mi\u00e9rcoles en la Oficina Presidencial del PLD al concluir un encuentro realizado con el Comit\u00e9 Ejecutivo Nacional de la Asociaci\u00f3n Nacional de Profesionales Agropecuarios (ANPA).<\/p>\n\n\n\n<p>\u201cEsos apagones lo que hacen es perjudicar la producci\u00f3n nacional y adem\u00e1s ofrece una mala imagen de Rep\u00fablica Dominicana en el exterior, porque esa noticia se divulga en todo el mundo\u201d, coment\u00f3 Danilo Medina, respondiendo la inquietud de los comunicadores.<\/p>\n\n\n\n<p>Invit\u00f3 a los funcionarios del sector el\u00e9ctrico y el Gobierno a enfrentar los problemas que existen para corregir esa situaci\u00f3n tan molesta para los ciudadanos y de un impacto negativo para la econom\u00eda.<\/p>\n\n\n\n<p>\u201cSi existen problemas por corregir, pues que lo corrijan. Ya el primer apag\u00f3n fue un aviso, lo que sorprende es que tan r\u00e1pido se produjera otro apag\u00f3n general\u201d, agreg\u00f3 el Presidente del PLD.<\/p>\n\n\n\n<p>En el Sal\u00f3n Profesor Juan Bosch de la Oficina Presidencial del PLD , se produjo el encuentro de los miembros del Comit\u00e9 Ejecutivo Nacional de la Asociaci\u00f3n Nacional de Profesionales Agropecuarios (ANPA), encabezado por su presidente Tito Hern\u00e1ndez, con el ex Presidente de la Rep\u00fablica, Danilo Medina, Presidente del PLD, Adriano S\u00e1nchez Roa, Secretario de Asuntos Agropecuarios, Emilio Toribio Olivo, Secretario de Asuntos Campesinos, Francisco Mosquea, de la Secretar\u00eda de Asuntos Gremiales y Profesionales, Juan Francisco Caraballo de la corriente Unidad Gremial entre otros dirigentes del Partido de la Liberaci\u00f3n Dominicana (PLD).<\/p>\n\n\n\n<figure class=\"wp-block-embed is-type-rich is-provider-twitter wp-block-embed-twitter\"><div class=\"wp-block-embed__wrapper\">\n<div class=\"embed-twitter\"><blockquote class=\"twitter-tweet\" data-width=\"500\" data-dnt=\"true\"><p lang=\"es\" dir=\"ltr\"><a href=\"https:\/\/twitter.com\/hashtag\/DelPartidoPLD?src=hash&amp;ref_src=twsrc%5Etfw\">#DelPartidoPLD<\/a> | El presidente del <a href=\"https:\/\/twitter.com\/hashtag\/PLD?src=hash&amp;ref_src=twsrc%5Etfw\">#PLD<\/a>\u00a0se muestra esperanzado de los inconvenientes que han generado los Blackout puedan corregirse, porque representan una mala imagen para el pa\u00eds. <a href=\"https:\/\/t.co\/UOr8VJOqXJ\">pic.twitter.com\/UOr8VJOqXJ<\/a><\/p>&mdash; PLD (@PLDenlinea) <a href=\"https:\/\/twitter.com\/PLDenlinea\/status\/2026708018822357137?ref_src=twsrc%5Etfw\">February 25, 2026<\/a><\/blockquote><script async src=\"https:\/\/platform.twitter.com\/widgets.js\" charset=\"utf-8\"><\/script><\/div>\n<\/div><\/figure>\n","protected":false},"excerpt":{"rendered":"<p>El presidente del PLD se muestra esperanzado de los inconvenientes que han generado los Blackout puedan corregirse, porque representan una mala imagen para el pa\u00eds El ex presidente de la&hellip;<\/p>\n","protected":false},"author":10,"featured_media":123122,"comment_status":"open","ping_status":"open","sticky":false,"template":"","format":"standard","meta":{"content-type":"","jetpack_post_was_ever_published":false,"_jetpack_newsletter_access":"","_jetpack_dont_email_post_to_subs":false,"_jetpack_newsletter_tier_id":0,"_jetpack_memberships_contains_paywalled_content":false,"_jetpack_memberships_contains_paid_content":false,"footnotes":""},"categories":[16559],"tags":[30626,27019,501,269,13785,1857],"class_list":["post-123121","post","type-post","status-publish","format-standard","has-post-thumbnail","hentry","category-politica","tag-apagones-generales","tag-blackout","tag-danilo-medina","tag-pld","tag-tres-meses","tag-video"],"jetpack_featured_media_url":"https:\/\/lasprimeras.com.do\/wp-content\/uploads\/2026\/02\/Danilo-Medina-4.jpg","jetpack-related-posts":[{"id":127340,"url":"https:\/\/lasprimeras.com.do\/index.php\/2026\/04\/10\/danilo-medina-se-muestra-esperanzado-de-que-conflicto-del-medio-oriente-llegue-a-su-fin\/","url_meta":{"origin":123121,"position":0},"title":"Danilo Medina se muestra esperanzado de que conflicto del medio oriente llegue a su fin","author":"Nelson Feliz","date":"10 de abril de 2026","format":false,"excerpt":"-Danilo Medina valora el acercamiento del Gobierno y asegura que el PLD analizar\u00e1 las propuestas que les presenten para hacer llegar sus ideas o sugerencias. El ex presidente de la Rep\u00fablica y presidente del Partido de la Liberaci\u00f3n Dominicana (PLD), Danilo Medina, explic\u00f3 que en lo personal y la direcci\u00f3n\u2026","rel":"","context":"En \u00abPOLITICA\u00bb","block_context":{"text":"POLITICA","link":"https:\/\/lasprimeras.com.do\/index.php\/category\/politica\/"},"img":{"alt_text":"Danilo Medina","src":"https:\/\/i0.wp.com\/lasprimeras.com.do\/wp-content\/uploads\/2026\/04\/Reu-con-representacion-Gobierno-3.jpeg?resize=350%2C200&ssl=1","width":350,"height":200,"srcset":"https:\/\/i0.wp.com\/lasprimeras.com.do\/wp-content\/uploads\/2026\/04\/Reu-con-representacion-Gobierno-3.jpeg?resize=350%2C200&ssl=1 1x, https:\/\/i0.wp.com\/lasprimeras.com.do\/wp-content\/uploads\/2026\/04\/Reu-con-representacion-Gobierno-3.jpeg?resize=525%2C300&ssl=1 1.5x, https:\/\/i0.wp.com\/lasprimeras.com.do\/wp-content\/uploads\/2026\/04\/Reu-con-representacion-Gobierno-3.jpeg?resize=700%2C400&ssl=1 2x, https:\/\/i0.wp.com\/lasprimeras.com.do\/wp-content\/uploads\/2026\/04\/Reu-con-representacion-Gobierno-3.jpeg?resize=1050%2C600&ssl=1 3x"},"classes":[]},{"id":106648,"url":"https:\/\/lasprimeras.com.do\/index.php\/2025\/08\/17\/danilo-medina-no-hay-punto-de-comparacion-entre-la-gestion-de-abinader-y-la-del-pld\/","url_meta":{"origin":123121,"position":1},"title":"Danilo Medina: \u201cNo hay punto de comparaci\u00f3n entre la gesti\u00f3n de Abinader y la del PLD\u201d","author":"Nelson Feliz","date":"17 de agosto de 2025","format":false,"excerpt":"Los apagones se deben al descuido del gobierno, porque no siguieron el plan indicador que dej\u00f3 el PLD para seguir construyendo plantas para suplir la demanda adicional que surge cada a\u00f1o, afirm\u00f3 Danilo Medina. El expresidente de la Rep\u00fablica y actual presidente del Partido de la Liberaci\u00f3n Dominicana (PLD), Danilo\u2026","rel":"","context":"En \u00abPOLITICA\u00bb","block_context":{"text":"POLITICA","link":"https:\/\/lasprimeras.com.do\/index.php\/category\/politica\/"},"img":{"alt_text":"","src":"https:\/\/i0.wp.com\/lasprimeras.com.do\/wp-content\/uploads\/2025\/08\/Danilo-V.1.jpg?resize=350%2C200&ssl=1","width":350,"height":200,"srcset":"https:\/\/i0.wp.com\/lasprimeras.com.do\/wp-content\/uploads\/2025\/08\/Danilo-V.1.jpg?resize=350%2C200&ssl=1 1x, https:\/\/i0.wp.com\/lasprimeras.com.do\/wp-content\/uploads\/2025\/08\/Danilo-V.1.jpg?resize=525%2C300&ssl=1 1.5x, https:\/\/i0.wp.com\/lasprimeras.com.do\/wp-content\/uploads\/2025\/08\/Danilo-V.1.jpg?resize=700%2C400&ssl=1 2x"},"classes":[]},{"id":114244,"url":"https:\/\/lasprimeras.com.do\/index.php\/2025\/11\/12\/danilo-medina-y-johnny-pujols-encabezaran-encuentro-del-pld-en-el-dn\/","url_meta":{"origin":123121,"position":2},"title":"Danilo Medina y Johnny Pujols encabezar\u00e1n encuentro del PLD en el DN","author":"Nelson Feliz","date":"12 de noviembre de 2025","format":false,"excerpt":"El PLD en los preparativos de su asamblea de dirigentes del pr\u00f3ximo domingo en el club Rafael Barias de Villa Consuelo, Distrito Nacional. El Partido de la Liberaci\u00f3n Dominicana (PLD) demostrar\u00e1 el pr\u00f3ximo domingo su fortalecimiento, que lo coloca en la competencia por el primer lugar en la apreciaci\u00f3n de\u2026","rel":"","context":"En \u00abPOLITICA\u00bb","block_context":{"text":"POLITICA","link":"https:\/\/lasprimeras.com.do\/index.php\/category\/politica\/"},"img":{"alt_text":"","src":"https:\/\/i0.wp.com\/lasprimeras.com.do\/wp-content\/uploads\/2025\/11\/PLD-1.jpg?resize=350%2C200&ssl=1","width":350,"height":200,"srcset":"https:\/\/i0.wp.com\/lasprimeras.com.do\/wp-content\/uploads\/2025\/11\/PLD-1.jpg?resize=350%2C200&ssl=1 1x, https:\/\/i0.wp.com\/lasprimeras.com.do\/wp-content\/uploads\/2025\/11\/PLD-1.jpg?resize=525%2C300&ssl=1 1.5x, https:\/\/i0.wp.com\/lasprimeras.com.do\/wp-content\/uploads\/2025\/11\/PLD-1.jpg?resize=700%2C400&ssl=1 2x"},"classes":[]},{"id":103949,"url":"https:\/\/lasprimeras.com.do\/index.php\/2025\/07\/20\/danilo-medina-desde-dajabon-el-pld-tiene-la-fuerza-moral-para-volver-a-prometer-y-cumplir\/","url_meta":{"origin":123121,"position":3},"title":"Danilo Medina desde Dajab\u00f3n: \u201cEl PLD tiene la fuerza moral para volver a prometer y cumplir\u201d","author":"Nelson Feliz","date":"20 de julio de 2025","format":false,"excerpt":"\u201cEl PLD debe volver a gobernar porque conoce el dolor de la gente\u201d El expresidente de la Rep\u00fablica y presidente del Partido de la Liberaci\u00f3n Dominicana (PLD), Danilo Medina, encabez\u00f3 este lunes una multitudinaria asamblea provincial en Dajab\u00f3n, donde, junto al secretario general de la organizaci\u00f3n, Johnny Pujols, exhort\u00f3 a\u2026","rel":"","context":"En \u00abPOLITICA\u00bb","block_context":{"text":"POLITICA","link":"https:\/\/lasprimeras.com.do\/index.php\/category\/politica\/"},"img":{"alt_text":"","src":"https:\/\/i0.wp.com\/lasprimeras.com.do\/wp-content\/uploads\/2025\/07\/Danilo-Medina-2-1.jpg?resize=350%2C200&ssl=1","width":350,"height":200,"srcset":"https:\/\/i0.wp.com\/lasprimeras.com.do\/wp-content\/uploads\/2025\/07\/Danilo-Medina-2-1.jpg?resize=350%2C200&ssl=1 1x, https:\/\/i0.wp.com\/lasprimeras.com.do\/wp-content\/uploads\/2025\/07\/Danilo-Medina-2-1.jpg?resize=525%2C300&ssl=1 1.5x, https:\/\/i0.wp.com\/lasprimeras.com.do\/wp-content\/uploads\/2025\/07\/Danilo-Medina-2-1.jpg?resize=700%2C400&ssl=1 2x"},"classes":[]},{"id":108247,"url":"https:\/\/lasprimeras.com.do\/index.php\/2025\/09\/04\/danilo-medina-yo-fui-al-gobierno-a-servir\/","url_meta":{"origin":123121,"position":4},"title":"Danilo Medina: \u201cYo fui al Gobierno a servir, nunca utilice el cargo para hacer negocios\u201d","author":"Nelson Feliz","date":"4 de septiembre de 2025","format":false,"excerpt":"El expresidente de la Rep\u00fablica y actual presidente del Partido de la Liberaci\u00f3n Dominicana (PLD), Danilo Medina S\u00e1nchez, asegur\u00f3 este jueves que nunca utiliz\u00f3 su cargo para hacer negocios y que su \u00fanico prop\u00f3sito durante sus dos gestiones presidenciales fue servir al pueblo dominicano. \u201cYo no fui al gobierno a\u2026","rel":"","context":"En \u00abPOLITICA\u00bb","block_context":{"text":"POLITICA","link":"https:\/\/lasprimeras.com.do\/index.php\/category\/politica\/"},"img":{"alt_text":"Danilo Medina","src":"https:\/\/i0.wp.com\/lasprimeras.com.do\/wp-content\/uploads\/2025\/07\/Danilo-Medina-1-2.jpg?resize=350%2C200&ssl=1","width":350,"height":200,"srcset":"https:\/\/i0.wp.com\/lasprimeras.com.do\/wp-content\/uploads\/2025\/07\/Danilo-Medina-1-2.jpg?resize=350%2C200&ssl=1 1x, https:\/\/i0.wp.com\/lasprimeras.com.do\/wp-content\/uploads\/2025\/07\/Danilo-Medina-1-2.jpg?resize=525%2C300&ssl=1 1.5x"},"classes":[]},{"id":59857,"url":"https:\/\/lasprimeras.com.do\/index.php\/2023\/09\/08\/danilo-dice-que-al-salir-del-gobierno-dejo-el-pais-iluminado\/","url_meta":{"origin":123121,"position":5},"title":"Danilo dice que al salir del Gobierno dej\u00f3 el pa\u00eds iluminado","author":"Nelson Feliz","date":"8 de septiembre de 2023","format":false,"excerpt":"Danilo Medina critica la situaci\u00f3n angustiante que se vive con el retorno de los apagones. RD la otrora Estrella de Am\u00e9rica Latina ha dejado de brillar. El ex Presidente de la Rep\u00fablica, Danilo Medina, Presidente del Partido de la Liberaci\u00f3n Dominicana (PLD) critic\u00f3 la situaci\u00f3n de angustia y desesperaci\u00f3n que\u2026","rel":"","context":"En \u00abPORTADA\u00bb","block_context":{"text":"PORTADA","link":"https:\/\/lasprimeras.com.do\/index.php\/category\/portada\/"},"img":{"alt_text":"Danilo Medina","src":"https:\/\/i0.wp.com\/lasprimeras.com.do\/wp-content\/uploads\/2023\/09\/Danilo-Medina.jpg?resize=350%2C200&ssl=1","width":350,"height":200,"srcset":"https:\/\/i0.wp.com\/lasprimeras.com.do\/wp-content\/uploads\/2023\/09\/Danilo-Medina.jpg?resize=350%2C200&ssl=1 1x, https:\/\/i0.wp.com\/lasprimeras.com.do\/wp-content\/uploads\/2023\/09\/Danilo-Medina.jpg?resize=525%2C300&ssl=1 1.5x, https:\/\/i0.wp.com\/lasprimeras.com.do\/wp-content\/uploads\/2023\/09\/Danilo-Medina.jpg?resize=700%2C400&ssl=1 2x"},"classes":[]}],"jetpack_sharing_enabled":true,"_links":{"self":[{"href":"https:\/\/lasprimeras.com.do\/index.php\/wp-json\/wp\/v2\/posts\/123121","targetHints":{"allow":["GET"]}}],"collection":[{"href":"https:\/\/lasprimeras.com.do\/index.php\/wp-json\/wp\/v2\/posts"}],"about":[{"href":"https:\/\/lasprimeras.com.do\/index.php\/wp-json\/wp\/v2\/types\/post"}],"author":[{"embeddable":true,"href":"https:\/\/lasprimeras.com.do\/index.php\/wp-json\/wp\/v2\/users\/10"}],"replies":[{"embeddable":true,"href":"https:\/\/lasprimeras.com.do\/index.php\/wp-json\/wp\/v2\/comments?post=123121"}],"version-history":[{"count":1,"href":"https:\/\/lasprimeras.com.do\/index.php\/wp-json\/wp\/v2\/posts\/123121\/revisions"}],"predecessor-version":[{"id":123123,"href":"https:\/\/lasprimeras.com.do\/index.php\/wp-json\/wp\/v2\/posts\/123121\/revisions\/123123"}],"wp:featuredmedia":[{"embeddable":true,"href":"https:\/\/lasprimeras.com.do\/index.php\/wp-json\/wp\/v2\/media\/123122"}],"wp:attachment":[{"href":"https:\/\/lasprimeras.com.do\/index.php\/wp-json\/wp\/v2\/media?parent=123121"}],"wp:term":[{"taxonomy":"category","embeddable":true,"href":"https:\/\/lasprimeras.com.do\/index.php\/wp-json\/wp\/v2\/categories?post=123121"},{"taxonomy":"post_tag","embeddable":true,"href":"https:\/\/lasprimeras.com.do\/index.php\/wp-json\/wp\/v2\/tags?post=123121"}],"curies":[{"name":"wp","href":"https:\/\/api.w.org\/{rel}","templated":true}]}}