{"id":123588,"date":"2026-03-02T23:56:44","date_gmt":"2026-03-03T03:56:44","guid":{"rendered":"https:\/\/lasprimeras.com.do\/?p=123588"},"modified":"2026-03-02T23:56:46","modified_gmt":"2026-03-03T03:56:46","slug":"contraloria-dispone-socializacion-de-informes-preliminares-con-entidades-auditadas","status":"publish","type":"post","link":"https:\/\/lasprimeras.com.do\/index.php\/2026\/03\/02\/contraloria-dispone-socializacion-de-informes-preliminares-con-entidades-auditadas\/","title":{"rendered":"Contralor\u00eda dispone socializaci\u00f3n de informes preliminares con entidades auditadas"},"content":{"rendered":"\n<p>La Contralor\u00eda General de la Rep\u00fablica (CGR) puso en marcha un mecanismo formal de discusi\u00f3n de los informes preliminares de auditor\u00eda interna con las m\u00e1ximas autoridades de las instituciones auditadas y sus equipos directivos.<\/p>\n\n\n\n<p>El prop\u00f3sito de este mecanismo es que las autoridades gubernamentales no aleguen desconocimiento y puedan presentar sus r\u00e9plicas de defensa en un per\u00edodo de 12 d\u00edas calendario.<\/p>\n\n\n\n<p>El contralor general de la Rep\u00fablica, Geraldo Espinosa, indic\u00f3 que, sin importar el per\u00edodo evaluado ni el tipo de auditor\u00eda realizada, los informes preliminares ser\u00e1n presentados y discutidos directamente con los titulares de las entidades y los funcionarios vinculados a los procesos examinados.<\/p>\n\n\n\n<p>Estos servidores p\u00fablicos, tendr\u00e1n la oportunidad de presentar las evidencias documentales y argumentos t\u00e9cnicos que consideren pertinentes para validar el proceso.<\/p>\n\n\n\n<p>El contralor y su equipo t\u00e9cnico sostuvieron un encuentro de trabajo con el director del Consejo Nacional de la Persona Envejeciente (Conape) y su equipo directivo, para discutir el informe preliminar correspondiente a la auditor\u00eda interna practicada por la Contralor\u00eda al per\u00edodo comprendido entre agosto de 2020 y agosto de 2024.<\/p>\n\n\n\n<p>De igual manera, la Contralor\u00eda inform\u00f3 que tambi\u00e9n fue discutido el informe preliminar de la auditor\u00eda realizada al Centro de Atenci\u00f3n Integral para la Discapacidad (CAID), bajo el mismo esquema de presentaci\u00f3n directa y apertura al proceso de descargo institucional.<\/p>\n\n\n\n<p>Ambos encuentros forman parte de una agenda de trabajo que la instituci\u00f3n continuar\u00e1 desarrollando con las distintas entidades del Estado, con el prop\u00f3sito de institucionalizar este procedimiento como parte del ciclo ordinario de auditor\u00eda.<\/p>\n\n\n\n<p>Con esta disposici\u00f3n, la Contralor\u00eda busca consolidar un modelo de control m\u00e1s participativo, preventivo y garantista, que fortalezca el derecho a la defensa de los entes auditados, eleve la calidad t\u00e9cnica de los informes finales y reduzca la posibilidad de que, posteriormente, se alegue desconocimiento de los hallazgos o conclusiones emitidas por el \u00f3rgano rector del control interno.<\/p>\n","protected":false},"excerpt":{"rendered":"<p>La Contralor\u00eda General de la Rep\u00fablica (CGR) puso en marcha un mecanismo formal de discusi\u00f3n de los informes preliminares de auditor\u00eda interna con las m\u00e1ximas autoridades de las instituciones auditadas&hellip;<\/p>\n","protected":false},"author":10,"featured_media":123589,"comment_status":"open","ping_status":"open","sticky":false,"template":"","format":"standard","meta":{"content-type":"","jetpack_post_was_ever_published":false,"_jetpack_newsletter_access":"","_jetpack_dont_email_post_to_subs":false,"_jetpack_newsletter_tier_id":0,"_jetpack_memberships_contains_paywalled_content":false,"_jetpack_memberships_contains_paid_content":false,"footnotes":""},"categories":[39,25],"tags":[8881,911,20543,30794,20546],"class_list":["post-123588","post","type-post","status-publish","format-standard","has-post-thumbnail","hentry","category-economia","category-portada","tag-auditadas","tag-contraloria","tag-entidades","tag-informes-preliminares","tag-socializacion"],"jetpack_featured_media_url":"https:\/\/lasprimeras.com.do\/wp-content\/uploads\/2026\/03\/contralor.jpg","jetpack-related-posts":[{"id":127106,"url":"https:\/\/lasprimeras.com.do\/index.php\/2026\/04\/08\/contraloria-socializa-en-tiempo-record-15-informes-preliminares-de-auditorias\/","url_meta":{"origin":123588,"position":0},"title":"Contralor\u00eda socializa en tiempo r\u00e9cord 15 informes preliminares de auditor\u00edas","author":"Nelson Feliz","date":"8 de abril de 2026","format":false,"excerpt":"La Contralor\u00eda General de la Rep\u00fablica (CGR) ha intensificado de manera significativa su labor de fiscalizaci\u00f3n, mediante la implementaci\u00f3n de un proceso sistem\u00e1tico de socializaci\u00f3n de informes preliminares de auditor\u00eda con diversas instituciones del Estado, orientado a fortalecer la transparencia y el control en el uso de los recursos p\u00fablicos.\u2026","rel":"","context":"En \u00abECONOM\u00cdA\u00bb","block_context":{"text":"ECONOM\u00cdA","link":"https:\/\/lasprimeras.com.do\/index.php\/category\/economia\/"},"img":{"alt_text":"","src":"https:\/\/i0.wp.com\/lasprimeras.com.do\/wp-content\/uploads\/2026\/04\/Socializacion-informe-Inabie.jpg?resize=350%2C200&ssl=1","width":350,"height":200,"srcset":"https:\/\/i0.wp.com\/lasprimeras.com.do\/wp-content\/uploads\/2026\/04\/Socializacion-informe-Inabie.jpg?resize=350%2C200&ssl=1 1x, https:\/\/i0.wp.com\/lasprimeras.com.do\/wp-content\/uploads\/2026\/04\/Socializacion-informe-Inabie.jpg?resize=525%2C300&ssl=1 1.5x, https:\/\/i0.wp.com\/lasprimeras.com.do\/wp-content\/uploads\/2026\/04\/Socializacion-informe-Inabie.jpg?resize=700%2C400&ssl=1 2x"},"classes":[]},{"id":101715,"url":"https:\/\/lasprimeras.com.do\/index.php\/2025\/06\/25\/contraloria-audita-50-nominas-de-ayuntamientos-y-juntas-distritales\/","url_meta":{"origin":123588,"position":1},"title":"Contralor\u00eda audita 50 n\u00f3minas de ayuntamientos y juntas distritales","author":"Nelson Feliz","date":"25 de junio de 2025","format":false,"excerpt":"La Contralor\u00eda General de la Rep\u00fablica (CGR) realiz\u00f3 50 auditor\u00edas focalizadas en n\u00f3minas y 11 de alcance general en ayuntamientos y juntas distritales, en lo que va de este a\u00f1o 2025, con el prop\u00f3sito de sanear y regularizar sus estructuras de personal. El contralor general de la Rep\u00fablica, F\u00e9lix Santana\u2026","rel":"","context":"En \u00abECONOM\u00cdA\u00bb","block_context":{"text":"ECONOM\u00cdA","link":"https:\/\/lasprimeras.com.do\/index.php\/category\/economia\/"},"img":{"alt_text":"","src":"https:\/\/i0.wp.com\/lasprimeras.com.do\/wp-content\/uploads\/2025\/06\/Contralor-Felix-Santana-Garcia.jpg?resize=350%2C200&ssl=1","width":350,"height":200,"srcset":"https:\/\/i0.wp.com\/lasprimeras.com.do\/wp-content\/uploads\/2025\/06\/Contralor-Felix-Santana-Garcia.jpg?resize=350%2C200&ssl=1 1x, https:\/\/i0.wp.com\/lasprimeras.com.do\/wp-content\/uploads\/2025\/06\/Contralor-Felix-Santana-Garcia.jpg?resize=525%2C300&ssl=1 1.5x, https:\/\/i0.wp.com\/lasprimeras.com.do\/wp-content\/uploads\/2025\/06\/Contralor-Felix-Santana-Garcia.jpg?resize=700%2C400&ssl=1 2x"},"classes":[]},{"id":124786,"url":"https:\/\/lasprimeras.com.do\/index.php\/2026\/03\/16\/contraloria-inaugura-unidad-de-auditoria-interna-en-el-ministerio-de-justicia\/","url_meta":{"origin":123588,"position":2},"title":"Contralor\u00eda inaugura Unidad de Auditor\u00eda Interna en el Ministerio de Justicia","author":"Nelson Feliz","date":"16 de marzo de 2026","format":false,"excerpt":"El contralor general de la Rep\u00fablica, Geraldo Espinosa, y el ministro de Justicia, Antoliano Peralta, encabezaron la inauguraci\u00f3n de una Unidad de Auditor\u00eda Interna (UAI) en el Ministerio de Justicia, una iniciativa orientada a fortalecer el control preventivo y el seguimiento a la gesti\u00f3n administrativa de esta nueva instituci\u00f3n del\u2026","rel":"","context":"En \u00abNACIONALES\u00bb","block_context":{"text":"NACIONALES","link":"https:\/\/lasprimeras.com.do\/index.php\/category\/nacionales\/"},"img":{"alt_text":"Geraldo Espinosa","src":"https:\/\/i0.wp.com\/lasprimeras.com.do\/wp-content\/uploads\/2026\/03\/Geraldo-Espinosa.jpg?resize=350%2C200&ssl=1","width":350,"height":200,"srcset":"https:\/\/i0.wp.com\/lasprimeras.com.do\/wp-content\/uploads\/2026\/03\/Geraldo-Espinosa.jpg?resize=350%2C200&ssl=1 1x, https:\/\/i0.wp.com\/lasprimeras.com.do\/wp-content\/uploads\/2026\/03\/Geraldo-Espinosa.jpg?resize=525%2C300&ssl=1 1.5x, https:\/\/i0.wp.com\/lasprimeras.com.do\/wp-content\/uploads\/2026\/03\/Geraldo-Espinosa.jpg?resize=700%2C400&ssl=1 2x"},"classes":[]},{"id":53635,"url":"https:\/\/lasprimeras.com.do\/index.php\/2023\/06\/29\/tejada-estima-trabajo-contraloria-habla-por-si-mismo-los-demas-son-especulaciones\/","url_meta":{"origin":123588,"position":3},"title":"Tejada estima trabajo Contralor\u00eda habla por s\u00ed mismo, los dem\u00e1s son especulaciones","author":"Nelson Feliz","date":"29 de junio de 2023","format":false,"excerpt":"El ex presidente del Colegio Dominicano de Ingenieros, Arquitectos y Agrimensores, Ing. Teodoro Tejada expres\u00f3 que las Auditor\u00edas publicadas por la Contralor\u00eda General de la Rep\u00fablica, son la mejor muestra de transparencia del gobierno del presidente Luis Abinader. El dirigente pol\u00edtico y empresario de la construcci\u00f3n destac\u00f3 que la inmensa\u2026","rel":"","context":"En \u00abECONOM\u00cdA\u00bb","block_context":{"text":"ECONOM\u00cdA","link":"https:\/\/lasprimeras.com.do\/index.php\/category\/economia\/"},"img":{"alt_text":"Teodoro Tejada","src":"https:\/\/i0.wp.com\/lasprimeras.com.do\/wp-content\/uploads\/2023\/06\/Teodoro-Tejada.jpg?resize=350%2C200&ssl=1","width":350,"height":200,"srcset":"https:\/\/i0.wp.com\/lasprimeras.com.do\/wp-content\/uploads\/2023\/06\/Teodoro-Tejada.jpg?resize=350%2C200&ssl=1 1x, https:\/\/i0.wp.com\/lasprimeras.com.do\/wp-content\/uploads\/2023\/06\/Teodoro-Tejada.jpg?resize=525%2C300&ssl=1 1.5x, https:\/\/i0.wp.com\/lasprimeras.com.do\/wp-content\/uploads\/2023\/06\/Teodoro-Tejada.jpg?resize=700%2C400&ssl=1 2x"},"classes":[]},{"id":92824,"url":"https:\/\/lasprimeras.com.do\/index.php\/2025\/01\/15\/contraloria-se-prepara-para-auditar-a-111-instituciones-en-colaboracion-con-firmas-privadas\/","url_meta":{"origin":123588,"position":4},"title":"Contralor\u00eda se prepara para auditar a 111 instituciones en colaboraci\u00f3n con firmas privadas","author":"Nelson Feliz","date":"15 de enero de 2025","format":false,"excerpt":"Las mismas se ir\u00e1n haciendo por niveles hasta completar la totalidad del Gobierno. La Contralor\u00eda General de la Rep\u00fablica (CGR) emiti\u00f3 la circular n\u00fam. IN-CGR-CIR-2025-001 en la que comunica a los incumbentes de 111 instituciones p\u00fablicas el proceso que se llevar\u00e1 a cabo para auditarlas en colaboraci\u00f3n con firmas privadas,\u2026","rel":"","context":"En \u00abECONOM\u00cdA\u00bb","block_context":{"text":"ECONOM\u00cdA","link":"https:\/\/lasprimeras.com.do\/index.php\/category\/economia\/"},"img":{"alt_text":"","src":"https:\/\/i0.wp.com\/lasprimeras.com.do\/wp-content\/uploads\/2025\/01\/Felix-Santana.jpg?resize=350%2C200&ssl=1","width":350,"height":200,"srcset":"https:\/\/i0.wp.com\/lasprimeras.com.do\/wp-content\/uploads\/2025\/01\/Felix-Santana.jpg?resize=350%2C200&ssl=1 1x, https:\/\/i0.wp.com\/lasprimeras.com.do\/wp-content\/uploads\/2025\/01\/Felix-Santana.jpg?resize=525%2C300&ssl=1 1.5x, https:\/\/i0.wp.com\/lasprimeras.com.do\/wp-content\/uploads\/2025\/01\/Felix-Santana.jpg?resize=700%2C400&ssl=1 2x"},"classes":[]},{"id":53505,"url":"https:\/\/lasprimeras.com.do\/index.php\/2023\/06\/27\/paliza-respondio-en-febrero-2022-a-contraloria-sobre-procesos-internos\/","url_meta":{"origin":123588,"position":5},"title":"Paliza respondi\u00f3 en febrero 2022 a Contralor\u00eda sobre procesos internos","author":"Nelson Feliz","date":"27 de junio de 2023","format":false,"excerpt":"En carta de remisi\u00f3n, agradeci\u00f3 ser de las primeras entidades auditadas. De todas las instituciones beneficiarias se verificaron los endosos de cada uno de los cheques y se comprob\u00f3 que los fondos fueron recibidos, depositados por el beneficiario final en las cuentas correspondientes. Dando respuesta al proceso de auditor\u00edas que\u2026","rel":"","context":"En \u00abECONOM\u00cdA\u00bb","block_context":{"text":"ECONOM\u00cdA","link":"https:\/\/lasprimeras.com.do\/index.php\/category\/economia\/"},"img":{"alt_text":"Ministerio Administrativo de la Presidencia","src":"https:\/\/i0.wp.com\/lasprimeras.com.do\/wp-content\/uploads\/2023\/06\/Presidencia-1.jpg?resize=350%2C200&ssl=1","width":350,"height":200,"srcset":"https:\/\/i0.wp.com\/lasprimeras.com.do\/wp-content\/uploads\/2023\/06\/Presidencia-1.jpg?resize=350%2C200&ssl=1 1x, https:\/\/i0.wp.com\/lasprimeras.com.do\/wp-content\/uploads\/2023\/06\/Presidencia-1.jpg?resize=525%2C300&ssl=1 1.5x, https:\/\/i0.wp.com\/lasprimeras.com.do\/wp-content\/uploads\/2023\/06\/Presidencia-1.jpg?resize=700%2C400&ssl=1 2x"},"classes":[]}],"jetpack_sharing_enabled":true,"_links":{"self":[{"href":"https:\/\/lasprimeras.com.do\/index.php\/wp-json\/wp\/v2\/posts\/123588","targetHints":{"allow":["GET"]}}],"collection":[{"href":"https:\/\/lasprimeras.com.do\/index.php\/wp-json\/wp\/v2\/posts"}],"about":[{"href":"https:\/\/lasprimeras.com.do\/index.php\/wp-json\/wp\/v2\/types\/post"}],"author":[{"embeddable":true,"href":"https:\/\/lasprimeras.com.do\/index.php\/wp-json\/wp\/v2\/users\/10"}],"replies":[{"embeddable":true,"href":"https:\/\/lasprimeras.com.do\/index.php\/wp-json\/wp\/v2\/comments?post=123588"}],"version-history":[{"count":1,"href":"https:\/\/lasprimeras.com.do\/index.php\/wp-json\/wp\/v2\/posts\/123588\/revisions"}],"predecessor-version":[{"id":123590,"href":"https:\/\/lasprimeras.com.do\/index.php\/wp-json\/wp\/v2\/posts\/123588\/revisions\/123590"}],"wp:featuredmedia":[{"embeddable":true,"href":"https:\/\/lasprimeras.com.do\/index.php\/wp-json\/wp\/v2\/media\/123589"}],"wp:attachment":[{"href":"https:\/\/lasprimeras.com.do\/index.php\/wp-json\/wp\/v2\/media?parent=123588"}],"wp:term":[{"taxonomy":"category","embeddable":true,"href":"https:\/\/lasprimeras.com.do\/index.php\/wp-json\/wp\/v2\/categories?post=123588"},{"taxonomy":"post_tag","embeddable":true,"href":"https:\/\/lasprimeras.com.do\/index.php\/wp-json\/wp\/v2\/tags?post=123588"}],"curies":[{"name":"wp","href":"https:\/\/api.w.org\/{rel}","templated":true}]}}