{"id":123605,"date":"2026-03-03T07:22:11","date_gmt":"2026-03-03T11:22:11","guid":{"rendered":"https:\/\/lasprimeras.com.do\/?p=123605"},"modified":"2026-03-03T08:18:25","modified_gmt":"2026-03-03T12:18:25","slug":"tejada-defiende-utilidad-del-embalse-de-la-prensa-de-monte-grande-para-region-suroeste","status":"publish","type":"post","link":"https:\/\/lasprimeras.com.do\/index.php\/2026\/03\/03\/tejada-defiende-utilidad-del-embalse-de-la-prensa-de-monte-grande-para-region-suroeste\/","title":{"rendered":"Tejada defiende utilidad del embalse de la presa de Monte Grande para regi\u00f3n Suroeste"},"content":{"rendered":"\n<p class=\"wp-block-paragraph\">El expresidente del Colegio Dominicano de Ingenieros, Arquitectos y Agrimensores (CODIA), Ing. Teodoro Tejada defendi\u00f3 la utilidad que tiene la Presa de Monte Grande para las provincias de Barahona, Azua, Bahoruco e Independencia, adem\u00e1s de almacenar agua para el reabastecimiento de los acueductos de la zona, tambi\u00e9n act\u00faa como control de las grandes avenidas que, hist\u00f3ricamente inundaron las poblaciones agua abajo del rio Yaque del Sur.<\/p>\n\n\n\n<p class=\"wp-block-paragraph\">De acuerdo al ex sub director ejecutivo del Instituto Nacional de Recursos Hidr\u00e1ulicos \u2013INDRHI- la construcci\u00f3n de la presa de Monte Grande era una vieja aspiraci\u00f3n de los residentes de esas provincias, que la reclamaron en forma vehemente a los distintos gobiernos que se sucedieron en el pa\u00eds, desde el 17 de abril de 1967 en la primera administraci\u00f3n, del extinto ex presidente Joaqu\u00edn Balaguer, cuando la solicitaron por primera vez durante una actividad celebrada en Barahona.<\/p>\n\n\n\n<p class=\"wp-block-paragraph\">\u201cCon la inauguraci\u00f3n del embalse de la Presa de Monte Grande (el componente m\u00e1s importante de la obra) el 24 de enero del pasado a\u00f1o, el presidente Luis Abinader resolvi\u00f3 el problema m\u00e1s grave, que eran las inundaciones que afectaron a las provincias de Azua, Barahona y Bahoruco por las grandes avenidas del r\u00edo Yaque del Sur, generadas por los intensos aguaceros, que sin este embalse, se convert\u00edan en un desastres naturales\u201d, precis\u00f3.<\/p>\n\n\n\n<p class=\"wp-block-paragraph\">A seguidas, se\u00f1al\u00f3 que sin la construcci\u00f3n del embalse de Monte Grande no habr\u00eda control de inundaciones, ni garant\u00eda de agua para el consumo humano (Acueducto del Suroeste), riego y generaci\u00f3n de electricidad.<\/p>\n\n\n\n<p class=\"wp-block-paragraph\">El profesional de la construcci\u00f3n expres\u00f3 que al presidente Luis Abinader le corresponde el m\u00e9rito de haber concluido esta magna obra hidr\u00e1ulica, para beneficio de las comunidades del Suroeste, porque los gobiernos anteriores solo la ejecutaron en un 30%.<\/p>\n\n\n\n<p class=\"wp-block-paragraph\">Tejada subray\u00f3 que para comunidades como Tamayo, Vicente Noble, Canoa, La Hoya, Jaquimeyes, Palo Alto, El Pe\u00f1\u00f3n, Bombita, Fundaci\u00f3n Habanero, y otras que sufrieron desde siempre de esas inundaciones; el embalse de la Presa de Monte Grande ha sido el aporte m\u00e1s significativo que le hayan conferido en todos los tiempos.<\/p>\n\n\n\n<p class=\"wp-block-paragraph\"><\/p>\n","protected":false},"excerpt":{"rendered":"<p>El expresidente del Colegio Dominicano de Ingenieros, Arquitectos y Agrimensores (CODIA), Ing. Teodoro Tejada defendi\u00f3 la utilidad que tiene la Presa de Monte Grande para las provincias de Barahona, Azua,&hellip;<\/p>\n","protected":false},"author":10,"featured_media":123606,"comment_status":"open","ping_status":"open","sticky":false,"template":"","format":"standard","meta":{"content-type":"","_jetpack_newsletter_access":"","_jetpack_dont_email_post_to_subs":false,"_jetpack_newsletter_tier_id":0,"_jetpack_memberships_contains_paywalled_content":false,"_jetpack_feature_clip_id":0,"_jetpack_memberships_contains_paid_content":false,"footnotes":"","jetpack_post_was_ever_published":false},"categories":[35,25],"tags":[4060,11103,6510,4059],"class_list":["post-123605","post","type-post","status-publish","format-standard","has-post-thumbnail","hentry","category-nacionales","category-portada","tag-codia","tag-presa-monte-grande","tag-region-sur","tag-teodoro-tejada"],"jetpack-related-posts":[{"id":74020,"url":"https:\/\/lasprimeras.com.do\/index.php\/2024\/01\/18\/gobierno-entregara-presa-monte-grande-el-proximo-jueves-25\/","url_meta":{"origin":123605,"position":0},"title":"Gobierno entregar\u00e1 presa Monte Grande el pr\u00f3ximo jueves 25","author":"Nelson Feliz","date":"18 de enero de 2024","format":false,"excerpt":"Luego de un poco m\u00e1s de una d\u00e9cada de haberse iniciado la construcci\u00f3n de la presa de Monte Grande, el Gobierno tiene pautada para el pr\u00f3ximo jueves 25 de enero la inauguraci\u00f3n del proyecto que se vislumbra como una de las obras que impulsar\u00e1 el desarrollo econ\u00f3mico y social del\u2026","rel":"","context":"En \u00abNACIONALES\u00bb","block_context":{"text":"NACIONALES","link":"https:\/\/lasprimeras.com.do\/index.php\/category\/nacionales\/"},"img":{"alt_text":"","src":"https:\/\/i0.wp.com\/lasprimeras.com.do\/wp-content\/uploads\/2024\/01\/foto-3-768x432-1.jpg?resize=350%2C200&ssl=1","width":350,"height":200,"srcset":"https:\/\/i0.wp.com\/lasprimeras.com.do\/wp-content\/uploads\/2024\/01\/foto-3-768x432-1.jpg?resize=350%2C200&ssl=1 1x, https:\/\/i0.wp.com\/lasprimeras.com.do\/wp-content\/uploads\/2024\/01\/foto-3-768x432-1.jpg?resize=525%2C300&ssl=1 1.5x, https:\/\/i0.wp.com\/lasprimeras.com.do\/wp-content\/uploads\/2024\/01\/foto-3-768x432-1.jpg?resize=700%2C400&ssl=1 2x"},"classes":[]},{"id":83505,"url":"https:\/\/lasprimeras.com.do\/index.php\/2024\/05\/18\/tejada-estima-sectores-vinculados-construccion-estan-al-lado-del-presidente-abinader\/","url_meta":{"origin":123605,"position":1},"title":"Tejada estima sectores vinculados construcci\u00f3n est\u00e1n al lado del presidente Abinader","author":"Nelson Feliz","date":"18 de mayo de 2024","format":false,"excerpt":"El ex presidente del Colegio de Ingenieros, Arquitectos y Agrimensores \u2013CODIA-, Teodoro Tejada estim\u00f3 que los diversos sectores vinculados al sector construcci\u00f3n agradecen al presidente Luis Abinader que los ha respetado, dinamizado y manejado con transparencia las grandes obras que se han levantado en su administraci\u00f3n. Tejada destac\u00f3 que por\u2026","rel":"","context":"En \u00abPORTADA\u00bb","block_context":{"text":"PORTADA","link":"https:\/\/lasprimeras.com.do\/index.php\/category\/portada\/"},"img":{"alt_text":"Teodoro Tejada","src":"https:\/\/i0.wp.com\/lasprimeras.com.do\/wp-content\/uploads\/2024\/05\/Teodoro-Tejada-1.jpg?resize=350%2C200&ssl=1","width":350,"height":200,"srcset":"https:\/\/i0.wp.com\/lasprimeras.com.do\/wp-content\/uploads\/2024\/05\/Teodoro-Tejada-1.jpg?resize=350%2C200&ssl=1 1x, https:\/\/i0.wp.com\/lasprimeras.com.do\/wp-content\/uploads\/2024\/05\/Teodoro-Tejada-1.jpg?resize=525%2C300&ssl=1 1.5x, https:\/\/i0.wp.com\/lasprimeras.com.do\/wp-content\/uploads\/2024\/05\/Teodoro-Tejada-1.jpg?resize=700%2C400&ssl=1 2x"},"classes":[]},{"id":127774,"url":"https:\/\/lasprimeras.com.do\/index.php\/2026\/04\/15\/teodoro-resalta-gestion-para-asegurar-infraestructura-hidrica\/","url_meta":{"origin":123605,"position":2},"title":"Teodoro resalta gesti\u00f3n para asegurar infraestructura h\u00eddrica","author":"Nelson Feliz","date":"15 de abril de 2026","format":false,"excerpt":"El expresidente del Colegio Dominicano de Ingenieros y Agrimensores (CODIA), Ing. Teodoro Tejada valor\u00f3 el trabajo que han desplegado los ingenieros Olmedo Caba, director Ejecutivo del Instituto de Recursos Hidr\u00e1ulicos \u2013INDRHI- y Rafael Salazar, Administrador de -EGEHID- con los programas de mitigaci\u00f3n de inundaciones que han ejecutado para evitar una\u2026","rel":"","context":"En \u00abNACIONALES\u00bb","block_context":{"text":"NACIONALES","link":"https:\/\/lasprimeras.com.do\/index.php\/category\/nacionales\/"},"img":{"alt_text":"Teodoro Tejada","src":"https:\/\/i0.wp.com\/lasprimeras.com.do\/wp-content\/uploads\/2024\/06\/Teodoro-Tejada.jpg?resize=350%2C200&ssl=1","width":350,"height":200,"srcset":"https:\/\/i0.wp.com\/lasprimeras.com.do\/wp-content\/uploads\/2024\/06\/Teodoro-Tejada.jpg?resize=350%2C200&ssl=1 1x, https:\/\/i0.wp.com\/lasprimeras.com.do\/wp-content\/uploads\/2024\/06\/Teodoro-Tejada.jpg?resize=525%2C300&ssl=1 1.5x, https:\/\/i0.wp.com\/lasprimeras.com.do\/wp-content\/uploads\/2024\/06\/Teodoro-Tejada.jpg?resize=700%2C400&ssl=1 2x, https:\/\/i0.wp.com\/lasprimeras.com.do\/wp-content\/uploads\/2024\/06\/Teodoro-Tejada.jpg?resize=1050%2C600&ssl=1 3x"},"classes":[]},{"id":74673,"url":"https:\/\/lasprimeras.com.do\/index.php\/2024\/01\/25\/abinader-inaugura-embalse-de-la-presa-monte-grande-para-garantizar-agua-a-la-region-sur\/","url_meta":{"origin":123605,"position":3},"title":"Abinader inaugura embalse de la \u201cPresa Monte Grande\u201d para garantizar agua a la Regi\u00f3n Sur","author":"Nelson Feliz","date":"25 de enero de 2024","format":false,"excerpt":"En tres a\u00f1os se construy\u00f3 el 60% de la obra que solo hab\u00eda avanzado un 40% en 10 a\u00f1os. Azua. - El presidente Luis Abinader inaugur\u00f3 este jueves el embalse de la presa de Monte Grande, la mayor obra que mejorara la calidad de vida de la gente en la\u2026","rel":"","context":"En \u00abNACIONALES\u00bb","block_context":{"text":"NACIONALES","link":"https:\/\/lasprimeras.com.do\/index.php\/category\/nacionales\/"},"img":{"alt_text":"Presa Monte Grande","src":"https:\/\/i0.wp.com\/lasprimeras.com.do\/wp-content\/uploads\/2024\/01\/presa-1.jpg?resize=350%2C200&ssl=1","width":350,"height":200,"srcset":"https:\/\/i0.wp.com\/lasprimeras.com.do\/wp-content\/uploads\/2024\/01\/presa-1.jpg?resize=350%2C200&ssl=1 1x, https:\/\/i0.wp.com\/lasprimeras.com.do\/wp-content\/uploads\/2024\/01\/presa-1.jpg?resize=525%2C300&ssl=1 1.5x, https:\/\/i0.wp.com\/lasprimeras.com.do\/wp-content\/uploads\/2024\/01\/presa-1.jpg?resize=700%2C400&ssl=1 2x"},"classes":[]},{"id":58589,"url":"https:\/\/lasprimeras.com.do\/index.php\/2023\/08\/25\/ex-presidente-del-codia-respalda-plan-piloto-de-desalacion-anunciado-por-inapa\/","url_meta":{"origin":123605,"position":4},"title":"Ex presidente del CODIA respalda plan piloto de desalaci\u00f3n anunciado por INAPA","author":"Nelson Feliz","date":"25 de agosto de 2023","format":false,"excerpt":"El ex presidente del Colegio Dominicano de Ingenieros, Arquitectos y Agrimensores (CODIA), Ing. Teodoro Tejada respaldo el anuncio que hizo el director del instituto Nacional de Agua Potable y Alcantarillados \u2013INAPA-, de impulsar un plan piloto de desalaci\u00f3n de agua de mar en algunas zonas para el uso humano. De\u2026","rel":"","context":"En \u00abNACIONALES\u00bb","block_context":{"text":"NACIONALES","link":"https:\/\/lasprimeras.com.do\/index.php\/category\/nacionales\/"},"img":{"alt_text":"Teodoro Tejada","src":"https:\/\/i0.wp.com\/lasprimeras.com.do\/wp-content\/uploads\/2023\/07\/Teodoro-Tejada.jpg?resize=350%2C200&ssl=1","width":350,"height":200,"srcset":"https:\/\/i0.wp.com\/lasprimeras.com.do\/wp-content\/uploads\/2023\/07\/Teodoro-Tejada.jpg?resize=350%2C200&ssl=1 1x, https:\/\/i0.wp.com\/lasprimeras.com.do\/wp-content\/uploads\/2023\/07\/Teodoro-Tejada.jpg?resize=525%2C300&ssl=1 1.5x, https:\/\/i0.wp.com\/lasprimeras.com.do\/wp-content\/uploads\/2023\/07\/Teodoro-Tejada.jpg?resize=700%2C400&ssl=1 2x"},"classes":[]},{"id":109916,"url":"https:\/\/lasprimeras.com.do\/index.php\/2025\/09\/23\/tejada-denuncia-practicas-excluyentes-en-licitaciones-del-mivhed\/","url_meta":{"origin":123605,"position":5},"title":"Tejada denuncia pr\u00e1cticas excluyentes en licitaciones del MIVHED","author":"Nelson Feliz","date":"23 de septiembre de 2025","format":false,"excerpt":"El ex presidente del Colegio de Ingenieros, Arquitectos y Agrimensores (CODIA), ingeniero Teodoro Tejada, denunci\u00f3 que el ministro de la Vivienda, H\u00e1bitat y Edificaciones (MIVHED), Carlos Bonilla, contin\u00faa con pr\u00e1cticas nocivas en los procesos de licitaci\u00f3n p\u00fablica para la construcci\u00f3n de obras. El ex presidente del CODIA advirti\u00f3 que esas\u2026","rel":"","context":"En \u00abECONOM\u00cdA\u00bb","block_context":{"text":"ECONOM\u00cdA","link":"https:\/\/lasprimeras.com.do\/index.php\/category\/economia\/"},"img":{"alt_text":"Teodoro Tejada","src":"https:\/\/i0.wp.com\/lasprimeras.com.do\/wp-content\/uploads\/2025\/09\/Teodoro-Tejada.jpg?resize=350%2C200&ssl=1","width":350,"height":200,"srcset":"https:\/\/i0.wp.com\/lasprimeras.com.do\/wp-content\/uploads\/2025\/09\/Teodoro-Tejada.jpg?resize=350%2C200&ssl=1 1x, https:\/\/i0.wp.com\/lasprimeras.com.do\/wp-content\/uploads\/2025\/09\/Teodoro-Tejada.jpg?resize=525%2C300&ssl=1 1.5x, https:\/\/i0.wp.com\/lasprimeras.com.do\/wp-content\/uploads\/2025\/09\/Teodoro-Tejada.jpg?resize=700%2C400&ssl=1 2x"},"classes":[]}],"jetpack_sharing_enabled":true,"jetpack_featured_media_url":"https:\/\/lasprimeras.com.do\/wp-content\/uploads\/2026\/03\/IMG-20260302-WA0761.jpg","_links":{"self":[{"href":"https:\/\/lasprimeras.com.do\/index.php\/wp-json\/wp\/v2\/posts\/123605","targetHints":{"allow":["GET"]}}],"collection":[{"href":"https:\/\/lasprimeras.com.do\/index.php\/wp-json\/wp\/v2\/posts"}],"about":[{"href":"https:\/\/lasprimeras.com.do\/index.php\/wp-json\/wp\/v2\/types\/post"}],"author":[{"embeddable":true,"href":"https:\/\/lasprimeras.com.do\/index.php\/wp-json\/wp\/v2\/users\/10"}],"replies":[{"embeddable":true,"href":"https:\/\/lasprimeras.com.do\/index.php\/wp-json\/wp\/v2\/comments?post=123605"}],"version-history":[{"count":2,"href":"https:\/\/lasprimeras.com.do\/index.php\/wp-json\/wp\/v2\/posts\/123605\/revisions"}],"predecessor-version":[{"id":123610,"href":"https:\/\/lasprimeras.com.do\/index.php\/wp-json\/wp\/v2\/posts\/123605\/revisions\/123610"}],"wp:featuredmedia":[{"embeddable":true,"href":"https:\/\/lasprimeras.com.do\/index.php\/wp-json\/wp\/v2\/media\/123606"}],"wp:attachment":[{"href":"https:\/\/lasprimeras.com.do\/index.php\/wp-json\/wp\/v2\/media?parent=123605"}],"wp:term":[{"taxonomy":"category","embeddable":true,"href":"https:\/\/lasprimeras.com.do\/index.php\/wp-json\/wp\/v2\/categories?post=123605"},{"taxonomy":"post_tag","embeddable":true,"href":"https:\/\/lasprimeras.com.do\/index.php\/wp-json\/wp\/v2\/tags?post=123605"}],"curies":[{"name":"wp","href":"https:\/\/api.w.org\/{rel}","templated":true}]}}