{"id":123671,"date":"2026-03-04T05:00:00","date_gmt":"2026-03-04T09:00:00","guid":{"rendered":"https:\/\/lasprimeras.com.do\/?p=123671"},"modified":"2026-03-03T23:45:28","modified_gmt":"2026-03-04T03:45:28","slug":"apoyo-a-dominicanos-espaillat-entrega-us820-mil-a-universidad-en-el-bronx","status":"publish","type":"post","link":"https:\/\/lasprimeras.com.do\/index.php\/2026\/03\/04\/apoyo-a-dominicanos-espaillat-entrega-us820-mil-a-universidad-en-el-bronx\/","title":{"rendered":"\u00a1Apoyo a dominicanos! Espaillat entrega US$820 mil a universidad en El Bronx"},"content":{"rendered":"\n<p class=\"wp-block-paragraph\">Por Ram\u00f3n Mercedes<\/p>\n\n\n\n<p class=\"wp-block-paragraph\">NUEVA YORK.\u2013 El congresista por el distrito 13 de Nueva York, Adriano Espaillat, entreg\u00f3 a la Lehman College, en El Bronx, que cuenta con 12,894 estudiantes, entre ellos cientos de dominicanos, la suma de $820 mil d\u00f3lares para la ampliaci\u00f3n de las gradas del campo deportivo sur, lo que transformar\u00e1 significativamente la experiencia deportiva y comunitaria en el campus.<\/p>\n\n\n\n<p class=\"wp-block-paragraph\">Los fondos federales correspondientes al a\u00f1o fiscal 2026 permitir\u00e1n aumentar la capacidad del recinto de aproximadamente 70 a m\u00e1s de 1,300 espectadores, facilitando la asistencia de estudiantes, familias y residentes del condado a eventos deportivos y actividades comunitarias.<\/p>\n\n\n\n<p class=\"wp-block-paragraph\">\u201cEsta inversi\u00f3n representa nuestro compromiso con el desarrollo de espacios que fortalezcan el sentido de comunidad y promuevan oportunidades para nuestros j\u00f3venes\u201d, expres\u00f3 Espaillat.<\/p>\n\n\n\n<p class=\"wp-block-paragraph\">\u201cAl mejorar la infraestructura de Lehman, estamos creando un entorno m\u00e1s inclusivo donde m\u00e1s personas pueden reunirse, apoyar a sus equipos y participar en actividades que enriquecen la vida comunitaria\u201d, agreg\u00f3.<\/p>\n\n\n\n<p class=\"wp-block-paragraph\">La ampliaci\u00f3n de las gradas beneficiar\u00e1 directamente a los programas deportivos universitarios, incluidos b\u00e9isbol, s\u00f3ftbol y f\u00fatbol masculino y femenino, adem\u00e1s de permitir la realizaci\u00f3n de eventos adicionales como programas de Olimpiadas Especiales y actividades de escuelas secundarias locales.<\/p>\n\n\n\n<p class=\"wp-block-paragraph\">Los equipos del alto centro docente participan como miembros de la Divisi\u00f3n III de la NCAA. Los Lightning Bugs son miembros de la CUNY Athletic Conference.<\/p>\n\n\n\n<p class=\"wp-block-paragraph\">Los deportes masculinos incluyen b\u00e9isbol, baloncesto, campo a trav\u00e9s, f\u00fatbol, nataci\u00f3n y clavados, atletismo, tenis y voleibol; mientras que los femeninos incluyen baloncesto, campo a trav\u00e9s, f\u00fatbol, s\u00f3ftbol, nataci\u00f3n y clavados, tenis, atletismo, voleibol y porristas.<\/p>\n\n\n\n<p class=\"wp-block-paragraph\">Por su parte, las autoridades de Lehman College destacaron que esta iniciativa refuerza el papel de la instituci\u00f3n como un centro clave para el deporte, la recreaci\u00f3n y la integraci\u00f3n comunitaria en El Bronx.<\/p>\n","protected":false},"excerpt":{"rendered":"<p>Por Ram\u00f3n Mercedes NUEVA YORK.\u2013 El congresista por el distrito 13 de Nueva York, Adriano Espaillat, entreg\u00f3 a la Lehman College, en El Bronx, que cuenta con 12,894 estudiantes, entre&hellip;<\/p>\n","protected":false},"author":10,"featured_media":123672,"comment_status":"open","ping_status":"open","sticky":false,"template":"","format":"standard","meta":{"content-type":"","_jetpack_newsletter_access":"","_jetpack_dont_email_post_to_subs":false,"_jetpack_newsletter_tier_id":0,"_jetpack_memberships_contains_paywalled_content":false,"_jetpack_feature_clip_id":0,"_jetpack_memberships_contains_paid_content":false,"footnotes":"","jetpack_post_was_ever_published":false},"categories":[16289],"tags":[11654,30821,11655,487,4303,524,527],"class_list":["post-123671","post","type-post","status-publish","format-standard","has-post-thumbnail","hentry","category-internacionales","tag-adriano-espaillat","tag-apoyo-a-dominicanos","tag-congresista","tag-dominicanos","tag-el-bronx","tag-estudiantes","tag-universidad"],"jetpack-related-posts":[{"id":127887,"url":"https:\/\/lasprimeras.com.do\/index.php\/2026\/04\/17\/precohis-apoya-adriano-espaillat-para-un-nuevo-periodo-en-el-congreso-ee-uu\/","url_meta":{"origin":123671,"position":0},"title":"PreCoHis apoya Adriano Espaillat para un nuevo periodo en el Congreso EE. UU.","author":"Nelson Feliz","date":"17 de abril de 2026","format":false,"excerpt":"Por Ram\u00f3n Mercedes NUEVA YORK.- La direcci\u00f3n ejecutiva de la entidad Prensa & Comunidad Hispana (PreCoHis), que preside el autor de esta cr\u00f3nica, aprob\u00f3 respaldar al congresista Adriano Espaillat D-13 en las primarias dem\u00f3cratas a celebrarse el pr\u00f3ximo 23 de junio. Espaillat aspira a un nuevo per\u00edodo en el Congreso\u2026","rel":"","context":"En \u00abINTERNACIONALES\u00bb","block_context":{"text":"INTERNACIONALES","link":"https:\/\/lasprimeras.com.do\/index.php\/category\/sin-categoria\/internacionales\/"},"img":{"alt_text":"","src":"https:\/\/i0.wp.com\/lasprimeras.com.do\/wp-content\/uploads\/2026\/04\/IMG-20260417-WA0073.jpg?resize=350%2C200&ssl=1","width":350,"height":200,"srcset":"https:\/\/i0.wp.com\/lasprimeras.com.do\/wp-content\/uploads\/2026\/04\/IMG-20260417-WA0073.jpg?resize=350%2C200&ssl=1 1x, https:\/\/i0.wp.com\/lasprimeras.com.do\/wp-content\/uploads\/2026\/04\/IMG-20260417-WA0073.jpg?resize=525%2C300&ssl=1 1.5x"},"classes":[]},{"id":122854,"url":"https:\/\/lasprimeras.com.do\/index.php\/2026\/02\/23\/congresista-espaillat-entregara-us500-mil-a-escuela-publica-de-harlem-con-774-alumnos-hay-decenas-de-dominicanos\/","url_meta":{"origin":123671,"position":1},"title":"Congresista Espaillat entregar\u00e1 US$500 mil a escuela p\u00fablica de Harlem con 774 alumnos; hay decenas de dominicanos","author":"Nelson Feliz","date":"23 de febrero de 2026","format":false,"excerpt":"Por Ram\u00f3n Mercedes NUEVA YORK.- El congresista por el Distrito 13 de Nueva York, Adriano Espaillat, cuyo territorio abarca Harlem, East Harlem, West Harlem, Hamilton Heights, Washington Heights, Inwood, Marble Hill y el noroeste de El Bronx, con una poblaci\u00f3n de m\u00e1s de 710 mil habitantes, entre ellos decenas de\u2026","rel":"","context":"En \u00abINTERNACIONALES\u00bb","block_context":{"text":"INTERNACIONALES","link":"https:\/\/lasprimeras.com.do\/index.php\/category\/sin-categoria\/internacionales\/"},"img":{"alt_text":"","src":"https:\/\/i0.wp.com\/lasprimeras.com.do\/wp-content\/uploads\/2026\/02\/IMG-20260223-WA0058.jpg?resize=350%2C200&ssl=1","width":350,"height":200,"srcset":"https:\/\/i0.wp.com\/lasprimeras.com.do\/wp-content\/uploads\/2026\/02\/IMG-20260223-WA0058.jpg?resize=350%2C200&ssl=1 1x, https:\/\/i0.wp.com\/lasprimeras.com.do\/wp-content\/uploads\/2026\/02\/IMG-20260223-WA0058.jpg?resize=525%2C300&ssl=1 1.5x"},"classes":[]},{"id":132509,"url":"https:\/\/lasprimeras.com.do\/index.php\/2026\/06\/03\/gobernadora-ny-reafirma-su-apoyo-reeleccion-del-congresista-espaillat-d-13\/","url_meta":{"origin":123671,"position":2},"title":"Gobernadora NY reafirma su apoyo reelecci\u00f3n del congresista Espaillat D-13","author":"Nelson Feliz","date":"3 de junio de 2026","format":false,"excerpt":"Por Ram\u00f3n Mercedes NUEVA YORK.- La influyente y popular gobernadora de este estado, Kathy Hochul, reafirm\u00f3 su apoyo a la reelecci\u00f3n del congresista Adriano Espaillat (D-13), destacando su liderazgo, capacidad de gesti\u00f3n y resultados concretos en favor de las familias trabajadoras de la Gran Manzana. \u201cEspaillat ha logrado resultados concretos\u2026","rel":"","context":"En \u00abLA VOZ DE LA DIASPORA\u00bb","block_context":{"text":"LA VOZ DE LA DIASPORA","link":"https:\/\/lasprimeras.com.do\/index.php\/category\/la-voz-de-la-diaspora\/"},"img":{"alt_text":"","src":"https:\/\/i0.wp.com\/lasprimeras.com.do\/wp-content\/uploads\/2026\/06\/IMG-20260601-WA00721.jpg?resize=350%2C200&ssl=1","width":350,"height":200,"srcset":"https:\/\/i0.wp.com\/lasprimeras.com.do\/wp-content\/uploads\/2026\/06\/IMG-20260601-WA00721.jpg?resize=350%2C200&ssl=1 1x, https:\/\/i0.wp.com\/lasprimeras.com.do\/wp-content\/uploads\/2026\/06\/IMG-20260601-WA00721.jpg?resize=525%2C300&ssl=1 1.5x"},"classes":[]},{"id":117255,"url":"https:\/\/lasprimeras.com.do\/index.php\/2025\/12\/09\/congresista-espaillat-destaca-avance-comunidad-dominicana-en-nyc\/","url_meta":{"origin":123671,"position":3},"title":"Congresista Espaillat destaca avance comunidad dominicana en NYC","author":"Nelson Feliz","date":"9 de diciembre de 2025","format":false,"excerpt":"https:\/\/www.youtube.com\/watch?v=5COm9TWCZ5o Por Ram\u00f3n Mercedes NUEVA YORK.- El congresista de origen dominicano Adriano Espaillat, representante del Distrito Congresual 13 de Nueva York, durante la entrega de reconocimientos a destacados quisqueyanos en la Gala de Prensa & Comunidad Hispana (PreCoHis), presidida por el periodista Ram\u00f3n Mercedes, destac\u00f3 que \u00abcon el avance profesional\u2026","rel":"","context":"En \u00abINTERNACIONALES\u00bb","block_context":{"text":"INTERNACIONALES","link":"https:\/\/lasprimeras.com.do\/index.php\/category\/sin-categoria\/internacionales\/"},"img":{"alt_text":"Congresista Espaillat destaca avance comunidad dominicana en NYC","src":"https:\/\/i0.wp.com\/lasprimeras.com.do\/wp-content\/uploads\/2025\/12\/Congresista-Espaillat-destaca-avance-comunidad-dominicana-en-NYC.jpg?resize=350%2C200&ssl=1","width":350,"height":200,"srcset":"https:\/\/i0.wp.com\/lasprimeras.com.do\/wp-content\/uploads\/2025\/12\/Congresista-Espaillat-destaca-avance-comunidad-dominicana-en-NYC.jpg?resize=350%2C200&ssl=1 1x, https:\/\/i0.wp.com\/lasprimeras.com.do\/wp-content\/uploads\/2025\/12\/Congresista-Espaillat-destaca-avance-comunidad-dominicana-en-NYC.jpg?resize=525%2C300&ssl=1 1.5x, https:\/\/i0.wp.com\/lasprimeras.com.do\/wp-content\/uploads\/2025\/12\/Congresista-Espaillat-destaca-avance-comunidad-dominicana-en-NYC.jpg?resize=700%2C400&ssl=1 2x, https:\/\/i0.wp.com\/lasprimeras.com.do\/wp-content\/uploads\/2025\/12\/Congresista-Espaillat-destaca-avance-comunidad-dominicana-en-NYC.jpg?resize=1050%2C600&ssl=1 3x, https:\/\/i0.wp.com\/lasprimeras.com.do\/wp-content\/uploads\/2025\/12\/Congresista-Espaillat-destaca-avance-comunidad-dominicana-en-NYC.jpg?resize=1400%2C800&ssl=1 4x"},"classes":[]},{"id":133203,"url":"https:\/\/lasprimeras.com.do\/index.php\/2026\/06\/11\/dominicanos-nyc-reconocen-del-congresista-espaillat-estar-siempre-presente-con-la-comunidad\/","url_meta":{"origin":123671,"position":4},"title":"Dominicanos NYC reconocen del congresista Espaillat estar siempre presente con la comunidad","author":"Nelson Feliz","date":"11 de junio de 2026","format":false,"excerpt":"Por Ram\u00f3n Mercedes. NUEVA YORK.- Dominicanos residentes en el Alto Manhattan y El Bronx manifestaron reconocer que el congresista Adriano Espaillat, D-13, a lo largo de su trayectoria en el servicio p\u00fablico, ha mantenido una constante de estar al lado de las comunidades cuando m\u00e1s lo han necesitado. Espaillat ha\u2026","rel":"","context":"En \u00abLA VOZ DE LA DIASPORA\u00bb","block_context":{"text":"LA VOZ DE LA DIASPORA","link":"https:\/\/lasprimeras.com.do\/index.php\/category\/la-voz-de-la-diaspora\/"},"img":{"alt_text":"","src":"https:\/\/i0.wp.com\/lasprimeras.com.do\/wp-content\/uploads\/2026\/06\/IMG-20260611-WA0101.jpg?resize=350%2C200&ssl=1","width":350,"height":200,"srcset":"https:\/\/i0.wp.com\/lasprimeras.com.do\/wp-content\/uploads\/2026\/06\/IMG-20260611-WA0101.jpg?resize=350%2C200&ssl=1 1x, https:\/\/i0.wp.com\/lasprimeras.com.do\/wp-content\/uploads\/2026\/06\/IMG-20260611-WA0101.jpg?resize=525%2C300&ssl=1 1.5x, https:\/\/i0.wp.com\/lasprimeras.com.do\/wp-content\/uploads\/2026\/06\/IMG-20260611-WA0101.jpg?resize=700%2C400&ssl=1 2x"},"classes":[]},{"id":130389,"url":"https:\/\/lasprimeras.com.do\/index.php\/2026\/05\/13\/influyentes-y-poderosas-organizaciones-en-nyc-apoyan-reeleccion-congresista-espaillat\/","url_meta":{"origin":123671,"position":5},"title":"Influyentes y poderosas organizaciones en NYC apoyan reelecci\u00f3n congresista Espaillat","author":"Nelson Feliz","date":"13 de mayo de 2026","format":false,"excerpt":"Por Ram\u00f3n Mercedes NUEVA YORK.- Influyentes y poderosas organizaciones, que aglutinan a miles de votantes e inciden en diversas \u00e1reas en esta ciudad, han decidido respaldar la reelecci\u00f3n del congresista Adriano Espaillat (D-13), destacando su labor constante en beneficio de los residentes de las comunidades que representa. Espaillat, primer y\u2026","rel":"","context":"En \u00abLA VOZ DE LA DIASPORA\u00bb","block_context":{"text":"LA VOZ DE LA DIASPORA","link":"https:\/\/lasprimeras.com.do\/index.php\/category\/la-voz-de-la-diaspora\/"},"img":{"alt_text":"","src":"https:\/\/i0.wp.com\/lasprimeras.com.do\/wp-content\/uploads\/2026\/05\/IMG-20260513-WA0133.jpg?resize=350%2C200&ssl=1","width":350,"height":200,"srcset":"https:\/\/i0.wp.com\/lasprimeras.com.do\/wp-content\/uploads\/2026\/05\/IMG-20260513-WA0133.jpg?resize=350%2C200&ssl=1 1x, https:\/\/i0.wp.com\/lasprimeras.com.do\/wp-content\/uploads\/2026\/05\/IMG-20260513-WA0133.jpg?resize=525%2C300&ssl=1 1.5x"},"classes":[]}],"jetpack_sharing_enabled":true,"jetpack_featured_media_url":"https:\/\/lasprimeras.com.do\/wp-content\/uploads\/2026\/03\/Congresista-entrega-US820-mil-a-Universidad-en-El-Bronx-con-12894-estudiantes.jpg","_links":{"self":[{"href":"https:\/\/lasprimeras.com.do\/index.php\/wp-json\/wp\/v2\/posts\/123671","targetHints":{"allow":["GET"]}}],"collection":[{"href":"https:\/\/lasprimeras.com.do\/index.php\/wp-json\/wp\/v2\/posts"}],"about":[{"href":"https:\/\/lasprimeras.com.do\/index.php\/wp-json\/wp\/v2\/types\/post"}],"author":[{"embeddable":true,"href":"https:\/\/lasprimeras.com.do\/index.php\/wp-json\/wp\/v2\/users\/10"}],"replies":[{"embeddable":true,"href":"https:\/\/lasprimeras.com.do\/index.php\/wp-json\/wp\/v2\/comments?post=123671"}],"version-history":[{"count":1,"href":"https:\/\/lasprimeras.com.do\/index.php\/wp-json\/wp\/v2\/posts\/123671\/revisions"}],"predecessor-version":[{"id":123673,"href":"https:\/\/lasprimeras.com.do\/index.php\/wp-json\/wp\/v2\/posts\/123671\/revisions\/123673"}],"wp:featuredmedia":[{"embeddable":true,"href":"https:\/\/lasprimeras.com.do\/index.php\/wp-json\/wp\/v2\/media\/123672"}],"wp:attachment":[{"href":"https:\/\/lasprimeras.com.do\/index.php\/wp-json\/wp\/v2\/media?parent=123671"}],"wp:term":[{"taxonomy":"category","embeddable":true,"href":"https:\/\/lasprimeras.com.do\/index.php\/wp-json\/wp\/v2\/categories?post=123671"},{"taxonomy":"post_tag","embeddable":true,"href":"https:\/\/lasprimeras.com.do\/index.php\/wp-json\/wp\/v2\/tags?post=123671"}],"curies":[{"name":"wp","href":"https:\/\/api.w.org\/{rel}","templated":true}]}}