{"id":123701,"date":"2026-03-04T18:46:57","date_gmt":"2026-03-04T22:46:57","guid":{"rendered":"https:\/\/lasprimeras.com.do\/?p=123701"},"modified":"2026-03-04T18:47:01","modified_gmt":"2026-03-04T22:47:01","slug":"con-victoria-en-primarias-de-texas-talarico-gana-protagonismo-entre-democratas-a-nivel-nacional","status":"publish","type":"post","link":"https:\/\/lasprimeras.com.do\/index.php\/2026\/03\/04\/con-victoria-en-primarias-de-texas-talarico-gana-protagonismo-entre-democratas-a-nivel-nacional\/","title":{"rendered":"Con victoria en primarias de Texas, Talarico gana protagonismo entre dem\u00f3cratas a nivel nacional"},"content":{"rendered":"\n<p>POR BILL BARROW, FERNANDA FIGUEROA and THOMAS BEAUMONT<\/p>\n\n\n\n<p>AUSTIN, Texas, EE.UU. (AP) \u2014 James Talarico no mencion\u00f3 a Donald Trump cuando salud\u00f3 a sus euf\u00f3ricos simpatizantes en su celebraci\u00f3n de la noche de las primarias.<\/p>\n\n\n\n<p>Pero el reci\u00e9n nombrado candidato dem\u00f3crata al Senado de Estados Unidos en Texas es ahora un abanderado de la oposici\u00f3n pol\u00edtica al presidente republicano, no s\u00f3lo en su propio estado sino en todo el pa\u00eds.<\/p>\n\n\n\n<p>Con su victoria sobre la representante dem\u00f3crata Jasmine Crockett, el legislador estatal de Austin pondr\u00e1 a prueba si su mensaje sonriente de unidad y cambio es suficiente para responder a las frustraciones de los votantes en medio de la discordia en casa y ahora una guerra en el extranjero.<\/p>\n\n\n\n<p>\u201cNo s\u00f3lo estamos tratando de ganar una elecci\u00f3n\u201d, declar\u00f3 Talarico a sus simpatizantes en la capital de Texas a primera hora del mi\u00e9rcoles. \u201cEstamos tratando de cambiar fundamentalmente nuestra pol\u00edtica, y est\u00e1 funcionando\u201d.<\/p>\n\n\n\n<p>La campa\u00f1a proporcion\u00f3 carteles de \u201cAma a tu pr\u00f3jimo\u201d entre la multitud.<\/p>\n\n\n\n<p>La pregunta para Talarico, mientras se encamina a la campa\u00f1a para las elecciones generales, es si puede generar entusiasmo entre los votantes que optaron por Crockett porque la ve\u00edan como la luchadora m\u00e1s agresiva contra Trump.<\/p>\n\n\n\n<p>Crockett admiti\u00f3 el mi\u00e9rcoles su derrota ante James Talarico en las primarias para decidir el candidato del partido al Senado, diciendo que \u201cTexas est\u00e1 listo para volverse dem\u00f3crata y debemos mantenernos unidos porque esto es m\u00e1s grande que cualquier persona\u201d.<\/p>\n\n\n\n<p>Talarico fue respaldado por Kamala Harris, la candidata presidencial del partido en 2024, quien hab\u00eda respaldado a Crockett en las primarias.<\/p>\n\n\n\n<p>Dem\u00f3cratas llevan mucho tiempo sin ganar unas elecciones en Texas<\/p>\n\n\n\n<p>Talarico necesitar\u00e1 toda la ayuda que pueda conseguir en un estado dominado por los republicanos donde los dem\u00f3cratas llevan tres d\u00e9cadas sin ganar una contienda estatal.<\/p>\n\n\n\n<p>Se enfrentar\u00e1 al ganador de la segunda vuelta republicana, ya sea el senador John Cornyn o el fiscal general del estado, Ken Paxton, quienes avanzaron a una segunda vuelta republicana el martes.<\/p>\n\n\n\n<p>La suposici\u00f3n es que Talarico es el candidato dem\u00f3crata m\u00e1s fuerte para noviembre, especialmente si los republicanos nominan a Paxton, un incendiario conservador agobiado por acusaciones de corrupci\u00f3n e infidelidad.<\/p>\n\n\n\n<p>Aunque los dem\u00f3cratas a menudo eligen entre candidatos moderados y progresistas en las primarias, en Texas la elecci\u00f3n gir\u00f3 m\u00e1s bien en torno e cuestiones de estilo.<\/p>\n\n\n\n<p>Talarico, de 36 a\u00f1os, es un seminarista presbiteriano que cita las Escrituras y rara vez levanta la voz. Crockett, de 44, es una luchadora pol\u00edtica sin complejos que arremete contra Trump y otros republicanos con \u00e1cida ret\u00f3rica.<\/p>\n","protected":false},"excerpt":{"rendered":"<p>POR BILL BARROW, FERNANDA FIGUEROA and THOMAS BEAUMONT AUSTIN, Texas, EE.UU. (AP) \u2014 James Talarico no mencion\u00f3 a Donald Trump cuando salud\u00f3 a sus euf\u00f3ricos simpatizantes en su celebraci\u00f3n de&hellip;<\/p>\n","protected":false},"author":10,"featured_media":123702,"comment_status":"open","ping_status":"open","sticky":false,"template":"","format":"standard","meta":{"content-type":"","jetpack_post_was_ever_published":false,"_jetpack_newsletter_access":"","_jetpack_dont_email_post_to_subs":false,"_jetpack_newsletter_tier_id":0,"_jetpack_memberships_contains_paywalled_content":false,"_jetpack_memberships_contains_paid_content":false,"footnotes":""},"categories":[16289],"tags":[8172,223,30827,9123,30828,30826],"class_list":["post-123701","post","type-post","status-publish","format-standard","has-post-thumbnail","hentry","category-internacionales","tag-democratas","tag-gana","tag-james-talarico","tag-nivel-nacional","tag-protagonismo","tag-victoria-en-primarias-de-texas"],"jetpack_featured_media_url":"https:\/\/lasprimeras.com.do\/wp-content\/uploads\/2026\/03\/Jasmine-Crockett.jpg","jetpack-related-posts":[{"id":78290,"url":"https:\/\/lasprimeras.com.do\/index.php\/2024\/03\/01\/biden-invita-a-trump-a-trabajar-en-proyecto-migratorio\/","url_meta":{"origin":123701,"position":0},"title":"Biden invita a Trump a trabajar en proyecto migratorio","author":"BIMARY DE JES\u00daS Matos","date":"1 de marzo de 2024","format":false,"excerpt":"TEXAS.- El presidente de Estados Unidos, Joe Biden, ha invitado al expresidente Donald Trump a trabajar juntos en un proyecto de ley migratorio, en el marco de la visita de ambos durante la jornada de este jueves a la frontera sur estadounidense, en el estado de Texas, debido a la\u2026","rel":"","context":"En \u00abSin categor\u00eda\u00bb","block_context":{"text":"Sin categor\u00eda","link":"https:\/\/lasprimeras.com.do\/index.php\/category\/sin-categoria\/"},"img":{"alt_text":"","src":"https:\/\/i0.wp.com\/lasprimeras.com.do\/wp-content\/uploads\/2024\/03\/bidenfr.jpg?resize=350%2C200&ssl=1","width":350,"height":200,"srcset":"https:\/\/i0.wp.com\/lasprimeras.com.do\/wp-content\/uploads\/2024\/03\/bidenfr.jpg?resize=350%2C200&ssl=1 1x, https:\/\/i0.wp.com\/lasprimeras.com.do\/wp-content\/uploads\/2024\/03\/bidenfr.jpg?resize=525%2C300&ssl=1 1.5x, https:\/\/i0.wp.com\/lasprimeras.com.do\/wp-content\/uploads\/2024\/03\/bidenfr.jpg?resize=700%2C400&ssl=1 2x, https:\/\/i0.wp.com\/lasprimeras.com.do\/wp-content\/uploads\/2024\/03\/bidenfr.jpg?resize=1050%2C600&ssl=1 3x, https:\/\/i0.wp.com\/lasprimeras.com.do\/wp-content\/uploads\/2024\/03\/bidenfr.jpg?resize=1400%2C800&ssl=1 4x"},"classes":[]},{"id":78064,"url":"https:\/\/lasprimeras.com.do\/index.php\/2024\/02\/27\/trump-y-biden-ganaron-michigan-pero-los-votos-no-comprometidos-exigieron-atencion\/","url_meta":{"origin":123701,"position":1},"title":"Biden y Trump ganan las primarias de Michigan, acerc\u00e1ndose a una revancha","author":"Nelson Feliz","date":"27 de febrero de 2024","format":false,"excerpt":"POR SEUNG MIN KIM Y COREY WILLIAMS DEARBORN, Michigan (AP) \u2014 El presidente Joe Biden y el expresidente Donald Trump ganaron las primarias de Michigan el martes, solidificando a\u00fan m\u00e1s la casi segura revancha entre los dos hombres. Biden derrot\u00f3 al representante de Minnesota Dean Phillips, su \u00fanico oponente importante\u2026","rel":"","context":"En \u00abSin categor\u00eda\u00bb","block_context":{"text":"Sin categor\u00eda","link":"https:\/\/lasprimeras.com.do\/index.php\/category\/sin-categoria\/"},"img":{"alt_text":"Trump y Biden","src":"https:\/\/i0.wp.com\/lasprimeras.com.do\/wp-content\/uploads\/2024\/02\/Trump-y-Biden.png?resize=350%2C200&ssl=1","width":350,"height":200,"srcset":"https:\/\/i0.wp.com\/lasprimeras.com.do\/wp-content\/uploads\/2024\/02\/Trump-y-Biden.png?resize=350%2C200&ssl=1 1x, https:\/\/i0.wp.com\/lasprimeras.com.do\/wp-content\/uploads\/2024\/02\/Trump-y-Biden.png?resize=525%2C300&ssl=1 1.5x, https:\/\/i0.wp.com\/lasprimeras.com.do\/wp-content\/uploads\/2024\/02\/Trump-y-Biden.png?resize=700%2C400&ssl=1 2x"},"classes":[]},{"id":94232,"url":"https:\/\/lasprimeras.com.do\/index.php\/2025\/02\/26\/loterias-de-texas-que-pagaron-grandes-premios-son-objeto-de-investigaciones\/","url_meta":{"origin":123701,"position":2},"title":"Loter\u00edas de Texas que pagaron grandes premios son objeto de investigaciones","author":"Nelson Feliz","date":"26 de febrero de 2025","format":false,"excerpt":"POR NADIA LATHAN AUSTIN, Texas, EE.UU. (AP) \u2014 Dos destacados sorteos de loter\u00eda en Texas que han puesto casi 180 millones de d\u00f3lares en los bolsillos de los titulares de boletos ganadores han desencadenado amplias investigaciones estatales debido a la preocupaci\u00f3n de que vendedores y compradores de boletos pudiesen haber\u2026","rel":"","context":"En \u00abECONOM\u00cdA\u00bb","block_context":{"text":"ECONOM\u00cdA","link":"https:\/\/lasprimeras.com.do\/index.php\/category\/economia\/"},"img":{"alt_text":"Loter\u00edas de Texas","src":"https:\/\/i0.wp.com\/lasprimeras.com.do\/wp-content\/uploads\/2025\/02\/Loterias-de-Texas.jpg?resize=350%2C200&ssl=1","width":350,"height":200,"srcset":"https:\/\/i0.wp.com\/lasprimeras.com.do\/wp-content\/uploads\/2025\/02\/Loterias-de-Texas.jpg?resize=350%2C200&ssl=1 1x, https:\/\/i0.wp.com\/lasprimeras.com.do\/wp-content\/uploads\/2025\/02\/Loterias-de-Texas.jpg?resize=525%2C300&ssl=1 1.5x, https:\/\/i0.wp.com\/lasprimeras.com.do\/wp-content\/uploads\/2025\/02\/Loterias-de-Texas.jpg?resize=700%2C400&ssl=1 2x"},"classes":[]},{"id":86180,"url":"https:\/\/lasprimeras.com.do\/index.php\/2024\/07\/20\/fallecio-la-congresista-estadounidense-sheila-jackson-lee-de-texas\/","url_meta":{"origin":123701,"position":3},"title":"Falleci\u00f3 la congresista estadounidense Sheila Jackson Lee de Texas","author":"Nelson Feliz","date":"20 de julio de 2024","format":false,"excerpt":"Sheila Jackson padec\u00eda c\u00e1ncer de p\u00e1ncreas. POR JIM VERTUNO La congresista estadounidense Sheila Jackson Lee, de Texas, que contribuy\u00f3 durante mucho tiempo a liderar los esfuerzos federales para proteger a las mujeres de la violencia dom\u00e9stica y reconocer el Juneteenth como feriado nacional, falleci\u00f3. Ten\u00eda 74 a\u00f1os. Lillie Conley, su\u2026","rel":"","context":"En \u00abSin categor\u00eda\u00bb","block_context":{"text":"Sin categor\u00eda","link":"https:\/\/lasprimeras.com.do\/index.php\/category\/sin-categoria\/"},"img":{"alt_text":"Sheila Jackson Lee","src":"https:\/\/i0.wp.com\/lasprimeras.com.do\/wp-content\/uploads\/2024\/07\/Sheila-Jackson-Lee.jpg?resize=350%2C200&ssl=1","width":350,"height":200,"srcset":"https:\/\/i0.wp.com\/lasprimeras.com.do\/wp-content\/uploads\/2024\/07\/Sheila-Jackson-Lee.jpg?resize=350%2C200&ssl=1 1x, https:\/\/i0.wp.com\/lasprimeras.com.do\/wp-content\/uploads\/2024\/07\/Sheila-Jackson-Lee.jpg?resize=525%2C300&ssl=1 1.5x, https:\/\/i0.wp.com\/lasprimeras.com.do\/wp-content\/uploads\/2024\/07\/Sheila-Jackson-Lee.jpg?resize=700%2C400&ssl=1 2x"},"classes":[]},{"id":77717,"url":"https:\/\/lasprimeras.com.do\/index.php\/2024\/02\/24\/nikki-haley-intenta-molestar-a-trump-en-las-primarias-republicanas-carolina-del-sur\/","url_meta":{"origin":123701,"position":4},"title":"Nikki Haley intenta molestar a Trump en las primarias republicanas Carolina del Sur","author":"Nelson Feliz","date":"24 de febrero de 2024","format":false,"excerpt":"POR BILL BARROW COLUMBIA, Carolina del Sur (AP) \u2014 El mejor escenario para Nikki Haley para las primarias republicanas de su estado natal podr\u00eda ser lograr un desempe\u00f1o lo suficientemente bueno como para que la lista del S\u00faper Martes del 5 de marzo sea algo competitiva contra Donald Trump .\u2026","rel":"","context":"En \u00abSin categor\u00eda\u00bb","block_context":{"text":"Sin categor\u00eda","link":"https:\/\/lasprimeras.com.do\/index.php\/category\/sin-categoria\/"},"img":{"alt_text":"Nikki Haley y Donald Trump","src":"https:\/\/i0.wp.com\/lasprimeras.com.do\/wp-content\/uploads\/2024\/02\/Nikki-Haley-y-Donald-Trump.jpg?resize=350%2C200&ssl=1","width":350,"height":200,"srcset":"https:\/\/i0.wp.com\/lasprimeras.com.do\/wp-content\/uploads\/2024\/02\/Nikki-Haley-y-Donald-Trump.jpg?resize=350%2C200&ssl=1 1x, https:\/\/i0.wp.com\/lasprimeras.com.do\/wp-content\/uploads\/2024\/02\/Nikki-Haley-y-Donald-Trump.jpg?resize=525%2C300&ssl=1 1.5x, https:\/\/i0.wp.com\/lasprimeras.com.do\/wp-content\/uploads\/2024\/02\/Nikki-Haley-y-Donald-Trump.jpg?resize=700%2C400&ssl=1 2x"},"classes":[]},{"id":83596,"url":"https:\/\/lasprimeras.com.do\/index.php\/2024\/05\/19\/706-personas-llamadas-kyle-se-reunieron-en-texas\/","url_meta":{"origin":123701,"position":5},"title":"706 personas llamadas Kyle se reunieron en Texas","author":"Nelson Feliz","date":"19 de mayo de 2024","format":false,"excerpt":"No fue suficiente para un r\u00e9cord mundial POR PRENSA ASOCIADA KYLE, Texas (AP) \u2014 \u00bfCu\u00e1ntas personas llamadas Kyle caben en un solo lugar? Para una ciudad de Texas, no es suficiente. Otro intento de la ciudad de Kyle, Texas, de romper el r\u00e9cord mundial de la reuni\u00f3n m\u00e1s grande de\u2026","rel":"","context":"En \u00abSin categor\u00eda\u00bb","block_context":{"text":"Sin categor\u00eda","link":"https:\/\/lasprimeras.com.do\/index.php\/category\/sin-categoria\/"},"img":{"alt_text":"","src":"https:\/\/i0.wp.com\/lasprimeras.com.do\/wp-content\/uploads\/2024\/05\/KYLE.jpg?resize=350%2C200&ssl=1","width":350,"height":200,"srcset":"https:\/\/i0.wp.com\/lasprimeras.com.do\/wp-content\/uploads\/2024\/05\/KYLE.jpg?resize=350%2C200&ssl=1 1x, https:\/\/i0.wp.com\/lasprimeras.com.do\/wp-content\/uploads\/2024\/05\/KYLE.jpg?resize=525%2C300&ssl=1 1.5x, https:\/\/i0.wp.com\/lasprimeras.com.do\/wp-content\/uploads\/2024\/05\/KYLE.jpg?resize=700%2C400&ssl=1 2x"},"classes":[]}],"jetpack_sharing_enabled":true,"_links":{"self":[{"href":"https:\/\/lasprimeras.com.do\/index.php\/wp-json\/wp\/v2\/posts\/123701","targetHints":{"allow":["GET"]}}],"collection":[{"href":"https:\/\/lasprimeras.com.do\/index.php\/wp-json\/wp\/v2\/posts"}],"about":[{"href":"https:\/\/lasprimeras.com.do\/index.php\/wp-json\/wp\/v2\/types\/post"}],"author":[{"embeddable":true,"href":"https:\/\/lasprimeras.com.do\/index.php\/wp-json\/wp\/v2\/users\/10"}],"replies":[{"embeddable":true,"href":"https:\/\/lasprimeras.com.do\/index.php\/wp-json\/wp\/v2\/comments?post=123701"}],"version-history":[{"count":1,"href":"https:\/\/lasprimeras.com.do\/index.php\/wp-json\/wp\/v2\/posts\/123701\/revisions"}],"predecessor-version":[{"id":123703,"href":"https:\/\/lasprimeras.com.do\/index.php\/wp-json\/wp\/v2\/posts\/123701\/revisions\/123703"}],"wp:featuredmedia":[{"embeddable":true,"href":"https:\/\/lasprimeras.com.do\/index.php\/wp-json\/wp\/v2\/media\/123702"}],"wp:attachment":[{"href":"https:\/\/lasprimeras.com.do\/index.php\/wp-json\/wp\/v2\/media?parent=123701"}],"wp:term":[{"taxonomy":"category","embeddable":true,"href":"https:\/\/lasprimeras.com.do\/index.php\/wp-json\/wp\/v2\/categories?post=123701"},{"taxonomy":"post_tag","embeddable":true,"href":"https:\/\/lasprimeras.com.do\/index.php\/wp-json\/wp\/v2\/tags?post=123701"}],"curies":[{"name":"wp","href":"https:\/\/api.w.org\/{rel}","templated":true}]}}