{"id":123746,"date":"2026-03-04T21:16:00","date_gmt":"2026-03-05T01:16:00","guid":{"rendered":"https:\/\/lasprimeras.com.do\/?p=123746"},"modified":"2026-03-04T21:16:02","modified_gmt":"2026-03-05T01:16:02","slug":"salud-publica-supervisa-consultorio-de-ernesto-fadul","status":"publish","type":"post","link":"https:\/\/lasprimeras.com.do\/index.php\/2026\/03\/04\/salud-publica-supervisa-consultorio-de-ernesto-fadul\/","title":{"rendered":"Salud P\u00fablica supervisa consultorio de Ernesto Fadul"},"content":{"rendered":"\n<p>El Ministerio de Salud informa que, a trav\u00e9s de la Direcci\u00f3n de Habilitaci\u00f3n de Servicios y Establecimientos de Salud, realiz\u00f3 una visita t\u00e9cnica de supervisi\u00f3n en el consultorio \u201cTransformando el Autismo\u201d, a cargo del doctor Jos\u00e9 Ernesto Fadul, ubicado en la provincia de Santiago.<\/p>\n\n\n\n<p>Hasta la fecha no se han recibido denuncias formales ni quejas relacionadas con la atenci\u00f3n o los tratamientos brindados en dicho consultorio, sin embargo, la instituci\u00f3n activ\u00f3 el protocolo de supervisiones que realiza como \u00f3rgano rector del sistema de salud a los establecimientos prestadores de servicios, con el objetivo de verificar el cumplimiento de las normativas y protocolos vigentes, luego de unos reportes period\u00edsticos publicados en algunos medios de comunicaci\u00f3n.<\/p>\n\n\n\n<p>Durante el proceso fueron evaluados aspectos relacionados con infraestructura, recursos humanos, equipamiento, documentaci\u00f3n, procesos de atenci\u00f3n, as\u00ed como condiciones de higiene y seguridad.<\/p>\n\n\n\n<p>Actualmente, el personal t\u00e9cnico se encuentra en la fase de verificaci\u00f3n y an\u00e1lisis de los hallazgos levantados, a fin de completar el informe correspondiente conforme a los procedimientos establecidos.<\/p>\n\n\n\n<p>El Ministerio informa que regidos por los principios de transparencia y libre acceso a la informaci\u00f3n, har\u00e1 del conocimiento p\u00fablico los hallazgos de esta supervisi\u00f3n una vez culminado el proceso t\u00e9cnico y en cumplimiento de sus funciones de inspecci\u00f3n, vigilancia y control sanitario como establece la Ley General de Salud y dem\u00e1s normativas aplicables.<\/p>\n\n\n\n<p>Asimismo, recuerda que dispone de un protocolo oficial para la atenci\u00f3n de ni\u00f1os, ni\u00f1as y adolescentes con trastorno del espectro autista, el cual debe ser aplicado por todo prestador de servicios de salud que ofrezca atenci\u00f3n a pacientes dentro del espectro, en cumplimiento con la normativa sanitaria nacional.<\/p>\n","protected":false},"excerpt":{"rendered":"<p>El Ministerio de Salud informa que, a trav\u00e9s de la Direcci\u00f3n de Habilitaci\u00f3n de Servicios y Establecimientos de Salud, realiz\u00f3 una visita t\u00e9cnica de supervisi\u00f3n en el consultorio \u201cTransformando el&hellip;<\/p>\n","protected":false},"author":10,"featured_media":123747,"comment_status":"open","ping_status":"open","sticky":false,"template":"","format":"standard","meta":{"content-type":"","jetpack_post_was_ever_published":false,"_jetpack_newsletter_access":"","_jetpack_dont_email_post_to_subs":false,"_jetpack_newsletter_tier_id":0,"_jetpack_memberships_contains_paywalled_content":false,"_jetpack_memberships_contains_paid_content":false,"footnotes":""},"categories":[16558],"tags":[7013,30853,1881,1686,3584],"class_list":["post-123746","post","type-post","status-publish","format-standard","has-post-thumbnail","hentry","category-salud","tag-consultorio","tag-ernesto-fadul","tag-ministerio-de-salud","tag-supervision","tag-tecnica"],"jetpack_featured_media_url":"https:\/\/lasprimeras.com.do\/wp-content\/uploads\/2026\/03\/salud.jpg","jetpack-related-posts":[{"id":128628,"url":"https:\/\/lasprimeras.com.do\/index.php\/2026\/04\/25\/el-doctor-fadul-puso-el-consultorio-en-orden-tras-inspeccion-de-la-digemaps\/","url_meta":{"origin":123746,"position":0},"title":"El doctor Fadul puso el consultorio en orden tras inspecci\u00f3n de la Digemaps","author":"Nelson Feliz","date":"25 de abril de 2026","format":false,"excerpt":"La entidad hab\u00eda puesto bajo escrutinio sus pr\u00e1cticas de prescripci\u00f3n a pacientes dentro del espectro autista El doctor Ernesto Fadul, a quien la Direcci\u00f3n General de Medicamentos, Alimentos y Productos Sanitarios (Digemaps) hab\u00eda puesto bajo escrutinio sus pr\u00e1cticas de prescripci\u00f3n, cumpli\u00f3 con las recomendaciones que le hicieron las autoridades. Un\u2026","rel":"","context":"En \u00abSALUD\u00bb","block_context":{"text":"SALUD","link":"https:\/\/lasprimeras.com.do\/index.php\/category\/salud\/"},"img":{"alt_text":"","src":"https:\/\/i0.wp.com\/lasprimeras.com.do\/wp-content\/uploads\/2026\/02\/Dr.-Fadul-1140x694-1.jpg?resize=350%2C200&ssl=1","width":350,"height":200,"srcset":"https:\/\/i0.wp.com\/lasprimeras.com.do\/wp-content\/uploads\/2026\/02\/Dr.-Fadul-1140x694-1.jpg?resize=350%2C200&ssl=1 1x, https:\/\/i0.wp.com\/lasprimeras.com.do\/wp-content\/uploads\/2026\/02\/Dr.-Fadul-1140x694-1.jpg?resize=525%2C300&ssl=1 1.5x, https:\/\/i0.wp.com\/lasprimeras.com.do\/wp-content\/uploads\/2026\/02\/Dr.-Fadul-1140x694-1.jpg?resize=700%2C400&ssl=1 2x, https:\/\/i0.wp.com\/lasprimeras.com.do\/wp-content\/uploads\/2026\/02\/Dr.-Fadul-1140x694-1.jpg?resize=1050%2C600&ssl=1 3x"},"classes":[]},{"id":122310,"url":"https:\/\/lasprimeras.com.do\/index.php\/2026\/02\/16\/medicos-de-ee-uu-hacen-un-llamado-de-advertencia-en-contra-tratamiento-del-dr-fadul-sobre-autismo\/","url_meta":{"origin":123746,"position":1},"title":"M\u00e9dicos de EE.UU hacen un llamado de advertencia en contra tratamiento del Dr. Fadul sobre autismo","author":"Nelson Feliz","date":"16 de febrero de 2026","format":false,"excerpt":"Hace dos a\u00f1os, el programa N Investiga investig\u00f3 las afirmaciones del doctorJos\u00e9 Ernesto Fadul, quien aseguraba que \u201ccuraba\u201d el autismo mediante un tratamiento basado en vitaminas y amino\u00e1cidos que vend\u00eda directamente en su consultorio. En aquel momento se analizaron las c\u00e1psulas, se consult\u00f3 a especialistas y se verific\u00f3 que su\u2026","rel":"","context":"En \u00abNACIONALES\u00bb","block_context":{"text":"NACIONALES","link":"https:\/\/lasprimeras.com.do\/index.php\/category\/nacionales\/"},"img":{"alt_text":"","src":"https:\/\/i0.wp.com\/lasprimeras.com.do\/wp-content\/uploads\/2026\/02\/Dr.-Fadul-1140x694-1.jpg?resize=350%2C200&ssl=1","width":350,"height":200,"srcset":"https:\/\/i0.wp.com\/lasprimeras.com.do\/wp-content\/uploads\/2026\/02\/Dr.-Fadul-1140x694-1.jpg?resize=350%2C200&ssl=1 1x, https:\/\/i0.wp.com\/lasprimeras.com.do\/wp-content\/uploads\/2026\/02\/Dr.-Fadul-1140x694-1.jpg?resize=525%2C300&ssl=1 1.5x, https:\/\/i0.wp.com\/lasprimeras.com.do\/wp-content\/uploads\/2026\/02\/Dr.-Fadul-1140x694-1.jpg?resize=700%2C400&ssl=1 2x, https:\/\/i0.wp.com\/lasprimeras.com.do\/wp-content\/uploads\/2026\/02\/Dr.-Fadul-1140x694-1.jpg?resize=1050%2C600&ssl=1 3x"},"classes":[]},{"id":125820,"url":"https:\/\/lasprimeras.com.do\/index.php\/2026\/03\/26\/victor-fadul-afirma-madres-dominicanas-estan-desesperadas-por-alto-costo-de-la-vida\/","url_meta":{"origin":123746,"position":2},"title":"V\u00edctor Fadul afirma madres dominicanas est\u00e1n desesperadas por alto costo de la vida","author":"Nelson Feliz","date":"26 de marzo de 2026","format":false,"excerpt":"El miembro del Comit\u00e9 Central del Partido de la Liberaci\u00f3n Dominicana (PLD), V\u00edctor Fadul, afirm\u00f3 que el alto costo de los alimentos, los apagones y la presi\u00f3n de la factura el\u00e9ctrica figuran entre las principales preocupaciones de la gente durante sus recorridos por el pa\u00eds. Comparti\u00f3 una experiencia vivida en\u2026","rel":"","context":"En \u00abPOLITICA\u00bb","block_context":{"text":"POLITICA","link":"https:\/\/lasprimeras.com.do\/index.php\/category\/politica\/"},"img":{"alt_text":"V\u00edctor Fadul","src":"https:\/\/i0.wp.com\/lasprimeras.com.do\/wp-content\/uploads\/2026\/03\/Victor-Fadul.jpg?resize=350%2C200&ssl=1","width":350,"height":200,"srcset":"https:\/\/i0.wp.com\/lasprimeras.com.do\/wp-content\/uploads\/2026\/03\/Victor-Fadul.jpg?resize=350%2C200&ssl=1 1x, https:\/\/i0.wp.com\/lasprimeras.com.do\/wp-content\/uploads\/2026\/03\/Victor-Fadul.jpg?resize=525%2C300&ssl=1 1.5x, https:\/\/i0.wp.com\/lasprimeras.com.do\/wp-content\/uploads\/2026\/03\/Victor-Fadul.jpg?resize=700%2C400&ssl=1 2x"},"classes":[]},{"id":128198,"url":"https:\/\/lasprimeras.com.do\/index.php\/2026\/04\/20\/victor-fadul-continua-ampliando-estructura-de-francisco-javier-garcia-en-el-pld\/","url_meta":{"origin":123746,"position":3},"title":"V\u00edctor Fadul contin\u00faa ampliando estructura de Francisco Javier Garc\u00eda en el PLD","author":"Nelson Feliz","date":"20 de abril de 2026","format":false,"excerpt":"El coordinador nacional del proyecto presidencial de Francisco Javier Garc\u00eda, jurament\u00f3 este domingo el equipo de trabajo de la circunscripci\u00f3n 4 de Santo Domingo Oeste. En un acto cargado de entusiasmo, V\u00edctor Fadul, tom\u00f3 juramento a la estructura pol\u00edtica, destacando que se trata de un proyecto de esperanza, unidad nacional\u2026","rel":"","context":"En \u00abPOLITICA\u00bb","block_context":{"text":"POLITICA","link":"https:\/\/lasprimeras.com.do\/index.php\/category\/politica\/"},"img":{"alt_text":"","src":"https:\/\/i0.wp.com\/lasprimeras.com.do\/wp-content\/uploads\/2026\/04\/Victor-Fadul.jpg?resize=350%2C200&ssl=1","width":350,"height":200,"srcset":"https:\/\/i0.wp.com\/lasprimeras.com.do\/wp-content\/uploads\/2026\/04\/Victor-Fadul.jpg?resize=350%2C200&ssl=1 1x, https:\/\/i0.wp.com\/lasprimeras.com.do\/wp-content\/uploads\/2026\/04\/Victor-Fadul.jpg?resize=525%2C300&ssl=1 1.5x, https:\/\/i0.wp.com\/lasprimeras.com.do\/wp-content\/uploads\/2026\/04\/Victor-Fadul.jpg?resize=700%2C400&ssl=1 2x"},"classes":[]},{"id":122539,"url":"https:\/\/lasprimeras.com.do\/index.php\/2026\/02\/19\/consultoria-juridica-del-poder-ejecutivo-impulsa-reactivacion-de-la-mesa-nacional-de-decanos\/","url_meta":{"origin":123746,"position":4},"title":"Consultor\u00eda Jur\u00eddica del Poder Ejecutivo impulsa reactivaci\u00f3n de la Mesa Nacional de Decanos","author":"Nelson Feliz","date":"19 de febrero de 2026","format":false,"excerpt":"En una reuni\u00f3n celebrada en el d\u00eda de hoy en la Universidad APEC en la que participaron los miembros de la Mesa Nacional de Decanos de Facultades de Derecho, el consultor jur\u00eddico del Poder Ejecutivo, Dr. Jorge A. Subero Isa, destac\u00f3 la importancia de reactivar y fortalecer dicha mesa, con\u2026","rel":"","context":"En \u00abNACIONALES\u00bb","block_context":{"text":"NACIONALES","link":"https:\/\/lasprimeras.com.do\/index.php\/category\/nacionales\/"},"img":{"alt_text":"","src":"https:\/\/i0.wp.com\/lasprimeras.com.do\/wp-content\/uploads\/2026\/02\/Consultoria-Juridica.jpg?resize=350%2C200&ssl=1","width":350,"height":200},"classes":[]},{"id":116504,"url":"https:\/\/lasprimeras.com.do\/index.php\/2025\/12\/01\/ministerio-de-salud-de-cuba-reporta-33-muertes-por-virus-de-dengue-y-chikungunya\/","url_meta":{"origin":123746,"position":5},"title":"Ministerio de Salud de Cuba reporta 33 muertes por virus de dengue y chikungunya","author":"Nelson Feliz","date":"1 de diciembre de 2025","format":false,"excerpt":"LA HABANA (AP) \u2014 El Ministerio de Salud de Cuba confirm\u00f3 el lunes 33 muertes ocurridas en los \u00faltimos cinco meses debido a contagios de virus de dengue y chikungunya, ambos transmitidos por mosquitos, en medio de lo que reconoci\u00f3 como una \u201csituaci\u00f3n epidemiol\u00f3gica compleja\u201d. La viceministra del \u00e1rea, Carilda\u2026","rel":"","context":"En \u00abSALUD\u00bb","block_context":{"text":"SALUD","link":"https:\/\/lasprimeras.com.do\/index.php\/category\/salud\/"},"img":{"alt_text":"brote de dengue","src":"https:\/\/i0.wp.com\/lasprimeras.com.do\/wp-content\/uploads\/2023\/09\/Dengue.jpg?resize=350%2C200&ssl=1","width":350,"height":200,"srcset":"https:\/\/i0.wp.com\/lasprimeras.com.do\/wp-content\/uploads\/2023\/09\/Dengue.jpg?resize=350%2C200&ssl=1 1x, https:\/\/i0.wp.com\/lasprimeras.com.do\/wp-content\/uploads\/2023\/09\/Dengue.jpg?resize=525%2C300&ssl=1 1.5x, https:\/\/i0.wp.com\/lasprimeras.com.do\/wp-content\/uploads\/2023\/09\/Dengue.jpg?resize=700%2C400&ssl=1 2x"},"classes":[]}],"jetpack_sharing_enabled":true,"_links":{"self":[{"href":"https:\/\/lasprimeras.com.do\/index.php\/wp-json\/wp\/v2\/posts\/123746","targetHints":{"allow":["GET"]}}],"collection":[{"href":"https:\/\/lasprimeras.com.do\/index.php\/wp-json\/wp\/v2\/posts"}],"about":[{"href":"https:\/\/lasprimeras.com.do\/index.php\/wp-json\/wp\/v2\/types\/post"}],"author":[{"embeddable":true,"href":"https:\/\/lasprimeras.com.do\/index.php\/wp-json\/wp\/v2\/users\/10"}],"replies":[{"embeddable":true,"href":"https:\/\/lasprimeras.com.do\/index.php\/wp-json\/wp\/v2\/comments?post=123746"}],"version-history":[{"count":1,"href":"https:\/\/lasprimeras.com.do\/index.php\/wp-json\/wp\/v2\/posts\/123746\/revisions"}],"predecessor-version":[{"id":123748,"href":"https:\/\/lasprimeras.com.do\/index.php\/wp-json\/wp\/v2\/posts\/123746\/revisions\/123748"}],"wp:featuredmedia":[{"embeddable":true,"href":"https:\/\/lasprimeras.com.do\/index.php\/wp-json\/wp\/v2\/media\/123747"}],"wp:attachment":[{"href":"https:\/\/lasprimeras.com.do\/index.php\/wp-json\/wp\/v2\/media?parent=123746"}],"wp:term":[{"taxonomy":"category","embeddable":true,"href":"https:\/\/lasprimeras.com.do\/index.php\/wp-json\/wp\/v2\/categories?post=123746"},{"taxonomy":"post_tag","embeddable":true,"href":"https:\/\/lasprimeras.com.do\/index.php\/wp-json\/wp\/v2\/tags?post=123746"}],"curies":[{"name":"wp","href":"https:\/\/api.w.org\/{rel}","templated":true}]}}