{"id":123759,"date":"2026-03-04T21:40:12","date_gmt":"2026-03-05T01:40:12","guid":{"rendered":"https:\/\/lasprimeras.com.do\/?p=123759"},"modified":"2026-03-04T21:40:15","modified_gmt":"2026-03-05T01:40:15","slug":"cmd-se-solidariza-con-la-lucha-de-los-profesionales-agropecuarios","status":"publish","type":"post","link":"https:\/\/lasprimeras.com.do\/index.php\/2026\/03\/04\/cmd-se-solidariza-con-la-lucha-de-los-profesionales-agropecuarios\/","title":{"rendered":"CMD se solidariza con la lucha de los profesionales agropecuarios"},"content":{"rendered":"\n<p>El presidente del Colegio M\u00e9dico Dominicano (CMD), Dr. Luis Pe\u00f1a, recibi\u00f3 este mi\u00e9rcoles a una comisi\u00f3n del Comit\u00e9 Ejecutivo Nacional de la Asociaci\u00f3n Nacional de Profesionales Agropecuarios (ANPA), encabezada por su presidente Tito Hern\u00e1ndez, en un encuentro en el que fueron presentadas las principales demandas y reivindicaciones del gremio agropecuario.<\/p>\n\n\n\n<p>Durante la reuni\u00f3n, el Dr. Luis Pe\u00f1a expres\u00f3 su solidaridad con la lucha que libran los profesionales agropecuarios y anunci\u00f3 que llevar\u00e1 el tema ante el Comit\u00e9 Ejecutivo Nacional del Colegio M\u00e9dico Dominicano, con el prop\u00f3sito de recabar el respaldo institucional del gremio m\u00e9dico a las demandas planteadas por la ANPA.<\/p>\n\n\n\n<p>Al hablar en nombre del gremio, Tito Hern\u00e1ndez agradeci\u00f3 la cordialidad y apertura mostradas por el Colegio M\u00e9dico Dominicano, destacando la importancia del di\u00e1logo entre los distintos sectores profesionales del pa\u00eds para impulsar causas justas.<\/p>\n\n\n\n<p>Hern\u00e1ndez se\u00f1al\u00f3 que los profesionales agropecuarios han venido recibiendo un creciente respaldo del liderazgo pol\u00edtico, social y gremial de la Rep\u00fablica Dominicana, como parte del proceso de encuentros que desarrolla la ANPA en el marco de su plan de lucha reivindicativo.<\/p>\n\n\n\n<p>\u201cEl apoyo que hemos recibido de distintos sectores del pa\u00eds demuestra que nuestra causa es justa y que cada vez m\u00e1s dominicanos comprenden la importancia de dignificar a los profesionales agropecuarios, quienes tienen sobre sus hombros la responsabilidad de garantizar la seguridad alimentaria del pueblo dominicano\u201d, expres\u00f3.<\/p>\n\n\n\n<p>El presidente de la ANPA afirm\u00f3 que el gremio continuar\u00e1 desarrollando encuentros con el liderazgo pol\u00edtico, social y gremial del pa\u00eds para fortalecer el respaldo a sus demandas.<\/p>\n\n\n\n<p>Asimismo, reiter\u00f3 que la ANPA continuar\u00e1 su lucha hasta lograr las reivindicaciones que por a\u00f1os han reclamado los profesionales agropecuarios, se\u00f1alando que el gremio est\u00e1 decidido a llevar este proceso \u201chasta donde sea necesario\u201d.<\/p>\n\n\n\n<p>En el encuentro participaron, por la ANPA, los miembros del Comit\u00e9 Ejecutivo Nacional Juan Francisco Caraballo, Manuel Vel\u00e1squez, Julio C\u00e9sar F\u00e9liz, Juan Alejo y C\u00e1ndida Vargas, as\u00ed como Basilio de la Rosa, presidente de la Delegaci\u00f3n del Distrito Nacional, entre otros dirigentes del gremio.<\/p>\n","protected":false},"excerpt":{"rendered":"<p>El presidente del Colegio M\u00e9dico Dominicano (CMD), Dr. Luis Pe\u00f1a, recibi\u00f3 este mi\u00e9rcoles a una comisi\u00f3n del Comit\u00e9 Ejecutivo Nacional de la Asociaci\u00f3n Nacional de Profesionales Agropecuarios (ANPA), encabezada por&hellip;<\/p>\n","protected":false},"author":10,"featured_media":123760,"comment_status":"open","ping_status":"open","sticky":false,"template":"","format":"standard","meta":{"content-type":"","jetpack_post_was_ever_published":false,"_jetpack_newsletter_access":"","_jetpack_dont_email_post_to_subs":false,"_jetpack_newsletter_tier_id":0,"_jetpack_memberships_contains_paywalled_content":false,"_jetpack_memberships_contains_paid_content":false,"footnotes":""},"categories":[16558],"tags":[1057],"class_list":["post-123759","post","type-post","status-publish","format-standard","has-post-thumbnail","hentry","category-salud","tag-cmd"],"jetpack_featured_media_url":"https:\/\/lasprimeras.com.do\/wp-content\/uploads\/2026\/03\/WhatsApp-Image-2026-03-04-at-3.49.49-PM.jpeg","jetpack-related-posts":[{"id":123141,"url":"https:\/\/lasprimeras.com.do\/index.php\/2026\/02\/26\/danilo-medina-respalda-la-lucha-de-la-anpa-a-favor-de-los-profesionales-agropecuarios\/","url_meta":{"origin":123759,"position":0},"title":"Danilo Medina respalda la lucha de la ANPA a favor de los profesionales agropecuarios","author":"Nelson Feliz","date":"26 de febrero de 2026","format":false,"excerpt":"El expresidente de la Rep\u00fablica y presidente del Partido de la Liberaci\u00f3n Dominicana (PLD), Danilo Medina, recibi\u00f3 a una comisi\u00f3n del Pleno Nacional de Dirigentes de la Asociaci\u00f3n Nacional de Profesionales Agropecuarios (ANPA). La reuni\u00f3n fue encabezada por su presidente Tito Hern\u00e1ndez, a quienes expres\u00f3 su respaldo a la lucha\u2026","rel":"","context":"En \u00abPOLITICA\u00bb","block_context":{"text":"POLITICA","link":"https:\/\/lasprimeras.com.do\/index.php\/category\/politica\/"},"img":{"alt_text":"","src":"https:\/\/i0.wp.com\/lasprimeras.com.do\/wp-content\/uploads\/2026\/02\/IMG-20260225-WA0761.jpg?resize=350%2C200&ssl=1","width":350,"height":200,"srcset":"https:\/\/i0.wp.com\/lasprimeras.com.do\/wp-content\/uploads\/2026\/02\/IMG-20260225-WA0761.jpg?resize=350%2C200&ssl=1 1x, https:\/\/i0.wp.com\/lasprimeras.com.do\/wp-content\/uploads\/2026\/02\/IMG-20260225-WA0761.jpg?resize=525%2C300&ssl=1 1.5x, https:\/\/i0.wp.com\/lasprimeras.com.do\/wp-content\/uploads\/2026\/02\/IMG-20260225-WA0761.jpg?resize=700%2C400&ssl=1 2x, https:\/\/i0.wp.com\/lasprimeras.com.do\/wp-content\/uploads\/2026\/02\/IMG-20260225-WA0761.jpg?resize=1050%2C600&ssl=1 3x, https:\/\/i0.wp.com\/lasprimeras.com.do\/wp-content\/uploads\/2026\/02\/IMG-20260225-WA0761.jpg?resize=1400%2C800&ssl=1 4x"},"classes":[]},{"id":122902,"url":"https:\/\/lasprimeras.com.do\/index.php\/2026\/02\/23\/hipolito-mejia-apoya-las-demandas-de-los-profesionales-agropecuarios\/","url_meta":{"origin":123759,"position":1},"title":"Hip\u00f3lito Mej\u00eda apoya las demandas de los profesionales agropecuarios","author":"Nelson Feliz","date":"23 de febrero de 2026","format":false,"excerpt":"Mej\u00eda se compromete a transmitirlas al presidente Luis Abinader. El expresidente de la Rep\u00fablica, Hip\u00f3lito Mej\u00eda, expres\u00f3 este lunes su respaldo a las demandas de los profesionales agropecuarios dominicanos y se comprometi\u00f3 a transmitirlas personalmente al presidente de la Rep\u00fablica, Luis Abinader. La afirmaci\u00f3n fue realizada por el Pleno Nacional\u2026","rel":"","context":"En \u00abPOLITICA\u00bb","block_context":{"text":"POLITICA","link":"https:\/\/lasprimeras.com.do\/index.php\/category\/politica\/"},"img":{"alt_text":"Tito Hern\u00e1ndez","src":"https:\/\/i0.wp.com\/lasprimeras.com.do\/wp-content\/uploads\/2026\/02\/Tito-Hernandez.jpg?resize=350%2C200&ssl=1","width":350,"height":200,"srcset":"https:\/\/i0.wp.com\/lasprimeras.com.do\/wp-content\/uploads\/2026\/02\/Tito-Hernandez.jpg?resize=350%2C200&ssl=1 1x, https:\/\/i0.wp.com\/lasprimeras.com.do\/wp-content\/uploads\/2026\/02\/Tito-Hernandez.jpg?resize=525%2C300&ssl=1 1.5x, https:\/\/i0.wp.com\/lasprimeras.com.do\/wp-content\/uploads\/2026\/02\/Tito-Hernandez.jpg?resize=700%2C400&ssl=1 2x"},"classes":[]},{"id":124230,"url":"https:\/\/lasprimeras.com.do\/index.php\/2026\/03\/09\/anpa-demanda-de-mejores-condiciones-de-vida-y-trabajo\/","url_meta":{"origin":123759,"position":2},"title":"ANPA demanda de mejores condiciones de vida y trabajo","author":"Nelson Feliz","date":"9 de marzo de 2026","format":false,"excerpt":"El presidente de la Asociaci\u00f3n Nacional de Profesionales Agropecuarios (ANPA), Tito Hern\u00e1ndez, inform\u00f3 que contin\u00faa creciendo el respaldo del liderazgo social y gremial del pa\u00eds a la lucha que desarrollan los profesionales agropecuarios en demanda de mejores condiciones de vida y trabajo. En esta ocasi\u00f3n, Gabriel del R\u00edo, presidente de\u2026","rel":"","context":"En \u00abNACIONALES\u00bb","block_context":{"text":"NACIONALES","link":"https:\/\/lasprimeras.com.do\/index.php\/category\/nacionales\/"},"img":{"alt_text":"Gabriel del R\u00edo","src":"https:\/\/i0.wp.com\/lasprimeras.com.do\/wp-content\/uploads\/2026\/03\/Gabriel-del-Rio-1.jpg?resize=350%2C200&ssl=1","width":350,"height":200,"srcset":"https:\/\/i0.wp.com\/lasprimeras.com.do\/wp-content\/uploads\/2026\/03\/Gabriel-del-Rio-1.jpg?resize=350%2C200&ssl=1 1x, https:\/\/i0.wp.com\/lasprimeras.com.do\/wp-content\/uploads\/2026\/03\/Gabriel-del-Rio-1.jpg?resize=525%2C300&ssl=1 1.5x, https:\/\/i0.wp.com\/lasprimeras.com.do\/wp-content\/uploads\/2026\/03\/Gabriel-del-Rio-1.jpg?resize=700%2C400&ssl=1 2x"},"classes":[]},{"id":113836,"url":"https:\/\/lasprimeras.com.do\/index.php\/2025\/11\/06\/anpa-deja-sin-efecto-llamado-a-huelga-nacional\/","url_meta":{"origin":123759,"position":3},"title":"ANPA deja sin efecto llamado a huelga nacional","author":"Nelson Feliz","date":"6 de noviembre de 2025","format":false,"excerpt":"Presidente del ANPA suspende huelga para dar paso al di\u00e1logo con el Gobierno. La Asociaci\u00f3n Nacional de Profesionales Agropecuarios (ANPA) informa a todos sus miembros que deja sin efecto el llamado a huelga nacional de 24 horas que hab\u00eda sido convocado para este viernes 7 de noviembre, en todo el\u2026","rel":"","context":"En \u00abNACIONALES\u00bb","block_context":{"text":"NACIONALES","link":"https:\/\/lasprimeras.com.do\/index.php\/category\/nacionales\/"},"img":{"alt_text":"V\u00edctor Hugo Hern\u00e1ndez","src":"https:\/\/i0.wp.com\/lasprimeras.com.do\/wp-content\/uploads\/2025\/11\/Victor-Hugo-Hernandez-1.jpg?resize=350%2C200&ssl=1","width":350,"height":200,"srcset":"https:\/\/i0.wp.com\/lasprimeras.com.do\/wp-content\/uploads\/2025\/11\/Victor-Hugo-Hernandez-1.jpg?resize=350%2C200&ssl=1 1x, https:\/\/i0.wp.com\/lasprimeras.com.do\/wp-content\/uploads\/2025\/11\/Victor-Hugo-Hernandez-1.jpg?resize=525%2C300&ssl=1 1.5x, https:\/\/i0.wp.com\/lasprimeras.com.do\/wp-content\/uploads\/2025\/11\/Victor-Hugo-Hernandez-1.jpg?resize=700%2C400&ssl=1 2x"},"classes":[]},{"id":123124,"url":"https:\/\/lasprimeras.com.do\/index.php\/2026\/02\/25\/gobierno-del-prm-ignora-la-importancia-de-los-profesionales-agropecuarios\/","url_meta":{"origin":123759,"position":4},"title":"Gobierno del PRM ignora la importancia de los profesionales agropecuarios","author":"Nelson Feliz","date":"25 de febrero de 2026","format":false,"excerpt":"Danilo Medina brinda el respaldo del Partido de la Liberaci\u00f3n Dominicana (PLD) a los reclamos de la Asociaci\u00f3n Nacional de Profesionales Agr\u00edcolas (ANPA). El Presidente del Partido de la Liberaci\u00f3n Dominicana (PLD), Danilo Medina, declar\u00f3 que esa organizaci\u00f3n pol\u00edtica brinda su inquebrantable respaldo a la Asociaci\u00f3n Nacional de Profesionales Agr\u00edcolas\u2026","rel":"","context":"En \u00abSin categor\u00eda\u00bb","block_context":{"text":"Sin categor\u00eda","link":"https:\/\/lasprimeras.com.do\/index.php\/category\/sin-categoria\/"},"img":{"alt_text":"","src":"https:\/\/i0.wp.com\/lasprimeras.com.do\/wp-content\/uploads\/2026\/02\/profesionales-agropecuarios.jpg?resize=350%2C200&ssl=1","width":350,"height":200,"srcset":"https:\/\/i0.wp.com\/lasprimeras.com.do\/wp-content\/uploads\/2026\/02\/profesionales-agropecuarios.jpg?resize=350%2C200&ssl=1 1x, https:\/\/i0.wp.com\/lasprimeras.com.do\/wp-content\/uploads\/2026\/02\/profesionales-agropecuarios.jpg?resize=525%2C300&ssl=1 1.5x, https:\/\/i0.wp.com\/lasprimeras.com.do\/wp-content\/uploads\/2026\/02\/profesionales-agropecuarios.jpg?resize=700%2C400&ssl=1 2x"},"classes":[]},{"id":122495,"url":"https:\/\/lasprimeras.com.do\/index.php\/2026\/02\/18\/anpa-anuncia-marcha-al-congreso-nacional-el-27-de-febrero\/","url_meta":{"origin":123759,"position":5},"title":"ANPA anuncia marcha al Congreso Nacional el 27 de febrero","author":"Nelson Feliz","date":"18 de febrero de 2026","format":false,"excerpt":"En ocasi\u00f3n de conmemorarse el 182 aniversario de la Independencia Nacional, el Comit\u00e9 Ejecutivo Nacional de la Asociaci\u00f3n Nacional de Profesionales Agropecuarios (ANPA) deposit\u00f3 una ofrenda floral en el Altar de la Patria, en un acto solemne encabezado por su presidente, Tito Hern\u00e1ndez, acompa\u00f1ado de directivos, t\u00e9cnicos y miembros del\u2026","rel":"","context":"En \u00abNACIONALES\u00bb","block_context":{"text":"NACIONALES","link":"https:\/\/lasprimeras.com.do\/index.php\/category\/nacionales\/"},"img":{"alt_text":"","src":"https:\/\/i0.wp.com\/lasprimeras.com.do\/wp-content\/uploads\/2026\/02\/IMG-20260218-WA0288-scaled.jpg?resize=350%2C200&ssl=1","width":350,"height":200,"srcset":"https:\/\/i0.wp.com\/lasprimeras.com.do\/wp-content\/uploads\/2026\/02\/IMG-20260218-WA0288-scaled.jpg?resize=350%2C200&ssl=1 1x, https:\/\/i0.wp.com\/lasprimeras.com.do\/wp-content\/uploads\/2026\/02\/IMG-20260218-WA0288-scaled.jpg?resize=525%2C300&ssl=1 1.5x, https:\/\/i0.wp.com\/lasprimeras.com.do\/wp-content\/uploads\/2026\/02\/IMG-20260218-WA0288-scaled.jpg?resize=700%2C400&ssl=1 2x, https:\/\/i0.wp.com\/lasprimeras.com.do\/wp-content\/uploads\/2026\/02\/IMG-20260218-WA0288-scaled.jpg?resize=1050%2C600&ssl=1 3x, https:\/\/i0.wp.com\/lasprimeras.com.do\/wp-content\/uploads\/2026\/02\/IMG-20260218-WA0288-scaled.jpg?resize=1400%2C800&ssl=1 4x"},"classes":[]}],"jetpack_sharing_enabled":true,"_links":{"self":[{"href":"https:\/\/lasprimeras.com.do\/index.php\/wp-json\/wp\/v2\/posts\/123759","targetHints":{"allow":["GET"]}}],"collection":[{"href":"https:\/\/lasprimeras.com.do\/index.php\/wp-json\/wp\/v2\/posts"}],"about":[{"href":"https:\/\/lasprimeras.com.do\/index.php\/wp-json\/wp\/v2\/types\/post"}],"author":[{"embeddable":true,"href":"https:\/\/lasprimeras.com.do\/index.php\/wp-json\/wp\/v2\/users\/10"}],"replies":[{"embeddable":true,"href":"https:\/\/lasprimeras.com.do\/index.php\/wp-json\/wp\/v2\/comments?post=123759"}],"version-history":[{"count":1,"href":"https:\/\/lasprimeras.com.do\/index.php\/wp-json\/wp\/v2\/posts\/123759\/revisions"}],"predecessor-version":[{"id":123761,"href":"https:\/\/lasprimeras.com.do\/index.php\/wp-json\/wp\/v2\/posts\/123759\/revisions\/123761"}],"wp:featuredmedia":[{"embeddable":true,"href":"https:\/\/lasprimeras.com.do\/index.php\/wp-json\/wp\/v2\/media\/123760"}],"wp:attachment":[{"href":"https:\/\/lasprimeras.com.do\/index.php\/wp-json\/wp\/v2\/media?parent=123759"}],"wp:term":[{"taxonomy":"category","embeddable":true,"href":"https:\/\/lasprimeras.com.do\/index.php\/wp-json\/wp\/v2\/categories?post=123759"},{"taxonomy":"post_tag","embeddable":true,"href":"https:\/\/lasprimeras.com.do\/index.php\/wp-json\/wp\/v2\/tags?post=123759"}],"curies":[{"name":"wp","href":"https:\/\/api.w.org\/{rel}","templated":true}]}}