{"id":123767,"date":"2026-03-05T00:24:07","date_gmt":"2026-03-05T04:24:07","guid":{"rendered":"https:\/\/lasprimeras.com.do\/?p=123767"},"modified":"2026-03-05T00:24:09","modified_gmt":"2026-03-05T04:24:09","slug":"dictan-medida-de-coercion-por-robo-de-energia-a-edeeste","status":"publish","type":"post","link":"https:\/\/lasprimeras.com.do\/index.php\/2026\/03\/05\/dictan-medida-de-coercion-por-robo-de-energia-a-edeeste\/","title":{"rendered":"Dictan medida de coerci\u00f3n por robo de energ\u00eda a Edeeste"},"content":{"rendered":"\n<p>La Oficina Judicial de Servicio de Atenci\u00f3n Permanente del Distrito Judicial La Altagracia impuso medida de coerci\u00f3n consistente en presentaci\u00f3n peri\u00f3dica en contra de un ciudadano encontrado en fraglante por agentes policiales realizando una conexi\u00f3n ilegal en una residencial del sector El Tamarindo, municipio San Rafael del Yuma de la provincia La Altagracia.<\/p>\n\n\n\n<p>Seg\u00fan describe la resoluci\u00f3n emitida por el tribunal, el imputado identificado como Joan Manuel Abreu Mart\u00ednez fue sorprendido manipulando las redes el\u00e9ctricas de una residencia, sin autorizaci\u00f3n de Edeeste ni de la Superintendencia de Electricidad (SIE).<\/p>\n\n\n\n<p>En ese mismo orden, el documento indica que, la inquilina del inmueble se encontraba a fuera de la residencia acompa\u00f1ando al se\u00f1or Abreu Mart\u00ednez, a los fines de realizar conexiones irregulares, lo que fue confirmado por el acusado al se\u00f1alar que la misma le llam\u00f3 v\u00eda telef\u00f3nica para ejecutar la conexi\u00f3n ilegal.<\/p>\n\n\n\n<p>Al momento del apresamiento, adem\u00e1s de la escalera de metal, el se\u00f1or Joan Manuel Abreu Mart\u00ednez portaba una soga de color azul y pintas negras de aproximadamente seis pies, un destornillador, un alicate de metal, una llave ajustable, un probador el\u00e9ctrico de metal y color transparente, un tester color amarillos.<\/p>\n\n\n\n<p>EDEEste indic\u00f3 que el fraude el\u00e9ctrico es un delito penal que genera consecuencias judiciales y que ser\u00e1 perseguido con firmeza. La empresa advirti\u00f3 que la responsabilidad no recae \u00fanicamente sobre quien manipula f\u00edsicamente las redes: tambi\u00e9n incurre en delito quien solicita, facilita o permite la conexi\u00f3n irregular en su propiedad.<\/p>\n\n\n\n<p>Tan responsable es quien ejecuta la intervenci\u00f3n como quien la consiente o se beneficia de ella.<\/p>\n\n\n\n<p>La solicitud de medida de coerci\u00f3n fue presentada por el licenciado Roberto Encarnaci\u00f3n, procurador General de Corte, en representaci\u00f3n de la procuradora del Sistema El\u00e9ctrico, licenciada Martha Idalia Florentino, mientras que la distribuidora estuvo representada por dos abogados.<\/p>\n\n\n\n<p>Edeeste reiter\u00f3 su compromiso con el fortalecimiento de sus mecanismos de control y su actuaci\u00f3n dentro del marco legal, para proteger los recursos del sistema el\u00e9ctrico nacional, al tiempo de hacer un llamado a los usuarios irregulares a regularizar su situaci\u00f3n energ\u00e9tica y evitar pr\u00e1cticas ilegales que conllevan consecuencias penales y econ\u00f3micas.<\/p>\n\n\n\n<p>Por \u00faltimo, Edeeste aprovech\u00f3 para recordar que el fraude el\u00e9ctrico en detrimento del sistema el\u00e9ctrico nacional est\u00e1 tipificado como delito en la Ley General de Electricidad y en el C\u00f3digo Penal Dominicano.<\/p>\n\n\n\n<p>Resalta que su combate es esencial para asegurar la sostenibilidad del servicio y la equidad en el pago del consumo.<\/p>\n","protected":false},"excerpt":{"rendered":"<p>La Oficina Judicial de Servicio de Atenci\u00f3n Permanente del Distrito Judicial La Altagracia impuso medida de coerci\u00f3n consistente en presentaci\u00f3n peri\u00f3dica en contra de un ciudadano encontrado en fraglante por&hellip;<\/p>\n","protected":false},"author":10,"featured_media":123768,"comment_status":"open","ping_status":"open","sticky":false,"template":"","format":"standard","meta":{"content-type":"","jetpack_post_was_ever_published":false,"_jetpack_newsletter_access":"","_jetpack_dont_email_post_to_subs":false,"_jetpack_newsletter_tier_id":0,"_jetpack_memberships_contains_paywalled_content":false,"_jetpack_memberships_contains_paid_content":false,"footnotes":""},"categories":[289],"tags":[692,28518,657,2040,30862,1757],"class_list":["post-123767","post","type-post","status-publish","format-standard","has-post-thumbnail","hentry","category-justicia","tag-ciudadano","tag-conexion-ilegal","tag-edeeste","tag-medida-de-coercion","tag-perjuicio","tag-tribunal"],"jetpack_featured_media_url":"https:\/\/lasprimeras.com.do\/wp-content\/uploads\/2026\/03\/JUSTICIA-1.jpg","jetpack-related-posts":[{"id":124083,"url":"https:\/\/lasprimeras.com.do\/index.php\/2026\/03\/08\/tribunal-impone-coercion-a-exempleado-de-edeeste-por-robo-de-equipos-y-materiales-electricos\/","url_meta":{"origin":123767,"position":0},"title":"Tribunal impone coerci\u00f3n a exempleado de Edeeste por robo de equipos y materiales el\u00e9ctricos","author":"Nelson Feliz","date":"8 de marzo de 2026","format":false,"excerpt":"La Oficina Judicial de Servicios de Atenci\u00f3n Permanente del Distrito Judicial de Santo Domingo Este impuso medida de coerci\u00f3n en contra de un exempleado de la Empresa Distribuidora de Electricidad del Este (Edeeste) por sustracci\u00f3n de herramientas y materiales el\u00e9ctricos propiedad de la entidad. Seg\u00fan sostiene el documento judicial, la\u2026","rel":"","context":"En \u00abJUSTICIA\u00bb","block_context":{"text":"JUSTICIA","link":"https:\/\/lasprimeras.com.do\/index.php\/category\/justicia\/"},"img":{"alt_text":"","src":"","width":0,"height":0},"classes":[]},{"id":113065,"url":"https:\/\/lasprimeras.com.do\/index.php\/2025\/10\/29\/tribunal-manda-a-prision-a-machetico-por-robo-de-medidores-propiedad-de-edeeste\/","url_meta":{"origin":123767,"position":1},"title":"Tribunal manda a prisi\u00f3n a \u201cMachetico\u201d por robo de medidores propiedad de Edeeste","author":"Nelson Feliz","date":"29 de octubre de 2025","format":false,"excerpt":"La empresa record\u00f3 que el fraude el\u00e9ctrico, el robo y atentado al sistema el\u00e9ctrico nacional est\u00e1 tipificado como delito en la Ley General de Electricidad y en el c\u00f3digo penal dominicano. La Oficina Judicial de Servicios de Atenci\u00f3n Permanente del Distrito Judicial de Santo Domingo Este, impuso prisi\u00f3n preventiva en\u2026","rel":"","context":"En \u00abJUSTICIA\u00bb","block_context":{"text":"JUSTICIA","link":"https:\/\/lasprimeras.com.do\/index.php\/category\/justicia\/"},"img":{"alt_text":"","src":"https:\/\/i0.wp.com\/lasprimeras.com.do\/wp-content\/uploads\/2025\/10\/CONTADOR.jpeg?resize=350%2C200&ssl=1","width":350,"height":200,"srcset":"https:\/\/i0.wp.com\/lasprimeras.com.do\/wp-content\/uploads\/2025\/10\/CONTADOR.jpeg?resize=350%2C200&ssl=1 1x, https:\/\/i0.wp.com\/lasprimeras.com.do\/wp-content\/uploads\/2025\/10\/CONTADOR.jpeg?resize=525%2C300&ssl=1 1.5x, https:\/\/i0.wp.com\/lasprimeras.com.do\/wp-content\/uploads\/2025\/10\/CONTADOR.jpeg?resize=700%2C400&ssl=1 2x"},"classes":[]},{"id":104641,"url":"https:\/\/lasprimeras.com.do\/index.php\/2025\/07\/25\/imponen-prision-preventiva-a-acusado-de-atentado-contra-el-sistema-electrico-en-la-romana\/","url_meta":{"origin":123767,"position":2},"title":"Imponen prisi\u00f3n preventiva a acusado de atentado contra el sistema el\u00e9ctrico en La Romana","author":"Nelson Feliz","date":"25 de julio de 2025","format":false,"excerpt":"La Oficina Judicial de Servicios de Atenci\u00f3n Permanente del Juzgado de la Instrucci\u00f3n de La Romana impuso medida de coerci\u00f3n contra un hombre acusado de pr\u00e1cticas fraudulentas en perjuicio del Estado y de la Empresa Distribuidora de Electricidad del Este (Edeeste). Al acusado identificado como Leuci Jean alias El Chino,\u2026","rel":"","context":"En \u00abJUSTICIA\u00bb","block_context":{"text":"JUSTICIA","link":"https:\/\/lasprimeras.com.do\/index.php\/category\/justicia\/"},"img":{"alt_text":"","src":"https:\/\/i0.wp.com\/lasprimeras.com.do\/wp-content\/uploads\/2025\/07\/edeeste.jpg?resize=350%2C200&ssl=1","width":350,"height":200,"srcset":"https:\/\/i0.wp.com\/lasprimeras.com.do\/wp-content\/uploads\/2025\/07\/edeeste.jpg?resize=350%2C200&ssl=1 1x, https:\/\/i0.wp.com\/lasprimeras.com.do\/wp-content\/uploads\/2025\/07\/edeeste.jpg?resize=525%2C300&ssl=1 1.5x, https:\/\/i0.wp.com\/lasprimeras.com.do\/wp-content\/uploads\/2025\/07\/edeeste.jpg?resize=700%2C400&ssl=1 2x"},"classes":[]},{"id":117616,"url":"https:\/\/lasprimeras.com.do\/index.php\/2025\/12\/12\/edeeste-y-pgase-desmonta-nueva-conexion-ilegal-en-fundacion-de-higuey\/","url_meta":{"origin":123767,"position":3},"title":"EDEESTE y PGASE desmonta nueva conexi\u00f3n ilegal en fundaci\u00f3n de Hig\u00fcey","author":"Nelson Feliz","date":"12 de diciembre de 2025","format":false,"excerpt":"La Procuradur\u00eda General Adjunta para el Sistema El\u00e9ctrico (PGASE), y la Empresa Distribuidora de Electricidad del Este (EDEESTE) realizaron un operativo conjunto en el municipio Salvale\u00f3n de Hig\u00fcey, provincia La Altagracia, donde nuevamente fue detectada una conexi\u00f3n ilegal en la Fundaci\u00f3n Hospedero de Jesucristo, dirigida por el se\u00f1or Jos\u00e9 Agust\u00edn\u2026","rel":"","context":"En \u00abECONOM\u00cdA\u00bb","block_context":{"text":"ECONOM\u00cdA","link":"https:\/\/lasprimeras.com.do\/index.php\/category\/economia\/"},"img":{"alt_text":"","src":"https:\/\/i0.wp.com\/lasprimeras.com.do\/wp-content\/uploads\/2025\/12\/EDEESTE.jpg?resize=350%2C200&ssl=1","width":350,"height":200,"srcset":"https:\/\/i0.wp.com\/lasprimeras.com.do\/wp-content\/uploads\/2025\/12\/EDEESTE.jpg?resize=350%2C200&ssl=1 1x, https:\/\/i0.wp.com\/lasprimeras.com.do\/wp-content\/uploads\/2025\/12\/EDEESTE.jpg?resize=525%2C300&ssl=1 1.5x, https:\/\/i0.wp.com\/lasprimeras.com.do\/wp-content\/uploads\/2025\/12\/EDEESTE.jpg?resize=700%2C400&ssl=1 2x"},"classes":[]},{"id":114054,"url":"https:\/\/lasprimeras.com.do\/index.php\/2025\/11\/10\/edeeste-desmantela-conexiones-irregulares-en-residencial-monte-verde-en-higuey\/","url_meta":{"origin":123767,"position":4},"title":"Edeeste desmantela conexiones irregulares en residencial Monte Verde en Hig\u00fcey","author":"Nelson Feliz","date":"10 de noviembre de 2025","format":false,"excerpt":"La Empresa Distribuidora de Electricidad del Este (Edeeste) realiz\u00f3 una intervenci\u00f3n t\u00e9cnica en el residencial Monte Verde ubicado en el municipio Hig\u00fcey provincia La Altagracia, con el prop\u00f3sito de reducir las p\u00e9rdidas el\u00e9ctricas que sobrepasaban el 30%. Durante los trabajos, el equipo t\u00e9cnico de Edeeste inspeccion\u00f3 310 puntos de medida\u2026","rel":"","context":"En \u00abNACIONALES\u00bb","block_context":{"text":"NACIONALES","link":"https:\/\/lasprimeras.com.do\/index.php\/category\/nacionales\/"},"img":{"alt_text":"","src":"https:\/\/i0.wp.com\/lasprimeras.com.do\/wp-content\/uploads\/2025\/11\/Monte-Verde-1.jpg?resize=350%2C200&ssl=1","width":350,"height":200},"classes":[]},{"id":107465,"url":"https:\/\/lasprimeras.com.do\/index.php\/2025\/08\/27\/edeeste-mejora-la-calidad-del-servicio-en-la-romana-e-higuey\/","url_meta":{"origin":123767,"position":5},"title":"Edeeste mejora la calidad del servicio en La Romana e Hig\u00fcey","author":"Nelson Feliz","date":"27 de agosto de 2025","format":false,"excerpt":"La Empresa Distribuidora de Electricidad del Este (Edeeste) inform\u00f3 que durante las \u00faltimas semanas ha puesto en marcha diversas acciones en procura de mejorar la calidad del servicio en localidades de Hig\u00fcey y La Romana. Entre las acciones realizadas por la distribuidora se encuentran el cambio de medidores convencionales a\u2026","rel":"","context":"En \u00abNACIONALES\u00bb","block_context":{"text":"NACIONALES","link":"https:\/\/lasprimeras.com.do\/index.php\/category\/nacionales\/"},"img":{"alt_text":"","src":"https:\/\/i0.wp.com\/lasprimeras.com.do\/wp-content\/uploads\/2025\/08\/contadores-2.jpg?resize=350%2C200&ssl=1","width":350,"height":200},"classes":[]}],"jetpack_sharing_enabled":true,"_links":{"self":[{"href":"https:\/\/lasprimeras.com.do\/index.php\/wp-json\/wp\/v2\/posts\/123767","targetHints":{"allow":["GET"]}}],"collection":[{"href":"https:\/\/lasprimeras.com.do\/index.php\/wp-json\/wp\/v2\/posts"}],"about":[{"href":"https:\/\/lasprimeras.com.do\/index.php\/wp-json\/wp\/v2\/types\/post"}],"author":[{"embeddable":true,"href":"https:\/\/lasprimeras.com.do\/index.php\/wp-json\/wp\/v2\/users\/10"}],"replies":[{"embeddable":true,"href":"https:\/\/lasprimeras.com.do\/index.php\/wp-json\/wp\/v2\/comments?post=123767"}],"version-history":[{"count":1,"href":"https:\/\/lasprimeras.com.do\/index.php\/wp-json\/wp\/v2\/posts\/123767\/revisions"}],"predecessor-version":[{"id":123769,"href":"https:\/\/lasprimeras.com.do\/index.php\/wp-json\/wp\/v2\/posts\/123767\/revisions\/123769"}],"wp:featuredmedia":[{"embeddable":true,"href":"https:\/\/lasprimeras.com.do\/index.php\/wp-json\/wp\/v2\/media\/123768"}],"wp:attachment":[{"href":"https:\/\/lasprimeras.com.do\/index.php\/wp-json\/wp\/v2\/media?parent=123767"}],"wp:term":[{"taxonomy":"category","embeddable":true,"href":"https:\/\/lasprimeras.com.do\/index.php\/wp-json\/wp\/v2\/categories?post=123767"},{"taxonomy":"post_tag","embeddable":true,"href":"https:\/\/lasprimeras.com.do\/index.php\/wp-json\/wp\/v2\/tags?post=123767"}],"curies":[{"name":"wp","href":"https:\/\/api.w.org\/{rel}","templated":true}]}}