{"id":123779,"date":"2026-03-05T07:36:12","date_gmt":"2026-03-05T11:36:12","guid":{"rendered":"https:\/\/lasprimeras.com.do\/?p=123779"},"modified":"2026-03-05T07:36:15","modified_gmt":"2026-03-05T11:36:15","slug":"vaguada-y-viento-del-este-provocaran-aguaceros-con-tronadas-y-rafagas-de-viento-dice-indomet","status":"publish","type":"post","link":"https:\/\/lasprimeras.com.do\/index.php\/2026\/03\/05\/vaguada-y-viento-del-este-provocaran-aguaceros-con-tronadas-y-rafagas-de-viento-dice-indomet\/","title":{"rendered":"Vaguada y viento del Este provocar\u00e1n aguaceros con tronadas y r\u00e1fagas de viento, dice Indomet"},"content":{"rendered":"\n<p>El Instituto Dominicano de Meteorogia inform\u00f3 este jueves, desde horas matutinas, se presentar\u00e1n chubascos aislados sobre poblados del litoral costero del Atl\u00e1ntico, generados por el viento moderado del este y la incidencia de una vaguada.<\/p>\n\n\n\n<p>Durante la tarde y hasta primeras horas de la noche, se prev\u00e9n incrementos nubosos con aguaceros moderados a fuertes localmente, acompa\u00f1ados de posibles tronadas y r\u00e1fagas de viento, principalmente en Santo Domingo, San Crist\u00f3bal, San Pedro de Macor\u00eds, Monse\u00f1or Nouel, Saman\u00e1, Mar\u00eda Trinidad S\u00e1nchez, Duarte, Espaillat, Puerto Plata, Hato Mayor, El Seibo, Monte Plata, S\u00e1nchez Ram\u00edrez, La Vega, Santiago, entre otras cercanas.<\/p>\n\n\n\n<p>No se descartan inundaciones urbanas puntuales.<\/p>\n\n\n\n<p>Ma\u00f1ana viernes, prevemos que las condiciones del tiempo est\u00e9n dominadas por el viento moderado del este\/noreste y los efectos locales, provocando desde tempranas horas matutinas, chubascos aislados sobre La Altagracia, La Romana, El Seibo, Saman\u00e1, Mar\u00eda Trinidad S\u00e1nchez, Duarte y Hato Mayor.<\/p>\n\n\n\n<p>En horas de la tarde, se esperan aumentos nubosos ocasionales con aguaceros dispersos, posibles tronadas y aisladas r\u00e1fagas de viento en varias localidades de las regiones sureste, noreste, la Cordillera Central y el suroeste del pa\u00eds, especialmente en Santo Domingo, San Pedro de Macor\u00eds, Monte Plata, Monse\u00f1or Nouel, La Vega, S\u00e1nchez Ram\u00edrez, Azua, San Juan, Bahoruco y El\u00edas Pi\u00f1a, entre otras zonas cercanas. Disminuyendo gradualmente en la noche.<\/p>\n\n\n\n<p>En cuanto a las condiciones mar\u00edtimas,tanto en la costa Atl\u00e1ntica, como en la caribe\u00f1a, recomendamos a los operadores de las fr\u00e1giles, peque\u00f1as y medianas embarcaciones, permanecer en puerto debido a vientos fuertes y olas anormales.<\/p>\n\n\n\n<p>Temperaturas calurosas durante el d\u00eda, siendo agradables durante la noche, la madrugada y primeras de la ma\u00f1ana debido a la influencia del viento del este\/noreste, principalmente en zonas monta\u00f1osas y valles del interior del pa\u00eds.<\/p>\n\n\n\n<p>Distrito Nacional:incrementos nubosos con aguaceros, posiblestronadasy r\u00e1fagas de viento despu\u00e9s del mediod\u00eda hasta las primeras horas de la noche.<\/p>\n\n\n\n<p>Santo Domingo Norte:incrementos nubosos con aguaceros, posibles tronadasy r\u00e1fagas de viento despu\u00e9s del mediod\u00eda hasta las primeras horas de la noche.<\/p>\n\n\n\n<p>Santo Domingo Este:incrementos nubosos con aguaceros, posibles tronadasy r\u00e1fagas de viento despu\u00e9s del mediod\u00eda hasta las primeras horas de la noche.<\/p>\n\n\n\n<p>Santo Domingo Oeste:incrementos nubosos con aguaceros, posibles tronadasy r\u00e1fagas de viento despu\u00e9s del mediod\u00eda hasta las primeras horas de la noche.<\/p>\n\n\n\n<p>Temperaturas:m\u00ednimas entre 20 \u00b0C y 22 \u00b0C, y m\u00e1ximas entre 29 \u00b0C y 31 \u00b0C.<\/p>\n","protected":false},"excerpt":{"rendered":"<p>El Instituto Dominicano de Meteorogia inform\u00f3 este jueves, desde horas matutinas, se presentar\u00e1n chubascos aislados sobre poblados del litoral costero del Atl\u00e1ntico, generados por el viento moderado del este y&hellip;<\/p>\n","protected":false},"author":10,"featured_media":112716,"comment_status":"open","ping_status":"open","sticky":false,"template":"","format":"standard","meta":{"content-type":"","jetpack_post_was_ever_published":false,"_jetpack_newsletter_access":"","_jetpack_dont_email_post_to_subs":false,"_jetpack_newsletter_tier_id":0,"_jetpack_memberships_contains_paywalled_content":false,"_jetpack_memberships_contains_paid_content":false,"footnotes":""},"categories":[23530,25],"tags":[2375,13553,2130,30867,5377,1518],"class_list":["post-123779","post","type-post","status-publish","format-standard","has-post-thumbnail","hentry","category-clima","category-portada","tag-aguaceros","tag-indomet","tag-lluvias","tag-olas-anormales","tag-rafagas-de-viento","tag-vaguada"],"jetpack_featured_media_url":"https:\/\/lasprimeras.com.do\/wp-content\/uploads\/2025\/10\/indomet-1.jpg","jetpack-related-posts":[{"id":127713,"url":"https:\/\/lasprimeras.com.do\/index.php\/2026\/04\/15\/vaguada-y-efectos-del-viento-provocaran-aguaceros-con-tormentas-electricas-y-rafagas-de-viento-informa-indomet\/","url_meta":{"origin":123779,"position":0},"title":"Vaguada y efectos del viento provocar\u00e1n aguaceros con tormentas el\u00e9ctricas y r\u00e1fagas de viento, informa Indomet","author":"Nelson Feliz","date":"15 de abril de 2026","format":false,"excerpt":"-Se mantienen los avisos y alertas meteorol\u00f3gicos, oleaje anormales en la costa atl\u00e1ntica - El Instituto Dominicano de Meteorogia (INDOMET) inform\u00f3 que este mi\u00e9rcoles se pronostica que los efectos del viento, en combinaci\u00f3n con una vaguada en varios niveles de la troposfera, generen lluvias d\u00e9biles a moderadas hacia poblados cercanos\u2026","rel":"","context":"En \u00abCLIMA\u00bb","block_context":{"text":"CLIMA","link":"https:\/\/lasprimeras.com.do\/index.php\/category\/clima\/"},"img":{"alt_text":"","src":"https:\/\/i0.wp.com\/lasprimeras.com.do\/wp-content\/uploads\/2025\/10\/lluvias-1.jpg?resize=350%2C200&ssl=1","width":350,"height":200,"srcset":"https:\/\/i0.wp.com\/lasprimeras.com.do\/wp-content\/uploads\/2025\/10\/lluvias-1.jpg?resize=350%2C200&ssl=1 1x, https:\/\/i0.wp.com\/lasprimeras.com.do\/wp-content\/uploads\/2025\/10\/lluvias-1.jpg?resize=525%2C300&ssl=1 1.5x, https:\/\/i0.wp.com\/lasprimeras.com.do\/wp-content\/uploads\/2025\/10\/lluvias-1.jpg?resize=700%2C400&ssl=1 2x"},"classes":[]},{"id":123524,"url":"https:\/\/lasprimeras.com.do\/index.php\/2026\/03\/02\/vaguada-provocara-aguaceros-moderados-y-rafagas-de-viento-esta-tarde-informa-indomet\/","url_meta":{"origin":123779,"position":1},"title":"Vaguada provocar\u00e1 aguaceros moderados y r\u00e1fagas de viento est\u00e1 tarde, informa Indomet","author":"Nelson Feliz","date":"2 de marzo de 2026","format":false,"excerpt":"El Instituto Dominicano de Meteorogia inform\u00f3 que Hoy, durante las horas matutinas, se esperan chubascos aislados en poblados de Mar\u00eda Trinidad S\u00e1nchez, Saman\u00e1 y Hermanas Mirabal. Para la tarde, la vaguada en niveles medios de la troposfera, la interacci\u00f3n del viento con la orograf\u00eda y un leve incremento de la\u2026","rel":"","context":"En \u00abCLIMA\u00bb","block_context":{"text":"CLIMA","link":"https:\/\/lasprimeras.com.do\/index.php\/category\/clima\/"},"img":{"alt_text":"Disminuyen las precipitaciones hoy y ma\u00f1ana, las lluvias volver\u00e1n el domingo","src":"https:\/\/i0.wp.com\/lasprimeras.com.do\/wp-content\/uploads\/2026\/01\/LLUVIA.jpg?resize=350%2C200&ssl=1","width":350,"height":200,"srcset":"https:\/\/i0.wp.com\/lasprimeras.com.do\/wp-content\/uploads\/2026\/01\/LLUVIA.jpg?resize=350%2C200&ssl=1 1x, https:\/\/i0.wp.com\/lasprimeras.com.do\/wp-content\/uploads\/2026\/01\/LLUVIA.jpg?resize=525%2C300&ssl=1 1.5x"},"classes":[]},{"id":123868,"url":"https:\/\/lasprimeras.com.do\/index.php\/2026\/03\/06\/vaguada-generaran-aguaceros-tronadas-y-rafagas-de-viento-segun-indomet\/","url_meta":{"origin":123779,"position":2},"title":"Vaguada generar\u00e1n aguaceros, tronadas y r\u00e1fagas de viento, seg\u00fan Indomet","author":"Nelson Feliz","date":"6 de marzo de 2026","format":false,"excerpt":"-Se mantienen las recomendaciones mar\u00edtimas en ambas costas. El Instituto Dominicano de Meteorogia inform\u00f3 que Hoy,ocurrir\u00e1n algunos chubascos durante la ma\u00f1ana se prev\u00e9n sobre poblados de La Altagracia, El Seibo, La Romana, Hato Mayor, San Pedro de Macor\u00eds, Monte Plata, Saman\u00e1, Mar\u00eda Trinidad S\u00e1nchez, Duarte, Santo Domingo, S\u00e1nchez Ram\u00edrez, Monse\u00f1or\u2026","rel":"","context":"En \u00abCLIMA\u00bb","block_context":{"text":"CLIMA","link":"https:\/\/lasprimeras.com.do\/index.php\/category\/clima\/"},"img":{"alt_text":"","src":"https:\/\/i0.wp.com\/lasprimeras.com.do\/wp-content\/uploads\/2025\/06\/Lluvias.jpg?resize=350%2C200&ssl=1","width":350,"height":200},"classes":[]},{"id":124106,"url":"https:\/\/lasprimeras.com.do\/index.php\/2026\/03\/08\/aguaceros-tormentas-electricas-y-rafagas-de-viento-disminuiran-durante-la-noche\/","url_meta":{"origin":123779,"position":3},"title":"Aguaceros, tormentas el\u00e9ctricas y r\u00e1fagas de viento disminuir\u00e1n durante la noche","author":"Nelson Feliz","date":"8 de marzo de 2026","format":false,"excerpt":"Vigentes niveles de alertas meteorol\u00f3gicas y recomendaciones mar\u00edtimas. El Instituto Nacional de Meteorolog\u00eda (INDOMET) inform\u00f3 este domingo vaguada en varios niveles de la troposfera y viento moderado del este generar\u00e1n lluvias con tormentas el\u00e9ctricas y r\u00e1fagas de viento hasta las primeras horas de la noche. En cuanto al pron\u00f3stico del\u2026","rel":"","context":"En \u00abCLIMA\u00bb","block_context":{"text":"CLIMA","link":"https:\/\/lasprimeras.com.do\/index.php\/category\/clima\/"},"img":{"alt_text":"","src":"https:\/\/i0.wp.com\/lasprimeras.com.do\/wp-content\/uploads\/2023\/10\/WhatsApp-Image-2023-10-04-at-5.20.12-PM-2.webp?resize=350%2C200&ssl=1","width":350,"height":200,"srcset":"https:\/\/i0.wp.com\/lasprimeras.com.do\/wp-content\/uploads\/2023\/10\/WhatsApp-Image-2023-10-04-at-5.20.12-PM-2.webp?resize=350%2C200&ssl=1 1x, https:\/\/i0.wp.com\/lasprimeras.com.do\/wp-content\/uploads\/2023\/10\/WhatsApp-Image-2023-10-04-at-5.20.12-PM-2.webp?resize=525%2C300&ssl=1 1.5x, https:\/\/i0.wp.com\/lasprimeras.com.do\/wp-content\/uploads\/2023\/10\/WhatsApp-Image-2023-10-04-at-5.20.12-PM-2.webp?resize=700%2C400&ssl=1 2x, https:\/\/i0.wp.com\/lasprimeras.com.do\/wp-content\/uploads\/2023\/10\/WhatsApp-Image-2023-10-04-at-5.20.12-PM-2.webp?resize=1050%2C600&ssl=1 3x"},"classes":[]},{"id":119248,"url":"https:\/\/lasprimeras.com.do\/index.php\/2026\/01\/09\/viento-moderado-y-vaguada-favorecen-presencia-de-aguaceros-y-tronada-aislada\/","url_meta":{"origin":123779,"position":4},"title":"Viento moderado y vaguada favorecen presencia de aguaceros y tronada aislada","author":"Nelson Feliz","date":"9 de enero de 2026","format":false,"excerpt":"El Instituto Dominicano de Meteorogia inform\u00f3 que el tiempo atmosf\u00e9rico de nuestro territorio permanecer\u00e1 bajo la interacci\u00f3n de una vaguada en varios niveles de la troposfera \u00a0con\u00a0 la influencia del viento moderado del noreste que mantiene un constante arrastre de nubes hacia nuestro territorio, produciendo desde tempranas horas, desarrollos nubosos\u2026","rel":"","context":"En \u00abCLIMA\u00bb","block_context":{"text":"CLIMA","link":"https:\/\/lasprimeras.com.do\/index.php\/category\/clima\/"},"img":{"alt_text":"","src":"https:\/\/i0.wp.com\/lasprimeras.com.do\/wp-content\/uploads\/2025\/06\/Lluvias.jpg?resize=350%2C200&ssl=1","width":350,"height":200},"classes":[]},{"id":127805,"url":"https:\/\/lasprimeras.com.do\/index.php\/2026\/04\/16\/indomet-activa-vaguada-sobre-el-pais-incrementara-las-precipitaciones-para-las-24-a-72-horas\/","url_meta":{"origin":123779,"position":5},"title":"INDOMET : Activa vaguada sobre el pa\u00eds incrementar\u00e1 las precipitaciones para las 24 a 72 horas","author":"Nelson Feliz","date":"16 de abril de 2026","format":false,"excerpt":"Contin\u00faan varias provincias bajo aviso y alerta meteorol\u00f3gica El Instituto Dominicano de Meteorogia (INDOMET) inform\u00f3 que Hoy jueves, una masa de aire con gran contenido de humedad influenciada por el viento, m\u00e1s los efectos de una vaguada, la cual, se ubicar\u00e1 sobre el pa\u00eds en varios niveles de la troposfera,\u2026","rel":"","context":"En \u00abCLIMA\u00bb","block_context":{"text":"CLIMA","link":"https:\/\/lasprimeras.com.do\/index.php\/category\/clima\/"},"img":{"alt_text":"INDOMET vigila una vaguada","src":"https:\/\/i0.wp.com\/lasprimeras.com.do\/wp-content\/uploads\/2026\/01\/vagauada.jpg?resize=350%2C200&ssl=1","width":350,"height":200,"srcset":"https:\/\/i0.wp.com\/lasprimeras.com.do\/wp-content\/uploads\/2026\/01\/vagauada.jpg?resize=350%2C200&ssl=1 1x, https:\/\/i0.wp.com\/lasprimeras.com.do\/wp-content\/uploads\/2026\/01\/vagauada.jpg?resize=525%2C300&ssl=1 1.5x, https:\/\/i0.wp.com\/lasprimeras.com.do\/wp-content\/uploads\/2026\/01\/vagauada.jpg?resize=700%2C400&ssl=1 2x"},"classes":[]}],"jetpack_sharing_enabled":true,"_links":{"self":[{"href":"https:\/\/lasprimeras.com.do\/index.php\/wp-json\/wp\/v2\/posts\/123779","targetHints":{"allow":["GET"]}}],"collection":[{"href":"https:\/\/lasprimeras.com.do\/index.php\/wp-json\/wp\/v2\/posts"}],"about":[{"href":"https:\/\/lasprimeras.com.do\/index.php\/wp-json\/wp\/v2\/types\/post"}],"author":[{"embeddable":true,"href":"https:\/\/lasprimeras.com.do\/index.php\/wp-json\/wp\/v2\/users\/10"}],"replies":[{"embeddable":true,"href":"https:\/\/lasprimeras.com.do\/index.php\/wp-json\/wp\/v2\/comments?post=123779"}],"version-history":[{"count":1,"href":"https:\/\/lasprimeras.com.do\/index.php\/wp-json\/wp\/v2\/posts\/123779\/revisions"}],"predecessor-version":[{"id":123780,"href":"https:\/\/lasprimeras.com.do\/index.php\/wp-json\/wp\/v2\/posts\/123779\/revisions\/123780"}],"wp:featuredmedia":[{"embeddable":true,"href":"https:\/\/lasprimeras.com.do\/index.php\/wp-json\/wp\/v2\/media\/112716"}],"wp:attachment":[{"href":"https:\/\/lasprimeras.com.do\/index.php\/wp-json\/wp\/v2\/media?parent=123779"}],"wp:term":[{"taxonomy":"category","embeddable":true,"href":"https:\/\/lasprimeras.com.do\/index.php\/wp-json\/wp\/v2\/categories?post=123779"},{"taxonomy":"post_tag","embeddable":true,"href":"https:\/\/lasprimeras.com.do\/index.php\/wp-json\/wp\/v2\/tags?post=123779"}],"curies":[{"name":"wp","href":"https:\/\/api.w.org\/{rel}","templated":true}]}}