{"id":123809,"date":"2026-03-05T19:47:43","date_gmt":"2026-03-05T23:47:43","guid":{"rendered":"https:\/\/lasprimeras.com.do\/?p=123809"},"modified":"2026-03-05T19:47:46","modified_gmt":"2026-03-05T23:47:46","slug":"intrant-gonzalo-castillo-resalta-eficiencia-en-nueva-licencia-video","status":"publish","type":"post","link":"https:\/\/lasprimeras.com.do\/index.php\/2026\/03\/05\/intrant-gonzalo-castillo-resalta-eficiencia-en-nueva-licencia-video\/","title":{"rendered":"INTRANT: Gonzalo Castillo resalta eficiencia en nueva licencia \/ Video"},"content":{"rendered":"\n<p>El empresario y dirigente pol\u00edtico Gonzalo Castillo realiz\u00f3 el proceso de renovaci\u00f3n para obtener su nueva licencia de conducir, sum\u00e1ndose a los miles de ciudadanos que ya cuentan con el documento actualizado bajo los nuevos est\u00e1ndares del Instituto Nacional de Tr\u00e1nsito y Transporte Terrestre (INTRANT).<\/p>\n\n\n\n<p>Tras completar el tr\u00e1mite, Castillo resalt\u00f3 la transformaci\u00f3n tecnol\u00f3gica que ha experimentado el sistema, calificando la atenci\u00f3n recibida como \u00e1gil y profesional.<\/p>\n\n\n\n<p>El dirigente valor\u00f3 positivamente los avances incorporados en esta etapa, se\u00f1alando que las mejoras no solo facilitan el tr\u00e1mite para el usuario, sino que elevan la calidad de los servicios p\u00fablicos en el pa\u00eds.<\/p>\n\n\n\n<p>\u201cHoy contamos con un documento m\u00e1s seguro, confiable y alineado a los est\u00e1ndares internacionales de identificaci\u00f3n y conducci\u00f3n\u201d, expres\u00f3 Castillo.<\/p>\n\n\n\n<p>Asimismo, enfatiz\u00f3 que este tipo de innovaciones tecnol\u00f3gicas son fundamentales para fortalecer la seguridad vial y optimizar la gesti\u00f3n del tr\u00e1nsito en la Rep\u00fablica Dominicana.<\/p>\n\n\n\n<p>Por su parte, el INTRANT reafirm\u00f3 su compromiso de seguir modernizando sus plataformas para ofrecer procesos m\u00e1s eficientes, transparentes y organizados.<\/p>\n\n\n\n<p>La instituci\u00f3n destac\u00f3 que la implementaci\u00f3n de esta tecnolog\u00eda busca garantizar que cada ciudadano realice sus tr\u00e1mites con las mayores garant\u00edas de seguridad, reduciendo tiempos de espera y modernizando la base de datos del parque vehicular nacional.<\/p>\n\n\n\n<p>Con la entrega de este nuevo documento, el INTRANT contin\u00faa avanzando en su plan estrat\u00e9gico de digitalizaci\u00f3n y mejora continua de los servicios ciudadanos.<\/p>\n\n\n\n<figure class=\"wp-block-video\"><video height=\"480\" style=\"aspect-ratio: 848 \/ 480;\" width=\"848\" controls src=\"https:\/\/lasprimeras.com.do\/wp-content\/uploads\/2026\/03\/WhatsApp-Video-2026-03-05-at-7.27.34-PM.mp4\"><\/video><\/figure>\n","protected":false},"excerpt":{"rendered":"<p>El empresario y dirigente pol\u00edtico Gonzalo Castillo realiz\u00f3 el proceso de renovaci\u00f3n para obtener su nueva licencia de conducir, sum\u00e1ndose a los miles de ciudadanos que ya cuentan con el&hellip;<\/p>\n","protected":false},"author":10,"featured_media":123810,"comment_status":"open","ping_status":"open","sticky":false,"template":"","format":"standard","meta":{"content-type":"","jetpack_post_was_ever_published":false,"_jetpack_newsletter_access":"","_jetpack_dont_email_post_to_subs":false,"_jetpack_newsletter_tier_id":0,"_jetpack_memberships_contains_paywalled_content":false,"_jetpack_memberships_contains_paid_content":false,"footnotes":""},"categories":[35,25],"tags":[17524,349,1784,1980,30877,76],"class_list":["post-123809","post","type-post","status-publish","format-standard","has-post-thumbnail","hentry","category-nacionales","category-portada","tag-gonzalo-castillo","tag-intrant","tag-licencias","tag-modernizacion","tag-nuevo-sistema","tag-seguridad"],"jetpack_featured_media_url":"https:\/\/lasprimeras.com.do\/wp-content\/uploads\/2026\/03\/Gonzalo-Castillo.jpg","jetpack-related-posts":[{"id":117577,"url":"https:\/\/lasprimeras.com.do\/index.php\/2025\/12\/11\/defensa-de-gonzalo-castillo-reafirma-esta-lista-para-presentar-argumentos\/","url_meta":{"origin":123809,"position":0},"title":"Defensa de Gonzalo Castillo reafirma est\u00e1 lista para presentar argumentos","author":"Nelson Feliz","date":"11 de diciembre de 2025","format":false,"excerpt":"La defensa t\u00e9cnica de Gonzalo Castillo afirm\u00f3 que est\u00e1 \u201ctotalmente preparada\u201d para presentar los argumentos con los que \u2014asegura\u2014 demostrar\u00e1 la verdad frente a la acusaci\u00f3n del Ministerio P\u00fablico contra el exministro de Obras P\u00fablicas en el caso vinculado con el Ministerio de Hacienda. La abogada Laura Acosta declar\u00f3 que\u2026","rel":"","context":"En \u00abPOLITICA\u00bb","block_context":{"text":"POLITICA","link":"https:\/\/lasprimeras.com.do\/index.php\/category\/politica\/"},"img":{"alt_text":"Gonzalo Castillo","src":"https:\/\/i0.wp.com\/lasprimeras.com.do\/wp-content\/uploads\/2025\/12\/Gonzalo-Castillo.jpg?resize=350%2C200&ssl=1","width":350,"height":200,"srcset":"https:\/\/i0.wp.com\/lasprimeras.com.do\/wp-content\/uploads\/2025\/12\/Gonzalo-Castillo.jpg?resize=350%2C200&ssl=1 1x, https:\/\/i0.wp.com\/lasprimeras.com.do\/wp-content\/uploads\/2025\/12\/Gonzalo-Castillo.jpg?resize=525%2C300&ssl=1 1.5x, https:\/\/i0.wp.com\/lasprimeras.com.do\/wp-content\/uploads\/2025\/12\/Gonzalo-Castillo.jpg?resize=700%2C400&ssl=1 2x"},"classes":[]},{"id":116573,"url":"https:\/\/lasprimeras.com.do\/index.php\/2025\/12\/02\/dirigentes-del-pld-lanzaran-formalmente-la-candidatura-presidencial-de-gonzalo-castillo\/","url_meta":{"origin":123809,"position":1},"title":"Dirigentes del PLD lanzar\u00e1n formalmente la candidatura presidencial de Gonzalo Castillo","author":"Nelson Feliz","date":"2 de diciembre de 2025","format":false,"excerpt":"El Partido de la Liberaci\u00f3n Dominicana (PLD) se prepara para un acto de trascendencia pol\u00edtica con el lanzamiento oficial de la candidatura presidencial de Gonzalo Castillo Terrero, conocido popularmente como \"El Penco\". El evento, que se espera congregue a una nutrida representaci\u00f3n de la dirigencia y militancia del partido, busca\u2026","rel":"","context":"En \u00abPOLITICA\u00bb","block_context":{"text":"POLITICA","link":"https:\/\/lasprimeras.com.do\/index.php\/category\/politica\/"},"img":{"alt_text":"Gonzalo Castillo","src":"https:\/\/i0.wp.com\/lasprimeras.com.do\/wp-content\/uploads\/2025\/12\/Gonzalo-Castillo.jpg?resize=350%2C200&ssl=1","width":350,"height":200,"srcset":"https:\/\/i0.wp.com\/lasprimeras.com.do\/wp-content\/uploads\/2025\/12\/Gonzalo-Castillo.jpg?resize=350%2C200&ssl=1 1x, https:\/\/i0.wp.com\/lasprimeras.com.do\/wp-content\/uploads\/2025\/12\/Gonzalo-Castillo.jpg?resize=525%2C300&ssl=1 1.5x, https:\/\/i0.wp.com\/lasprimeras.com.do\/wp-content\/uploads\/2025\/12\/Gonzalo-Castillo.jpg?resize=700%2C400&ssl=1 2x"},"classes":[]},{"id":124836,"url":"https:\/\/lasprimeras.com.do\/index.php\/2026\/03\/17\/carolina-mejia-destaca-el-servicio-y-llama-a-obtener-la-nueva-licencia-de-conducir\/","url_meta":{"origin":123809,"position":2},"title":"Carolina Mej\u00eda destaca el servicio y llama a obtener la nueva licencia de conducir","author":"Nelson Feliz","date":"17 de marzo de 2026","format":false,"excerpt":"La alcaldesa del Distrito Nacional, Carolina Mej\u00eda, resalt\u00f3 la eficiencia del servicio ofrecido por el INTRANT, destacando la agilidad del proceso, el trato recibido y la seguridad de la nueva licencia de conducir. Durante su visita, agradeci\u00f3 al director ejecutivo, Milton Morrison, y a su equipo por la calidad en\u2026","rel":"","context":"En \u00abNACIONALES\u00bb","block_context":{"text":"NACIONALES","link":"https:\/\/lasprimeras.com.do\/index.php\/category\/nacionales\/"},"img":{"alt_text":"Carolina Mej\u00eda","src":"https:\/\/i0.wp.com\/lasprimeras.com.do\/wp-content\/uploads\/2026\/03\/Carolina-Mejia-3.jpg?resize=350%2C200&ssl=1","width":350,"height":200,"srcset":"https:\/\/i0.wp.com\/lasprimeras.com.do\/wp-content\/uploads\/2026\/03\/Carolina-Mejia-3.jpg?resize=350%2C200&ssl=1 1x, https:\/\/i0.wp.com\/lasprimeras.com.do\/wp-content\/uploads\/2026\/03\/Carolina-Mejia-3.jpg?resize=525%2C300&ssl=1 1.5x, https:\/\/i0.wp.com\/lasprimeras.com.do\/wp-content\/uploads\/2026\/03\/Carolina-Mejia-3.jpg?resize=700%2C400&ssl=1 2x"},"classes":[]},{"id":123878,"url":"https:\/\/lasprimeras.com.do\/index.php\/2026\/03\/06\/intrant-habilita-citas-en-linea-para-tramitar-la-nueva-licencia-de-conducir\/","url_meta":{"origin":123809,"position":3},"title":"INTRANT habilita citas en l\u00ednea para tramitar la nueva licencia de conducir","author":"Nelson Feliz","date":"6 de marzo de 2026","format":false,"excerpt":"_La herramienta, disponible a trav\u00e9s del portal institucional www.intrant.gob.do, permite agendar turnos en l\u00ednea, consultar multas pendientes y elegir la oficina m\u00e1s cercana para realizar el tr\u00e1mite_. El Instituto Nacional de Tr\u00e1nsito y Transporte Terrestre (INTRANT) inform\u00f3 que los ciudadanos podr\u00e1n agendar su cita a partir del pr\u00f3ximo lunes 9\u2026","rel":"","context":"En \u00abNACIONALES\u00bb","block_context":{"text":"NACIONALES","link":"https:\/\/lasprimeras.com.do\/index.php\/category\/nacionales\/"},"img":{"alt_text":"","src":"https:\/\/i0.wp.com\/lasprimeras.com.do\/wp-content\/uploads\/2026\/03\/IMG-20260306-WA0431.jpg?resize=350%2C200&ssl=1","width":350,"height":200,"srcset":"https:\/\/i0.wp.com\/lasprimeras.com.do\/wp-content\/uploads\/2026\/03\/IMG-20260306-WA0431.jpg?resize=350%2C200&ssl=1 1x, https:\/\/i0.wp.com\/lasprimeras.com.do\/wp-content\/uploads\/2026\/03\/IMG-20260306-WA0431.jpg?resize=525%2C300&ssl=1 1.5x, https:\/\/i0.wp.com\/lasprimeras.com.do\/wp-content\/uploads\/2026\/03\/IMG-20260306-WA0431.jpg?resize=700%2C400&ssl=1 2x"},"classes":[]},{"id":105369,"url":"https:\/\/lasprimeras.com.do\/index.php\/2025\/08\/03\/gonzalo-castillo-valida-su-comite-de-base\/","url_meta":{"origin":123809,"position":4},"title":"Gonzalo Castillo valida su Comit\u00e9 de Base","author":"Nelson Feliz","date":"3 de agosto de 2025","format":false,"excerpt":"\u201cLa mayor parte de mi vida ha estado dedicada a militar en este partido\u201d. El excandidato presidencial del Partido de la Liberaci\u00f3n Dominicana (PLD), Gonzalo Castillo, realiz\u00f3 la validaci\u00f3n de su Comit\u00e9 de Base, en un acto celebrado en la Casa Nacional del PLD. Durante su intervenci\u00f3n, Castillo agradeci\u00f3 el\u2026","rel":"","context":"En \u00abPOLITICA\u00bb","block_context":{"text":"POLITICA","link":"https:\/\/lasprimeras.com.do\/index.php\/category\/politica\/"},"img":{"alt_text":"","src":"https:\/\/i0.wp.com\/lasprimeras.com.do\/wp-content\/uploads\/2025\/08\/gonzalo.jpg?resize=350%2C200&ssl=1","width":350,"height":200,"srcset":"https:\/\/i0.wp.com\/lasprimeras.com.do\/wp-content\/uploads\/2025\/08\/gonzalo.jpg?resize=350%2C200&ssl=1 1x, https:\/\/i0.wp.com\/lasprimeras.com.do\/wp-content\/uploads\/2025\/08\/gonzalo.jpg?resize=525%2C300&ssl=1 1.5x, https:\/\/i0.wp.com\/lasprimeras.com.do\/wp-content\/uploads\/2025\/08\/gonzalo.jpg?resize=700%2C400&ssl=1 2x"},"classes":[]},{"id":125870,"url":"https:\/\/lasprimeras.com.do\/index.php\/2026\/03\/23\/dirigentes-del-pld-en-ny-respaldan-candidatura-de-gonzalo-castillo-para-2028\/","url_meta":{"origin":123809,"position":5},"title":"Dirigentes del PLD en NY respaldan candidatura de Gonzalo Castillo para 2028","author":"Nelson Feliz","date":"23 de marzo de 2026","format":false,"excerpt":"Nueva York. \u2013 El equipo de coordinaci\u00f3n de Gonzalo Castillo en esta ciudad celebr\u00f3 esta semana un exitoso encuentro con dirigentes del Partido de la Liberaci\u00f3n Dominicana (PLD), en una actividad que demostr\u00f3 el respaldo a sus aspiraciones presidenciales. El evento, coordinado por miembros del Comit\u00e9 Central del PLD, entre\u2026","rel":"","context":"En \u00abPOLITICA\u00bb","block_context":{"text":"POLITICA","link":"https:\/\/lasprimeras.com.do\/index.php\/category\/politica\/"},"img":{"alt_text":"","src":"https:\/\/i0.wp.com\/lasprimeras.com.do\/wp-content\/uploads\/2026\/03\/apoyo-gonzalo.jpg?resize=350%2C200&ssl=1","width":350,"height":200,"srcset":"https:\/\/i0.wp.com\/lasprimeras.com.do\/wp-content\/uploads\/2026\/03\/apoyo-gonzalo.jpg?resize=350%2C200&ssl=1 1x, https:\/\/i0.wp.com\/lasprimeras.com.do\/wp-content\/uploads\/2026\/03\/apoyo-gonzalo.jpg?resize=525%2C300&ssl=1 1.5x, https:\/\/i0.wp.com\/lasprimeras.com.do\/wp-content\/uploads\/2026\/03\/apoyo-gonzalo.jpg?resize=700%2C400&ssl=1 2x"},"classes":[]}],"jetpack_sharing_enabled":true,"_links":{"self":[{"href":"https:\/\/lasprimeras.com.do\/index.php\/wp-json\/wp\/v2\/posts\/123809","targetHints":{"allow":["GET"]}}],"collection":[{"href":"https:\/\/lasprimeras.com.do\/index.php\/wp-json\/wp\/v2\/posts"}],"about":[{"href":"https:\/\/lasprimeras.com.do\/index.php\/wp-json\/wp\/v2\/types\/post"}],"author":[{"embeddable":true,"href":"https:\/\/lasprimeras.com.do\/index.php\/wp-json\/wp\/v2\/users\/10"}],"replies":[{"embeddable":true,"href":"https:\/\/lasprimeras.com.do\/index.php\/wp-json\/wp\/v2\/comments?post=123809"}],"version-history":[{"count":1,"href":"https:\/\/lasprimeras.com.do\/index.php\/wp-json\/wp\/v2\/posts\/123809\/revisions"}],"predecessor-version":[{"id":123812,"href":"https:\/\/lasprimeras.com.do\/index.php\/wp-json\/wp\/v2\/posts\/123809\/revisions\/123812"}],"wp:featuredmedia":[{"embeddable":true,"href":"https:\/\/lasprimeras.com.do\/index.php\/wp-json\/wp\/v2\/media\/123810"}],"wp:attachment":[{"href":"https:\/\/lasprimeras.com.do\/index.php\/wp-json\/wp\/v2\/media?parent=123809"}],"wp:term":[{"taxonomy":"category","embeddable":true,"href":"https:\/\/lasprimeras.com.do\/index.php\/wp-json\/wp\/v2\/categories?post=123809"},{"taxonomy":"post_tag","embeddable":true,"href":"https:\/\/lasprimeras.com.do\/index.php\/wp-json\/wp\/v2\/tags?post=123809"}],"curies":[{"name":"wp","href":"https:\/\/api.w.org\/{rel}","templated":true}]}}